{"id":29663,"date":"2012-01-26T16:13:15","date_gmt":"2012-01-26T15:13:15","guid":{"rendered":"https:\/\/sandzakpress.net\/arhiva\/?p=29663"},"modified":"2012-01-26T16:13:15","modified_gmt":"2012-01-26T15:13:15","slug":"utvrden-nacrt-budzeta-opcine-pljevlja","status":"publish","type":"post","link":"https:\/\/sandzakpress.net\/arhiva\/utvrden-nacrt-budzeta-opcine-pljevlja\/","title":{"rendered":"Utvr\u0111en Nacrt bud\u017eeta op\u0107ine Pljevlja"},"content":{"rendered":"<p><strong><a href=\"https:\/\/sandzakpress.net\/arhiva\/wp-content\/uploads\/2012\/01\/opstina-pljevlja-planira-da-se-zaduzi-tri-miliona-eura-slika-44041.jpg\"><img loading=\"lazy\" decoding=\"async\" class=\"alignleft size-medium wp-image-29665\" title=\"opstina-pljevlja-planira-da-se-zaduzi-tri-miliona-eura-slika-44041\" src=\"https:\/\/sandzakpress.net\/arhiva\/wp-content\/uploads\/2012\/01\/opstina-pljevlja-planira-da-se-zaduzi-tri-miliona-eura-slika-44041-300x182.jpg\" alt=\"\" width=\"300\" height=\"182\" \/><\/a>Pljevlja &#8211; Predsjednik Op\u0107ine Miloje Pupovi\u0107 utvrdio je Nacrt odluke o bud\u017eetu op\u0161tine Pljevlja za 2012. godinu i uputio ga na javnu raspravu koja \u0107e trajati do 12. februara.<\/strong><\/p>\n<p>Prema Nacrtu, ovogodi\u0161nji Bud\u017eet je planiran u iznosu od 14.715.000 \u20ac, pri \u010demu je planiranje primitaka obavljeno u skladu sa zakonima i propisima koji reguli\u0161u ovu oblast, na osnovu ostvarenih prihoda u ranijim godinama, kao i na osnovu procijenjenog fiskalnog kapaciteta.<\/p>\n<p>Oko dvije tre\u0107ine primitaka ili 9.959.207 \u20ac su teku\u0107i prihodi. Od donacija, transfera i kredita obezbijedi\u0107e se 3.640.549,83 \u20ac, a iz ostalih izvora (prenesena sredstva iz prethodne godine i primanja od prodaje imovine) 1.115.243,17 \u20ac.<\/p>\n<p>Prihodi \u0107e se, prema planu, utro\u0161iti na teku\u0107e izdatke u iznosu od 6.975.615 \u20ac. Za otplatu dugova namijenjeno je 1.187.360 \u20ac, a za transfere 1.115.765 \u20ac. Rezerve Bud\u017eeta, teku\u0107a i stalna, planirane su u iznosu od 201.225 \u20ac.<\/p>\n<p>Kapitalni izdaci iznose 5.235.035 \u20ac.<\/p>\n<p>Nacrt bud\u017eeta bi\u0107e dostavljen klubovima odbornika Skup\u0161tine op\u0161tine, savjetima mjesnih zajednica, javnim preduze\u0107ima i ustanovama \u010diji je osniva\u010d Skup\u0161tina op\u0161tine Pljevlja, organima lokalne uprave i sredstvima javnog informisanja. Nacrt odluke o bud\u017eetu objavi\u0107e se i na zvani\u010dnom sajtu op\u0161tine Pljevlja odakle ga mogu preuzeti svi zainteresovani. Bi\u0107e \u0161tampana posebna bro\u0161ura \u201eVodi\u010d kroz Bud\u017eet op\u0161tine Pljevlja za 2012. godinu\u201c koja \u0107e biti distribuirana gra\u0111anima i svim drugim zainteresovanim pravnim i fizi\u010dkim licima, a planirano je i odr\u017eavanje posebne emisije na RTV Pljevlja. S obzirom da je rije\u010d o najzna\u010dajnijem finansijskom aktu, op\u0161tina Pljevlja poziva gra\u0111ane i sve \u010dinioce javnog, dru\u0161tvenog i privrednog \u017eivota da budu aktivni u\u010desnici javne rasprave jer \u0107e tako doprinijeti izradi kvalitetnog Bud\u017eeta. Sve primjedbe, predlozi i sugestije u cilju pobolj\u0161anja ovog dokumenta mogu se dostavljati svakodnevno u Gra\u0111anski biro Sekretarijatu za finansije ili na e- mail opstinapv@t-com.me.<\/p>\n<p>Kabinet predsjednika<\/p>\n<p>Izvor: <strong>Pljevlja.me<\/strong><\/p>\n","protected":false},"excerpt":{"rendered":"<p>Pljevlja &#8211; Predsjednik Op\u0107ine Miloje Pupovi\u0107 utvrdio je Nacrt odluke o bud\u017eetu op\u0161tine Pljevlja za 2012. godinu i uputio ga na javnu raspravu koja \u0107e trajati do 12. februara. Prema Nacrtu, ovogodi\u0161nji Bud\u017eet je planiran u iznosu od 14.715.000 \u20ac, pri \u010demu je planiranje primitaka obavljeno u skladu sa zakonima i propisima koji reguli\u0161u ovu [&hellip;]<\/p>\n","protected":false},"author":14,"featured_media":29665,"comment_status":"open","ping_status":"open","sticky":false,"template":"","format":"standard","meta":{"footnotes":""},"categories":[3,395,16],"tags":[],"class_list":{"0":"post-29663","1":"post","2":"type-post","3":"status-publish","4":"format-standard","5":"has-post-thumbnail","7":"category-privreda","8":"category-pljevlja_","9":"category-novine"},"yoast_head":"<!-- This site is optimized with the Yoast SEO Premium plugin v23.1 (Yoast SEO v24.9) - https:\/\/yoast.com\/wordpress\/plugins\/seo\/ -->\n<title>Utvr\u0111en Nacrt bud\u017eeta op\u0107ine Pljevlja<\/title>\n<meta name=\"robots\" content=\"index, follow, max-snippet:-1, max-image-preview:large, max-video-preview:-1\" \/>\n<link rel=\"canonical\" href=\"https:\/\/sandzakpress.net\/arhiva\/utvrden-nacrt-budzeta-opcine-pljevlja\/\" \/>\n<meta property=\"og:locale\" content=\"bs_BA\" \/>\n<meta property=\"og:type\" content=\"article\" \/>\n<meta property=\"og:title\" content=\"Utvr\u0111en Nacrt bud\u017eeta op\u0107ine Pljevlja\" \/>\n<meta property=\"og:description\" content=\"Pljevlja &#8211; Predsjednik Op\u0107ine Miloje Pupovi\u0107 utvrdio je Nacrt odluke o bud\u017eetu op\u0161tine Pljevlja za 2012. godinu i uputio ga na javnu raspravu koja \u0107e trajati do 12. februara. Prema Nacrtu, ovogodi\u0161nji Bud\u017eet je planiran u iznosu od 14.715.000 \u20ac, pri \u010demu je planiranje primitaka obavljeno u skladu sa zakonima i propisima koji reguli\u0161u ovu [&hellip;]\" \/>\n<meta property=\"og:url\" content=\"https:\/\/sandzakpress.net\/arhiva\/utvrden-nacrt-budzeta-opcine-pljevlja\/\" \/>\n<meta property=\"og:site_name\" content=\"Sand\u017eak PRESS\" \/>\n<meta property=\"article:published_time\" content=\"2012-01-26T15:13:15+00:00\" \/>\n<meta property=\"og:image\" content=\"https:\/\/sandzakpress.net\/arhiva\/wp-content\/uploads\/2012\/01\/opstina-pljevlja-planira-da-se-zaduzi-tri-miliona-eura-slika-44041.jpg\" \/>\n\t<meta property=\"og:image:width\" content=\"519\" \/>\n\t<meta property=\"og:image:height\" content=\"316\" \/>\n\t<meta property=\"og:image:type\" content=\"image\/jpeg\" \/>\n<meta name=\"twitter:card\" content=\"summary_large_image\" \/>\n<meta name=\"twitter:label1\" content=\"Written by\" \/>\n\t<meta name=\"twitter:data1\" content=\"\" \/>\n\t<meta name=\"twitter:label2\" content=\"Est. reading time\" \/>\n\t<meta name=\"twitter:data2\" content=\"2 minute\" \/>\n<script type=\"application\/ld+json\" class=\"yoast-schema-graph\">{\"@context\":\"https:\/\/schema.org\",\"@graph\":[{\"@type\":\"Article\",\"@id\":\"https:\/\/sandzakpress.net\/arhiva\/utvrden-nacrt-budzeta-opcine-pljevlja\/#article\",\"isPartOf\":{\"@id\":\"https:\/\/sandzakpress.net\/arhiva\/utvrden-nacrt-budzeta-opcine-pljevlja\/\"},\"author\":{\"name\":\"\",\"@id\":\"\"},\"headline\":\"Utvr\u0111en Nacrt bud\u017eeta op\u0107ine Pljevlja\",\"datePublished\":\"2012-01-26T15:13:15+00:00\",\"mainEntityOfPage\":{\"@id\":\"https:\/\/sandzakpress.net\/arhiva\/utvrden-nacrt-budzeta-opcine-pljevlja\/\"},\"wordCount\":321,\"commentCount\":0,\"publisher\":{\"@id\":\"https:\/\/sandzakpress.net\/arhiva\/#\/schema\/person\/6e72b67d6e51910a1117b3b483ba20bd\"},\"image\":{\"@id\":\"https:\/\/sandzakpress.net\/arhiva\/utvrden-nacrt-budzeta-opcine-pljevlja\/#primaryimage\"},\"thumbnailUrl\":\"https:\/\/sandzakpress.net\/arhiva\/wp-content\/uploads\/2012\/01\/opstina-pljevlja-planira-da-se-zaduzi-tri-miliona-eura-slika-44041.jpg\",\"articleSection\":[\"Privreda\",\"Pljevlja\",\"Novine\"],\"inLanguage\":\"bs-BA\",\"potentialAction\":[{\"@type\":\"CommentAction\",\"name\":\"Comment\",\"target\":[\"https:\/\/sandzakpress.net\/arhiva\/utvrden-nacrt-budzeta-opcine-pljevlja\/#respond\"]}]},{\"@type\":\"WebPage\",\"@id\":\"https:\/\/sandzakpress.net\/arhiva\/utvrden-nacrt-budzeta-opcine-pljevlja\/\",\"url\":\"https:\/\/sandzakpress.net\/arhiva\/utvrden-nacrt-budzeta-opcine-pljevlja\/\",\"name\":\"Utvr\u0111en Nacrt bud\u017eeta op\u0107ine Pljevlja\",\"isPartOf\":{\"@id\":\"https:\/\/sandzakpress.net\/arhiva\/#website\"},\"primaryImageOfPage\":{\"@id\":\"https:\/\/sandzakpress.net\/arhiva\/utvrden-nacrt-budzeta-opcine-pljevlja\/#primaryimage\"},\"image\":{\"@id\":\"https:\/\/sandzakpress.net\/arhiva\/utvrden-nacrt-budzeta-opcine-pljevlja\/#primaryimage\"},\"thumbnailUrl\":\"https:\/\/sandzakpress.net\/arhiva\/wp-content\/uploads\/2012\/01\/opstina-pljevlja-planira-da-se-zaduzi-tri-miliona-eura-slika-44041.jpg\",\"datePublished\":\"2012-01-26T15:13:15+00:00\",\"breadcrumb\":{\"@id\":\"https:\/\/sandzakpress.net\/arhiva\/utvrden-nacrt-budzeta-opcine-pljevlja\/#breadcrumb\"},\"inLanguage\":\"bs-BA\",\"potentialAction\":[{\"@type\":\"ReadAction\",\"target\":[\"https:\/\/sandzakpress.net\/arhiva\/utvrden-nacrt-budzeta-opcine-pljevlja\/\"]}]},{\"@type\":\"ImageObject\",\"inLanguage\":\"bs-BA\",\"@id\":\"https:\/\/sandzakpress.net\/arhiva\/utvrden-nacrt-budzeta-opcine-pljevlja\/#primaryimage\",\"url\":\"https:\/\/sandzakpress.net\/arhiva\/wp-content\/uploads\/2012\/01\/opstina-pljevlja-planira-da-se-zaduzi-tri-miliona-eura-slika-44041.jpg\",\"contentUrl\":\"https:\/\/sandzakpress.net\/arhiva\/wp-content\/uploads\/2012\/01\/opstina-pljevlja-planira-da-se-zaduzi-tri-miliona-eura-slika-44041.jpg\",\"width\":519,\"height\":316},{\"@type\":\"BreadcrumbList\",\"@id\":\"https:\/\/sandzakpress.net\/arhiva\/utvrden-nacrt-budzeta-opcine-pljevlja\/#breadcrumb\",\"itemListElement\":[{\"@type\":\"ListItem\",\"position\":1,\"name\":\"Home\",\"item\":\"https:\/\/sandzakpress.net\/arhiva\/\"},{\"@type\":\"ListItem\",\"position\":2,\"name\":\"Utvr\u0111en Nacrt bud\u017eeta op\u0107ine Pljevlja\"}]},{\"@type\":\"WebSite\",\"@id\":\"https:\/\/sandzakpress.net\/arhiva\/#website\",\"url\":\"https:\/\/sandzakpress.net\/arhiva\/\",\"name\":\"Sand\u017eak PRESS\",\"description\":\"Prve elektronske novine u Sand\u017eaku\",\"publisher\":{\"@id\":\"https:\/\/sandzakpress.net\/arhiva\/#\/schema\/person\/6e72b67d6e51910a1117b3b483ba20bd\"},\"potentialAction\":[{\"@type\":\"SearchAction\",\"target\":{\"@type\":\"EntryPoint\",\"urlTemplate\":\"https:\/\/sandzakpress.net\/arhiva\/?s={search_term_string}\"},\"query-input\":{\"@type\":\"PropertyValueSpecification\",\"valueRequired\":true,\"valueName\":\"search_term_string\"}}],\"inLanguage\":\"bs-BA\"},{\"@type\":[\"Person\",\"Organization\"],\"@id\":\"https:\/\/sandzakpress.net\/arhiva\/#\/schema\/person\/6e72b67d6e51910a1117b3b483ba20bd\",\"name\":\"Kul\",\"image\":{\"@type\":\"ImageObject\",\"inLanguage\":\"bs-BA\",\"@id\":\"https:\/\/sandzakpress.net\/arhiva\/#\/schema\/person\/image\/\",\"url\":\"https:\/\/secure.gravatar.com\/avatar\/42263f39aa27ac04c43cab85c280eb2e?s=96&d=mm&r=pg\",\"contentUrl\":\"https:\/\/secure.gravatar.com\/avatar\/42263f39aa27ac04c43cab85c280eb2e?s=96&d=mm&r=pg\",\"caption\":\"Kul\"},\"logo\":{\"@id\":\"https:\/\/sandzakpress.net\/arhiva\/#\/schema\/person\/image\/\"}},{\"@type\":\"Person\",\"@id\":\"\",\"url\":\"https:\/\/sandzakpress.net\/arhiva\/author\/\"}]}<\/script>\n<!-- \/ Yoast SEO Premium plugin. -->","yoast_head_json":{"title":"Utvr\u0111en Nacrt bud\u017eeta op\u0107ine Pljevlja","robots":{"index":"index","follow":"follow","max-snippet":"max-snippet:-1","max-image-preview":"max-image-preview:large","max-video-preview":"max-video-preview:-1"},"canonical":"https:\/\/sandzakpress.net\/arhiva\/utvrden-nacrt-budzeta-opcine-pljevlja\/","og_locale":"bs_BA","og_type":"article","og_title":"Utvr\u0111en Nacrt bud\u017eeta op\u0107ine Pljevlja","og_description":"Pljevlja &#8211; Predsjednik Op\u0107ine Miloje Pupovi\u0107 utvrdio je Nacrt odluke o bud\u017eetu op\u0161tine Pljevlja za 2012. godinu i uputio ga na javnu raspravu koja \u0107e trajati do 12. februara. Prema Nacrtu, ovogodi\u0161nji Bud\u017eet je planiran u iznosu od 14.715.000 \u20ac, pri \u010demu je planiranje primitaka obavljeno u skladu sa zakonima i propisima koji reguli\u0161u ovu [&hellip;]","og_url":"https:\/\/sandzakpress.net\/arhiva\/utvrden-nacrt-budzeta-opcine-pljevlja\/","og_site_name":"Sand\u017eak PRESS","article_published_time":"2012-01-26T15:13:15+00:00","og_image":[{"width":519,"height":316,"url":"https:\/\/sandzakpress.net\/arhiva\/wp-content\/uploads\/2012\/01\/opstina-pljevlja-planira-da-se-zaduzi-tri-miliona-eura-slika-44041.jpg","type":"image\/jpeg"}],"twitter_card":"summary_large_image","twitter_misc":{"Written by":"","Est. reading time":"2 minute"},"schema":{"@context":"https:\/\/schema.org","@graph":[{"@type":"Article","@id":"https:\/\/sandzakpress.net\/arhiva\/utvrden-nacrt-budzeta-opcine-pljevlja\/#article","isPartOf":{"@id":"https:\/\/sandzakpress.net\/arhiva\/utvrden-nacrt-budzeta-opcine-pljevlja\/"},"author":{"name":"","@id":""},"headline":"Utvr\u0111en Nacrt bud\u017eeta op\u0107ine Pljevlja","datePublished":"2012-01-26T15:13:15+00:00","mainEntityOfPage":{"@id":"https:\/\/sandzakpress.net\/arhiva\/utvrden-nacrt-budzeta-opcine-pljevlja\/"},"wordCount":321,"commentCount":0,"publisher":{"@id":"https:\/\/sandzakpress.net\/arhiva\/#\/schema\/person\/6e72b67d6e51910a1117b3b483ba20bd"},"image":{"@id":"https:\/\/sandzakpress.net\/arhiva\/utvrden-nacrt-budzeta-opcine-pljevlja\/#primaryimage"},"thumbnailUrl":"https:\/\/sandzakpress.net\/arhiva\/wp-content\/uploads\/2012\/01\/opstina-pljevlja-planira-da-se-zaduzi-tri-miliona-eura-slika-44041.jpg","articleSection":["Privreda","Pljevlja","Novine"],"inLanguage":"bs-BA","potentialAction":[{"@type":"CommentAction","name":"Comment","target":["https:\/\/sandzakpress.net\/arhiva\/utvrden-nacrt-budzeta-opcine-pljevlja\/#respond"]}]},{"@type":"WebPage","@id":"https:\/\/sandzakpress.net\/arhiva\/utvrden-nacrt-budzeta-opcine-pljevlja\/","url":"https:\/\/sandzakpress.net\/arhiva\/utvrden-nacrt-budzeta-opcine-pljevlja\/","name":"Utvr\u0111en Nacrt bud\u017eeta op\u0107ine Pljevlja","isPartOf":{"@id":"https:\/\/sandzakpress.net\/arhiva\/#website"},"primaryImageOfPage":{"@id":"https:\/\/sandzakpress.net\/arhiva\/utvrden-nacrt-budzeta-opcine-pljevlja\/#primaryimage"},"image":{"@id":"https:\/\/sandzakpress.net\/arhiva\/utvrden-nacrt-budzeta-opcine-pljevlja\/#primaryimage"},"thumbnailUrl":"https:\/\/sandzakpress.net\/arhiva\/wp-content\/uploads\/2012\/01\/opstina-pljevlja-planira-da-se-zaduzi-tri-miliona-eura-slika-44041.jpg","datePublished":"2012-01-26T15:13:15+00:00","breadcrumb":{"@id":"https:\/\/sandzakpress.net\/arhiva\/utvrden-nacrt-budzeta-opcine-pljevlja\/#breadcrumb"},"inLanguage":"bs-BA","potentialAction":[{"@type":"ReadAction","target":["https:\/\/sandzakpress.net\/arhiva\/utvrden-nacrt-budzeta-opcine-pljevlja\/"]}]},{"@type":"ImageObject","inLanguage":"bs-BA","@id":"https:\/\/sandzakpress.net\/arhiva\/utvrden-nacrt-budzeta-opcine-pljevlja\/#primaryimage","url":"https:\/\/sandzakpress.net\/arhiva\/wp-content\/uploads\/2012\/01\/opstina-pljevlja-planira-da-se-zaduzi-tri-miliona-eura-slika-44041.jpg","contentUrl":"https:\/\/sandzakpress.net\/arhiva\/wp-content\/uploads\/2012\/01\/opstina-pljevlja-planira-da-se-zaduzi-tri-miliona-eura-slika-44041.jpg","width":519,"height":316},{"@type":"BreadcrumbList","@id":"https:\/\/sandzakpress.net\/arhiva\/utvrden-nacrt-budzeta-opcine-pljevlja\/#breadcrumb","itemListElement":[{"@type":"ListItem","position":1,"name":"Home","item":"https:\/\/sandzakpress.net\/arhiva\/"},{"@type":"ListItem","position":2,"name":"Utvr\u0111en Nacrt bud\u017eeta op\u0107ine Pljevlja"}]},{"@type":"WebSite","@id":"https:\/\/sandzakpress.net\/arhiva\/#website","url":"https:\/\/sandzakpress.net\/arhiva\/","name":"Sand\u017eak PRESS","description":"Prve elektronske novine u Sand\u017eaku","publisher":{"@id":"https:\/\/sandzakpress.net\/arhiva\/#\/schema\/person\/6e72b67d6e51910a1117b3b483ba20bd"},"potentialAction":[{"@type":"SearchAction","target":{"@type":"EntryPoint","urlTemplate":"https:\/\/sandzakpress.net\/arhiva\/?s={search_term_string}"},"query-input":{"@type":"PropertyValueSpecification","valueRequired":true,"valueName":"search_term_string"}}],"inLanguage":"bs-BA"},{"@type":["Person","Organization"],"@id":"https:\/\/sandzakpress.net\/arhiva\/#\/schema\/person\/6e72b67d6e51910a1117b3b483ba20bd","name":"Kul","image":{"@type":"ImageObject","inLanguage":"bs-BA","@id":"https:\/\/sandzakpress.net\/arhiva\/#\/schema\/person\/image\/","url":"https:\/\/secure.gravatar.com\/avatar\/42263f39aa27ac04c43cab85c280eb2e?s=96&d=mm&r=pg","contentUrl":"https:\/\/secure.gravatar.com\/avatar\/42263f39aa27ac04c43cab85c280eb2e?s=96&d=mm&r=pg","caption":"Kul"},"logo":{"@id":"https:\/\/sandzakpress.net\/arhiva\/#\/schema\/person\/image\/"}},{"@type":"Person","@id":"","url":"https:\/\/sandzakpress.net\/arhiva\/author\/"}]}},"_links":{"self":[{"href":"https:\/\/sandzakpress.net\/arhiva\/wp-json\/wp\/v2\/posts\/29663"}],"collection":[{"href":"https:\/\/sandzakpress.net\/arhiva\/wp-json\/wp\/v2\/posts"}],"about":[{"href":"https:\/\/sandzakpress.net\/arhiva\/wp-json\/wp\/v2\/types\/post"}],"author":[{"embeddable":true,"href":"https:\/\/sandzakpress.net\/arhiva\/wp-json\/wp\/v2\/users\/14"}],"replies":[{"embeddable":true,"href":"https:\/\/sandzakpress.net\/arhiva\/wp-json\/wp\/v2\/comments?post=29663"}],"version-history":[{"count":0,"href":"https:\/\/sandzakpress.net\/arhiva\/wp-json\/wp\/v2\/posts\/29663\/revisions"}],"wp:featuredmedia":[{"embeddable":true,"href":"https:\/\/sandzakpress.net\/arhiva\/wp-json\/wp\/v2\/media\/29665"}],"wp:attachment":[{"href":"https:\/\/sandzakpress.net\/arhiva\/wp-json\/wp\/v2\/media?parent=29663"}],"wp:term":[{"taxonomy":"category","embeddable":true,"href":"https:\/\/sandzakpress.net\/arhiva\/wp-json\/wp\/v2\/categories?post=29663"},{"taxonomy":"post_tag","embeddable":true,"href":"https:\/\/sandzakpress.net\/arhiva\/wp-json\/wp\/v2\/tags?post=29663"}],"curies":[{"name":"wp","href":"https:\/\/api.w.org\/{rel}","templated":true}]}}