{"id":29255,"date":"2012-01-23T15:06:22","date_gmt":"2012-01-23T14:06:22","guid":{"rendered":"https:\/\/sandzakpress.net\/arhiva\/?p=29255"},"modified":"2012-01-23T15:06:22","modified_gmt":"2012-01-23T14:06:22","slug":"dzins-kao-brend-novog-pazara","status":"publish","type":"post","link":"https:\/\/sandzakpress.net\/arhiva\/dzins-kao-brend-novog-pazara\/","title":{"rendered":"D\u017eins kao brend Novog Pazara?"},"content":{"rendered":"<p><strong><a href=\"https:\/\/sandzakpress.net\/arhiva\/wp-content\/uploads\/2012\/01\/208013_regbrend04novi-pazar01-muzej-ras-i-nova-lucna-zgrada-u-centru-grada-foto-s.-zupljanin_f.jpg\"><img loading=\"lazy\" decoding=\"async\" class=\"alignleft size-medium wp-image-29256\" title=\"208013_regbrend04novi-pazar01-muzej-ras-i-nova-lucna-zgrada-u-centru-grada-foto-s.-zupljanin_f\" src=\"https:\/\/sandzakpress.net\/arhiva\/wp-content\/uploads\/2012\/01\/208013_regbrend04novi-pazar01-muzej-ras-i-nova-lucna-zgrada-u-centru-grada-foto-s.-zupljanin_f-300x172.jpg\" alt=\"\" width=\"300\" height=\"172\" \/><\/a>Novi Pazar &#8211; Tim stru\u010dnjaka iz razli\u010ditih oblasti u Novom Pazaru uskoro \u0107e predlo\u017eiti brend ovog grada radi privla\u010denja investicija, ve\u0107eg priliva turista i pobolj\u0161anja prodaje i plasmana ovda\u0161njih proizvoda. <\/strong><\/p>\n<p>Me\u0111u kandidatima za brend grada pominju se kulturno-istorijski spomenici, tradicionalni kulinarski specijaliteti i prirodne vrednosti poput planine Golije.<\/p>\n<p>Husein Memi\u0107 iz Turisti\u010dke organizacije Novog Pazara smatra da pored navedenih prijedloga jedan od brendova grada treba da bude i d\u017eins odje\u0107a.<\/p>\n<p>&#8211; Mnoge Novi Pazar asocira na dobre farmerice pa bi zaista d\u017eins trebalo da bude jedan od na\u0161ih brendova. Veoma je lo\u0161e da Novi Pazar ima i negativan brend u poslednjih nekoliko godina &#8211; politi\u010dka prepucavanja koja imaju najnegativniji uticaj na turiste. Nadam se da \u0107e lokalni politi\u010dari shvatiti da za razvoj Novog Pazara u turisti\u010dkom smislu nema mjesta za sva\u0111e i prepucavanja, ve\u0107 da zajedno moramo \u0161iriti pozitivnu sliku i promovisati prave vrijednosti prepoznatljive za ovaj kraj &#8211; ka\u017ee Memi\u0107.<\/p>\n<p>Jedan od poznatijih i uspje\u0161nijih novopazarskih privrednika Tigrin Ka\u010dar sla\u017ee se sa idejom da d\u017eins treba da bude jedan od brendova grada, dodaju\u0107i da ovda\u0161nji tekstilci ve\u0107 uveliko rade na tome.<\/p>\n<p>&#8211; Uskoro bi trebalo da za\u017eivi na\u0161a ideja o za\u0161titi brenda novopazarskog d\u017einsa, a za\u0161titi\u0107emo i ime \u201cNP Quality\u201d. Me\u0111utim, brend broj jedan treba da budu kulturno-istorijski spomenici koji su pod za\u0161titom Uneska, a kojih zaista ima mnogo. Treba se vi\u0161e posvetiti spomenicima, poraditi na njihovom o\u010duvanju jer da se nalaze u nekoj drugoj zemlji oni bi bili turisti\u010dka atrakcija, a kod nas su samo bleda slika pro\u0161losti. Da\u0107u primer starog grada Rasa, koji propada neogra\u0111en pored puta bez ikakve vidljive za\u0161tite &#8211; ka\u017ee Ka\u010dar.<\/p>\n<p>U novopazarskoj samoupravi smatraju da brend grada treba da bude osnov za razvijanje regionalne privrede, kao i da on treba da predstavlja ne\u0161to \u0161to \u0107e mu dati prednost u odnosu na konkurenciju.<\/p>\n<p>&#8211; Na\u0161 brend treba da nas razlikuje od konkurencije, da bude izrazit, poseban, ne\u0161to \u0161to \u0107e se lako pamtiti jer planiramo da Novi Pazar bude regionalni centar. Ve\u0107 smo oformili tim stru\u010dnih ljudi koji \u0107e poraditi i izdvojiti najbolje predloge za brend Novog Pazara &#8211; ka\u017eu u lokalnoj samoupravi.<\/p>\n<p>Predstavnik \u201cProgresa\u201d Marko Vuja\u010di\u0107 ka\u017ee da o\u010dekuje da ove op\u0107ine utvrde i po\u010dnu da rade na svojim brendovima, a da se od Novog Pazara, kao najve\u0107eg grada u ovom dijelu Srbije, o\u010dekuje najvi\u0161e.<\/p>\n<p>&#8211; Novi Pazar, kao grad sa najmla\u0111om populacijom u Evropi, uz veliko kulturno-istorijsko nasle\u0111e i \u010ditav niz prepoznatljivih lokalnih proizvoda, ima sna\u017enu osnovu za brendiranje i on zaslu\u017euje pozitivniju sliku. Projekti mogu da se baziraju na medijskoj kampanji, izradi bro\u0161ura, suvenira, turisti\u010dke signalizacije, organizovanju nekog novog doga\u0111aja i manifestacija, edukacija, prosto imaju \u0161irok prostor. U brendiranje ovih op\u0161tina ulo\u017ei\u0107emo oko 300.000 evra, a nadamo se da \u0107emo u narednih godinu dana realizovati makar pet-\u0161est najboljih projekata radi postizanja pozitivnih ekonomskih efekata. Ovo je jedan od na\u010dina da pomognemo lokalnim samoupravama da pobolj\u0161aju dru\u0161tveno-ekonomsku situaciju i da doprinesu pove\u0107anju zainteresovanosti gra\u0111ana da svoj \u017eivot planiraju u mestu koje pozitivno do\u017eivljavaju &#8211; ka\u017ee Vuja\u010di\u0107.<\/p>\n<p>Izvor: <strong>Blic.rs<\/strong><\/p>\n","protected":false},"excerpt":{"rendered":"<p>Novi Pazar &#8211; Tim stru\u010dnjaka iz razli\u010ditih oblasti u Novom Pazaru uskoro \u0107e predlo\u017eiti brend ovog grada radi privla\u010denja investicija, ve\u0107eg priliva turista i pobolj\u0161anja prodaje i plasmana ovda\u0161njih proizvoda. Me\u0111u kandidatima za brend grada pominju se kulturno-istorijski spomenici, tradicionalni kulinarski specijaliteti i prirodne vrednosti poput planine Golije. Husein Memi\u0107 iz Turisti\u010dke organizacije Novog Pazara [&hellip;]<\/p>\n","protected":false},"author":14,"featured_media":29256,"comment_status":"open","ping_status":"open","sticky":false,"template":"","format":"standard","meta":{"footnotes":""},"categories":[72,3],"tags":[],"class_list":{"0":"post-29255","1":"post","2":"type-post","3":"status-publish","4":"format-standard","5":"has-post-thumbnail","7":"category-novi-pazar","8":"category-privreda"},"yoast_head":"<!-- This site is optimized with the Yoast SEO Premium plugin v23.1 (Yoast SEO v24.9) - https:\/\/yoast.com\/wordpress\/plugins\/seo\/ -->\n<title>D\u017eins kao brend Novog Pazara?<\/title>\n<meta name=\"robots\" content=\"index, follow, max-snippet:-1, max-image-preview:large, max-video-preview:-1\" \/>\n<link rel=\"canonical\" href=\"https:\/\/sandzakpress.net\/arhiva\/dzins-kao-brend-novog-pazara\/\" \/>\n<meta property=\"og:locale\" content=\"bs_BA\" \/>\n<meta property=\"og:type\" content=\"article\" \/>\n<meta property=\"og:title\" content=\"D\u017eins kao brend Novog Pazara?\" \/>\n<meta property=\"og:description\" content=\"Novi Pazar &#8211; Tim stru\u010dnjaka iz razli\u010ditih oblasti u Novom Pazaru uskoro \u0107e predlo\u017eiti brend ovog grada radi privla\u010denja investicija, ve\u0107eg priliva turista i pobolj\u0161anja prodaje i plasmana ovda\u0161njih proizvoda. Me\u0111u kandidatima za brend grada pominju se kulturno-istorijski spomenici, tradicionalni kulinarski specijaliteti i prirodne vrednosti poput planine Golije. Husein Memi\u0107 iz Turisti\u010dke organizacije Novog Pazara [&hellip;]\" \/>\n<meta property=\"og:url\" content=\"https:\/\/sandzakpress.net\/arhiva\/dzins-kao-brend-novog-pazara\/\" \/>\n<meta property=\"og:site_name\" content=\"Sand\u017eak PRESS\" \/>\n<meta property=\"article:published_time\" content=\"2012-01-23T14:06:22+00:00\" \/>\n<meta property=\"og:image\" content=\"https:\/\/sandzakpress.net\/arhiva\/wp-content\/uploads\/2012\/01\/208013_regbrend04novi-pazar01-muzej-ras-i-nova-lucna-zgrada-u-centru-grada-foto-s.-zupljanin_f.jpg\" \/>\n\t<meta property=\"og:image:width\" content=\"470\" \/>\n\t<meta property=\"og:image:height\" content=\"270\" \/>\n\t<meta property=\"og:image:type\" content=\"image\/jpeg\" \/>\n<meta name=\"twitter:card\" content=\"summary_large_image\" \/>\n<meta name=\"twitter:label1\" content=\"Written by\" \/>\n\t<meta name=\"twitter:data1\" content=\"\" \/>\n\t<meta name=\"twitter:label2\" content=\"Est. reading time\" \/>\n\t<meta name=\"twitter:data2\" content=\"3 minute\" \/>\n<script type=\"application\/ld+json\" class=\"yoast-schema-graph\">{\"@context\":\"https:\/\/schema.org\",\"@graph\":[{\"@type\":\"Article\",\"@id\":\"https:\/\/sandzakpress.net\/arhiva\/dzins-kao-brend-novog-pazara\/#article\",\"isPartOf\":{\"@id\":\"https:\/\/sandzakpress.net\/arhiva\/dzins-kao-brend-novog-pazara\/\"},\"author\":{\"name\":\"\",\"@id\":\"\"},\"headline\":\"D\u017eins kao brend Novog Pazara?\",\"datePublished\":\"2012-01-23T14:06:22+00:00\",\"mainEntityOfPage\":{\"@id\":\"https:\/\/sandzakpress.net\/arhiva\/dzins-kao-brend-novog-pazara\/\"},\"wordCount\":574,\"commentCount\":0,\"publisher\":{\"@id\":\"https:\/\/sandzakpress.net\/arhiva\/#\/schema\/person\/6e72b67d6e51910a1117b3b483ba20bd\"},\"image\":{\"@id\":\"https:\/\/sandzakpress.net\/arhiva\/dzins-kao-brend-novog-pazara\/#primaryimage\"},\"thumbnailUrl\":\"https:\/\/sandzakpress.net\/arhiva\/wp-content\/uploads\/2012\/01\/208013_regbrend04novi-pazar01-muzej-ras-i-nova-lucna-zgrada-u-centru-grada-foto-s.-zupljanin_f.jpg\",\"articleSection\":[\"Novi Pazar\",\"Privreda\"],\"inLanguage\":\"bs-BA\",\"potentialAction\":[{\"@type\":\"CommentAction\",\"name\":\"Comment\",\"target\":[\"https:\/\/sandzakpress.net\/arhiva\/dzins-kao-brend-novog-pazara\/#respond\"]}]},{\"@type\":\"WebPage\",\"@id\":\"https:\/\/sandzakpress.net\/arhiva\/dzins-kao-brend-novog-pazara\/\",\"url\":\"https:\/\/sandzakpress.net\/arhiva\/dzins-kao-brend-novog-pazara\/\",\"name\":\"D\u017eins kao brend Novog Pazara?\",\"isPartOf\":{\"@id\":\"https:\/\/sandzakpress.net\/arhiva\/#website\"},\"primaryImageOfPage\":{\"@id\":\"https:\/\/sandzakpress.net\/arhiva\/dzins-kao-brend-novog-pazara\/#primaryimage\"},\"image\":{\"@id\":\"https:\/\/sandzakpress.net\/arhiva\/dzins-kao-brend-novog-pazara\/#primaryimage\"},\"thumbnailUrl\":\"https:\/\/sandzakpress.net\/arhiva\/wp-content\/uploads\/2012\/01\/208013_regbrend04novi-pazar01-muzej-ras-i-nova-lucna-zgrada-u-centru-grada-foto-s.-zupljanin_f.jpg\",\"datePublished\":\"2012-01-23T14:06:22+00:00\",\"breadcrumb\":{\"@id\":\"https:\/\/sandzakpress.net\/arhiva\/dzins-kao-brend-novog-pazara\/#breadcrumb\"},\"inLanguage\":\"bs-BA\",\"potentialAction\":[{\"@type\":\"ReadAction\",\"target\":[\"https:\/\/sandzakpress.net\/arhiva\/dzins-kao-brend-novog-pazara\/\"]}]},{\"@type\":\"ImageObject\",\"inLanguage\":\"bs-BA\",\"@id\":\"https:\/\/sandzakpress.net\/arhiva\/dzins-kao-brend-novog-pazara\/#primaryimage\",\"url\":\"https:\/\/sandzakpress.net\/arhiva\/wp-content\/uploads\/2012\/01\/208013_regbrend04novi-pazar01-muzej-ras-i-nova-lucna-zgrada-u-centru-grada-foto-s.-zupljanin_f.jpg\",\"contentUrl\":\"https:\/\/sandzakpress.net\/arhiva\/wp-content\/uploads\/2012\/01\/208013_regbrend04novi-pazar01-muzej-ras-i-nova-lucna-zgrada-u-centru-grada-foto-s.-zupljanin_f.jpg\",\"width\":470,\"height\":270},{\"@type\":\"BreadcrumbList\",\"@id\":\"https:\/\/sandzakpress.net\/arhiva\/dzins-kao-brend-novog-pazara\/#breadcrumb\",\"itemListElement\":[{\"@type\":\"ListItem\",\"position\":1,\"name\":\"Home\",\"item\":\"https:\/\/sandzakpress.net\/arhiva\/\"},{\"@type\":\"ListItem\",\"position\":2,\"name\":\"D\u017eins kao brend Novog Pazara?\"}]},{\"@type\":\"WebSite\",\"@id\":\"https:\/\/sandzakpress.net\/arhiva\/#website\",\"url\":\"https:\/\/sandzakpress.net\/arhiva\/\",\"name\":\"Sand\u017eak PRESS\",\"description\":\"Prve elektronske novine u Sand\u017eaku\",\"publisher\":{\"@id\":\"https:\/\/sandzakpress.net\/arhiva\/#\/schema\/person\/6e72b67d6e51910a1117b3b483ba20bd\"},\"potentialAction\":[{\"@type\":\"SearchAction\",\"target\":{\"@type\":\"EntryPoint\",\"urlTemplate\":\"https:\/\/sandzakpress.net\/arhiva\/?s={search_term_string}\"},\"query-input\":{\"@type\":\"PropertyValueSpecification\",\"valueRequired\":true,\"valueName\":\"search_term_string\"}}],\"inLanguage\":\"bs-BA\"},{\"@type\":[\"Person\",\"Organization\"],\"@id\":\"https:\/\/sandzakpress.net\/arhiva\/#\/schema\/person\/6e72b67d6e51910a1117b3b483ba20bd\",\"name\":\"Kul\",\"image\":{\"@type\":\"ImageObject\",\"inLanguage\":\"bs-BA\",\"@id\":\"https:\/\/sandzakpress.net\/arhiva\/#\/schema\/person\/image\/\",\"url\":\"https:\/\/secure.gravatar.com\/avatar\/42263f39aa27ac04c43cab85c280eb2e?s=96&d=mm&r=pg\",\"contentUrl\":\"https:\/\/secure.gravatar.com\/avatar\/42263f39aa27ac04c43cab85c280eb2e?s=96&d=mm&r=pg\",\"caption\":\"Kul\"},\"logo\":{\"@id\":\"https:\/\/sandzakpress.net\/arhiva\/#\/schema\/person\/image\/\"}},{\"@type\":\"Person\",\"@id\":\"\",\"url\":\"https:\/\/sandzakpress.net\/arhiva\/author\/\"}]}<\/script>\n<!-- \/ Yoast SEO Premium plugin. -->","yoast_head_json":{"title":"D\u017eins kao brend Novog Pazara?","robots":{"index":"index","follow":"follow","max-snippet":"max-snippet:-1","max-image-preview":"max-image-preview:large","max-video-preview":"max-video-preview:-1"},"canonical":"https:\/\/sandzakpress.net\/arhiva\/dzins-kao-brend-novog-pazara\/","og_locale":"bs_BA","og_type":"article","og_title":"D\u017eins kao brend Novog Pazara?","og_description":"Novi Pazar &#8211; Tim stru\u010dnjaka iz razli\u010ditih oblasti u Novom Pazaru uskoro \u0107e predlo\u017eiti brend ovog grada radi privla\u010denja investicija, ve\u0107eg priliva turista i pobolj\u0161anja prodaje i plasmana ovda\u0161njih proizvoda. Me\u0111u kandidatima za brend grada pominju se kulturno-istorijski spomenici, tradicionalni kulinarski specijaliteti i prirodne vrednosti poput planine Golije. Husein Memi\u0107 iz Turisti\u010dke organizacije Novog Pazara [&hellip;]","og_url":"https:\/\/sandzakpress.net\/arhiva\/dzins-kao-brend-novog-pazara\/","og_site_name":"Sand\u017eak PRESS","article_published_time":"2012-01-23T14:06:22+00:00","og_image":[{"width":470,"height":270,"url":"https:\/\/sandzakpress.net\/arhiva\/wp-content\/uploads\/2012\/01\/208013_regbrend04novi-pazar01-muzej-ras-i-nova-lucna-zgrada-u-centru-grada-foto-s.-zupljanin_f.jpg","type":"image\/jpeg"}],"twitter_card":"summary_large_image","twitter_misc":{"Written by":"","Est. reading time":"3 minute"},"schema":{"@context":"https:\/\/schema.org","@graph":[{"@type":"Article","@id":"https:\/\/sandzakpress.net\/arhiva\/dzins-kao-brend-novog-pazara\/#article","isPartOf":{"@id":"https:\/\/sandzakpress.net\/arhiva\/dzins-kao-brend-novog-pazara\/"},"author":{"name":"","@id":""},"headline":"D\u017eins kao brend Novog Pazara?","datePublished":"2012-01-23T14:06:22+00:00","mainEntityOfPage":{"@id":"https:\/\/sandzakpress.net\/arhiva\/dzins-kao-brend-novog-pazara\/"},"wordCount":574,"commentCount":0,"publisher":{"@id":"https:\/\/sandzakpress.net\/arhiva\/#\/schema\/person\/6e72b67d6e51910a1117b3b483ba20bd"},"image":{"@id":"https:\/\/sandzakpress.net\/arhiva\/dzins-kao-brend-novog-pazara\/#primaryimage"},"thumbnailUrl":"https:\/\/sandzakpress.net\/arhiva\/wp-content\/uploads\/2012\/01\/208013_regbrend04novi-pazar01-muzej-ras-i-nova-lucna-zgrada-u-centru-grada-foto-s.-zupljanin_f.jpg","articleSection":["Novi Pazar","Privreda"],"inLanguage":"bs-BA","potentialAction":[{"@type":"CommentAction","name":"Comment","target":["https:\/\/sandzakpress.net\/arhiva\/dzins-kao-brend-novog-pazara\/#respond"]}]},{"@type":"WebPage","@id":"https:\/\/sandzakpress.net\/arhiva\/dzins-kao-brend-novog-pazara\/","url":"https:\/\/sandzakpress.net\/arhiva\/dzins-kao-brend-novog-pazara\/","name":"D\u017eins kao brend Novog Pazara?","isPartOf":{"@id":"https:\/\/sandzakpress.net\/arhiva\/#website"},"primaryImageOfPage":{"@id":"https:\/\/sandzakpress.net\/arhiva\/dzins-kao-brend-novog-pazara\/#primaryimage"},"image":{"@id":"https:\/\/sandzakpress.net\/arhiva\/dzins-kao-brend-novog-pazara\/#primaryimage"},"thumbnailUrl":"https:\/\/sandzakpress.net\/arhiva\/wp-content\/uploads\/2012\/01\/208013_regbrend04novi-pazar01-muzej-ras-i-nova-lucna-zgrada-u-centru-grada-foto-s.-zupljanin_f.jpg","datePublished":"2012-01-23T14:06:22+00:00","breadcrumb":{"@id":"https:\/\/sandzakpress.net\/arhiva\/dzins-kao-brend-novog-pazara\/#breadcrumb"},"inLanguage":"bs-BA","potentialAction":[{"@type":"ReadAction","target":["https:\/\/sandzakpress.net\/arhiva\/dzins-kao-brend-novog-pazara\/"]}]},{"@type":"ImageObject","inLanguage":"bs-BA","@id":"https:\/\/sandzakpress.net\/arhiva\/dzins-kao-brend-novog-pazara\/#primaryimage","url":"https:\/\/sandzakpress.net\/arhiva\/wp-content\/uploads\/2012\/01\/208013_regbrend04novi-pazar01-muzej-ras-i-nova-lucna-zgrada-u-centru-grada-foto-s.-zupljanin_f.jpg","contentUrl":"https:\/\/sandzakpress.net\/arhiva\/wp-content\/uploads\/2012\/01\/208013_regbrend04novi-pazar01-muzej-ras-i-nova-lucna-zgrada-u-centru-grada-foto-s.-zupljanin_f.jpg","width":470,"height":270},{"@type":"BreadcrumbList","@id":"https:\/\/sandzakpress.net\/arhiva\/dzins-kao-brend-novog-pazara\/#breadcrumb","itemListElement":[{"@type":"ListItem","position":1,"name":"Home","item":"https:\/\/sandzakpress.net\/arhiva\/"},{"@type":"ListItem","position":2,"name":"D\u017eins kao brend Novog Pazara?"}]},{"@type":"WebSite","@id":"https:\/\/sandzakpress.net\/arhiva\/#website","url":"https:\/\/sandzakpress.net\/arhiva\/","name":"Sand\u017eak PRESS","description":"Prve elektronske novine u Sand\u017eaku","publisher":{"@id":"https:\/\/sandzakpress.net\/arhiva\/#\/schema\/person\/6e72b67d6e51910a1117b3b483ba20bd"},"potentialAction":[{"@type":"SearchAction","target":{"@type":"EntryPoint","urlTemplate":"https:\/\/sandzakpress.net\/arhiva\/?s={search_term_string}"},"query-input":{"@type":"PropertyValueSpecification","valueRequired":true,"valueName":"search_term_string"}}],"inLanguage":"bs-BA"},{"@type":["Person","Organization"],"@id":"https:\/\/sandzakpress.net\/arhiva\/#\/schema\/person\/6e72b67d6e51910a1117b3b483ba20bd","name":"Kul","image":{"@type":"ImageObject","inLanguage":"bs-BA","@id":"https:\/\/sandzakpress.net\/arhiva\/#\/schema\/person\/image\/","url":"https:\/\/secure.gravatar.com\/avatar\/42263f39aa27ac04c43cab85c280eb2e?s=96&d=mm&r=pg","contentUrl":"https:\/\/secure.gravatar.com\/avatar\/42263f39aa27ac04c43cab85c280eb2e?s=96&d=mm&r=pg","caption":"Kul"},"logo":{"@id":"https:\/\/sandzakpress.net\/arhiva\/#\/schema\/person\/image\/"}},{"@type":"Person","@id":"","url":"https:\/\/sandzakpress.net\/arhiva\/author\/"}]}},"_links":{"self":[{"href":"https:\/\/sandzakpress.net\/arhiva\/wp-json\/wp\/v2\/posts\/29255"}],"collection":[{"href":"https:\/\/sandzakpress.net\/arhiva\/wp-json\/wp\/v2\/posts"}],"about":[{"href":"https:\/\/sandzakpress.net\/arhiva\/wp-json\/wp\/v2\/types\/post"}],"author":[{"embeddable":true,"href":"https:\/\/sandzakpress.net\/arhiva\/wp-json\/wp\/v2\/users\/14"}],"replies":[{"embeddable":true,"href":"https:\/\/sandzakpress.net\/arhiva\/wp-json\/wp\/v2\/comments?post=29255"}],"version-history":[{"count":0,"href":"https:\/\/sandzakpress.net\/arhiva\/wp-json\/wp\/v2\/posts\/29255\/revisions"}],"wp:featuredmedia":[{"embeddable":true,"href":"https:\/\/sandzakpress.net\/arhiva\/wp-json\/wp\/v2\/media\/29256"}],"wp:attachment":[{"href":"https:\/\/sandzakpress.net\/arhiva\/wp-json\/wp\/v2\/media?parent=29255"}],"wp:term":[{"taxonomy":"category","embeddable":true,"href":"https:\/\/sandzakpress.net\/arhiva\/wp-json\/wp\/v2\/categories?post=29255"},{"taxonomy":"post_tag","embeddable":true,"href":"https:\/\/sandzakpress.net\/arhiva\/wp-json\/wp\/v2\/tags?post=29255"}],"curies":[{"name":"wp","href":"https:\/\/api.w.org\/{rel}","templated":true}]}}