{"id":2908,"date":"2010-03-20T23:47:32","date_gmt":"2010-03-20T22:47:32","guid":{"rendered":"https:\/\/sandzakpress.net\/arhiva\/?p=2908"},"modified":"2010-03-20T23:47:32","modified_gmt":"2010-03-20T22:47:32","slug":"izraelska-vojska-ubila-palestinskog-tinejdzera","status":"publish","type":"post","link":"https:\/\/sandzakpress.net\/arhiva\/izraelska-vojska-ubila-palestinskog-tinejdzera\/","title":{"rendered":"Izraelska vojska ubila palestinskog tinejd\u017eera"},"content":{"rendered":"<p><strong><a href=\"https:\/\/sandzakpress.net\/arhiva\/wp-content\/uploads\/2010\/03\/djete_bjezi.jpg\"><img loading=\"lazy\" decoding=\"async\" class=\"alignleft size-full wp-image-2909\" title=\"djete_bjezi\" src=\"https:\/\/sandzakpress.net\/arhiva\/wp-content\/uploads\/2010\/03\/djete_bjezi.jpg\" alt=\"\" width=\"180\" height=\"220\" \/><\/a>Palestina &#8211; Izraelske snage su ubile jednog palestinskog tinejd\u017eera  tokom  nasilnih sukoba u okupiranoj Zapadnoj Obali, prema izjavama  medicinskih  zvani\u010dnika. <\/strong><\/p>\n<p>Muhammed Kadus je sudjelovao u  demonstracijam u subotu, tokom kojih  je bacano kamenje na izraelske  vojnike u gradu Nablusu na Zapadnoj  Obali.Palestinski bolni\u010dki  du\u017enosnici ka\u017eu da \u00a0je 16-godi\u0161njak pogo\u0111en u  srce metkom  ispaljenim od strane izraelskih snaga.<\/p>\n<p>Kadus je progla\u0161en  \u00a0mrtvim kratko nakon dolaska u lokalnu  bolnici.<\/p>\n<p>Medicinski  izvori navode da su ambulantna kola Crvenog  polumjeseca te\u0161ko i ote\u017eano  stigla na lice mjesta zbog dejstava  izraelskih snaga.<\/p>\n<p><strong>Bojeva  municija?<\/strong><\/p>\n<p>Izraelska  vojska tvrdi da njeni vojnici \u00a0nisu  koristili bojevu municiju, ve\u0107 su  koristili oru\u017eje koje se koristi  protiv demonstranata, kao \u0161to su  suzavac i gumeni oblo\u017eeni meci, kako bi  rastjerali Palestince koji su  se pribli\u017eavali \u017eidovskom naselju u  blizini mjesta sukoba.<\/p>\n<p>Me\u0111utim,  izvori El-D\u017eezire navode da je  dje\u010dak Kadus dobio dva metka u prsa.<\/p>\n<p>U  sukobima je tako\u0111er  ozbiljno povrije\u0111en drugi 16-godi\u0161nji palestinski  dje\u010dak, identificiran  kao Useid Abed-Nasser Kadus, brati\u0107 mrtvog  dje\u010daka.<\/p>\n<p>Medicinski  izvori, navode da \u00a0je pogo\u0111en u glavu te je  preba\u010den u bolnicu na hitnu  operaciju.<\/p>\n<p>Izraelski vojni  glasnogovornik je istaknuo kako je  oboje ozlije\u0111enih Palestinaca  ozlije\u0111eno od oru\u017eja za razbijanje  demonstracija, a ne od bojeve  municije. Glasnogovornik navodi da je do  incidenta do\u0161lo zbog &#8220;nasilnog  i nezakonitog nemira&#8221; u blizini Irak  Burina, tokom kojeg je vi\u0161e  desetina Palestinaca sa kamenicama krenulo  ka \u017eidovskom naselju Bracha.  Jedan baca\u010d kamenica je uhap\u0161en prema  navodima izraelske armije.<\/p>\n<p>Sukobi  se odigravaju gotovo svake  sedmice na istom mjestu u blizini sela, a  pokraj izvora sa vodom kojeg  \u017eidovski doseljenici \u017eele preuzeti za  sebe.<\/p>\n<p>Izvor: <strong>IslamBosna.ba<\/strong><\/p>\n","protected":false},"excerpt":{"rendered":"<p>Palestina &#8211; Izraelske snage su ubile jednog palestinskog tinejd\u017eera tokom nasilnih sukoba u okupiranoj Zapadnoj Obali, prema izjavama medicinskih zvani\u010dnika. Muhammed Kadus je sudjelovao u demonstracijam u subotu, tokom kojih je bacano kamenje na izraelske vojnike u gradu Nablusu na Zapadnoj Obali.Palestinski bolni\u010dki du\u017enosnici ka\u017eu da \u00a0je 16-godi\u0161njak pogo\u0111en u srce metkom ispaljenim od strane [&hellip;]<\/p>\n","protected":false},"author":83,"featured_media":2909,"comment_status":"open","ping_status":"open","sticky":false,"template":"","format":"standard","meta":{"footnotes":""},"categories":[9],"tags":[],"class_list":{"0":"post-2908","1":"post","2":"type-post","3":"status-publish","4":"format-standard","5":"has-post-thumbnail","7":"category-svijet"},"yoast_head":"<!-- This site is optimized with the Yoast SEO Premium plugin v23.1 (Yoast SEO v24.9) - https:\/\/yoast.com\/wordpress\/plugins\/seo\/ -->\n<title>Izraelska vojska ubila palestinskog tinejd\u017eera<\/title>\n<meta name=\"robots\" content=\"index, follow, max-snippet:-1, max-image-preview:large, max-video-preview:-1\" \/>\n<link rel=\"canonical\" href=\"https:\/\/sandzakpress.net\/arhiva\/izraelska-vojska-ubila-palestinskog-tinejdzera\/\" \/>\n<meta property=\"og:locale\" content=\"bs_BA\" \/>\n<meta property=\"og:type\" content=\"article\" \/>\n<meta property=\"og:title\" content=\"Izraelska vojska ubila palestinskog tinejd\u017eera\" \/>\n<meta property=\"og:description\" content=\"Palestina &#8211; Izraelske snage su ubile jednog palestinskog tinejd\u017eera tokom nasilnih sukoba u okupiranoj Zapadnoj Obali, prema izjavama medicinskih zvani\u010dnika. Muhammed Kadus je sudjelovao u demonstracijam u subotu, tokom kojih je bacano kamenje na izraelske vojnike u gradu Nablusu na Zapadnoj Obali.Palestinski bolni\u010dki du\u017enosnici ka\u017eu da \u00a0je 16-godi\u0161njak pogo\u0111en u srce metkom ispaljenim od strane [&hellip;]\" \/>\n<meta property=\"og:url\" content=\"https:\/\/sandzakpress.net\/arhiva\/izraelska-vojska-ubila-palestinskog-tinejdzera\/\" \/>\n<meta property=\"og:site_name\" content=\"Sand\u017eak PRESS\" \/>\n<meta property=\"article:published_time\" content=\"2010-03-20T22:47:32+00:00\" \/>\n<meta property=\"og:image\" content=\"https:\/\/sandzakpress.net\/arhiva\/wp-content\/uploads\/2010\/03\/djete_bjezi.jpg\" \/>\n\t<meta property=\"og:image:width\" content=\"180\" \/>\n\t<meta property=\"og:image:height\" content=\"220\" \/>\n\t<meta property=\"og:image:type\" content=\"image\/jpeg\" \/>\n<meta name=\"author\" content=\"bosniak\" \/>\n<meta name=\"twitter:card\" content=\"summary_large_image\" \/>\n<meta name=\"twitter:label1\" content=\"Written by\" \/>\n\t<meta name=\"twitter:data1\" content=\"bosniak\" \/>\n\t<meta name=\"twitter:label2\" content=\"Est. reading time\" \/>\n\t<meta name=\"twitter:data2\" content=\"1 minuta\" \/>\n<script type=\"application\/ld+json\" class=\"yoast-schema-graph\">{\"@context\":\"https:\/\/schema.org\",\"@graph\":[{\"@type\":\"Article\",\"@id\":\"https:\/\/sandzakpress.net\/arhiva\/izraelska-vojska-ubila-palestinskog-tinejdzera\/#article\",\"isPartOf\":{\"@id\":\"https:\/\/sandzakpress.net\/arhiva\/izraelska-vojska-ubila-palestinskog-tinejdzera\/\"},\"author\":{\"name\":\"bosniak\",\"@id\":\"https:\/\/sandzakpress.net\/arhiva\/#\/schema\/person\/c8baee722073534b583ea7bdb2e36c02\"},\"headline\":\"Izraelska vojska ubila palestinskog tinejd\u017eera\",\"datePublished\":\"2010-03-20T22:47:32+00:00\",\"mainEntityOfPage\":{\"@id\":\"https:\/\/sandzakpress.net\/arhiva\/izraelska-vojska-ubila-palestinskog-tinejdzera\/\"},\"wordCount\":299,\"commentCount\":0,\"publisher\":{\"@id\":\"https:\/\/sandzakpress.net\/arhiva\/#\/schema\/person\/6e72b67d6e51910a1117b3b483ba20bd\"},\"image\":{\"@id\":\"https:\/\/sandzakpress.net\/arhiva\/izraelska-vojska-ubila-palestinskog-tinejdzera\/#primaryimage\"},\"thumbnailUrl\":\"https:\/\/sandzakpress.net\/arhiva\/wp-content\/uploads\/2010\/03\/djete_bjezi.jpg\",\"articleSection\":[\"Svijet\"],\"inLanguage\":\"bs-BA\",\"potentialAction\":[{\"@type\":\"CommentAction\",\"name\":\"Comment\",\"target\":[\"https:\/\/sandzakpress.net\/arhiva\/izraelska-vojska-ubila-palestinskog-tinejdzera\/#respond\"]}]},{\"@type\":\"WebPage\",\"@id\":\"https:\/\/sandzakpress.net\/arhiva\/izraelska-vojska-ubila-palestinskog-tinejdzera\/\",\"url\":\"https:\/\/sandzakpress.net\/arhiva\/izraelska-vojska-ubila-palestinskog-tinejdzera\/\",\"name\":\"Izraelska vojska ubila palestinskog tinejd\u017eera\",\"isPartOf\":{\"@id\":\"https:\/\/sandzakpress.net\/arhiva\/#website\"},\"primaryImageOfPage\":{\"@id\":\"https:\/\/sandzakpress.net\/arhiva\/izraelska-vojska-ubila-palestinskog-tinejdzera\/#primaryimage\"},\"image\":{\"@id\":\"https:\/\/sandzakpress.net\/arhiva\/izraelska-vojska-ubila-palestinskog-tinejdzera\/#primaryimage\"},\"thumbnailUrl\":\"https:\/\/sandzakpress.net\/arhiva\/wp-content\/uploads\/2010\/03\/djete_bjezi.jpg\",\"datePublished\":\"2010-03-20T22:47:32+00:00\",\"breadcrumb\":{\"@id\":\"https:\/\/sandzakpress.net\/arhiva\/izraelska-vojska-ubila-palestinskog-tinejdzera\/#breadcrumb\"},\"inLanguage\":\"bs-BA\",\"potentialAction\":[{\"@type\":\"ReadAction\",\"target\":[\"https:\/\/sandzakpress.net\/arhiva\/izraelska-vojska-ubila-palestinskog-tinejdzera\/\"]}]},{\"@type\":\"ImageObject\",\"inLanguage\":\"bs-BA\",\"@id\":\"https:\/\/sandzakpress.net\/arhiva\/izraelska-vojska-ubila-palestinskog-tinejdzera\/#primaryimage\",\"url\":\"https:\/\/sandzakpress.net\/arhiva\/wp-content\/uploads\/2010\/03\/djete_bjezi.jpg\",\"contentUrl\":\"https:\/\/sandzakpress.net\/arhiva\/wp-content\/uploads\/2010\/03\/djete_bjezi.jpg\",\"width\":180,\"height\":220},{\"@type\":\"BreadcrumbList\",\"@id\":\"https:\/\/sandzakpress.net\/arhiva\/izraelska-vojska-ubila-palestinskog-tinejdzera\/#breadcrumb\",\"itemListElement\":[{\"@type\":\"ListItem\",\"position\":1,\"name\":\"Home\",\"item\":\"https:\/\/sandzakpress.net\/arhiva\/\"},{\"@type\":\"ListItem\",\"position\":2,\"name\":\"Izraelska vojska ubila palestinskog tinejd\u017eera\"}]},{\"@type\":\"WebSite\",\"@id\":\"https:\/\/sandzakpress.net\/arhiva\/#website\",\"url\":\"https:\/\/sandzakpress.net\/arhiva\/\",\"name\":\"Sand\u017eak PRESS\",\"description\":\"Prve elektronske novine u Sand\u017eaku\",\"publisher\":{\"@id\":\"https:\/\/sandzakpress.net\/arhiva\/#\/schema\/person\/6e72b67d6e51910a1117b3b483ba20bd\"},\"potentialAction\":[{\"@type\":\"SearchAction\",\"target\":{\"@type\":\"EntryPoint\",\"urlTemplate\":\"https:\/\/sandzakpress.net\/arhiva\/?s={search_term_string}\"},\"query-input\":{\"@type\":\"PropertyValueSpecification\",\"valueRequired\":true,\"valueName\":\"search_term_string\"}}],\"inLanguage\":\"bs-BA\"},{\"@type\":[\"Person\",\"Organization\"],\"@id\":\"https:\/\/sandzakpress.net\/arhiva\/#\/schema\/person\/6e72b67d6e51910a1117b3b483ba20bd\",\"name\":\"Kul\",\"image\":{\"@type\":\"ImageObject\",\"inLanguage\":\"bs-BA\",\"@id\":\"https:\/\/sandzakpress.net\/arhiva\/#\/schema\/person\/image\/\",\"url\":\"https:\/\/secure.gravatar.com\/avatar\/42263f39aa27ac04c43cab85c280eb2e?s=96&d=mm&r=pg\",\"contentUrl\":\"https:\/\/secure.gravatar.com\/avatar\/42263f39aa27ac04c43cab85c280eb2e?s=96&d=mm&r=pg\",\"caption\":\"Kul\"},\"logo\":{\"@id\":\"https:\/\/sandzakpress.net\/arhiva\/#\/schema\/person\/image\/\"}},{\"@type\":\"Person\",\"@id\":\"https:\/\/sandzakpress.net\/arhiva\/#\/schema\/person\/c8baee722073534b583ea7bdb2e36c02\",\"name\":\"bosniak\",\"image\":{\"@type\":\"ImageObject\",\"inLanguage\":\"bs-BA\",\"@id\":\"https:\/\/sandzakpress.net\/arhiva\/#\/schema\/person\/image\/\",\"url\":\"https:\/\/secure.gravatar.com\/avatar\/a04fd330bfe3a36a72a0ad4a6d89fca7?s=96&d=mm&r=pg\",\"contentUrl\":\"https:\/\/secure.gravatar.com\/avatar\/a04fd330bfe3a36a72a0ad4a6d89fca7?s=96&d=mm&r=pg\",\"caption\":\"bosniak\"},\"url\":\"https:\/\/sandzakpress.net\/arhiva\/author\/bosniak\/\"}]}<\/script>\n<!-- \/ Yoast SEO Premium plugin. -->","yoast_head_json":{"title":"Izraelska vojska ubila palestinskog tinejd\u017eera","robots":{"index":"index","follow":"follow","max-snippet":"max-snippet:-1","max-image-preview":"max-image-preview:large","max-video-preview":"max-video-preview:-1"},"canonical":"https:\/\/sandzakpress.net\/arhiva\/izraelska-vojska-ubila-palestinskog-tinejdzera\/","og_locale":"bs_BA","og_type":"article","og_title":"Izraelska vojska ubila palestinskog tinejd\u017eera","og_description":"Palestina &#8211; Izraelske snage su ubile jednog palestinskog tinejd\u017eera tokom nasilnih sukoba u okupiranoj Zapadnoj Obali, prema izjavama medicinskih zvani\u010dnika. Muhammed Kadus je sudjelovao u demonstracijam u subotu, tokom kojih je bacano kamenje na izraelske vojnike u gradu Nablusu na Zapadnoj Obali.Palestinski bolni\u010dki du\u017enosnici ka\u017eu da \u00a0je 16-godi\u0161njak pogo\u0111en u srce metkom ispaljenim od strane [&hellip;]","og_url":"https:\/\/sandzakpress.net\/arhiva\/izraelska-vojska-ubila-palestinskog-tinejdzera\/","og_site_name":"Sand\u017eak PRESS","article_published_time":"2010-03-20T22:47:32+00:00","og_image":[{"width":180,"height":220,"url":"https:\/\/sandzakpress.net\/arhiva\/wp-content\/uploads\/2010\/03\/djete_bjezi.jpg","type":"image\/jpeg"}],"author":"bosniak","twitter_card":"summary_large_image","twitter_misc":{"Written by":"bosniak","Est. reading time":"1 minuta"},"schema":{"@context":"https:\/\/schema.org","@graph":[{"@type":"Article","@id":"https:\/\/sandzakpress.net\/arhiva\/izraelska-vojska-ubila-palestinskog-tinejdzera\/#article","isPartOf":{"@id":"https:\/\/sandzakpress.net\/arhiva\/izraelska-vojska-ubila-palestinskog-tinejdzera\/"},"author":{"name":"bosniak","@id":"https:\/\/sandzakpress.net\/arhiva\/#\/schema\/person\/c8baee722073534b583ea7bdb2e36c02"},"headline":"Izraelska vojska ubila palestinskog tinejd\u017eera","datePublished":"2010-03-20T22:47:32+00:00","mainEntityOfPage":{"@id":"https:\/\/sandzakpress.net\/arhiva\/izraelska-vojska-ubila-palestinskog-tinejdzera\/"},"wordCount":299,"commentCount":0,"publisher":{"@id":"https:\/\/sandzakpress.net\/arhiva\/#\/schema\/person\/6e72b67d6e51910a1117b3b483ba20bd"},"image":{"@id":"https:\/\/sandzakpress.net\/arhiva\/izraelska-vojska-ubila-palestinskog-tinejdzera\/#primaryimage"},"thumbnailUrl":"https:\/\/sandzakpress.net\/arhiva\/wp-content\/uploads\/2010\/03\/djete_bjezi.jpg","articleSection":["Svijet"],"inLanguage":"bs-BA","potentialAction":[{"@type":"CommentAction","name":"Comment","target":["https:\/\/sandzakpress.net\/arhiva\/izraelska-vojska-ubila-palestinskog-tinejdzera\/#respond"]}]},{"@type":"WebPage","@id":"https:\/\/sandzakpress.net\/arhiva\/izraelska-vojska-ubila-palestinskog-tinejdzera\/","url":"https:\/\/sandzakpress.net\/arhiva\/izraelska-vojska-ubila-palestinskog-tinejdzera\/","name":"Izraelska vojska ubila palestinskog tinejd\u017eera","isPartOf":{"@id":"https:\/\/sandzakpress.net\/arhiva\/#website"},"primaryImageOfPage":{"@id":"https:\/\/sandzakpress.net\/arhiva\/izraelska-vojska-ubila-palestinskog-tinejdzera\/#primaryimage"},"image":{"@id":"https:\/\/sandzakpress.net\/arhiva\/izraelska-vojska-ubila-palestinskog-tinejdzera\/#primaryimage"},"thumbnailUrl":"https:\/\/sandzakpress.net\/arhiva\/wp-content\/uploads\/2010\/03\/djete_bjezi.jpg","datePublished":"2010-03-20T22:47:32+00:00","breadcrumb":{"@id":"https:\/\/sandzakpress.net\/arhiva\/izraelska-vojska-ubila-palestinskog-tinejdzera\/#breadcrumb"},"inLanguage":"bs-BA","potentialAction":[{"@type":"ReadAction","target":["https:\/\/sandzakpress.net\/arhiva\/izraelska-vojska-ubila-palestinskog-tinejdzera\/"]}]},{"@type":"ImageObject","inLanguage":"bs-BA","@id":"https:\/\/sandzakpress.net\/arhiva\/izraelska-vojska-ubila-palestinskog-tinejdzera\/#primaryimage","url":"https:\/\/sandzakpress.net\/arhiva\/wp-content\/uploads\/2010\/03\/djete_bjezi.jpg","contentUrl":"https:\/\/sandzakpress.net\/arhiva\/wp-content\/uploads\/2010\/03\/djete_bjezi.jpg","width":180,"height":220},{"@type":"BreadcrumbList","@id":"https:\/\/sandzakpress.net\/arhiva\/izraelska-vojska-ubila-palestinskog-tinejdzera\/#breadcrumb","itemListElement":[{"@type":"ListItem","position":1,"name":"Home","item":"https:\/\/sandzakpress.net\/arhiva\/"},{"@type":"ListItem","position":2,"name":"Izraelska vojska ubila palestinskog tinejd\u017eera"}]},{"@type":"WebSite","@id":"https:\/\/sandzakpress.net\/arhiva\/#website","url":"https:\/\/sandzakpress.net\/arhiva\/","name":"Sand\u017eak PRESS","description":"Prve elektronske novine u Sand\u017eaku","publisher":{"@id":"https:\/\/sandzakpress.net\/arhiva\/#\/schema\/person\/6e72b67d6e51910a1117b3b483ba20bd"},"potentialAction":[{"@type":"SearchAction","target":{"@type":"EntryPoint","urlTemplate":"https:\/\/sandzakpress.net\/arhiva\/?s={search_term_string}"},"query-input":{"@type":"PropertyValueSpecification","valueRequired":true,"valueName":"search_term_string"}}],"inLanguage":"bs-BA"},{"@type":["Person","Organization"],"@id":"https:\/\/sandzakpress.net\/arhiva\/#\/schema\/person\/6e72b67d6e51910a1117b3b483ba20bd","name":"Kul","image":{"@type":"ImageObject","inLanguage":"bs-BA","@id":"https:\/\/sandzakpress.net\/arhiva\/#\/schema\/person\/image\/","url":"https:\/\/secure.gravatar.com\/avatar\/42263f39aa27ac04c43cab85c280eb2e?s=96&d=mm&r=pg","contentUrl":"https:\/\/secure.gravatar.com\/avatar\/42263f39aa27ac04c43cab85c280eb2e?s=96&d=mm&r=pg","caption":"Kul"},"logo":{"@id":"https:\/\/sandzakpress.net\/arhiva\/#\/schema\/person\/image\/"}},{"@type":"Person","@id":"https:\/\/sandzakpress.net\/arhiva\/#\/schema\/person\/c8baee722073534b583ea7bdb2e36c02","name":"bosniak","image":{"@type":"ImageObject","inLanguage":"bs-BA","@id":"https:\/\/sandzakpress.net\/arhiva\/#\/schema\/person\/image\/","url":"https:\/\/secure.gravatar.com\/avatar\/a04fd330bfe3a36a72a0ad4a6d89fca7?s=96&d=mm&r=pg","contentUrl":"https:\/\/secure.gravatar.com\/avatar\/a04fd330bfe3a36a72a0ad4a6d89fca7?s=96&d=mm&r=pg","caption":"bosniak"},"url":"https:\/\/sandzakpress.net\/arhiva\/author\/bosniak\/"}]}},"_links":{"self":[{"href":"https:\/\/sandzakpress.net\/arhiva\/wp-json\/wp\/v2\/posts\/2908"}],"collection":[{"href":"https:\/\/sandzakpress.net\/arhiva\/wp-json\/wp\/v2\/posts"}],"about":[{"href":"https:\/\/sandzakpress.net\/arhiva\/wp-json\/wp\/v2\/types\/post"}],"author":[{"embeddable":true,"href":"https:\/\/sandzakpress.net\/arhiva\/wp-json\/wp\/v2\/users\/83"}],"replies":[{"embeddable":true,"href":"https:\/\/sandzakpress.net\/arhiva\/wp-json\/wp\/v2\/comments?post=2908"}],"version-history":[{"count":0,"href":"https:\/\/sandzakpress.net\/arhiva\/wp-json\/wp\/v2\/posts\/2908\/revisions"}],"wp:featuredmedia":[{"embeddable":true,"href":"https:\/\/sandzakpress.net\/arhiva\/wp-json\/wp\/v2\/media\/2909"}],"wp:attachment":[{"href":"https:\/\/sandzakpress.net\/arhiva\/wp-json\/wp\/v2\/media?parent=2908"}],"wp:term":[{"taxonomy":"category","embeddable":true,"href":"https:\/\/sandzakpress.net\/arhiva\/wp-json\/wp\/v2\/categories?post=2908"},{"taxonomy":"post_tag","embeddable":true,"href":"https:\/\/sandzakpress.net\/arhiva\/wp-json\/wp\/v2\/tags?post=2908"}],"curies":[{"name":"wp","href":"https:\/\/api.w.org\/{rel}","templated":true}]}}