{"id":28815,"date":"2012-01-19T14:40:51","date_gmt":"2012-01-19T13:40:51","guid":{"rendered":"https:\/\/sandzakpress.net\/arhiva\/?p=28815"},"modified":"2012-01-19T14:40:52","modified_gmt":"2012-01-19T13:40:52","slug":"porodica-hafiza-efendic-kod-zenickog-muftije","status":"publish","type":"post","link":"https:\/\/sandzakpress.net\/arhiva\/porodica-hafiza-efendic-kod-zenickog-muftije\/","title":{"rendered":"Porodica hafiza Efendi\u0107 kod zeni\u010dkog muftije"},"content":{"rendered":"<p><strong><a href=\"https:\/\/sandzakpress.net\/arhiva\/wp-content\/uploads\/2012\/01\/mufze-hafizi-efendic-01-2012-2.jpg\"><img loading=\"lazy\" decoding=\"async\" class=\"alignleft size-medium wp-image-28816\" title=\"mufze-hafizi-efendic-01-2012-2\" src=\"https:\/\/sandzakpress.net\/arhiva\/wp-content\/uploads\/2012\/01\/mufze-hafizi-efendic-01-2012-2-300x225.jpg\" alt=\"\" width=\"300\" height=\"225\" \/><\/a>BiH &#8211; Muftija zeni\u010dki mr. Ejub ef. Dautovi\u0107 u srijedu, 18. januara 2012. godine organizirao je prijem u \u010dast hfz. Mustafa ef. Efendi\u0107a i njegovih sinova hfz. Harun ef. Efendi\u0107a, glavnog imama Med\u017elisa IZ Konjic i hfz. Davuda Efendi\u0107a, u\u010denika drugog razreda Behram-begove medrese u Tuzli.<\/strong><\/p>\n<p>Prijemu su prisustvovali i glavni imam Med\u017elisa IZ Zavidovi\u0107i Sulejman ef. Efendi\u0107 i sekretar Elvir Mehi\u0107.<\/p>\n<p>Muftija zeni\u010dki \u010destitao je hfz. Mustafi ef. i njegovim sinovima na postignutim uspjesima, te je, izme\u0111u ostaloga, rekao: &#8221;Vi ste na\u0161 e\u0161raf, vi ste na\u0161 ponos i mi smo sretni \u0161to vas imamo. Molim Allaha, d\u017e.\u0161., da Vam podari lijepo zdravlje i sre\u0107u na ovom i Budu\u0107em svijetu&#8221;.<\/p>\n<p>Kao znak pa\u017enje i po\u0161tovanja muftija zeni\u010dki hafizima je uru\u010dio i skromne poklone.<\/p>\n<p>Izvor: <strong>Rijaset.ba<\/strong><\/p>\n","protected":false},"excerpt":{"rendered":"<p>BiH &#8211; Muftija zeni\u010dki mr. Ejub ef. Dautovi\u0107 u srijedu, 18. januara 2012. godine organizirao je prijem u \u010dast hfz. Mustafa ef. Efendi\u0107a i njegovih sinova hfz. Harun ef. Efendi\u0107a, glavnog imama Med\u017elisa IZ Konjic i hfz. Davuda Efendi\u0107a, u\u010denika drugog razreda Behram-begove medrese u Tuzli. Prijemu su prisustvovali i glavni imam Med\u017elisa IZ Zavidovi\u0107i [&hellip;]<\/p>\n","protected":false},"author":14,"featured_media":28816,"comment_status":"open","ping_status":"open","sticky":false,"template":"","format":"standard","meta":{"footnotes":""},"categories":[2860,802],"tags":[],"class_list":{"0":"post-28815","1":"post","2":"type-post","3":"status-publish","4":"format-standard","5":"has-post-thumbnail","7":"category-bosna-i-hercegovina-gradovi","8":"category-islamska_zajednica"},"yoast_head":"<!-- This site is optimized with the Yoast SEO Premium plugin v23.1 (Yoast SEO v24.9) - https:\/\/yoast.com\/wordpress\/plugins\/seo\/ -->\n<title>Porodica hafiza Efendi\u0107 kod zeni\u010dkog muftije<\/title>\n<meta name=\"robots\" content=\"index, follow, max-snippet:-1, max-image-preview:large, max-video-preview:-1\" \/>\n<link rel=\"canonical\" href=\"https:\/\/sandzakpress.net\/arhiva\/porodica-hafiza-efendic-kod-zenickog-muftije\/\" \/>\n<meta property=\"og:locale\" content=\"bs_BA\" \/>\n<meta property=\"og:type\" content=\"article\" \/>\n<meta property=\"og:title\" content=\"Porodica hafiza Efendi\u0107 kod zeni\u010dkog muftije\" \/>\n<meta property=\"og:description\" content=\"BiH &#8211; Muftija zeni\u010dki mr. Ejub ef. Dautovi\u0107 u srijedu, 18. januara 2012. godine organizirao je prijem u \u010dast hfz. Mustafa ef. Efendi\u0107a i njegovih sinova hfz. Harun ef. Efendi\u0107a, glavnog imama Med\u017elisa IZ Konjic i hfz. Davuda Efendi\u0107a, u\u010denika drugog razreda Behram-begove medrese u Tuzli. Prijemu su prisustvovali i glavni imam Med\u017elisa IZ Zavidovi\u0107i [&hellip;]\" \/>\n<meta property=\"og:url\" content=\"https:\/\/sandzakpress.net\/arhiva\/porodica-hafiza-efendic-kod-zenickog-muftije\/\" \/>\n<meta property=\"og:site_name\" content=\"Sand\u017eak PRESS\" \/>\n<meta property=\"article:published_time\" content=\"2012-01-19T13:40:51+00:00\" \/>\n<meta property=\"article:modified_time\" content=\"2012-01-19T13:40:52+00:00\" \/>\n<meta property=\"og:image\" content=\"https:\/\/sandzakpress.net\/arhiva\/wp-content\/uploads\/2012\/01\/mufze-hafizi-efendic-01-2012-2.jpg\" \/>\n\t<meta property=\"og:image:width\" content=\"500\" \/>\n\t<meta property=\"og:image:height\" content=\"375\" \/>\n\t<meta property=\"og:image:type\" content=\"image\/jpeg\" \/>\n<meta name=\"twitter:card\" content=\"summary_large_image\" \/>\n<meta name=\"twitter:label1\" content=\"Written by\" \/>\n\t<meta name=\"twitter:data1\" content=\"\" \/>\n\t<meta name=\"twitter:label2\" content=\"Est. reading time\" \/>\n\t<meta name=\"twitter:data2\" content=\"1 minuta\" \/>\n<script type=\"application\/ld+json\" class=\"yoast-schema-graph\">{\"@context\":\"https:\/\/schema.org\",\"@graph\":[{\"@type\":\"Article\",\"@id\":\"https:\/\/sandzakpress.net\/arhiva\/porodica-hafiza-efendic-kod-zenickog-muftije\/#article\",\"isPartOf\":{\"@id\":\"https:\/\/sandzakpress.net\/arhiva\/porodica-hafiza-efendic-kod-zenickog-muftije\/\"},\"author\":{\"name\":\"\",\"@id\":\"\"},\"headline\":\"Porodica hafiza Efendi\u0107 kod zeni\u010dkog muftije\",\"datePublished\":\"2012-01-19T13:40:51+00:00\",\"dateModified\":\"2012-01-19T13:40:52+00:00\",\"mainEntityOfPage\":{\"@id\":\"https:\/\/sandzakpress.net\/arhiva\/porodica-hafiza-efendic-kod-zenickog-muftije\/\"},\"wordCount\":148,\"commentCount\":0,\"publisher\":{\"@id\":\"https:\/\/sandzakpress.net\/arhiva\/#\/schema\/person\/6e72b67d6e51910a1117b3b483ba20bd\"},\"image\":{\"@id\":\"https:\/\/sandzakpress.net\/arhiva\/porodica-hafiza-efendic-kod-zenickog-muftije\/#primaryimage\"},\"thumbnailUrl\":\"https:\/\/sandzakpress.net\/arhiva\/wp-content\/uploads\/2012\/01\/mufze-hafizi-efendic-01-2012-2.jpg\",\"articleSection\":[\"Bosna i Hercegovina\",\"Islamska zajednica\"],\"inLanguage\":\"bs-BA\",\"potentialAction\":[{\"@type\":\"CommentAction\",\"name\":\"Comment\",\"target\":[\"https:\/\/sandzakpress.net\/arhiva\/porodica-hafiza-efendic-kod-zenickog-muftije\/#respond\"]}]},{\"@type\":\"WebPage\",\"@id\":\"https:\/\/sandzakpress.net\/arhiva\/porodica-hafiza-efendic-kod-zenickog-muftije\/\",\"url\":\"https:\/\/sandzakpress.net\/arhiva\/porodica-hafiza-efendic-kod-zenickog-muftije\/\",\"name\":\"Porodica hafiza Efendi\u0107 kod zeni\u010dkog muftije\",\"isPartOf\":{\"@id\":\"https:\/\/sandzakpress.net\/arhiva\/#website\"},\"primaryImageOfPage\":{\"@id\":\"https:\/\/sandzakpress.net\/arhiva\/porodica-hafiza-efendic-kod-zenickog-muftije\/#primaryimage\"},\"image\":{\"@id\":\"https:\/\/sandzakpress.net\/arhiva\/porodica-hafiza-efendic-kod-zenickog-muftije\/#primaryimage\"},\"thumbnailUrl\":\"https:\/\/sandzakpress.net\/arhiva\/wp-content\/uploads\/2012\/01\/mufze-hafizi-efendic-01-2012-2.jpg\",\"datePublished\":\"2012-01-19T13:40:51+00:00\",\"dateModified\":\"2012-01-19T13:40:52+00:00\",\"breadcrumb\":{\"@id\":\"https:\/\/sandzakpress.net\/arhiva\/porodica-hafiza-efendic-kod-zenickog-muftije\/#breadcrumb\"},\"inLanguage\":\"bs-BA\",\"potentialAction\":[{\"@type\":\"ReadAction\",\"target\":[\"https:\/\/sandzakpress.net\/arhiva\/porodica-hafiza-efendic-kod-zenickog-muftije\/\"]}]},{\"@type\":\"ImageObject\",\"inLanguage\":\"bs-BA\",\"@id\":\"https:\/\/sandzakpress.net\/arhiva\/porodica-hafiza-efendic-kod-zenickog-muftije\/#primaryimage\",\"url\":\"https:\/\/sandzakpress.net\/arhiva\/wp-content\/uploads\/2012\/01\/mufze-hafizi-efendic-01-2012-2.jpg\",\"contentUrl\":\"https:\/\/sandzakpress.net\/arhiva\/wp-content\/uploads\/2012\/01\/mufze-hafizi-efendic-01-2012-2.jpg\",\"width\":500,\"height\":375},{\"@type\":\"BreadcrumbList\",\"@id\":\"https:\/\/sandzakpress.net\/arhiva\/porodica-hafiza-efendic-kod-zenickog-muftije\/#breadcrumb\",\"itemListElement\":[{\"@type\":\"ListItem\",\"position\":1,\"name\":\"Home\",\"item\":\"https:\/\/sandzakpress.net\/arhiva\/\"},{\"@type\":\"ListItem\",\"position\":2,\"name\":\"Porodica hafiza Efendi\u0107 kod zeni\u010dkog muftije\"}]},{\"@type\":\"WebSite\",\"@id\":\"https:\/\/sandzakpress.net\/arhiva\/#website\",\"url\":\"https:\/\/sandzakpress.net\/arhiva\/\",\"name\":\"Sand\u017eak PRESS\",\"description\":\"Prve elektronske novine u Sand\u017eaku\",\"publisher\":{\"@id\":\"https:\/\/sandzakpress.net\/arhiva\/#\/schema\/person\/6e72b67d6e51910a1117b3b483ba20bd\"},\"potentialAction\":[{\"@type\":\"SearchAction\",\"target\":{\"@type\":\"EntryPoint\",\"urlTemplate\":\"https:\/\/sandzakpress.net\/arhiva\/?s={search_term_string}\"},\"query-input\":{\"@type\":\"PropertyValueSpecification\",\"valueRequired\":true,\"valueName\":\"search_term_string\"}}],\"inLanguage\":\"bs-BA\"},{\"@type\":[\"Person\",\"Organization\"],\"@id\":\"https:\/\/sandzakpress.net\/arhiva\/#\/schema\/person\/6e72b67d6e51910a1117b3b483ba20bd\",\"name\":\"Kul\",\"image\":{\"@type\":\"ImageObject\",\"inLanguage\":\"bs-BA\",\"@id\":\"https:\/\/sandzakpress.net\/arhiva\/#\/schema\/person\/image\/\",\"url\":\"https:\/\/secure.gravatar.com\/avatar\/42263f39aa27ac04c43cab85c280eb2e?s=96&d=mm&r=pg\",\"contentUrl\":\"https:\/\/secure.gravatar.com\/avatar\/42263f39aa27ac04c43cab85c280eb2e?s=96&d=mm&r=pg\",\"caption\":\"Kul\"},\"logo\":{\"@id\":\"https:\/\/sandzakpress.net\/arhiva\/#\/schema\/person\/image\/\"}},{\"@type\":\"Person\",\"@id\":\"\",\"url\":\"https:\/\/sandzakpress.net\/arhiva\/author\/\"}]}<\/script>\n<!-- \/ Yoast SEO Premium plugin. -->","yoast_head_json":{"title":"Porodica hafiza Efendi\u0107 kod zeni\u010dkog muftije","robots":{"index":"index","follow":"follow","max-snippet":"max-snippet:-1","max-image-preview":"max-image-preview:large","max-video-preview":"max-video-preview:-1"},"canonical":"https:\/\/sandzakpress.net\/arhiva\/porodica-hafiza-efendic-kod-zenickog-muftije\/","og_locale":"bs_BA","og_type":"article","og_title":"Porodica hafiza Efendi\u0107 kod zeni\u010dkog muftije","og_description":"BiH &#8211; Muftija zeni\u010dki mr. Ejub ef. Dautovi\u0107 u srijedu, 18. januara 2012. godine organizirao je prijem u \u010dast hfz. Mustafa ef. Efendi\u0107a i njegovih sinova hfz. Harun ef. Efendi\u0107a, glavnog imama Med\u017elisa IZ Konjic i hfz. Davuda Efendi\u0107a, u\u010denika drugog razreda Behram-begove medrese u Tuzli. Prijemu su prisustvovali i glavni imam Med\u017elisa IZ Zavidovi\u0107i [&hellip;]","og_url":"https:\/\/sandzakpress.net\/arhiva\/porodica-hafiza-efendic-kod-zenickog-muftije\/","og_site_name":"Sand\u017eak PRESS","article_published_time":"2012-01-19T13:40:51+00:00","article_modified_time":"2012-01-19T13:40:52+00:00","og_image":[{"width":500,"height":375,"url":"https:\/\/sandzakpress.net\/arhiva\/wp-content\/uploads\/2012\/01\/mufze-hafizi-efendic-01-2012-2.jpg","type":"image\/jpeg"}],"twitter_card":"summary_large_image","twitter_misc":{"Written by":"","Est. reading time":"1 minuta"},"schema":{"@context":"https:\/\/schema.org","@graph":[{"@type":"Article","@id":"https:\/\/sandzakpress.net\/arhiva\/porodica-hafiza-efendic-kod-zenickog-muftije\/#article","isPartOf":{"@id":"https:\/\/sandzakpress.net\/arhiva\/porodica-hafiza-efendic-kod-zenickog-muftije\/"},"author":{"name":"","@id":""},"headline":"Porodica hafiza Efendi\u0107 kod zeni\u010dkog muftije","datePublished":"2012-01-19T13:40:51+00:00","dateModified":"2012-01-19T13:40:52+00:00","mainEntityOfPage":{"@id":"https:\/\/sandzakpress.net\/arhiva\/porodica-hafiza-efendic-kod-zenickog-muftije\/"},"wordCount":148,"commentCount":0,"publisher":{"@id":"https:\/\/sandzakpress.net\/arhiva\/#\/schema\/person\/6e72b67d6e51910a1117b3b483ba20bd"},"image":{"@id":"https:\/\/sandzakpress.net\/arhiva\/porodica-hafiza-efendic-kod-zenickog-muftije\/#primaryimage"},"thumbnailUrl":"https:\/\/sandzakpress.net\/arhiva\/wp-content\/uploads\/2012\/01\/mufze-hafizi-efendic-01-2012-2.jpg","articleSection":["Bosna i Hercegovina","Islamska zajednica"],"inLanguage":"bs-BA","potentialAction":[{"@type":"CommentAction","name":"Comment","target":["https:\/\/sandzakpress.net\/arhiva\/porodica-hafiza-efendic-kod-zenickog-muftije\/#respond"]}]},{"@type":"WebPage","@id":"https:\/\/sandzakpress.net\/arhiva\/porodica-hafiza-efendic-kod-zenickog-muftije\/","url":"https:\/\/sandzakpress.net\/arhiva\/porodica-hafiza-efendic-kod-zenickog-muftije\/","name":"Porodica hafiza Efendi\u0107 kod zeni\u010dkog muftije","isPartOf":{"@id":"https:\/\/sandzakpress.net\/arhiva\/#website"},"primaryImageOfPage":{"@id":"https:\/\/sandzakpress.net\/arhiva\/porodica-hafiza-efendic-kod-zenickog-muftije\/#primaryimage"},"image":{"@id":"https:\/\/sandzakpress.net\/arhiva\/porodica-hafiza-efendic-kod-zenickog-muftije\/#primaryimage"},"thumbnailUrl":"https:\/\/sandzakpress.net\/arhiva\/wp-content\/uploads\/2012\/01\/mufze-hafizi-efendic-01-2012-2.jpg","datePublished":"2012-01-19T13:40:51+00:00","dateModified":"2012-01-19T13:40:52+00:00","breadcrumb":{"@id":"https:\/\/sandzakpress.net\/arhiva\/porodica-hafiza-efendic-kod-zenickog-muftije\/#breadcrumb"},"inLanguage":"bs-BA","potentialAction":[{"@type":"ReadAction","target":["https:\/\/sandzakpress.net\/arhiva\/porodica-hafiza-efendic-kod-zenickog-muftije\/"]}]},{"@type":"ImageObject","inLanguage":"bs-BA","@id":"https:\/\/sandzakpress.net\/arhiva\/porodica-hafiza-efendic-kod-zenickog-muftije\/#primaryimage","url":"https:\/\/sandzakpress.net\/arhiva\/wp-content\/uploads\/2012\/01\/mufze-hafizi-efendic-01-2012-2.jpg","contentUrl":"https:\/\/sandzakpress.net\/arhiva\/wp-content\/uploads\/2012\/01\/mufze-hafizi-efendic-01-2012-2.jpg","width":500,"height":375},{"@type":"BreadcrumbList","@id":"https:\/\/sandzakpress.net\/arhiva\/porodica-hafiza-efendic-kod-zenickog-muftije\/#breadcrumb","itemListElement":[{"@type":"ListItem","position":1,"name":"Home","item":"https:\/\/sandzakpress.net\/arhiva\/"},{"@type":"ListItem","position":2,"name":"Porodica hafiza Efendi\u0107 kod zeni\u010dkog muftije"}]},{"@type":"WebSite","@id":"https:\/\/sandzakpress.net\/arhiva\/#website","url":"https:\/\/sandzakpress.net\/arhiva\/","name":"Sand\u017eak PRESS","description":"Prve elektronske novine u Sand\u017eaku","publisher":{"@id":"https:\/\/sandzakpress.net\/arhiva\/#\/schema\/person\/6e72b67d6e51910a1117b3b483ba20bd"},"potentialAction":[{"@type":"SearchAction","target":{"@type":"EntryPoint","urlTemplate":"https:\/\/sandzakpress.net\/arhiva\/?s={search_term_string}"},"query-input":{"@type":"PropertyValueSpecification","valueRequired":true,"valueName":"search_term_string"}}],"inLanguage":"bs-BA"},{"@type":["Person","Organization"],"@id":"https:\/\/sandzakpress.net\/arhiva\/#\/schema\/person\/6e72b67d6e51910a1117b3b483ba20bd","name":"Kul","image":{"@type":"ImageObject","inLanguage":"bs-BA","@id":"https:\/\/sandzakpress.net\/arhiva\/#\/schema\/person\/image\/","url":"https:\/\/secure.gravatar.com\/avatar\/42263f39aa27ac04c43cab85c280eb2e?s=96&d=mm&r=pg","contentUrl":"https:\/\/secure.gravatar.com\/avatar\/42263f39aa27ac04c43cab85c280eb2e?s=96&d=mm&r=pg","caption":"Kul"},"logo":{"@id":"https:\/\/sandzakpress.net\/arhiva\/#\/schema\/person\/image\/"}},{"@type":"Person","@id":"","url":"https:\/\/sandzakpress.net\/arhiva\/author\/"}]}},"_links":{"self":[{"href":"https:\/\/sandzakpress.net\/arhiva\/wp-json\/wp\/v2\/posts\/28815"}],"collection":[{"href":"https:\/\/sandzakpress.net\/arhiva\/wp-json\/wp\/v2\/posts"}],"about":[{"href":"https:\/\/sandzakpress.net\/arhiva\/wp-json\/wp\/v2\/types\/post"}],"author":[{"embeddable":true,"href":"https:\/\/sandzakpress.net\/arhiva\/wp-json\/wp\/v2\/users\/14"}],"replies":[{"embeddable":true,"href":"https:\/\/sandzakpress.net\/arhiva\/wp-json\/wp\/v2\/comments?post=28815"}],"version-history":[{"count":0,"href":"https:\/\/sandzakpress.net\/arhiva\/wp-json\/wp\/v2\/posts\/28815\/revisions"}],"wp:featuredmedia":[{"embeddable":true,"href":"https:\/\/sandzakpress.net\/arhiva\/wp-json\/wp\/v2\/media\/28816"}],"wp:attachment":[{"href":"https:\/\/sandzakpress.net\/arhiva\/wp-json\/wp\/v2\/media?parent=28815"}],"wp:term":[{"taxonomy":"category","embeddable":true,"href":"https:\/\/sandzakpress.net\/arhiva\/wp-json\/wp\/v2\/categories?post=28815"},{"taxonomy":"post_tag","embeddable":true,"href":"https:\/\/sandzakpress.net\/arhiva\/wp-json\/wp\/v2\/tags?post=28815"}],"curies":[{"name":"wp","href":"https:\/\/api.w.org\/{rel}","templated":true}]}}