{"id":28669,"date":"2012-01-17T18:06:28","date_gmt":"2012-01-17T17:06:28","guid":{"rendered":"https:\/\/sandzakpress.net\/arhiva\/?p=28669"},"modified":"2012-07-14T20:27:24","modified_gmt":"2012-07-14T18:27:24","slug":"najvecu-dzamiju-u-svicarskoj-grade-zemlje-zaljeva","status":"publish","type":"post","link":"https:\/\/sandzakpress.net\/arhiva\/najvecu-dzamiju-u-svicarskoj-grade-zemlje-zaljeva\/","title":{"rendered":"Najve\u0107u d\u017eamiju u \u0160vicarskoj grade zemlje Zaljeva?"},"content":{"rendered":"<p><strong><a href=\"https:\/\/sandzakpress.net\/arhiva\/wp-content\/uploads\/2012\/01\/760aa6159fc6d7e68f2ca10c28fc565a.png\"><img loading=\"lazy\" decoding=\"async\" class=\"alignleft size-full wp-image-28670\" title=\"760aa6159fc6d7e68f2ca10c28fc565a\" src=\"https:\/\/sandzakpress.net\/arhiva\/wp-content\/uploads\/2012\/01\/760aa6159fc6d7e68f2ca10c28fc565a.png\" alt=\"\" width=\"180\" height=\"220\" \/><\/a>\u0160vicarska -Islamsko Centralno vije\u0107e \u0160vicarske  (ICCS) poku\u0161ava prikupiti dovoljno sredstava u zemljama Zaljeva kako bi  se omogu\u0107ila izgradnja d\u017eamije u u glavnom gradu Bernu u vrijednosti od  21 milion dolara. <\/strong><\/p>\n<p>S tri eta\u017ee, planirana d\u017eamija \u0107e biti  najve\u0107a u zemlji, uz prostor za namaz koji \u0107e mo\u0107i primiti 270 mu\u0161karaca  i 174 \u017eene planom je predvi\u0111ena i konferencijska sala, trening sobe,  trgovine, podzemni parking i vrt.<\/p>\n<p>Predsjednik Vije\u0107a, Nicolas  Blancho, potvrdio je aktivnosti prikupljanja sredstava u Kuvajtu i  Kataru za novine Sonntags Zeitung i Le Matin Dimanche u nedjelju, iako  je rekao da organizacija jo\u0161 nije dobila nikakve donacije.<\/p>\n<p>\u201cZa sada samo gradimo odnos povjerenja  sa potencijalnim donatorima\u201d, izjavio je Blancho, dodav\u0161i da je potraga  za donatorima dug proces.<\/p>\n<p>Pro\u0161le godine, predsjednik ICCS-a  posjetio je nekoliko puta Kuvajt i Katar i susreo se sa \u2018poslovnim  ljudima i visokim dr\u017eavnim zvani\u010dnicima\u201d, gdje se nije samo razgovaralo o  novcu \u2018ve\u0107 smo tako\u0111er imali intelektualnu razmjenu\u201d, objasnio je  Blancho.<\/p>\n<p>Blancho je tako\u0111er izjavio kako je  svojim sagovornicima predstavio ideju vije\u0107a o pokretanju incijative za  borbu protiv zabrane izgradnje minareta gdje je 2009. na referendumu  ve\u0107ina bira\u010da, 57,5 posto, glasala za usvajanje zakona kojim se  zabranjuje izgradnja novih minareta.<\/p>\n<p>Osim izgradnje d\u017eamija, ICCS tako\u0111er ima  druge manje projekte, kao \u0161to je osnivanje islamske \u0161kole u \u0160vicarskoj,  i osnivanje putni\u010dke agencije za hodo\u010da\u0161\u0107e u Mekku i Medinu.<\/p>\n<p>Prema ovom \u0161vicarskom konvertitu,  njegovi kontakti sa zemljama Zaljeva su finasijski \u010disti\u00a0 i svaka  donacija \u0107e biti u skladu sa zakonom.<\/p>\n<p>Izvor:<strong> IslamBosna.ba<\/strong><\/p>\n","protected":false},"excerpt":{"rendered":"<p>\u0160vicarska -Islamsko Centralno vije\u0107e \u0160vicarske (ICCS) poku\u0161ava prikupiti dovoljno sredstava u zemljama Zaljeva kako bi se omogu\u0107ila izgradnja d\u017eamije u u glavnom gradu Bernu u vrijednosti od 21 milion dolara. S tri eta\u017ee, planirana d\u017eamija \u0107e biti najve\u0107a u zemlji, uz prostor za namaz koji \u0107e mo\u0107i primiti 270 mu\u0161karaca i 174 \u017eene planom je [&hellip;]<\/p>\n","protected":false},"author":13,"featured_media":28670,"comment_status":"open","ping_status":"open","sticky":false,"template":"","format":"standard","meta":{"footnotes":""},"categories":[9544,9],"tags":[],"class_list":{"0":"post-28669","1":"post","2":"type-post","3":"status-publish","4":"format-standard","5":"has-post-thumbnail","7":"category-svicarska-dijaspora-gradovi-vase-vijesti","8":"category-svijet"},"yoast_head":"<!-- This site is optimized with the Yoast SEO Premium plugin v23.1 (Yoast SEO v24.9) - https:\/\/yoast.com\/wordpress\/plugins\/seo\/ -->\n<title>Najve\u0107u d\u017eamiju u \u0160vicarskoj grade zemlje Zaljeva?<\/title>\n<meta name=\"robots\" content=\"index, follow, max-snippet:-1, max-image-preview:large, max-video-preview:-1\" \/>\n<link rel=\"canonical\" href=\"https:\/\/sandzakpress.net\/arhiva\/najvecu-dzamiju-u-svicarskoj-grade-zemlje-zaljeva\/\" \/>\n<meta property=\"og:locale\" content=\"bs_BA\" \/>\n<meta property=\"og:type\" content=\"article\" \/>\n<meta property=\"og:title\" content=\"Najve\u0107u d\u017eamiju u \u0160vicarskoj grade zemlje Zaljeva?\" \/>\n<meta property=\"og:description\" content=\"\u0160vicarska -Islamsko Centralno vije\u0107e \u0160vicarske (ICCS) poku\u0161ava prikupiti dovoljno sredstava u zemljama Zaljeva kako bi se omogu\u0107ila izgradnja d\u017eamije u u glavnom gradu Bernu u vrijednosti od 21 milion dolara. S tri eta\u017ee, planirana d\u017eamija \u0107e biti najve\u0107a u zemlji, uz prostor za namaz koji \u0107e mo\u0107i primiti 270 mu\u0161karaca i 174 \u017eene planom je [&hellip;]\" \/>\n<meta property=\"og:url\" content=\"https:\/\/sandzakpress.net\/arhiva\/najvecu-dzamiju-u-svicarskoj-grade-zemlje-zaljeva\/\" \/>\n<meta property=\"og:site_name\" content=\"Sand\u017eak PRESS\" \/>\n<meta property=\"article:published_time\" content=\"2012-01-17T17:06:28+00:00\" \/>\n<meta property=\"article:modified_time\" content=\"2012-07-14T18:27:24+00:00\" \/>\n<meta property=\"og:image\" content=\"https:\/\/sandzakpress.net\/arhiva\/wp-content\/uploads\/2012\/01\/760aa6159fc6d7e68f2ca10c28fc565a.png\" \/>\n\t<meta property=\"og:image:width\" content=\"180\" \/>\n\t<meta property=\"og:image:height\" content=\"220\" \/>\n\t<meta property=\"og:image:type\" content=\"image\/png\" \/>\n<meta name=\"twitter:card\" content=\"summary_large_image\" \/>\n<meta name=\"twitter:label1\" content=\"Written by\" \/>\n\t<meta name=\"twitter:data1\" content=\"\" \/>\n\t<meta name=\"twitter:label2\" content=\"Est. reading time\" \/>\n\t<meta name=\"twitter:data2\" content=\"1 minuta\" \/>\n<script type=\"application\/ld+json\" class=\"yoast-schema-graph\">{\"@context\":\"https:\/\/schema.org\",\"@graph\":[{\"@type\":\"Article\",\"@id\":\"https:\/\/sandzakpress.net\/arhiva\/najvecu-dzamiju-u-svicarskoj-grade-zemlje-zaljeva\/#article\",\"isPartOf\":{\"@id\":\"https:\/\/sandzakpress.net\/arhiva\/najvecu-dzamiju-u-svicarskoj-grade-zemlje-zaljeva\/\"},\"author\":{\"name\":\"\",\"@id\":\"\"},\"headline\":\"Najve\u0107u d\u017eamiju u \u0160vicarskoj grade zemlje Zaljeva?\",\"datePublished\":\"2012-01-17T17:06:28+00:00\",\"dateModified\":\"2012-07-14T18:27:24+00:00\",\"mainEntityOfPage\":{\"@id\":\"https:\/\/sandzakpress.net\/arhiva\/najvecu-dzamiju-u-svicarskoj-grade-zemlje-zaljeva\/\"},\"wordCount\":275,\"commentCount\":0,\"publisher\":{\"@id\":\"https:\/\/sandzakpress.net\/arhiva\/#\/schema\/person\/6e72b67d6e51910a1117b3b483ba20bd\"},\"image\":{\"@id\":\"https:\/\/sandzakpress.net\/arhiva\/najvecu-dzamiju-u-svicarskoj-grade-zemlje-zaljeva\/#primaryimage\"},\"thumbnailUrl\":\"https:\/\/sandzakpress.net\/arhiva\/wp-content\/uploads\/2012\/01\/760aa6159fc6d7e68f2ca10c28fc565a.png\",\"articleSection\":[\"\u0160vicarska\",\"Svijet\"],\"inLanguage\":\"bs-BA\",\"potentialAction\":[{\"@type\":\"CommentAction\",\"name\":\"Comment\",\"target\":[\"https:\/\/sandzakpress.net\/arhiva\/najvecu-dzamiju-u-svicarskoj-grade-zemlje-zaljeva\/#respond\"]}]},{\"@type\":\"WebPage\",\"@id\":\"https:\/\/sandzakpress.net\/arhiva\/najvecu-dzamiju-u-svicarskoj-grade-zemlje-zaljeva\/\",\"url\":\"https:\/\/sandzakpress.net\/arhiva\/najvecu-dzamiju-u-svicarskoj-grade-zemlje-zaljeva\/\",\"name\":\"Najve\u0107u d\u017eamiju u \u0160vicarskoj grade zemlje Zaljeva?\",\"isPartOf\":{\"@id\":\"https:\/\/sandzakpress.net\/arhiva\/#website\"},\"primaryImageOfPage\":{\"@id\":\"https:\/\/sandzakpress.net\/arhiva\/najvecu-dzamiju-u-svicarskoj-grade-zemlje-zaljeva\/#primaryimage\"},\"image\":{\"@id\":\"https:\/\/sandzakpress.net\/arhiva\/najvecu-dzamiju-u-svicarskoj-grade-zemlje-zaljeva\/#primaryimage\"},\"thumbnailUrl\":\"https:\/\/sandzakpress.net\/arhiva\/wp-content\/uploads\/2012\/01\/760aa6159fc6d7e68f2ca10c28fc565a.png\",\"datePublished\":\"2012-01-17T17:06:28+00:00\",\"dateModified\":\"2012-07-14T18:27:24+00:00\",\"breadcrumb\":{\"@id\":\"https:\/\/sandzakpress.net\/arhiva\/najvecu-dzamiju-u-svicarskoj-grade-zemlje-zaljeva\/#breadcrumb\"},\"inLanguage\":\"bs-BA\",\"potentialAction\":[{\"@type\":\"ReadAction\",\"target\":[\"https:\/\/sandzakpress.net\/arhiva\/najvecu-dzamiju-u-svicarskoj-grade-zemlje-zaljeva\/\"]}]},{\"@type\":\"ImageObject\",\"inLanguage\":\"bs-BA\",\"@id\":\"https:\/\/sandzakpress.net\/arhiva\/najvecu-dzamiju-u-svicarskoj-grade-zemlje-zaljeva\/#primaryimage\",\"url\":\"https:\/\/sandzakpress.net\/arhiva\/wp-content\/uploads\/2012\/01\/760aa6159fc6d7e68f2ca10c28fc565a.png\",\"contentUrl\":\"https:\/\/sandzakpress.net\/arhiva\/wp-content\/uploads\/2012\/01\/760aa6159fc6d7e68f2ca10c28fc565a.png\",\"width\":180,\"height\":220},{\"@type\":\"BreadcrumbList\",\"@id\":\"https:\/\/sandzakpress.net\/arhiva\/najvecu-dzamiju-u-svicarskoj-grade-zemlje-zaljeva\/#breadcrumb\",\"itemListElement\":[{\"@type\":\"ListItem\",\"position\":1,\"name\":\"Home\",\"item\":\"https:\/\/sandzakpress.net\/arhiva\/\"},{\"@type\":\"ListItem\",\"position\":2,\"name\":\"Najve\u0107u d\u017eamiju u \u0160vicarskoj grade zemlje Zaljeva?\"}]},{\"@type\":\"WebSite\",\"@id\":\"https:\/\/sandzakpress.net\/arhiva\/#website\",\"url\":\"https:\/\/sandzakpress.net\/arhiva\/\",\"name\":\"Sand\u017eak PRESS\",\"description\":\"Prve elektronske novine u Sand\u017eaku\",\"publisher\":{\"@id\":\"https:\/\/sandzakpress.net\/arhiva\/#\/schema\/person\/6e72b67d6e51910a1117b3b483ba20bd\"},\"potentialAction\":[{\"@type\":\"SearchAction\",\"target\":{\"@type\":\"EntryPoint\",\"urlTemplate\":\"https:\/\/sandzakpress.net\/arhiva\/?s={search_term_string}\"},\"query-input\":{\"@type\":\"PropertyValueSpecification\",\"valueRequired\":true,\"valueName\":\"search_term_string\"}}],\"inLanguage\":\"bs-BA\"},{\"@type\":[\"Person\",\"Organization\"],\"@id\":\"https:\/\/sandzakpress.net\/arhiva\/#\/schema\/person\/6e72b67d6e51910a1117b3b483ba20bd\",\"name\":\"Kul\",\"image\":{\"@type\":\"ImageObject\",\"inLanguage\":\"bs-BA\",\"@id\":\"https:\/\/sandzakpress.net\/arhiva\/#\/schema\/person\/image\/\",\"url\":\"https:\/\/secure.gravatar.com\/avatar\/42263f39aa27ac04c43cab85c280eb2e?s=96&d=mm&r=pg\",\"contentUrl\":\"https:\/\/secure.gravatar.com\/avatar\/42263f39aa27ac04c43cab85c280eb2e?s=96&d=mm&r=pg\",\"caption\":\"Kul\"},\"logo\":{\"@id\":\"https:\/\/sandzakpress.net\/arhiva\/#\/schema\/person\/image\/\"}},{\"@type\":\"Person\",\"@id\":\"\",\"url\":\"https:\/\/sandzakpress.net\/arhiva\/author\/\"}]}<\/script>\n<!-- \/ Yoast SEO Premium plugin. -->","yoast_head_json":{"title":"Najve\u0107u d\u017eamiju u \u0160vicarskoj grade zemlje Zaljeva?","robots":{"index":"index","follow":"follow","max-snippet":"max-snippet:-1","max-image-preview":"max-image-preview:large","max-video-preview":"max-video-preview:-1"},"canonical":"https:\/\/sandzakpress.net\/arhiva\/najvecu-dzamiju-u-svicarskoj-grade-zemlje-zaljeva\/","og_locale":"bs_BA","og_type":"article","og_title":"Najve\u0107u d\u017eamiju u \u0160vicarskoj grade zemlje Zaljeva?","og_description":"\u0160vicarska -Islamsko Centralno vije\u0107e \u0160vicarske (ICCS) poku\u0161ava prikupiti dovoljno sredstava u zemljama Zaljeva kako bi se omogu\u0107ila izgradnja d\u017eamije u u glavnom gradu Bernu u vrijednosti od 21 milion dolara. S tri eta\u017ee, planirana d\u017eamija \u0107e biti najve\u0107a u zemlji, uz prostor za namaz koji \u0107e mo\u0107i primiti 270 mu\u0161karaca i 174 \u017eene planom je [&hellip;]","og_url":"https:\/\/sandzakpress.net\/arhiva\/najvecu-dzamiju-u-svicarskoj-grade-zemlje-zaljeva\/","og_site_name":"Sand\u017eak PRESS","article_published_time":"2012-01-17T17:06:28+00:00","article_modified_time":"2012-07-14T18:27:24+00:00","og_image":[{"width":180,"height":220,"url":"https:\/\/sandzakpress.net\/arhiva\/wp-content\/uploads\/2012\/01\/760aa6159fc6d7e68f2ca10c28fc565a.png","type":"image\/png"}],"twitter_card":"summary_large_image","twitter_misc":{"Written by":"","Est. reading time":"1 minuta"},"schema":{"@context":"https:\/\/schema.org","@graph":[{"@type":"Article","@id":"https:\/\/sandzakpress.net\/arhiva\/najvecu-dzamiju-u-svicarskoj-grade-zemlje-zaljeva\/#article","isPartOf":{"@id":"https:\/\/sandzakpress.net\/arhiva\/najvecu-dzamiju-u-svicarskoj-grade-zemlje-zaljeva\/"},"author":{"name":"","@id":""},"headline":"Najve\u0107u d\u017eamiju u \u0160vicarskoj grade zemlje Zaljeva?","datePublished":"2012-01-17T17:06:28+00:00","dateModified":"2012-07-14T18:27:24+00:00","mainEntityOfPage":{"@id":"https:\/\/sandzakpress.net\/arhiva\/najvecu-dzamiju-u-svicarskoj-grade-zemlje-zaljeva\/"},"wordCount":275,"commentCount":0,"publisher":{"@id":"https:\/\/sandzakpress.net\/arhiva\/#\/schema\/person\/6e72b67d6e51910a1117b3b483ba20bd"},"image":{"@id":"https:\/\/sandzakpress.net\/arhiva\/najvecu-dzamiju-u-svicarskoj-grade-zemlje-zaljeva\/#primaryimage"},"thumbnailUrl":"https:\/\/sandzakpress.net\/arhiva\/wp-content\/uploads\/2012\/01\/760aa6159fc6d7e68f2ca10c28fc565a.png","articleSection":["\u0160vicarska","Svijet"],"inLanguage":"bs-BA","potentialAction":[{"@type":"CommentAction","name":"Comment","target":["https:\/\/sandzakpress.net\/arhiva\/najvecu-dzamiju-u-svicarskoj-grade-zemlje-zaljeva\/#respond"]}]},{"@type":"WebPage","@id":"https:\/\/sandzakpress.net\/arhiva\/najvecu-dzamiju-u-svicarskoj-grade-zemlje-zaljeva\/","url":"https:\/\/sandzakpress.net\/arhiva\/najvecu-dzamiju-u-svicarskoj-grade-zemlje-zaljeva\/","name":"Najve\u0107u d\u017eamiju u \u0160vicarskoj grade zemlje Zaljeva?","isPartOf":{"@id":"https:\/\/sandzakpress.net\/arhiva\/#website"},"primaryImageOfPage":{"@id":"https:\/\/sandzakpress.net\/arhiva\/najvecu-dzamiju-u-svicarskoj-grade-zemlje-zaljeva\/#primaryimage"},"image":{"@id":"https:\/\/sandzakpress.net\/arhiva\/najvecu-dzamiju-u-svicarskoj-grade-zemlje-zaljeva\/#primaryimage"},"thumbnailUrl":"https:\/\/sandzakpress.net\/arhiva\/wp-content\/uploads\/2012\/01\/760aa6159fc6d7e68f2ca10c28fc565a.png","datePublished":"2012-01-17T17:06:28+00:00","dateModified":"2012-07-14T18:27:24+00:00","breadcrumb":{"@id":"https:\/\/sandzakpress.net\/arhiva\/najvecu-dzamiju-u-svicarskoj-grade-zemlje-zaljeva\/#breadcrumb"},"inLanguage":"bs-BA","potentialAction":[{"@type":"ReadAction","target":["https:\/\/sandzakpress.net\/arhiva\/najvecu-dzamiju-u-svicarskoj-grade-zemlje-zaljeva\/"]}]},{"@type":"ImageObject","inLanguage":"bs-BA","@id":"https:\/\/sandzakpress.net\/arhiva\/najvecu-dzamiju-u-svicarskoj-grade-zemlje-zaljeva\/#primaryimage","url":"https:\/\/sandzakpress.net\/arhiva\/wp-content\/uploads\/2012\/01\/760aa6159fc6d7e68f2ca10c28fc565a.png","contentUrl":"https:\/\/sandzakpress.net\/arhiva\/wp-content\/uploads\/2012\/01\/760aa6159fc6d7e68f2ca10c28fc565a.png","width":180,"height":220},{"@type":"BreadcrumbList","@id":"https:\/\/sandzakpress.net\/arhiva\/najvecu-dzamiju-u-svicarskoj-grade-zemlje-zaljeva\/#breadcrumb","itemListElement":[{"@type":"ListItem","position":1,"name":"Home","item":"https:\/\/sandzakpress.net\/arhiva\/"},{"@type":"ListItem","position":2,"name":"Najve\u0107u d\u017eamiju u \u0160vicarskoj grade zemlje Zaljeva?"}]},{"@type":"WebSite","@id":"https:\/\/sandzakpress.net\/arhiva\/#website","url":"https:\/\/sandzakpress.net\/arhiva\/","name":"Sand\u017eak PRESS","description":"Prve elektronske novine u Sand\u017eaku","publisher":{"@id":"https:\/\/sandzakpress.net\/arhiva\/#\/schema\/person\/6e72b67d6e51910a1117b3b483ba20bd"},"potentialAction":[{"@type":"SearchAction","target":{"@type":"EntryPoint","urlTemplate":"https:\/\/sandzakpress.net\/arhiva\/?s={search_term_string}"},"query-input":{"@type":"PropertyValueSpecification","valueRequired":true,"valueName":"search_term_string"}}],"inLanguage":"bs-BA"},{"@type":["Person","Organization"],"@id":"https:\/\/sandzakpress.net\/arhiva\/#\/schema\/person\/6e72b67d6e51910a1117b3b483ba20bd","name":"Kul","image":{"@type":"ImageObject","inLanguage":"bs-BA","@id":"https:\/\/sandzakpress.net\/arhiva\/#\/schema\/person\/image\/","url":"https:\/\/secure.gravatar.com\/avatar\/42263f39aa27ac04c43cab85c280eb2e?s=96&d=mm&r=pg","contentUrl":"https:\/\/secure.gravatar.com\/avatar\/42263f39aa27ac04c43cab85c280eb2e?s=96&d=mm&r=pg","caption":"Kul"},"logo":{"@id":"https:\/\/sandzakpress.net\/arhiva\/#\/schema\/person\/image\/"}},{"@type":"Person","@id":"","url":"https:\/\/sandzakpress.net\/arhiva\/author\/"}]}},"_links":{"self":[{"href":"https:\/\/sandzakpress.net\/arhiva\/wp-json\/wp\/v2\/posts\/28669"}],"collection":[{"href":"https:\/\/sandzakpress.net\/arhiva\/wp-json\/wp\/v2\/posts"}],"about":[{"href":"https:\/\/sandzakpress.net\/arhiva\/wp-json\/wp\/v2\/types\/post"}],"author":[{"embeddable":true,"href":"https:\/\/sandzakpress.net\/arhiva\/wp-json\/wp\/v2\/users\/13"}],"replies":[{"embeddable":true,"href":"https:\/\/sandzakpress.net\/arhiva\/wp-json\/wp\/v2\/comments?post=28669"}],"version-history":[{"count":0,"href":"https:\/\/sandzakpress.net\/arhiva\/wp-json\/wp\/v2\/posts\/28669\/revisions"}],"wp:featuredmedia":[{"embeddable":true,"href":"https:\/\/sandzakpress.net\/arhiva\/wp-json\/wp\/v2\/media\/28670"}],"wp:attachment":[{"href":"https:\/\/sandzakpress.net\/arhiva\/wp-json\/wp\/v2\/media?parent=28669"}],"wp:term":[{"taxonomy":"category","embeddable":true,"href":"https:\/\/sandzakpress.net\/arhiva\/wp-json\/wp\/v2\/categories?post=28669"},{"taxonomy":"post_tag","embeddable":true,"href":"https:\/\/sandzakpress.net\/arhiva\/wp-json\/wp\/v2\/tags?post=28669"}],"curies":[{"name":"wp","href":"https:\/\/api.w.org\/{rel}","templated":true}]}}