{"id":28585,"date":"2012-01-18T15:15:43","date_gmt":"2012-01-18T14:15:43","guid":{"rendered":"https:\/\/sandzakpress.net\/arhiva\/?p=28585"},"modified":"2012-01-18T15:18:22","modified_gmt":"2012-01-18T14:18:22","slug":"omladina-lige-za-sandzak","status":"publish","type":"post","link":"https:\/\/sandzakpress.net\/arhiva\/omladina-lige-za-sandzak\/","title":{"rendered":"Omladina lige za Sand\u017eak"},"content":{"rendered":"<p><strong><a href=\"https:\/\/sandzakpress.net\/arhiva\/wp-content\/uploads\/2012\/01\/omladina-lige-za-sandzak-se-organizira-11-300x224.jpg\"><img loading=\"lazy\" decoding=\"async\" class=\"alignleft size-full wp-image-28586\" title=\"omladina-lige-za-sandzak-se-organizira-11-300x224\" src=\"https:\/\/sandzakpress.net\/arhiva\/wp-content\/uploads\/2012\/01\/omladina-lige-za-sandzak-se-organizira-11-300x224.jpg\" alt=\"\" width=\"300\" height=\"224\" \/><\/a>BiH &#8211; Dana 15.01.2011. godine u prostorijama Lige za Sand\u017eak uprili\u010den je susret rukovodstva i omladine Lige za Sand\u017eak. <\/strong><\/p>\n<p>Na samom po\u010detku skupu se obratio Predsjednik Lige za Sand\u017eak, Gdin.  Hako Duljevi\u0107. On je u svom izlaganju upoznao prisutne o planiranim  aktivnostima Lige za 2012. godinu, te o\u010dekivanjima od omladine. Upozorio  ih na spavanje i da sve \u0161to sada propuste, dok su u naponu snage, nikad  vi\u0161e ne\u0107e imati priliku da povrate. \u201eSada se od vas o\u010dekuje da budete  svjetiljke u mraku koji nas okru\u017euje a posebo u na\u0161em rodnom kraju.  Hvala Vam \u0161to ste me ve\u010deras uvjerili da imamo lijepu i sna\u017enu budu\u0107nost  u Vama, i da na\u0161i napori u pokretanju Lige nisu uzaludni\u201c.<\/p>\n<p>Nakon rije\u010di dobrodo\u0161lice upu\u0107enih od strane rukovodstva Lige za  Sand\u017eak, Ismeta Hajradinovi\u0107a, Haruna Hod\u017ei\u0107a i Muhameda \u0160abanovi\u0107a,  uslijedila su i obra\u0107anja omladine, koja je izrazila zahvalnost \u0161to mogu  biti dio historijskog projekta i utemeljitelji institucije koja  objedinjuje bo\u0161nja\u010dki korpus. Vidno zainteresirani studenti dali su  svoje prijedloge i smjernice o daljem djelovanju, te svijesni sivila u  kojem se nalaze izrazili \u017eelju da se \u0161to prije ponovo sastanu kako bi  mogli krenuti u pohod za bolju budu\u0107nost.<\/p>\n<p>Skupu su prisustvovali studenti iz svih sandza\u010dkih gradova, te  omladinci uposleni u raznim segmentima dru\u0161tva, \u017eeljni da svojim znanjem  i iskustvom potpomognu ja\u010danje Lige za Sand\u017eak. Me\u0111u prisutnim je bilo i  onih koji su rodjeni u Bosni i Hercegovini, koji su iskreni prijatelji  Sand\u017eaka, te im je \u017eelja oja\u010dati neraskidive veze me\u0111u Bo\u0161njacima, bez  obzira iz kojeg grada oni dolazili.<\/p>\n<p>Na kraju imenovano je sedmo\u010dlano koordinaciono tijelo na \u010delu sa  Fetahovi\u0107 Elvedinom, koje \u0107e u narednom vremenskom periodu uraditi bazu  podataka mladih i izabrati rukovodstvo kluba Omladine Lige za Sand\u017eak.<\/p>\n<p>Na kraju imenovano je sedmo\u010dlano koordinaciono tijelo na \u010delu sa  Fetahovi\u0107 Elvedinom, koje \u0107e u narednom vremenskom periodu uraditi bazu  podataka mladih i izabrati rukovodstvo kluba Omladine Lige za Sand\u017eak.<\/p>\n<dl>\n<dt> <a title=\"omladina lige za sandzak se organizira (2)\" href=\"http:\/\/ligazasandzak.org\/wp-content\/uploads\/2012\/01\/omladina-lige-za-sandzak-se-organizira-2.jpg\"><img loading=\"lazy\" decoding=\"async\" title=\"omladina lige za sandzak se organizira (2)\" src=\"http:\/\/ligazasandzak.org\/wp-content\/uploads\/2012\/01\/omladina-lige-za-sandzak-se-organizira-2-150x150.jpg\" alt=\"omladina lige za sandzak se organizira (2)\" width=\"150\" height=\"150\" \/><\/a> <\/dt>\n<\/dl>\n<dl>\n<dt> <a title=\"omladina lige za sandzak se organizira (4)\" href=\"http:\/\/ligazasandzak.org\/wp-content\/uploads\/2012\/01\/omladina-lige-za-sandzak-se-organizira-4.jpg\"><img loading=\"lazy\" decoding=\"async\" title=\"omladina lige za sandzak se organizira (4)\" src=\"http:\/\/ligazasandzak.org\/wp-content\/uploads\/2012\/01\/omladina-lige-za-sandzak-se-organizira-4-150x150.jpg\" alt=\"omladina lige za sandzak se organizira (4)\" width=\"150\" height=\"150\" \/><\/a> <\/dt>\n<\/dl>\n<dl>\n<dt> <a title=\"omladina lige za sandzak se organizira (6)\" href=\"http:\/\/ligazasandzak.org\/wp-content\/uploads\/2012\/01\/omladina-lige-za-sandzak-se-organizira-6.jpg\"><img loading=\"lazy\" decoding=\"async\" title=\"omladina lige za sandzak se organizira (6)\" src=\"http:\/\/ligazasandzak.org\/wp-content\/uploads\/2012\/01\/omladina-lige-za-sandzak-se-organizira-6-150x150.jpg\" alt=\"omladina lige za sandzak se organizira (6)\" width=\"150\" height=\"150\" \/><\/a> <\/dt>\n<\/dl>\n<dl>\n<dt> <a title=\"Omladina Lige za Sand\u017eak\" href=\"http:\/\/ligazasandzak.org\/wp-content\/uploads\/2012\/01\/omladina-lige-za-sandzak-se-organizira-11.jpg\"><img loading=\"lazy\" decoding=\"async\" title=\"Omladina Lige za Sand\u017eak\" src=\"http:\/\/ligazasandzak.org\/wp-content\/uploads\/2012\/01\/omladina-lige-za-sandzak-se-organizira-11-150x150.jpg\" alt=\"Omladina Lige za Sand\u017eak\" width=\"150\" height=\"150\" \/><\/a><\/dt>\n<dt> <\/dt>\n<dt>Izvor: <strong>LigaZaSandzak.org<\/strong><\/dt>\n<\/dl>\n","protected":false},"excerpt":{"rendered":"<p>BiH &#8211; Dana 15.01.2011. godine u prostorijama Lige za Sand\u017eak uprili\u010den je susret rukovodstva i omladine Lige za Sand\u017eak. Na samom po\u010detku skupu se obratio Predsjednik Lige za Sand\u017eak, Gdin. Hako Duljevi\u0107. On je u svom izlaganju upoznao prisutne o planiranim aktivnostima Lige za 2012. godinu, te o\u010dekivanjima od omladine. Upozorio ih na spavanje i [&hellip;]<\/p>\n","protected":false},"author":13,"featured_media":28586,"comment_status":"open","ping_status":"open","sticky":false,"template":"","format":"standard","meta":{"footnotes":""},"categories":[2860],"tags":[],"class_list":{"0":"post-28585","1":"post","2":"type-post","3":"status-publish","4":"format-standard","5":"has-post-thumbnail","7":"category-bosna-i-hercegovina-gradovi"},"yoast_head":"<!-- This site is optimized with the Yoast SEO Premium plugin v23.1 (Yoast SEO v24.9) - https:\/\/yoast.com\/wordpress\/plugins\/seo\/ -->\n<title>Omladina lige za Sand\u017eak<\/title>\n<meta name=\"robots\" content=\"index, follow, max-snippet:-1, max-image-preview:large, max-video-preview:-1\" \/>\n<link rel=\"canonical\" href=\"https:\/\/sandzakpress.net\/arhiva\/omladina-lige-za-sandzak\/\" \/>\n<meta property=\"og:locale\" content=\"bs_BA\" \/>\n<meta property=\"og:type\" content=\"article\" \/>\n<meta property=\"og:title\" content=\"Omladina lige za Sand\u017eak\" \/>\n<meta property=\"og:description\" content=\"BiH &#8211; Dana 15.01.2011. godine u prostorijama Lige za Sand\u017eak uprili\u010den je susret rukovodstva i omladine Lige za Sand\u017eak. Na samom po\u010detku skupu se obratio Predsjednik Lige za Sand\u017eak, Gdin. Hako Duljevi\u0107. On je u svom izlaganju upoznao prisutne o planiranim aktivnostima Lige za 2012. godinu, te o\u010dekivanjima od omladine. Upozorio ih na spavanje i [&hellip;]\" \/>\n<meta property=\"og:url\" content=\"https:\/\/sandzakpress.net\/arhiva\/omladina-lige-za-sandzak\/\" \/>\n<meta property=\"og:site_name\" content=\"Sand\u017eak PRESS\" \/>\n<meta property=\"article:published_time\" content=\"2012-01-18T14:15:43+00:00\" \/>\n<meta property=\"article:modified_time\" content=\"2012-01-18T14:18:22+00:00\" \/>\n<meta property=\"og:image\" content=\"https:\/\/sandzakpress.net\/arhiva\/wp-content\/uploads\/2012\/01\/omladina-lige-za-sandzak-se-organizira-11-300x224.jpg\" \/>\n\t<meta property=\"og:image:width\" content=\"300\" \/>\n\t<meta property=\"og:image:height\" content=\"224\" \/>\n\t<meta property=\"og:image:type\" content=\"image\/jpeg\" \/>\n<meta name=\"twitter:card\" content=\"summary_large_image\" \/>\n<meta name=\"twitter:label1\" content=\"Written by\" \/>\n\t<meta name=\"twitter:data1\" content=\"\" \/>\n\t<meta name=\"twitter:label2\" content=\"Est. reading time\" \/>\n\t<meta name=\"twitter:data2\" content=\"2 minute\" \/>\n<script type=\"application\/ld+json\" class=\"yoast-schema-graph\">{\"@context\":\"https:\/\/schema.org\",\"@graph\":[{\"@type\":\"Article\",\"@id\":\"https:\/\/sandzakpress.net\/arhiva\/omladina-lige-za-sandzak\/#article\",\"isPartOf\":{\"@id\":\"https:\/\/sandzakpress.net\/arhiva\/omladina-lige-za-sandzak\/\"},\"author\":{\"name\":\"\",\"@id\":\"\"},\"headline\":\"Omladina lige za Sand\u017eak\",\"datePublished\":\"2012-01-18T14:15:43+00:00\",\"dateModified\":\"2012-01-18T14:18:22+00:00\",\"mainEntityOfPage\":{\"@id\":\"https:\/\/sandzakpress.net\/arhiva\/omladina-lige-za-sandzak\/\"},\"wordCount\":356,\"commentCount\":0,\"publisher\":{\"@id\":\"https:\/\/sandzakpress.net\/arhiva\/#\/schema\/person\/6e72b67d6e51910a1117b3b483ba20bd\"},\"image\":{\"@id\":\"https:\/\/sandzakpress.net\/arhiva\/omladina-lige-za-sandzak\/#primaryimage\"},\"thumbnailUrl\":\"https:\/\/sandzakpress.net\/arhiva\/wp-content\/uploads\/2012\/01\/omladina-lige-za-sandzak-se-organizira-11-300x224.jpg\",\"articleSection\":[\"Bosna i Hercegovina\"],\"inLanguage\":\"bs-BA\",\"potentialAction\":[{\"@type\":\"CommentAction\",\"name\":\"Comment\",\"target\":[\"https:\/\/sandzakpress.net\/arhiva\/omladina-lige-za-sandzak\/#respond\"]}]},{\"@type\":\"WebPage\",\"@id\":\"https:\/\/sandzakpress.net\/arhiva\/omladina-lige-za-sandzak\/\",\"url\":\"https:\/\/sandzakpress.net\/arhiva\/omladina-lige-za-sandzak\/\",\"name\":\"Omladina lige za Sand\u017eak\",\"isPartOf\":{\"@id\":\"https:\/\/sandzakpress.net\/arhiva\/#website\"},\"primaryImageOfPage\":{\"@id\":\"https:\/\/sandzakpress.net\/arhiva\/omladina-lige-za-sandzak\/#primaryimage\"},\"image\":{\"@id\":\"https:\/\/sandzakpress.net\/arhiva\/omladina-lige-za-sandzak\/#primaryimage\"},\"thumbnailUrl\":\"https:\/\/sandzakpress.net\/arhiva\/wp-content\/uploads\/2012\/01\/omladina-lige-za-sandzak-se-organizira-11-300x224.jpg\",\"datePublished\":\"2012-01-18T14:15:43+00:00\",\"dateModified\":\"2012-01-18T14:18:22+00:00\",\"breadcrumb\":{\"@id\":\"https:\/\/sandzakpress.net\/arhiva\/omladina-lige-za-sandzak\/#breadcrumb\"},\"inLanguage\":\"bs-BA\",\"potentialAction\":[{\"@type\":\"ReadAction\",\"target\":[\"https:\/\/sandzakpress.net\/arhiva\/omladina-lige-za-sandzak\/\"]}]},{\"@type\":\"ImageObject\",\"inLanguage\":\"bs-BA\",\"@id\":\"https:\/\/sandzakpress.net\/arhiva\/omladina-lige-za-sandzak\/#primaryimage\",\"url\":\"https:\/\/sandzakpress.net\/arhiva\/wp-content\/uploads\/2012\/01\/omladina-lige-za-sandzak-se-organizira-11-300x224.jpg\",\"contentUrl\":\"https:\/\/sandzakpress.net\/arhiva\/wp-content\/uploads\/2012\/01\/omladina-lige-za-sandzak-se-organizira-11-300x224.jpg\",\"width\":300,\"height\":224},{\"@type\":\"BreadcrumbList\",\"@id\":\"https:\/\/sandzakpress.net\/arhiva\/omladina-lige-za-sandzak\/#breadcrumb\",\"itemListElement\":[{\"@type\":\"ListItem\",\"position\":1,\"name\":\"Home\",\"item\":\"https:\/\/sandzakpress.net\/arhiva\/\"},{\"@type\":\"ListItem\",\"position\":2,\"name\":\"Omladina lige za Sand\u017eak\"}]},{\"@type\":\"WebSite\",\"@id\":\"https:\/\/sandzakpress.net\/arhiva\/#website\",\"url\":\"https:\/\/sandzakpress.net\/arhiva\/\",\"name\":\"Sand\u017eak PRESS\",\"description\":\"Prve elektronske novine u Sand\u017eaku\",\"publisher\":{\"@id\":\"https:\/\/sandzakpress.net\/arhiva\/#\/schema\/person\/6e72b67d6e51910a1117b3b483ba20bd\"},\"potentialAction\":[{\"@type\":\"SearchAction\",\"target\":{\"@type\":\"EntryPoint\",\"urlTemplate\":\"https:\/\/sandzakpress.net\/arhiva\/?s={search_term_string}\"},\"query-input\":{\"@type\":\"PropertyValueSpecification\",\"valueRequired\":true,\"valueName\":\"search_term_string\"}}],\"inLanguage\":\"bs-BA\"},{\"@type\":[\"Person\",\"Organization\"],\"@id\":\"https:\/\/sandzakpress.net\/arhiva\/#\/schema\/person\/6e72b67d6e51910a1117b3b483ba20bd\",\"name\":\"Kul\",\"image\":{\"@type\":\"ImageObject\",\"inLanguage\":\"bs-BA\",\"@id\":\"https:\/\/sandzakpress.net\/arhiva\/#\/schema\/person\/image\/\",\"url\":\"https:\/\/secure.gravatar.com\/avatar\/42263f39aa27ac04c43cab85c280eb2e?s=96&d=mm&r=pg\",\"contentUrl\":\"https:\/\/secure.gravatar.com\/avatar\/42263f39aa27ac04c43cab85c280eb2e?s=96&d=mm&r=pg\",\"caption\":\"Kul\"},\"logo\":{\"@id\":\"https:\/\/sandzakpress.net\/arhiva\/#\/schema\/person\/image\/\"}},{\"@type\":\"Person\",\"@id\":\"\",\"url\":\"https:\/\/sandzakpress.net\/arhiva\/author\/\"}]}<\/script>\n<!-- \/ Yoast SEO Premium plugin. -->","yoast_head_json":{"title":"Omladina lige za Sand\u017eak","robots":{"index":"index","follow":"follow","max-snippet":"max-snippet:-1","max-image-preview":"max-image-preview:large","max-video-preview":"max-video-preview:-1"},"canonical":"https:\/\/sandzakpress.net\/arhiva\/omladina-lige-za-sandzak\/","og_locale":"bs_BA","og_type":"article","og_title":"Omladina lige za Sand\u017eak","og_description":"BiH &#8211; Dana 15.01.2011. godine u prostorijama Lige za Sand\u017eak uprili\u010den je susret rukovodstva i omladine Lige za Sand\u017eak. Na samom po\u010detku skupu se obratio Predsjednik Lige za Sand\u017eak, Gdin. Hako Duljevi\u0107. On je u svom izlaganju upoznao prisutne o planiranim aktivnostima Lige za 2012. godinu, te o\u010dekivanjima od omladine. Upozorio ih na spavanje i [&hellip;]","og_url":"https:\/\/sandzakpress.net\/arhiva\/omladina-lige-za-sandzak\/","og_site_name":"Sand\u017eak PRESS","article_published_time":"2012-01-18T14:15:43+00:00","article_modified_time":"2012-01-18T14:18:22+00:00","og_image":[{"width":300,"height":224,"url":"https:\/\/sandzakpress.net\/arhiva\/wp-content\/uploads\/2012\/01\/omladina-lige-za-sandzak-se-organizira-11-300x224.jpg","type":"image\/jpeg"}],"twitter_card":"summary_large_image","twitter_misc":{"Written by":"","Est. reading time":"2 minute"},"schema":{"@context":"https:\/\/schema.org","@graph":[{"@type":"Article","@id":"https:\/\/sandzakpress.net\/arhiva\/omladina-lige-za-sandzak\/#article","isPartOf":{"@id":"https:\/\/sandzakpress.net\/arhiva\/omladina-lige-za-sandzak\/"},"author":{"name":"","@id":""},"headline":"Omladina lige za Sand\u017eak","datePublished":"2012-01-18T14:15:43+00:00","dateModified":"2012-01-18T14:18:22+00:00","mainEntityOfPage":{"@id":"https:\/\/sandzakpress.net\/arhiva\/omladina-lige-za-sandzak\/"},"wordCount":356,"commentCount":0,"publisher":{"@id":"https:\/\/sandzakpress.net\/arhiva\/#\/schema\/person\/6e72b67d6e51910a1117b3b483ba20bd"},"image":{"@id":"https:\/\/sandzakpress.net\/arhiva\/omladina-lige-za-sandzak\/#primaryimage"},"thumbnailUrl":"https:\/\/sandzakpress.net\/arhiva\/wp-content\/uploads\/2012\/01\/omladina-lige-za-sandzak-se-organizira-11-300x224.jpg","articleSection":["Bosna i Hercegovina"],"inLanguage":"bs-BA","potentialAction":[{"@type":"CommentAction","name":"Comment","target":["https:\/\/sandzakpress.net\/arhiva\/omladina-lige-za-sandzak\/#respond"]}]},{"@type":"WebPage","@id":"https:\/\/sandzakpress.net\/arhiva\/omladina-lige-za-sandzak\/","url":"https:\/\/sandzakpress.net\/arhiva\/omladina-lige-za-sandzak\/","name":"Omladina lige za Sand\u017eak","isPartOf":{"@id":"https:\/\/sandzakpress.net\/arhiva\/#website"},"primaryImageOfPage":{"@id":"https:\/\/sandzakpress.net\/arhiva\/omladina-lige-za-sandzak\/#primaryimage"},"image":{"@id":"https:\/\/sandzakpress.net\/arhiva\/omladina-lige-za-sandzak\/#primaryimage"},"thumbnailUrl":"https:\/\/sandzakpress.net\/arhiva\/wp-content\/uploads\/2012\/01\/omladina-lige-za-sandzak-se-organizira-11-300x224.jpg","datePublished":"2012-01-18T14:15:43+00:00","dateModified":"2012-01-18T14:18:22+00:00","breadcrumb":{"@id":"https:\/\/sandzakpress.net\/arhiva\/omladina-lige-za-sandzak\/#breadcrumb"},"inLanguage":"bs-BA","potentialAction":[{"@type":"ReadAction","target":["https:\/\/sandzakpress.net\/arhiva\/omladina-lige-za-sandzak\/"]}]},{"@type":"ImageObject","inLanguage":"bs-BA","@id":"https:\/\/sandzakpress.net\/arhiva\/omladina-lige-za-sandzak\/#primaryimage","url":"https:\/\/sandzakpress.net\/arhiva\/wp-content\/uploads\/2012\/01\/omladina-lige-za-sandzak-se-organizira-11-300x224.jpg","contentUrl":"https:\/\/sandzakpress.net\/arhiva\/wp-content\/uploads\/2012\/01\/omladina-lige-za-sandzak-se-organizira-11-300x224.jpg","width":300,"height":224},{"@type":"BreadcrumbList","@id":"https:\/\/sandzakpress.net\/arhiva\/omladina-lige-za-sandzak\/#breadcrumb","itemListElement":[{"@type":"ListItem","position":1,"name":"Home","item":"https:\/\/sandzakpress.net\/arhiva\/"},{"@type":"ListItem","position":2,"name":"Omladina lige za Sand\u017eak"}]},{"@type":"WebSite","@id":"https:\/\/sandzakpress.net\/arhiva\/#website","url":"https:\/\/sandzakpress.net\/arhiva\/","name":"Sand\u017eak PRESS","description":"Prve elektronske novine u Sand\u017eaku","publisher":{"@id":"https:\/\/sandzakpress.net\/arhiva\/#\/schema\/person\/6e72b67d6e51910a1117b3b483ba20bd"},"potentialAction":[{"@type":"SearchAction","target":{"@type":"EntryPoint","urlTemplate":"https:\/\/sandzakpress.net\/arhiva\/?s={search_term_string}"},"query-input":{"@type":"PropertyValueSpecification","valueRequired":true,"valueName":"search_term_string"}}],"inLanguage":"bs-BA"},{"@type":["Person","Organization"],"@id":"https:\/\/sandzakpress.net\/arhiva\/#\/schema\/person\/6e72b67d6e51910a1117b3b483ba20bd","name":"Kul","image":{"@type":"ImageObject","inLanguage":"bs-BA","@id":"https:\/\/sandzakpress.net\/arhiva\/#\/schema\/person\/image\/","url":"https:\/\/secure.gravatar.com\/avatar\/42263f39aa27ac04c43cab85c280eb2e?s=96&d=mm&r=pg","contentUrl":"https:\/\/secure.gravatar.com\/avatar\/42263f39aa27ac04c43cab85c280eb2e?s=96&d=mm&r=pg","caption":"Kul"},"logo":{"@id":"https:\/\/sandzakpress.net\/arhiva\/#\/schema\/person\/image\/"}},{"@type":"Person","@id":"","url":"https:\/\/sandzakpress.net\/arhiva\/author\/"}]}},"_links":{"self":[{"href":"https:\/\/sandzakpress.net\/arhiva\/wp-json\/wp\/v2\/posts\/28585"}],"collection":[{"href":"https:\/\/sandzakpress.net\/arhiva\/wp-json\/wp\/v2\/posts"}],"about":[{"href":"https:\/\/sandzakpress.net\/arhiva\/wp-json\/wp\/v2\/types\/post"}],"author":[{"embeddable":true,"href":"https:\/\/sandzakpress.net\/arhiva\/wp-json\/wp\/v2\/users\/13"}],"replies":[{"embeddable":true,"href":"https:\/\/sandzakpress.net\/arhiva\/wp-json\/wp\/v2\/comments?post=28585"}],"version-history":[{"count":0,"href":"https:\/\/sandzakpress.net\/arhiva\/wp-json\/wp\/v2\/posts\/28585\/revisions"}],"wp:featuredmedia":[{"embeddable":true,"href":"https:\/\/sandzakpress.net\/arhiva\/wp-json\/wp\/v2\/media\/28586"}],"wp:attachment":[{"href":"https:\/\/sandzakpress.net\/arhiva\/wp-json\/wp\/v2\/media?parent=28585"}],"wp:term":[{"taxonomy":"category","embeddable":true,"href":"https:\/\/sandzakpress.net\/arhiva\/wp-json\/wp\/v2\/categories?post=28585"},{"taxonomy":"post_tag","embeddable":true,"href":"https:\/\/sandzakpress.net\/arhiva\/wp-json\/wp\/v2\/tags?post=28585"}],"curies":[{"name":"wp","href":"https:\/\/api.w.org\/{rel}","templated":true}]}}