{"id":28409,"date":"2012-01-13T14:47:41","date_gmt":"2012-01-13T13:47:41","guid":{"rendered":"https:\/\/sandzakpress.net\/arhiva\/?p=28409"},"modified":"2012-01-13T14:55:41","modified_gmt":"2012-01-13T13:55:41","slug":"reis-fejzic-se-sastao-sa-turskim-ministrom-egemenom-bagisem","status":"publish","type":"post","link":"https:\/\/sandzakpress.net\/arhiva\/reis-fejzic-se-sastao-sa-turskim-ministrom-egemenom-bagisem\/","title":{"rendered":"Reis Fejzi\u0107 se sastao sa turskim ministrom Egemenom Ba\u011f\u0131\u015fem"},"content":{"rendered":"<p><strong><a href=\"https:\/\/sandzakpress.net\/arhiva\/wp-content\/uploads\/2012\/01\/risho-bagis.jpg\"><img loading=\"lazy\" decoding=\"async\" class=\"alignleft size-medium wp-image-28410\" title=\"risho-bagis\" src=\"https:\/\/sandzakpress.net\/arhiva\/wp-content\/uploads\/2012\/01\/risho-bagis-300x242.jpg\" alt=\"\" width=\"300\" height=\"242\" \/><\/a>Ju\u017eni Sand\u017eak -Reis Islamske zajednice u Crnoj Gori, <\/strong><strong>Rifat ef. Fejzi\u0107, ju\u010de 10.01.2012. godine, u Podgorici se sastao sa <\/strong><strong>Egemenom Ba\u011f\u0131\u015f<\/strong><strong>em, turskim ministrom za evropske integracije i glavnim pregovara\u010dem Republike Turske sa Evropskom unijom. <\/strong><\/p>\n<p>U srda\u010dnom i prijateljskom razgovoru\u00a0 reis Fejzi\u0107 je upoznao svog  sagovornika sa aktivnostima Islamske zajednice u Crnoj Gori, njenoj  ulozi u dru\u0161tvu i trenutnoj poziciji. Izme\u0111u ostalog, reis Fejzi\u0107 se u  ime Islamske zajednice i muslimana Crne Gore zahvalio Turskoj na  bezrezervnoj podr\u0161ci u realizovanju brojnih vrijednih projekata, te  izrazio \u017eelju za nastavak dobre saradnje. Reis je pomenuo i odre\u0111ene  prepreke i nerazumijevanje u pojedinim op\u0161tinama u pogledu potreba  muslimana i ostvarivanja njihovih osnovnih vjerskih prava.<\/p>\n<p>Ministar Ba\u011f\u0131\u015f je reisu Fejzi\u0107u obe\u0107ao nastavak pune podr\u0161ke  republike Turske Islamskoj zajednici u Crnoj Gori, nagla\u0161avaju\u0107i: \u201eVa\u0161  uspjeh je i na\u0161 uspjeh, va\u0161i problemi i boli su i na\u0161i problemi i boli.  Uvjeren sam da nas o\u010dekuje bolja zajedni\u010dka budu\u0107nost.\u201c\u00a0 Ministar je  prije napu\u0161tanja Crne Gore, u pratnji reisa Fejzi\u0107a obi\u0161ao Nizamsku  d\u017eamiju i \u0161ehidsko groblje u Tuzima.<\/p>\n<p>Izvor: <strong>MonteIslam.com<\/strong><\/p>\n","protected":false},"excerpt":{"rendered":"<p>Ju\u017eni Sand\u017eak -Reis Islamske zajednice u Crnoj Gori, Rifat ef. Fejzi\u0107, ju\u010de 10.01.2012. godine, u Podgorici se sastao sa Egemenom Ba\u011f\u0131\u015fem, turskim ministrom za evropske integracije i glavnim pregovara\u010dem Republike Turske sa Evropskom unijom. U srda\u010dnom i prijateljskom razgovoru\u00a0 reis Fejzi\u0107 je upoznao svog sagovornika sa aktivnostima Islamske zajednice u Crnoj Gori, njenoj ulozi u [&hellip;]<\/p>\n","protected":false},"author":13,"featured_media":28410,"comment_status":"open","ping_status":"open","sticky":false,"template":"","format":"standard","meta":{"footnotes":""},"categories":[398,397,396,395,802,399],"tags":[],"class_list":{"0":"post-28409","1":"post","2":"type-post","3":"status-publish","4":"format-standard","5":"has-post-thumbnail","7":"category-rozaje","8":"category-berane","9":"category-bijelo_polje","10":"category-pljevlja_","11":"category-islamska_zajednica","12":"category-plav_"},"yoast_head":"<!-- This site is optimized with the Yoast SEO Premium plugin v23.1 (Yoast SEO v24.9) - https:\/\/yoast.com\/wordpress\/plugins\/seo\/ -->\n<title>Reis Fejzi\u0107 se sastao sa turskim ministrom Egemenom Ba\u011f\u0131\u015fem<\/title>\n<meta name=\"robots\" content=\"index, follow, max-snippet:-1, max-image-preview:large, max-video-preview:-1\" \/>\n<link rel=\"canonical\" href=\"https:\/\/sandzakpress.net\/arhiva\/reis-fejzic-se-sastao-sa-turskim-ministrom-egemenom-bagisem\/\" \/>\n<meta property=\"og:locale\" content=\"bs_BA\" \/>\n<meta property=\"og:type\" content=\"article\" \/>\n<meta property=\"og:title\" content=\"Reis Fejzi\u0107 se sastao sa turskim ministrom Egemenom Ba\u011f\u0131\u015fem\" \/>\n<meta property=\"og:description\" content=\"Ju\u017eni Sand\u017eak -Reis Islamske zajednice u Crnoj Gori, Rifat ef. Fejzi\u0107, ju\u010de 10.01.2012. godine, u Podgorici se sastao sa Egemenom Ba\u011f\u0131\u015fem, turskim ministrom za evropske integracije i glavnim pregovara\u010dem Republike Turske sa Evropskom unijom. U srda\u010dnom i prijateljskom razgovoru\u00a0 reis Fejzi\u0107 je upoznao svog sagovornika sa aktivnostima Islamske zajednice u Crnoj Gori, njenoj ulozi u [&hellip;]\" \/>\n<meta property=\"og:url\" content=\"https:\/\/sandzakpress.net\/arhiva\/reis-fejzic-se-sastao-sa-turskim-ministrom-egemenom-bagisem\/\" \/>\n<meta property=\"og:site_name\" content=\"Sand\u017eak PRESS\" \/>\n<meta property=\"article:published_time\" content=\"2012-01-13T13:47:41+00:00\" \/>\n<meta property=\"article:modified_time\" content=\"2012-01-13T13:55:41+00:00\" \/>\n<meta property=\"og:image\" content=\"https:\/\/sandzakpress.net\/arhiva\/wp-content\/uploads\/2012\/01\/risho-bagis.jpg\" \/>\n\t<meta property=\"og:image:width\" content=\"585\" \/>\n\t<meta property=\"og:image:height\" content=\"472\" \/>\n\t<meta property=\"og:image:type\" content=\"image\/jpeg\" \/>\n<meta name=\"twitter:card\" content=\"summary_large_image\" \/>\n<meta name=\"twitter:label1\" content=\"Written by\" \/>\n\t<meta name=\"twitter:data1\" content=\"\" \/>\n\t<meta name=\"twitter:label2\" content=\"Est. reading time\" \/>\n\t<meta name=\"twitter:data2\" content=\"1 minuta\" \/>\n<script type=\"application\/ld+json\" class=\"yoast-schema-graph\">{\"@context\":\"https:\/\/schema.org\",\"@graph\":[{\"@type\":\"Article\",\"@id\":\"https:\/\/sandzakpress.net\/arhiva\/reis-fejzic-se-sastao-sa-turskim-ministrom-egemenom-bagisem\/#article\",\"isPartOf\":{\"@id\":\"https:\/\/sandzakpress.net\/arhiva\/reis-fejzic-se-sastao-sa-turskim-ministrom-egemenom-bagisem\/\"},\"author\":{\"name\":\"\",\"@id\":\"\"},\"headline\":\"Reis Fejzi\u0107 se sastao sa turskim ministrom Egemenom Ba\u011f\u0131\u015fem\",\"datePublished\":\"2012-01-13T13:47:41+00:00\",\"dateModified\":\"2012-01-13T13:55:41+00:00\",\"mainEntityOfPage\":{\"@id\":\"https:\/\/sandzakpress.net\/arhiva\/reis-fejzic-se-sastao-sa-turskim-ministrom-egemenom-bagisem\/\"},\"wordCount\":206,\"commentCount\":0,\"publisher\":{\"@id\":\"https:\/\/sandzakpress.net\/arhiva\/#\/schema\/person\/6e72b67d6e51910a1117b3b483ba20bd\"},\"image\":{\"@id\":\"https:\/\/sandzakpress.net\/arhiva\/reis-fejzic-se-sastao-sa-turskim-ministrom-egemenom-bagisem\/#primaryimage\"},\"thumbnailUrl\":\"https:\/\/sandzakpress.net\/arhiva\/wp-content\/uploads\/2012\/01\/risho-bagis.jpg\",\"articleSection\":[\"Ro\u017eaje\",\"Berane\",\"Bijelo Polje\",\"Pljevlja\",\"Islamska zajednica\",\"Plav\"],\"inLanguage\":\"bs-BA\",\"potentialAction\":[{\"@type\":\"CommentAction\",\"name\":\"Comment\",\"target\":[\"https:\/\/sandzakpress.net\/arhiva\/reis-fejzic-se-sastao-sa-turskim-ministrom-egemenom-bagisem\/#respond\"]}]},{\"@type\":\"WebPage\",\"@id\":\"https:\/\/sandzakpress.net\/arhiva\/reis-fejzic-se-sastao-sa-turskim-ministrom-egemenom-bagisem\/\",\"url\":\"https:\/\/sandzakpress.net\/arhiva\/reis-fejzic-se-sastao-sa-turskim-ministrom-egemenom-bagisem\/\",\"name\":\"Reis Fejzi\u0107 se sastao sa turskim ministrom Egemenom Ba\u011f\u0131\u015fem\",\"isPartOf\":{\"@id\":\"https:\/\/sandzakpress.net\/arhiva\/#website\"},\"primaryImageOfPage\":{\"@id\":\"https:\/\/sandzakpress.net\/arhiva\/reis-fejzic-se-sastao-sa-turskim-ministrom-egemenom-bagisem\/#primaryimage\"},\"image\":{\"@id\":\"https:\/\/sandzakpress.net\/arhiva\/reis-fejzic-se-sastao-sa-turskim-ministrom-egemenom-bagisem\/#primaryimage\"},\"thumbnailUrl\":\"https:\/\/sandzakpress.net\/arhiva\/wp-content\/uploads\/2012\/01\/risho-bagis.jpg\",\"datePublished\":\"2012-01-13T13:47:41+00:00\",\"dateModified\":\"2012-01-13T13:55:41+00:00\",\"breadcrumb\":{\"@id\":\"https:\/\/sandzakpress.net\/arhiva\/reis-fejzic-se-sastao-sa-turskim-ministrom-egemenom-bagisem\/#breadcrumb\"},\"inLanguage\":\"bs-BA\",\"potentialAction\":[{\"@type\":\"ReadAction\",\"target\":[\"https:\/\/sandzakpress.net\/arhiva\/reis-fejzic-se-sastao-sa-turskim-ministrom-egemenom-bagisem\/\"]}]},{\"@type\":\"ImageObject\",\"inLanguage\":\"bs-BA\",\"@id\":\"https:\/\/sandzakpress.net\/arhiva\/reis-fejzic-se-sastao-sa-turskim-ministrom-egemenom-bagisem\/#primaryimage\",\"url\":\"https:\/\/sandzakpress.net\/arhiva\/wp-content\/uploads\/2012\/01\/risho-bagis.jpg\",\"contentUrl\":\"https:\/\/sandzakpress.net\/arhiva\/wp-content\/uploads\/2012\/01\/risho-bagis.jpg\",\"width\":585,\"height\":472},{\"@type\":\"BreadcrumbList\",\"@id\":\"https:\/\/sandzakpress.net\/arhiva\/reis-fejzic-se-sastao-sa-turskim-ministrom-egemenom-bagisem\/#breadcrumb\",\"itemListElement\":[{\"@type\":\"ListItem\",\"position\":1,\"name\":\"Home\",\"item\":\"https:\/\/sandzakpress.net\/arhiva\/\"},{\"@type\":\"ListItem\",\"position\":2,\"name\":\"Reis Fejzi\u0107 se sastao sa turskim ministrom Egemenom Ba\u011f\u0131\u015fem\"}]},{\"@type\":\"WebSite\",\"@id\":\"https:\/\/sandzakpress.net\/arhiva\/#website\",\"url\":\"https:\/\/sandzakpress.net\/arhiva\/\",\"name\":\"Sand\u017eak PRESS\",\"description\":\"Prve elektronske novine u Sand\u017eaku\",\"publisher\":{\"@id\":\"https:\/\/sandzakpress.net\/arhiva\/#\/schema\/person\/6e72b67d6e51910a1117b3b483ba20bd\"},\"potentialAction\":[{\"@type\":\"SearchAction\",\"target\":{\"@type\":\"EntryPoint\",\"urlTemplate\":\"https:\/\/sandzakpress.net\/arhiva\/?s={search_term_string}\"},\"query-input\":{\"@type\":\"PropertyValueSpecification\",\"valueRequired\":true,\"valueName\":\"search_term_string\"}}],\"inLanguage\":\"bs-BA\"},{\"@type\":[\"Person\",\"Organization\"],\"@id\":\"https:\/\/sandzakpress.net\/arhiva\/#\/schema\/person\/6e72b67d6e51910a1117b3b483ba20bd\",\"name\":\"Kul\",\"image\":{\"@type\":\"ImageObject\",\"inLanguage\":\"bs-BA\",\"@id\":\"https:\/\/sandzakpress.net\/arhiva\/#\/schema\/person\/image\/\",\"url\":\"https:\/\/secure.gravatar.com\/avatar\/42263f39aa27ac04c43cab85c280eb2e?s=96&d=mm&r=pg\",\"contentUrl\":\"https:\/\/secure.gravatar.com\/avatar\/42263f39aa27ac04c43cab85c280eb2e?s=96&d=mm&r=pg\",\"caption\":\"Kul\"},\"logo\":{\"@id\":\"https:\/\/sandzakpress.net\/arhiva\/#\/schema\/person\/image\/\"}},{\"@type\":\"Person\",\"@id\":\"\",\"url\":\"https:\/\/sandzakpress.net\/arhiva\/author\/\"}]}<\/script>\n<!-- \/ Yoast SEO Premium plugin. -->","yoast_head_json":{"title":"Reis Fejzi\u0107 se sastao sa turskim ministrom Egemenom Ba\u011f\u0131\u015fem","robots":{"index":"index","follow":"follow","max-snippet":"max-snippet:-1","max-image-preview":"max-image-preview:large","max-video-preview":"max-video-preview:-1"},"canonical":"https:\/\/sandzakpress.net\/arhiva\/reis-fejzic-se-sastao-sa-turskim-ministrom-egemenom-bagisem\/","og_locale":"bs_BA","og_type":"article","og_title":"Reis Fejzi\u0107 se sastao sa turskim ministrom Egemenom Ba\u011f\u0131\u015fem","og_description":"Ju\u017eni Sand\u017eak -Reis Islamske zajednice u Crnoj Gori, Rifat ef. Fejzi\u0107, ju\u010de 10.01.2012. godine, u Podgorici se sastao sa Egemenom Ba\u011f\u0131\u015fem, turskim ministrom za evropske integracije i glavnim pregovara\u010dem Republike Turske sa Evropskom unijom. U srda\u010dnom i prijateljskom razgovoru\u00a0 reis Fejzi\u0107 je upoznao svog sagovornika sa aktivnostima Islamske zajednice u Crnoj Gori, njenoj ulozi u [&hellip;]","og_url":"https:\/\/sandzakpress.net\/arhiva\/reis-fejzic-se-sastao-sa-turskim-ministrom-egemenom-bagisem\/","og_site_name":"Sand\u017eak PRESS","article_published_time":"2012-01-13T13:47:41+00:00","article_modified_time":"2012-01-13T13:55:41+00:00","og_image":[{"width":585,"height":472,"url":"https:\/\/sandzakpress.net\/arhiva\/wp-content\/uploads\/2012\/01\/risho-bagis.jpg","type":"image\/jpeg"}],"twitter_card":"summary_large_image","twitter_misc":{"Written by":"","Est. reading time":"1 minuta"},"schema":{"@context":"https:\/\/schema.org","@graph":[{"@type":"Article","@id":"https:\/\/sandzakpress.net\/arhiva\/reis-fejzic-se-sastao-sa-turskim-ministrom-egemenom-bagisem\/#article","isPartOf":{"@id":"https:\/\/sandzakpress.net\/arhiva\/reis-fejzic-se-sastao-sa-turskim-ministrom-egemenom-bagisem\/"},"author":{"name":"","@id":""},"headline":"Reis Fejzi\u0107 se sastao sa turskim ministrom Egemenom Ba\u011f\u0131\u015fem","datePublished":"2012-01-13T13:47:41+00:00","dateModified":"2012-01-13T13:55:41+00:00","mainEntityOfPage":{"@id":"https:\/\/sandzakpress.net\/arhiva\/reis-fejzic-se-sastao-sa-turskim-ministrom-egemenom-bagisem\/"},"wordCount":206,"commentCount":0,"publisher":{"@id":"https:\/\/sandzakpress.net\/arhiva\/#\/schema\/person\/6e72b67d6e51910a1117b3b483ba20bd"},"image":{"@id":"https:\/\/sandzakpress.net\/arhiva\/reis-fejzic-se-sastao-sa-turskim-ministrom-egemenom-bagisem\/#primaryimage"},"thumbnailUrl":"https:\/\/sandzakpress.net\/arhiva\/wp-content\/uploads\/2012\/01\/risho-bagis.jpg","articleSection":["Ro\u017eaje","Berane","Bijelo Polje","Pljevlja","Islamska zajednica","Plav"],"inLanguage":"bs-BA","potentialAction":[{"@type":"CommentAction","name":"Comment","target":["https:\/\/sandzakpress.net\/arhiva\/reis-fejzic-se-sastao-sa-turskim-ministrom-egemenom-bagisem\/#respond"]}]},{"@type":"WebPage","@id":"https:\/\/sandzakpress.net\/arhiva\/reis-fejzic-se-sastao-sa-turskim-ministrom-egemenom-bagisem\/","url":"https:\/\/sandzakpress.net\/arhiva\/reis-fejzic-se-sastao-sa-turskim-ministrom-egemenom-bagisem\/","name":"Reis Fejzi\u0107 se sastao sa turskim ministrom Egemenom Ba\u011f\u0131\u015fem","isPartOf":{"@id":"https:\/\/sandzakpress.net\/arhiva\/#website"},"primaryImageOfPage":{"@id":"https:\/\/sandzakpress.net\/arhiva\/reis-fejzic-se-sastao-sa-turskim-ministrom-egemenom-bagisem\/#primaryimage"},"image":{"@id":"https:\/\/sandzakpress.net\/arhiva\/reis-fejzic-se-sastao-sa-turskim-ministrom-egemenom-bagisem\/#primaryimage"},"thumbnailUrl":"https:\/\/sandzakpress.net\/arhiva\/wp-content\/uploads\/2012\/01\/risho-bagis.jpg","datePublished":"2012-01-13T13:47:41+00:00","dateModified":"2012-01-13T13:55:41+00:00","breadcrumb":{"@id":"https:\/\/sandzakpress.net\/arhiva\/reis-fejzic-se-sastao-sa-turskim-ministrom-egemenom-bagisem\/#breadcrumb"},"inLanguage":"bs-BA","potentialAction":[{"@type":"ReadAction","target":["https:\/\/sandzakpress.net\/arhiva\/reis-fejzic-se-sastao-sa-turskim-ministrom-egemenom-bagisem\/"]}]},{"@type":"ImageObject","inLanguage":"bs-BA","@id":"https:\/\/sandzakpress.net\/arhiva\/reis-fejzic-se-sastao-sa-turskim-ministrom-egemenom-bagisem\/#primaryimage","url":"https:\/\/sandzakpress.net\/arhiva\/wp-content\/uploads\/2012\/01\/risho-bagis.jpg","contentUrl":"https:\/\/sandzakpress.net\/arhiva\/wp-content\/uploads\/2012\/01\/risho-bagis.jpg","width":585,"height":472},{"@type":"BreadcrumbList","@id":"https:\/\/sandzakpress.net\/arhiva\/reis-fejzic-se-sastao-sa-turskim-ministrom-egemenom-bagisem\/#breadcrumb","itemListElement":[{"@type":"ListItem","position":1,"name":"Home","item":"https:\/\/sandzakpress.net\/arhiva\/"},{"@type":"ListItem","position":2,"name":"Reis Fejzi\u0107 se sastao sa turskim ministrom Egemenom Ba\u011f\u0131\u015fem"}]},{"@type":"WebSite","@id":"https:\/\/sandzakpress.net\/arhiva\/#website","url":"https:\/\/sandzakpress.net\/arhiva\/","name":"Sand\u017eak PRESS","description":"Prve elektronske novine u Sand\u017eaku","publisher":{"@id":"https:\/\/sandzakpress.net\/arhiva\/#\/schema\/person\/6e72b67d6e51910a1117b3b483ba20bd"},"potentialAction":[{"@type":"SearchAction","target":{"@type":"EntryPoint","urlTemplate":"https:\/\/sandzakpress.net\/arhiva\/?s={search_term_string}"},"query-input":{"@type":"PropertyValueSpecification","valueRequired":true,"valueName":"search_term_string"}}],"inLanguage":"bs-BA"},{"@type":["Person","Organization"],"@id":"https:\/\/sandzakpress.net\/arhiva\/#\/schema\/person\/6e72b67d6e51910a1117b3b483ba20bd","name":"Kul","image":{"@type":"ImageObject","inLanguage":"bs-BA","@id":"https:\/\/sandzakpress.net\/arhiva\/#\/schema\/person\/image\/","url":"https:\/\/secure.gravatar.com\/avatar\/42263f39aa27ac04c43cab85c280eb2e?s=96&d=mm&r=pg","contentUrl":"https:\/\/secure.gravatar.com\/avatar\/42263f39aa27ac04c43cab85c280eb2e?s=96&d=mm&r=pg","caption":"Kul"},"logo":{"@id":"https:\/\/sandzakpress.net\/arhiva\/#\/schema\/person\/image\/"}},{"@type":"Person","@id":"","url":"https:\/\/sandzakpress.net\/arhiva\/author\/"}]}},"_links":{"self":[{"href":"https:\/\/sandzakpress.net\/arhiva\/wp-json\/wp\/v2\/posts\/28409"}],"collection":[{"href":"https:\/\/sandzakpress.net\/arhiva\/wp-json\/wp\/v2\/posts"}],"about":[{"href":"https:\/\/sandzakpress.net\/arhiva\/wp-json\/wp\/v2\/types\/post"}],"author":[{"embeddable":true,"href":"https:\/\/sandzakpress.net\/arhiva\/wp-json\/wp\/v2\/users\/13"}],"replies":[{"embeddable":true,"href":"https:\/\/sandzakpress.net\/arhiva\/wp-json\/wp\/v2\/comments?post=28409"}],"version-history":[{"count":0,"href":"https:\/\/sandzakpress.net\/arhiva\/wp-json\/wp\/v2\/posts\/28409\/revisions"}],"wp:featuredmedia":[{"embeddable":true,"href":"https:\/\/sandzakpress.net\/arhiva\/wp-json\/wp\/v2\/media\/28410"}],"wp:attachment":[{"href":"https:\/\/sandzakpress.net\/arhiva\/wp-json\/wp\/v2\/media?parent=28409"}],"wp:term":[{"taxonomy":"category","embeddable":true,"href":"https:\/\/sandzakpress.net\/arhiva\/wp-json\/wp\/v2\/categories?post=28409"},{"taxonomy":"post_tag","embeddable":true,"href":"https:\/\/sandzakpress.net\/arhiva\/wp-json\/wp\/v2\/tags?post=28409"}],"curies":[{"name":"wp","href":"https:\/\/api.w.org\/{rel}","templated":true}]}}