{"id":28406,"date":"2012-01-13T14:41:45","date_gmt":"2012-01-13T13:41:45","guid":{"rendered":"https:\/\/sandzakpress.net\/arhiva\/?p=28406"},"modified":"2012-07-14T20:31:11","modified_gmt":"2012-07-14T18:31:11","slug":"holandija-podize-optuznicu-protiv-thoma-karremansa-za-srebrenicu","status":"publish","type":"post","link":"https:\/\/sandzakpress.net\/arhiva\/holandija-podize-optuznicu-protiv-thoma-karremansa-za-srebrenicu\/","title":{"rendered":"Holandija podi\u017ee optu\u017enicu protiv Thoma Karremansa za Srebrenicu"},"content":{"rendered":"<p><strong><a href=\"https:\/\/sandzakpress.net\/arhiva\/wp-content\/uploads\/2012\/01\/karemans-i-mladic.jpg\"><img loading=\"lazy\" decoding=\"async\" class=\"alignleft size-full wp-image-28407\" title=\"karemans-i-mladic\" src=\"https:\/\/sandzakpress.net\/arhiva\/wp-content\/uploads\/2012\/01\/karemans-i-mladic.jpg\" alt=\"\" width=\"300\" height=\"146\" \/><\/a>Evropa &#8211; Holandsko dr\u017eavno tu\u017eila\u0161tvo priprema optu\u017enicu protiv Thoma Karremansa,  komandanta Holandskoga bataljona UN-a tokom okupacije Srebrenice,  pozivaju\u0107i se na pouzdane izvore, javila je agencija Slobodna Holandija  \u201cVrij Nederland\u201d. <\/strong><\/p>\n<p>Po istom izvoru, pored Karremansa, optu\u017enica \u0107e  obuhvatiti i dvojicu njegovih bliskih suradnika, \u010dija imena nisu  navedena. Slu\u010daj \u201cKarremans\u201d trebao bi krajem ovoga mjeseca biti  predmetom sastanka Dr\u017eavne komisije \u201cDe Landelijke Reflectiekamer\u201d, koja  se isklju\u010divo bavi \u201ckrupnim i osjetljivim pitanjima&#8221;. Tu\u017eila\u0161tvo  Holandije je potvrdilo da \u0107e Karremans biti tema vije\u0107anja spomenute  komisije, te da je podizanje optu\u017enice protiv njega \u201cgotova stvar\u201d.<\/p>\n<p>\u201cKrivi\u010dno-pravno gledano, Tu\u017eila\u0161tvo ne mo\u017ee ni\u0161ta drugo do podnijeti optu\u017enicu, jer da je prona\u0111ena i jedna tehni\u010dko-pravna prepreka, slu\u010daj bi odavno bio suspendovan\u201d, izjavila je advokat \u017ertava Srebreni\u010dkog genocida, gospo\u0111a Liesbeth Zegveld. Tokom okupacije Srebrenice srbijansko-crnogorske i snage Ratka Mladi\u0107a, izvr\u0161ile su genocid, \u0161to je utvrdio Me\u0111unrodni tribunal u Den Haagu, a u ljeto pro\u0161le godine i holandski sud je presudio da je Holandija, koju je u to vrijeme u Srebrenici predstavljao Thom Karremans, odgovorna za smrt trojice Bo\u0161njaka. Ve\u0107 u avgustu pro\u0161le godine, Karremans je ra\u010dunao na isvjesnot svog pojavljivanja pred sudom, tvrdi \u201cSlobodna Holandija\u201d.<\/p>\n<p>Izvor:<strong> IslamskaZajednica.org<\/strong><\/p>\n","protected":false},"excerpt":{"rendered":"<p>Evropa &#8211; Holandsko dr\u017eavno tu\u017eila\u0161tvo priprema optu\u017enicu protiv Thoma Karremansa, komandanta Holandskoga bataljona UN-a tokom okupacije Srebrenice, pozivaju\u0107i se na pouzdane izvore, javila je agencija Slobodna Holandija \u201cVrij Nederland\u201d. Po istom izvoru, pored Karremansa, optu\u017enica \u0107e obuhvatiti i dvojicu njegovih bliskih suradnika, \u010dija imena nisu navedena. Slu\u010daj \u201cKarremans\u201d trebao bi krajem ovoga mjeseca biti predmetom [&hellip;]<\/p>\n","protected":false},"author":13,"featured_media":28407,"comment_status":"open","ping_status":"open","sticky":false,"template":"","format":"standard","meta":{"footnotes":""},"categories":[9545,2693],"tags":[],"class_list":{"0":"post-28406","1":"post","2":"type-post","3":"status-publish","4":"format-standard","5":"has-post-thumbnail","7":"category-holandija-dijaspora-gradovi-vase-vijesti","8":"category-dijaspora-gradovi"},"yoast_head":"<!-- This site is optimized with the Yoast SEO Premium plugin v23.1 (Yoast SEO v24.9) - https:\/\/yoast.com\/wordpress\/plugins\/seo\/ -->\n<title>Holandija podi\u017ee optu\u017enicu protiv Thoma Karremansa za Srebrenicu<\/title>\n<meta name=\"robots\" content=\"index, follow, max-snippet:-1, max-image-preview:large, max-video-preview:-1\" \/>\n<link rel=\"canonical\" href=\"https:\/\/sandzakpress.net\/arhiva\/holandija-podize-optuznicu-protiv-thoma-karremansa-za-srebrenicu\/\" \/>\n<meta property=\"og:locale\" content=\"bs_BA\" \/>\n<meta property=\"og:type\" content=\"article\" \/>\n<meta property=\"og:title\" content=\"Holandija podi\u017ee optu\u017enicu protiv Thoma Karremansa za Srebrenicu\" \/>\n<meta property=\"og:description\" content=\"Evropa &#8211; Holandsko dr\u017eavno tu\u017eila\u0161tvo priprema optu\u017enicu protiv Thoma Karremansa, komandanta Holandskoga bataljona UN-a tokom okupacije Srebrenice, pozivaju\u0107i se na pouzdane izvore, javila je agencija Slobodna Holandija \u201cVrij Nederland\u201d. Po istom izvoru, pored Karremansa, optu\u017enica \u0107e obuhvatiti i dvojicu njegovih bliskih suradnika, \u010dija imena nisu navedena. Slu\u010daj \u201cKarremans\u201d trebao bi krajem ovoga mjeseca biti predmetom [&hellip;]\" \/>\n<meta property=\"og:url\" content=\"https:\/\/sandzakpress.net\/arhiva\/holandija-podize-optuznicu-protiv-thoma-karremansa-za-srebrenicu\/\" \/>\n<meta property=\"og:site_name\" content=\"Sand\u017eak PRESS\" \/>\n<meta property=\"article:published_time\" content=\"2012-01-13T13:41:45+00:00\" \/>\n<meta property=\"article:modified_time\" content=\"2012-07-14T18:31:11+00:00\" \/>\n<meta property=\"og:image\" content=\"https:\/\/sandzakpress.net\/arhiva\/wp-content\/uploads\/2012\/01\/karemans-i-mladic.jpg\" \/>\n\t<meta property=\"og:image:width\" content=\"300\" \/>\n\t<meta property=\"og:image:height\" content=\"146\" \/>\n\t<meta property=\"og:image:type\" content=\"image\/jpeg\" \/>\n<meta name=\"twitter:card\" content=\"summary_large_image\" \/>\n<meta name=\"twitter:label1\" content=\"Written by\" \/>\n\t<meta name=\"twitter:data1\" content=\"\" \/>\n\t<meta name=\"twitter:label2\" content=\"Est. reading time\" \/>\n\t<meta name=\"twitter:data2\" content=\"1 minuta\" \/>\n<script type=\"application\/ld+json\" class=\"yoast-schema-graph\">{\"@context\":\"https:\/\/schema.org\",\"@graph\":[{\"@type\":\"Article\",\"@id\":\"https:\/\/sandzakpress.net\/arhiva\/holandija-podize-optuznicu-protiv-thoma-karremansa-za-srebrenicu\/#article\",\"isPartOf\":{\"@id\":\"https:\/\/sandzakpress.net\/arhiva\/holandija-podize-optuznicu-protiv-thoma-karremansa-za-srebrenicu\/\"},\"author\":{\"name\":\"\",\"@id\":\"\"},\"headline\":\"Holandija podi\u017ee optu\u017enicu protiv Thoma Karremansa za Srebrenicu\",\"datePublished\":\"2012-01-13T13:41:45+00:00\",\"dateModified\":\"2012-07-14T18:31:11+00:00\",\"mainEntityOfPage\":{\"@id\":\"https:\/\/sandzakpress.net\/arhiva\/holandija-podize-optuznicu-protiv-thoma-karremansa-za-srebrenicu\/\"},\"wordCount\":230,\"commentCount\":1,\"publisher\":{\"@id\":\"https:\/\/sandzakpress.net\/arhiva\/#\/schema\/person\/6e72b67d6e51910a1117b3b483ba20bd\"},\"image\":{\"@id\":\"https:\/\/sandzakpress.net\/arhiva\/holandija-podize-optuznicu-protiv-thoma-karremansa-za-srebrenicu\/#primaryimage\"},\"thumbnailUrl\":\"https:\/\/sandzakpress.net\/arhiva\/wp-content\/uploads\/2012\/01\/karemans-i-mladic.jpg\",\"articleSection\":[\"Holandija\",\"Evropa\"],\"inLanguage\":\"bs-BA\",\"potentialAction\":[{\"@type\":\"CommentAction\",\"name\":\"Comment\",\"target\":[\"https:\/\/sandzakpress.net\/arhiva\/holandija-podize-optuznicu-protiv-thoma-karremansa-za-srebrenicu\/#respond\"]}]},{\"@type\":\"WebPage\",\"@id\":\"https:\/\/sandzakpress.net\/arhiva\/holandija-podize-optuznicu-protiv-thoma-karremansa-za-srebrenicu\/\",\"url\":\"https:\/\/sandzakpress.net\/arhiva\/holandija-podize-optuznicu-protiv-thoma-karremansa-za-srebrenicu\/\",\"name\":\"Holandija podi\u017ee optu\u017enicu protiv Thoma Karremansa za Srebrenicu\",\"isPartOf\":{\"@id\":\"https:\/\/sandzakpress.net\/arhiva\/#website\"},\"primaryImageOfPage\":{\"@id\":\"https:\/\/sandzakpress.net\/arhiva\/holandija-podize-optuznicu-protiv-thoma-karremansa-za-srebrenicu\/#primaryimage\"},\"image\":{\"@id\":\"https:\/\/sandzakpress.net\/arhiva\/holandija-podize-optuznicu-protiv-thoma-karremansa-za-srebrenicu\/#primaryimage\"},\"thumbnailUrl\":\"https:\/\/sandzakpress.net\/arhiva\/wp-content\/uploads\/2012\/01\/karemans-i-mladic.jpg\",\"datePublished\":\"2012-01-13T13:41:45+00:00\",\"dateModified\":\"2012-07-14T18:31:11+00:00\",\"breadcrumb\":{\"@id\":\"https:\/\/sandzakpress.net\/arhiva\/holandija-podize-optuznicu-protiv-thoma-karremansa-za-srebrenicu\/#breadcrumb\"},\"inLanguage\":\"bs-BA\",\"potentialAction\":[{\"@type\":\"ReadAction\",\"target\":[\"https:\/\/sandzakpress.net\/arhiva\/holandija-podize-optuznicu-protiv-thoma-karremansa-za-srebrenicu\/\"]}]},{\"@type\":\"ImageObject\",\"inLanguage\":\"bs-BA\",\"@id\":\"https:\/\/sandzakpress.net\/arhiva\/holandija-podize-optuznicu-protiv-thoma-karremansa-za-srebrenicu\/#primaryimage\",\"url\":\"https:\/\/sandzakpress.net\/arhiva\/wp-content\/uploads\/2012\/01\/karemans-i-mladic.jpg\",\"contentUrl\":\"https:\/\/sandzakpress.net\/arhiva\/wp-content\/uploads\/2012\/01\/karemans-i-mladic.jpg\",\"width\":300,\"height\":146},{\"@type\":\"BreadcrumbList\",\"@id\":\"https:\/\/sandzakpress.net\/arhiva\/holandija-podize-optuznicu-protiv-thoma-karremansa-za-srebrenicu\/#breadcrumb\",\"itemListElement\":[{\"@type\":\"ListItem\",\"position\":1,\"name\":\"Home\",\"item\":\"https:\/\/sandzakpress.net\/arhiva\/\"},{\"@type\":\"ListItem\",\"position\":2,\"name\":\"Holandija podi\u017ee optu\u017enicu protiv Thoma Karremansa za Srebrenicu\"}]},{\"@type\":\"WebSite\",\"@id\":\"https:\/\/sandzakpress.net\/arhiva\/#website\",\"url\":\"https:\/\/sandzakpress.net\/arhiva\/\",\"name\":\"Sand\u017eak PRESS\",\"description\":\"Prve elektronske novine u Sand\u017eaku\",\"publisher\":{\"@id\":\"https:\/\/sandzakpress.net\/arhiva\/#\/schema\/person\/6e72b67d6e51910a1117b3b483ba20bd\"},\"potentialAction\":[{\"@type\":\"SearchAction\",\"target\":{\"@type\":\"EntryPoint\",\"urlTemplate\":\"https:\/\/sandzakpress.net\/arhiva\/?s={search_term_string}\"},\"query-input\":{\"@type\":\"PropertyValueSpecification\",\"valueRequired\":true,\"valueName\":\"search_term_string\"}}],\"inLanguage\":\"bs-BA\"},{\"@type\":[\"Person\",\"Organization\"],\"@id\":\"https:\/\/sandzakpress.net\/arhiva\/#\/schema\/person\/6e72b67d6e51910a1117b3b483ba20bd\",\"name\":\"Kul\",\"image\":{\"@type\":\"ImageObject\",\"inLanguage\":\"bs-BA\",\"@id\":\"https:\/\/sandzakpress.net\/arhiva\/#\/schema\/person\/image\/\",\"url\":\"https:\/\/secure.gravatar.com\/avatar\/42263f39aa27ac04c43cab85c280eb2e?s=96&d=mm&r=pg\",\"contentUrl\":\"https:\/\/secure.gravatar.com\/avatar\/42263f39aa27ac04c43cab85c280eb2e?s=96&d=mm&r=pg\",\"caption\":\"Kul\"},\"logo\":{\"@id\":\"https:\/\/sandzakpress.net\/arhiva\/#\/schema\/person\/image\/\"}},{\"@type\":\"Person\",\"@id\":\"\",\"url\":\"https:\/\/sandzakpress.net\/arhiva\/author\/\"}]}<\/script>\n<!-- \/ Yoast SEO Premium plugin. -->","yoast_head_json":{"title":"Holandija podi\u017ee optu\u017enicu protiv Thoma Karremansa za Srebrenicu","robots":{"index":"index","follow":"follow","max-snippet":"max-snippet:-1","max-image-preview":"max-image-preview:large","max-video-preview":"max-video-preview:-1"},"canonical":"https:\/\/sandzakpress.net\/arhiva\/holandija-podize-optuznicu-protiv-thoma-karremansa-za-srebrenicu\/","og_locale":"bs_BA","og_type":"article","og_title":"Holandija podi\u017ee optu\u017enicu protiv Thoma Karremansa za Srebrenicu","og_description":"Evropa &#8211; Holandsko dr\u017eavno tu\u017eila\u0161tvo priprema optu\u017enicu protiv Thoma Karremansa, komandanta Holandskoga bataljona UN-a tokom okupacije Srebrenice, pozivaju\u0107i se na pouzdane izvore, javila je agencija Slobodna Holandija \u201cVrij Nederland\u201d. Po istom izvoru, pored Karremansa, optu\u017enica \u0107e obuhvatiti i dvojicu njegovih bliskih suradnika, \u010dija imena nisu navedena. Slu\u010daj \u201cKarremans\u201d trebao bi krajem ovoga mjeseca biti predmetom [&hellip;]","og_url":"https:\/\/sandzakpress.net\/arhiva\/holandija-podize-optuznicu-protiv-thoma-karremansa-za-srebrenicu\/","og_site_name":"Sand\u017eak PRESS","article_published_time":"2012-01-13T13:41:45+00:00","article_modified_time":"2012-07-14T18:31:11+00:00","og_image":[{"width":300,"height":146,"url":"https:\/\/sandzakpress.net\/arhiva\/wp-content\/uploads\/2012\/01\/karemans-i-mladic.jpg","type":"image\/jpeg"}],"twitter_card":"summary_large_image","twitter_misc":{"Written by":"","Est. reading time":"1 minuta"},"schema":{"@context":"https:\/\/schema.org","@graph":[{"@type":"Article","@id":"https:\/\/sandzakpress.net\/arhiva\/holandija-podize-optuznicu-protiv-thoma-karremansa-za-srebrenicu\/#article","isPartOf":{"@id":"https:\/\/sandzakpress.net\/arhiva\/holandija-podize-optuznicu-protiv-thoma-karremansa-za-srebrenicu\/"},"author":{"name":"","@id":""},"headline":"Holandija podi\u017ee optu\u017enicu protiv Thoma Karremansa za Srebrenicu","datePublished":"2012-01-13T13:41:45+00:00","dateModified":"2012-07-14T18:31:11+00:00","mainEntityOfPage":{"@id":"https:\/\/sandzakpress.net\/arhiva\/holandija-podize-optuznicu-protiv-thoma-karremansa-za-srebrenicu\/"},"wordCount":230,"commentCount":1,"publisher":{"@id":"https:\/\/sandzakpress.net\/arhiva\/#\/schema\/person\/6e72b67d6e51910a1117b3b483ba20bd"},"image":{"@id":"https:\/\/sandzakpress.net\/arhiva\/holandija-podize-optuznicu-protiv-thoma-karremansa-za-srebrenicu\/#primaryimage"},"thumbnailUrl":"https:\/\/sandzakpress.net\/arhiva\/wp-content\/uploads\/2012\/01\/karemans-i-mladic.jpg","articleSection":["Holandija","Evropa"],"inLanguage":"bs-BA","potentialAction":[{"@type":"CommentAction","name":"Comment","target":["https:\/\/sandzakpress.net\/arhiva\/holandija-podize-optuznicu-protiv-thoma-karremansa-za-srebrenicu\/#respond"]}]},{"@type":"WebPage","@id":"https:\/\/sandzakpress.net\/arhiva\/holandija-podize-optuznicu-protiv-thoma-karremansa-za-srebrenicu\/","url":"https:\/\/sandzakpress.net\/arhiva\/holandija-podize-optuznicu-protiv-thoma-karremansa-za-srebrenicu\/","name":"Holandija podi\u017ee optu\u017enicu protiv Thoma Karremansa za Srebrenicu","isPartOf":{"@id":"https:\/\/sandzakpress.net\/arhiva\/#website"},"primaryImageOfPage":{"@id":"https:\/\/sandzakpress.net\/arhiva\/holandija-podize-optuznicu-protiv-thoma-karremansa-za-srebrenicu\/#primaryimage"},"image":{"@id":"https:\/\/sandzakpress.net\/arhiva\/holandija-podize-optuznicu-protiv-thoma-karremansa-za-srebrenicu\/#primaryimage"},"thumbnailUrl":"https:\/\/sandzakpress.net\/arhiva\/wp-content\/uploads\/2012\/01\/karemans-i-mladic.jpg","datePublished":"2012-01-13T13:41:45+00:00","dateModified":"2012-07-14T18:31:11+00:00","breadcrumb":{"@id":"https:\/\/sandzakpress.net\/arhiva\/holandija-podize-optuznicu-protiv-thoma-karremansa-za-srebrenicu\/#breadcrumb"},"inLanguage":"bs-BA","potentialAction":[{"@type":"ReadAction","target":["https:\/\/sandzakpress.net\/arhiva\/holandija-podize-optuznicu-protiv-thoma-karremansa-za-srebrenicu\/"]}]},{"@type":"ImageObject","inLanguage":"bs-BA","@id":"https:\/\/sandzakpress.net\/arhiva\/holandija-podize-optuznicu-protiv-thoma-karremansa-za-srebrenicu\/#primaryimage","url":"https:\/\/sandzakpress.net\/arhiva\/wp-content\/uploads\/2012\/01\/karemans-i-mladic.jpg","contentUrl":"https:\/\/sandzakpress.net\/arhiva\/wp-content\/uploads\/2012\/01\/karemans-i-mladic.jpg","width":300,"height":146},{"@type":"BreadcrumbList","@id":"https:\/\/sandzakpress.net\/arhiva\/holandija-podize-optuznicu-protiv-thoma-karremansa-za-srebrenicu\/#breadcrumb","itemListElement":[{"@type":"ListItem","position":1,"name":"Home","item":"https:\/\/sandzakpress.net\/arhiva\/"},{"@type":"ListItem","position":2,"name":"Holandija podi\u017ee optu\u017enicu protiv Thoma Karremansa za Srebrenicu"}]},{"@type":"WebSite","@id":"https:\/\/sandzakpress.net\/arhiva\/#website","url":"https:\/\/sandzakpress.net\/arhiva\/","name":"Sand\u017eak PRESS","description":"Prve elektronske novine u Sand\u017eaku","publisher":{"@id":"https:\/\/sandzakpress.net\/arhiva\/#\/schema\/person\/6e72b67d6e51910a1117b3b483ba20bd"},"potentialAction":[{"@type":"SearchAction","target":{"@type":"EntryPoint","urlTemplate":"https:\/\/sandzakpress.net\/arhiva\/?s={search_term_string}"},"query-input":{"@type":"PropertyValueSpecification","valueRequired":true,"valueName":"search_term_string"}}],"inLanguage":"bs-BA"},{"@type":["Person","Organization"],"@id":"https:\/\/sandzakpress.net\/arhiva\/#\/schema\/person\/6e72b67d6e51910a1117b3b483ba20bd","name":"Kul","image":{"@type":"ImageObject","inLanguage":"bs-BA","@id":"https:\/\/sandzakpress.net\/arhiva\/#\/schema\/person\/image\/","url":"https:\/\/secure.gravatar.com\/avatar\/42263f39aa27ac04c43cab85c280eb2e?s=96&d=mm&r=pg","contentUrl":"https:\/\/secure.gravatar.com\/avatar\/42263f39aa27ac04c43cab85c280eb2e?s=96&d=mm&r=pg","caption":"Kul"},"logo":{"@id":"https:\/\/sandzakpress.net\/arhiva\/#\/schema\/person\/image\/"}},{"@type":"Person","@id":"","url":"https:\/\/sandzakpress.net\/arhiva\/author\/"}]}},"_links":{"self":[{"href":"https:\/\/sandzakpress.net\/arhiva\/wp-json\/wp\/v2\/posts\/28406"}],"collection":[{"href":"https:\/\/sandzakpress.net\/arhiva\/wp-json\/wp\/v2\/posts"}],"about":[{"href":"https:\/\/sandzakpress.net\/arhiva\/wp-json\/wp\/v2\/types\/post"}],"author":[{"embeddable":true,"href":"https:\/\/sandzakpress.net\/arhiva\/wp-json\/wp\/v2\/users\/13"}],"replies":[{"embeddable":true,"href":"https:\/\/sandzakpress.net\/arhiva\/wp-json\/wp\/v2\/comments?post=28406"}],"version-history":[{"count":0,"href":"https:\/\/sandzakpress.net\/arhiva\/wp-json\/wp\/v2\/posts\/28406\/revisions"}],"wp:featuredmedia":[{"embeddable":true,"href":"https:\/\/sandzakpress.net\/arhiva\/wp-json\/wp\/v2\/media\/28407"}],"wp:attachment":[{"href":"https:\/\/sandzakpress.net\/arhiva\/wp-json\/wp\/v2\/media?parent=28406"}],"wp:term":[{"taxonomy":"category","embeddable":true,"href":"https:\/\/sandzakpress.net\/arhiva\/wp-json\/wp\/v2\/categories?post=28406"},{"taxonomy":"post_tag","embeddable":true,"href":"https:\/\/sandzakpress.net\/arhiva\/wp-json\/wp\/v2\/tags?post=28406"}],"curies":[{"name":"wp","href":"https:\/\/api.w.org\/{rel}","templated":true}]}}