{"id":28170,"date":"2012-01-10T12:59:10","date_gmt":"2012-01-10T11:59:10","guid":{"rendered":"https:\/\/sandzakpress.net\/arhiva\/?p=28170"},"modified":"2012-01-10T12:59:10","modified_gmt":"2012-01-10T11:59:10","slug":"osuda-zloupotrebe-termina-islam","status":"publish","type":"post","link":"https:\/\/sandzakpress.net\/arhiva\/osuda-zloupotrebe-termina-islam\/","title":{"rendered":"Osuda zloupotrebe termina &#8220;islam&#8221;"},"content":{"rendered":"<p>U povodu politi\u010dke zloupotrebe termina \u201eislam&#8221;, Slu\u017eba za odnose s javno\u0161\u0107u Rijaseta Islamske zajednice u Bosni i Hercegovini izdala je saop\u0107enje za javnost u kojem se ka\u017ee:<\/p>\n<p>Upotreba termina \u201eislam&#8221; i vrijednosti koje on u sebi implicira u politi\u010dke svrhe ili radi politi\u010dke manipulacije je neprihvatljiva i vrije\u0111aju\u0107a za muslimane i Islamsku zajednicu u Bosni i Hercegovini. Islam je Bo\u017eija Rije\u010d, Njegova Istina koja je spu\u0161tena ljudima i u sebi nosi univerzalne vrijednosti i principe dobra za ljude.<\/p>\n<p>Milorad Dodik je u kontekstu o\u017eivljavanja sje\u0107anja na po\u010detak genocidnog projekta ponovo\u00a0 koristio termin \u201eislam&#8221;, rekav\u0161i da su Bo\u0161njaci putem Alije Izetbegovi\u0107a imali o\u010diglednu namjeru da islamiziraju Bosnu i Hercegovinu. Islamska zajednica u Bosni i Hercegovini najo\u0161trije osu\u0111uje ovu i svaku drugu vrstu zloupotrebe termina \u201eislam&#8221;, kao praksu kojoj \u010desto pose\u017eu neki srpski politi\u010dari i ekstremisti. Islamska zajednica insistira da srpski politi\u010dari u Banja Luci i Beogradu prestanu zloupotrebljavati vjeru islam i skre\u0107e pa\u017enju me\u0111unarodnoj zajednici da srpski politi\u010dari u Beogradu i Banja Luci \u0161ire klimu mr\u017enje i rasizma prema muslimanima zbog njihove vjere islama. Dok nije kasno Islamska zajednica upozorava na opasnost od rasizma, \u0161ovinizma i islamofobije.<\/p>\n<p>Jo\u0161 jednom Islamska zajednica ponavlja i poru\u010duje Miloradu Dodiku da su mu bo\u0161nja\u010dki politi\u010dari adresa kojoj se treba obratiti za politi\u010dka pitanja, a da on nije kompetentan da se bavi islamom. Sti\u010de se utisak da je Milorad Dodik, nakon \u0161to je dobio uvjerenje da je navodno \u201epobjedio&#8221; Harisa Silajd\u017ei\u0107a, te nakon povla\u010denja u dobrovoljnu izolaciju Sulejmana Tihi\u0107a i \u201eprizemljenja&#8221; Zlatka Lagumd\u017eije, robusno krenuo na Islamsku zajednicu i vjeru islam. Islamska zajednica obznanjuje da \u0107e uz podr\u0161ku muslimana, onim \u010dime raspola\u017ee, braniti svoja prava i muslimanske interese od svakoga pa i od Milorada Dodika. Islamska zajednica i reisu-l-ulema po svom poslanju imaju obavezu da ozbiljno shvataju zabrinutosti svoga naroda. Kako neko re\u010de, isto je raniti \u010dovjeka ili ga ubiti, jer je to pokazatelj odnosa prema nekome ili ne\u010demu. Stoga Islamska zajednica ima obavezu da na najmanju ogrebotinu njenog naroda reagira, unato\u010d nijemim posmatra\u010dima koji nemaju znanja ili hrabrosti da \u0161tite sebe, ako ve\u0107 ne\u0107e svoj narod.<\/p>\n<p>Moramo primjetiti zanimljivu \u010dinjenicu da Milorad Dodik, po\u0161to nema \u017eivih politi\u010dara, najavljuje svoje napada na mrtvog Aliju Izetbegovi\u0107a, ra\u010dunaju\u0107i da ga ve\u0107 odavno niko ne brani i da su se njegovi politi\u010dki nasljednici dobrim dijelom odrekli svega Alijinog, osim njegovog imena pred izbore i prisje\u0107anja na dan njegove smrti, porukom da je &#8220;Alija bio istorijska li\u010dnost&#8221; &#8211; i ni\u0161ta vi\u0161e. O\u010dito, Dodiku smeta i mrtav Alija Izetbegovi\u0107, i mrtvog ga se boji.<\/p>\n<p>Dakako, drugo je pitanje ima li iko da odgovori Dodiku u ime mrtvog Alije Izetbegovi\u0107a? Gdje su Bo\u0161njaci, njihova pamet i sloboda, ili opet \u010dekaju da im Dodik do\u0111e na ku\u0107na vrata pa da se probude i shvate da napad na Aliju ustvari nije na Aliju, ve\u0107 na njih i njihovu porodicu? Jesu li Bo\u0161njaci opet spremni da pla\u010du kao neja\u010d za onim \u0161to treba da brane kao mu\u0161karci? Ho\u0107e li im opet biti silovane majke, sestre i k\u0107erke da bi shvatili da se trebaju boriti za druge, kako bi odbranili vlastita prava, prije svih pravo na \u017eivot i \u010dast?- ka\u017ee se u saop\u0107enju Slu\u017ebe za odnose s javno\u0161\u0107u Rijaseta Islamske zajednice u Bosni i Hercegovini.<\/p>\n<p>Izvor: <strong>MINA<\/strong><\/p>\n","protected":false},"excerpt":{"rendered":"<p>U povodu politi\u010dke zloupotrebe termina \u201eislam&#8221;, Slu\u017eba za odnose s javno\u0161\u0107u Rijaseta Islamske zajednice u Bosni i Hercegovini izdala je saop\u0107enje za javnost u kojem se ka\u017ee: Upotreba termina \u201eislam&#8221; i vrijednosti koje on u sebi implicira u politi\u010dke svrhe ili radi politi\u010dke manipulacije je neprihvatljiva i vrije\u0111aju\u0107a za muslimane i Islamsku zajednicu u Bosni [&hellip;]<\/p>\n","protected":false},"author":14,"featured_media":0,"comment_status":"open","ping_status":"open","sticky":false,"template":"","format":"standard","meta":{"footnotes":""},"categories":[16],"tags":[],"class_list":{"0":"post-28170","1":"post","2":"type-post","3":"status-publish","4":"format-standard","6":"category-novine"},"yoast_head":"<!-- This site is optimized with the Yoast SEO Premium plugin v23.1 (Yoast SEO v24.9) - https:\/\/yoast.com\/wordpress\/plugins\/seo\/ -->\n<title>Osuda zloupotrebe termina &quot;islam&quot;<\/title>\n<meta name=\"robots\" content=\"index, follow, max-snippet:-1, max-image-preview:large, max-video-preview:-1\" \/>\n<link rel=\"canonical\" href=\"https:\/\/sandzakpress.net\/arhiva\/osuda-zloupotrebe-termina-islam\/\" \/>\n<meta property=\"og:locale\" content=\"bs_BA\" \/>\n<meta property=\"og:type\" content=\"article\" \/>\n<meta property=\"og:title\" content=\"Osuda zloupotrebe termina &quot;islam&quot;\" \/>\n<meta property=\"og:description\" content=\"U povodu politi\u010dke zloupotrebe termina \u201eislam&#8221;, Slu\u017eba za odnose s javno\u0161\u0107u Rijaseta Islamske zajednice u Bosni i Hercegovini izdala je saop\u0107enje za javnost u kojem se ka\u017ee: Upotreba termina \u201eislam&#8221; i vrijednosti koje on u sebi implicira u politi\u010dke svrhe ili radi politi\u010dke manipulacije je neprihvatljiva i vrije\u0111aju\u0107a za muslimane i Islamsku zajednicu u Bosni [&hellip;]\" \/>\n<meta property=\"og:url\" content=\"https:\/\/sandzakpress.net\/arhiva\/osuda-zloupotrebe-termina-islam\/\" \/>\n<meta property=\"og:site_name\" content=\"Sand\u017eak PRESS\" \/>\n<meta property=\"article:published_time\" content=\"2012-01-10T11:59:10+00:00\" \/>\n<meta name=\"twitter:card\" content=\"summary_large_image\" \/>\n<meta name=\"twitter:label1\" content=\"Written by\" \/>\n\t<meta name=\"twitter:data1\" content=\"\" \/>\n\t<meta name=\"twitter:label2\" content=\"Est. reading time\" \/>\n\t<meta name=\"twitter:data2\" content=\"3 minute\" \/>\n<script type=\"application\/ld+json\" class=\"yoast-schema-graph\">{\"@context\":\"https:\/\/schema.org\",\"@graph\":[{\"@type\":\"Article\",\"@id\":\"https:\/\/sandzakpress.net\/arhiva\/osuda-zloupotrebe-termina-islam\/#article\",\"isPartOf\":{\"@id\":\"https:\/\/sandzakpress.net\/arhiva\/osuda-zloupotrebe-termina-islam\/\"},\"author\":{\"name\":\"\",\"@id\":\"\"},\"headline\":\"Osuda zloupotrebe termina &#8220;islam&#8221;\",\"datePublished\":\"2012-01-10T11:59:10+00:00\",\"mainEntityOfPage\":{\"@id\":\"https:\/\/sandzakpress.net\/arhiva\/osuda-zloupotrebe-termina-islam\/\"},\"wordCount\":605,\"commentCount\":0,\"publisher\":{\"@id\":\"https:\/\/sandzakpress.net\/arhiva\/#\/schema\/person\/6e72b67d6e51910a1117b3b483ba20bd\"},\"articleSection\":[\"Novine\"],\"inLanguage\":\"bs-BA\",\"potentialAction\":[{\"@type\":\"CommentAction\",\"name\":\"Comment\",\"target\":[\"https:\/\/sandzakpress.net\/arhiva\/osuda-zloupotrebe-termina-islam\/#respond\"]}]},{\"@type\":\"WebPage\",\"@id\":\"https:\/\/sandzakpress.net\/arhiva\/osuda-zloupotrebe-termina-islam\/\",\"url\":\"https:\/\/sandzakpress.net\/arhiva\/osuda-zloupotrebe-termina-islam\/\",\"name\":\"Osuda zloupotrebe termina \\\"islam\\\"\",\"isPartOf\":{\"@id\":\"https:\/\/sandzakpress.net\/arhiva\/#website\"},\"datePublished\":\"2012-01-10T11:59:10+00:00\",\"breadcrumb\":{\"@id\":\"https:\/\/sandzakpress.net\/arhiva\/osuda-zloupotrebe-termina-islam\/#breadcrumb\"},\"inLanguage\":\"bs-BA\",\"potentialAction\":[{\"@type\":\"ReadAction\",\"target\":[\"https:\/\/sandzakpress.net\/arhiva\/osuda-zloupotrebe-termina-islam\/\"]}]},{\"@type\":\"BreadcrumbList\",\"@id\":\"https:\/\/sandzakpress.net\/arhiva\/osuda-zloupotrebe-termina-islam\/#breadcrumb\",\"itemListElement\":[{\"@type\":\"ListItem\",\"position\":1,\"name\":\"Home\",\"item\":\"https:\/\/sandzakpress.net\/arhiva\/\"},{\"@type\":\"ListItem\",\"position\":2,\"name\":\"Osuda zloupotrebe termina &#8220;islam&#8221;\"}]},{\"@type\":\"WebSite\",\"@id\":\"https:\/\/sandzakpress.net\/arhiva\/#website\",\"url\":\"https:\/\/sandzakpress.net\/arhiva\/\",\"name\":\"Sand\u017eak PRESS\",\"description\":\"Prve elektronske novine u Sand\u017eaku\",\"publisher\":{\"@id\":\"https:\/\/sandzakpress.net\/arhiva\/#\/schema\/person\/6e72b67d6e51910a1117b3b483ba20bd\"},\"potentialAction\":[{\"@type\":\"SearchAction\",\"target\":{\"@type\":\"EntryPoint\",\"urlTemplate\":\"https:\/\/sandzakpress.net\/arhiva\/?s={search_term_string}\"},\"query-input\":{\"@type\":\"PropertyValueSpecification\",\"valueRequired\":true,\"valueName\":\"search_term_string\"}}],\"inLanguage\":\"bs-BA\"},{\"@type\":[\"Person\",\"Organization\"],\"@id\":\"https:\/\/sandzakpress.net\/arhiva\/#\/schema\/person\/6e72b67d6e51910a1117b3b483ba20bd\",\"name\":\"Kul\",\"image\":{\"@type\":\"ImageObject\",\"inLanguage\":\"bs-BA\",\"@id\":\"https:\/\/sandzakpress.net\/arhiva\/#\/schema\/person\/image\/\",\"url\":\"https:\/\/secure.gravatar.com\/avatar\/42263f39aa27ac04c43cab85c280eb2e?s=96&d=mm&r=pg\",\"contentUrl\":\"https:\/\/secure.gravatar.com\/avatar\/42263f39aa27ac04c43cab85c280eb2e?s=96&d=mm&r=pg\",\"caption\":\"Kul\"},\"logo\":{\"@id\":\"https:\/\/sandzakpress.net\/arhiva\/#\/schema\/person\/image\/\"}},{\"@type\":\"Person\",\"@id\":\"\",\"url\":\"https:\/\/sandzakpress.net\/arhiva\/author\/\"}]}<\/script>\n<!-- \/ Yoast SEO Premium plugin. -->","yoast_head_json":{"title":"Osuda zloupotrebe termina \"islam\"","robots":{"index":"index","follow":"follow","max-snippet":"max-snippet:-1","max-image-preview":"max-image-preview:large","max-video-preview":"max-video-preview:-1"},"canonical":"https:\/\/sandzakpress.net\/arhiva\/osuda-zloupotrebe-termina-islam\/","og_locale":"bs_BA","og_type":"article","og_title":"Osuda zloupotrebe termina \"islam\"","og_description":"U povodu politi\u010dke zloupotrebe termina \u201eislam&#8221;, Slu\u017eba za odnose s javno\u0161\u0107u Rijaseta Islamske zajednice u Bosni i Hercegovini izdala je saop\u0107enje za javnost u kojem se ka\u017ee: Upotreba termina \u201eislam&#8221; i vrijednosti koje on u sebi implicira u politi\u010dke svrhe ili radi politi\u010dke manipulacije je neprihvatljiva i vrije\u0111aju\u0107a za muslimane i Islamsku zajednicu u Bosni [&hellip;]","og_url":"https:\/\/sandzakpress.net\/arhiva\/osuda-zloupotrebe-termina-islam\/","og_site_name":"Sand\u017eak PRESS","article_published_time":"2012-01-10T11:59:10+00:00","twitter_card":"summary_large_image","twitter_misc":{"Written by":"","Est. reading time":"3 minute"},"schema":{"@context":"https:\/\/schema.org","@graph":[{"@type":"Article","@id":"https:\/\/sandzakpress.net\/arhiva\/osuda-zloupotrebe-termina-islam\/#article","isPartOf":{"@id":"https:\/\/sandzakpress.net\/arhiva\/osuda-zloupotrebe-termina-islam\/"},"author":{"name":"","@id":""},"headline":"Osuda zloupotrebe termina &#8220;islam&#8221;","datePublished":"2012-01-10T11:59:10+00:00","mainEntityOfPage":{"@id":"https:\/\/sandzakpress.net\/arhiva\/osuda-zloupotrebe-termina-islam\/"},"wordCount":605,"commentCount":0,"publisher":{"@id":"https:\/\/sandzakpress.net\/arhiva\/#\/schema\/person\/6e72b67d6e51910a1117b3b483ba20bd"},"articleSection":["Novine"],"inLanguage":"bs-BA","potentialAction":[{"@type":"CommentAction","name":"Comment","target":["https:\/\/sandzakpress.net\/arhiva\/osuda-zloupotrebe-termina-islam\/#respond"]}]},{"@type":"WebPage","@id":"https:\/\/sandzakpress.net\/arhiva\/osuda-zloupotrebe-termina-islam\/","url":"https:\/\/sandzakpress.net\/arhiva\/osuda-zloupotrebe-termina-islam\/","name":"Osuda zloupotrebe termina \"islam\"","isPartOf":{"@id":"https:\/\/sandzakpress.net\/arhiva\/#website"},"datePublished":"2012-01-10T11:59:10+00:00","breadcrumb":{"@id":"https:\/\/sandzakpress.net\/arhiva\/osuda-zloupotrebe-termina-islam\/#breadcrumb"},"inLanguage":"bs-BA","potentialAction":[{"@type":"ReadAction","target":["https:\/\/sandzakpress.net\/arhiva\/osuda-zloupotrebe-termina-islam\/"]}]},{"@type":"BreadcrumbList","@id":"https:\/\/sandzakpress.net\/arhiva\/osuda-zloupotrebe-termina-islam\/#breadcrumb","itemListElement":[{"@type":"ListItem","position":1,"name":"Home","item":"https:\/\/sandzakpress.net\/arhiva\/"},{"@type":"ListItem","position":2,"name":"Osuda zloupotrebe termina &#8220;islam&#8221;"}]},{"@type":"WebSite","@id":"https:\/\/sandzakpress.net\/arhiva\/#website","url":"https:\/\/sandzakpress.net\/arhiva\/","name":"Sand\u017eak PRESS","description":"Prve elektronske novine u Sand\u017eaku","publisher":{"@id":"https:\/\/sandzakpress.net\/arhiva\/#\/schema\/person\/6e72b67d6e51910a1117b3b483ba20bd"},"potentialAction":[{"@type":"SearchAction","target":{"@type":"EntryPoint","urlTemplate":"https:\/\/sandzakpress.net\/arhiva\/?s={search_term_string}"},"query-input":{"@type":"PropertyValueSpecification","valueRequired":true,"valueName":"search_term_string"}}],"inLanguage":"bs-BA"},{"@type":["Person","Organization"],"@id":"https:\/\/sandzakpress.net\/arhiva\/#\/schema\/person\/6e72b67d6e51910a1117b3b483ba20bd","name":"Kul","image":{"@type":"ImageObject","inLanguage":"bs-BA","@id":"https:\/\/sandzakpress.net\/arhiva\/#\/schema\/person\/image\/","url":"https:\/\/secure.gravatar.com\/avatar\/42263f39aa27ac04c43cab85c280eb2e?s=96&d=mm&r=pg","contentUrl":"https:\/\/secure.gravatar.com\/avatar\/42263f39aa27ac04c43cab85c280eb2e?s=96&d=mm&r=pg","caption":"Kul"},"logo":{"@id":"https:\/\/sandzakpress.net\/arhiva\/#\/schema\/person\/image\/"}},{"@type":"Person","@id":"","url":"https:\/\/sandzakpress.net\/arhiva\/author\/"}]}},"_links":{"self":[{"href":"https:\/\/sandzakpress.net\/arhiva\/wp-json\/wp\/v2\/posts\/28170"}],"collection":[{"href":"https:\/\/sandzakpress.net\/arhiva\/wp-json\/wp\/v2\/posts"}],"about":[{"href":"https:\/\/sandzakpress.net\/arhiva\/wp-json\/wp\/v2\/types\/post"}],"author":[{"embeddable":true,"href":"https:\/\/sandzakpress.net\/arhiva\/wp-json\/wp\/v2\/users\/14"}],"replies":[{"embeddable":true,"href":"https:\/\/sandzakpress.net\/arhiva\/wp-json\/wp\/v2\/comments?post=28170"}],"version-history":[{"count":0,"href":"https:\/\/sandzakpress.net\/arhiva\/wp-json\/wp\/v2\/posts\/28170\/revisions"}],"wp:attachment":[{"href":"https:\/\/sandzakpress.net\/arhiva\/wp-json\/wp\/v2\/media?parent=28170"}],"wp:term":[{"taxonomy":"category","embeddable":true,"href":"https:\/\/sandzakpress.net\/arhiva\/wp-json\/wp\/v2\/categories?post=28170"},{"taxonomy":"post_tag","embeddable":true,"href":"https:\/\/sandzakpress.net\/arhiva\/wp-json\/wp\/v2\/tags?post=28170"}],"curies":[{"name":"wp","href":"https:\/\/api.w.org\/{rel}","templated":true}]}}