{"id":28155,"date":"2012-01-10T12:37:34","date_gmt":"2012-01-10T11:37:34","guid":{"rendered":"https:\/\/sandzakpress.net\/arhiva\/?p=28155"},"modified":"2012-01-10T12:38:12","modified_gmt":"2012-01-10T11:38:12","slug":"kako-do-bih-bez-entiteta","status":"publish","type":"post","link":"https:\/\/sandzakpress.net\/arhiva\/kako-do-bih-bez-entiteta\/","title":{"rendered":"Kako do BiH bez entiteta"},"content":{"rendered":"<p><strong><a href=\"https:\/\/sandzakpress.net\/arhiva\/wp-content\/uploads\/2012\/01\/500_Genocidna_tvorevina_sivigolub.blogger1.jpg\"><img loading=\"lazy\" decoding=\"async\" class=\"alignleft size-medium wp-image-28156\" title=\"500_Genocidna_tvorevina_sivigolub.blogger1\" src=\"https:\/\/sandzakpress.net\/arhiva\/wp-content\/uploads\/2012\/01\/500_Genocidna_tvorevina_sivigolub.blogger1-300x283.jpg\" alt=\"\" width=\"300\" height=\"283\" \/><\/a>BiH &#8211; U nedjelju su u Gra\u010danici i Grada\u010dcu, u prisustvu velikog broja gra\u0111ana, odr\u017eani skupovi pod nazivom \u201c20 godina genocidnog projekta Republike Srpske\u201c, na kojima je govorio mr. Fatmir Alispahi\u0107. <\/strong><\/p>\n<p><strong>On je dao osvrt na presude Svjetskog suda pravde i Ha\u0161kog tribunala koje pokazuju da su utemeljitelji Republike Srpske ratni zlo\u010dinci, zbog \u010dega je nedopustivo da ratni plijen, zasnovan na ubistvima i progonima, ima ustavni karakter. <\/strong><\/p>\n<p>&#8211; Dejtonski sporazum je okvir za nastavak genocida nad Bo\u0161njacima i za velikosrpsko i velikohrvatsko ovladavanje uni\u0161tenom Bosnom i Hercegovinom. Stoga je borba protiv politi\u010dkog Dejtona izvorni antifa\u0161izam, koji proizilazi iz tekovina ZAVNOBiH-a! Dejtonski sporazum je potpisan pod prisilom i ucjenom, on je kriminalan i nelegalan, jer niko u ime Republike Bosne i Hercegovine nije imao ovla\u0161tenja da stavi potpis na priznavanje genocida i negiranje referendumske volje 63 posto bh. gra\u0111ana, koji su se izjasnili u kakvoj BiH \u017eele \u017eivjeti. Politi\u010dki Dejton je negacija referendumske volje bh. gra\u0111ana, i kao takav mora biti obaran, kako bi se vratilo stanje temeljeno na legitimitetu, a ne na protuustavnim dogovorima. Sa ru\u0161enjem Dejtona vra\u0107amo se na prethodno pravno stanje, u Republiku Bosnu i Hercegovinu, u kojoj nije bilo ni entiteta ni kantona, a ljudska i nacionalna prava su garantirana evropskim standardima. Po\u0161to je postojanje genocidnog entiteta Republike Srpske uslovljeno Dejtonom, koji je RS priznao 1995., a ne 1992., to zna\u010di da sa ru\u0161enjem politi\u010dkog Dejtona prestaju postojati i entiteti u BiH. Dosad nije postojala politi\u010dka volja za ru\u0161enje Dejtona i povratak u prethodno pravno stanje, jer su na\u0161i politi\u010dari ucijenjeni vi\u0161estruko, ali i obavezom da prihvataju dejtonska na\u010dela. Ta politi\u010dka volja \u0107e se ubudu\u0107e graditi oko nezavisnih antifa\u0161isti\u010dkih organizacija koje \u0107e zastupati legalitet i legitimitet Republike Bosne i Hercegovine \u2013 rekao je, izme\u0111u ostalog, Fatmir Alispahi\u0107, te predstavio dokumete iz 1995., koji se kriju od javnosti, a koji preciziraju mogu\u0107nost da se Dejtonski sporazum proglasi neva\u017ee\u0107im ukoliko se ne bude sprovodio, a \u0161to je odavno ve\u0107 jasno u pogledu propasti Aneksa sedam.<br \/>\nOrganizatori manifestacija su bila omladinska udru\u017eenja iz Gra\u010danice i Grada\u010dca, a na skupu u Grada\u010dcu se obratio i na\u010delnik ovog grada mr. sc. Fadil Im\u0161irovi\u0107.<\/p>\n<p>Poruke iz Danske:<\/p>\n<p><strong>RS bi mogla biti ukinuta!<\/strong><\/p>\n<p>U nedjelju, 8. januara 2012., u 13:00 sati, bh. organizacije u Danskoj su odr\u017eale protestni miting protiv genocidne tvorevine Republike Srpske i podjele Bosne i Hercegovine. Na mitingu su u ime velikog broja protjeranih Bo\u0161njaka govorili: Ispred Udruzenja dijaspore Munir Mujezinovi\u0107, ina\u010de borac Armije RBiH i ratni vojni invalid. On je ukazao na nepravdu legalizacije projekta \u010diji su tvorci svi odreda optu\u017eeni za genocid i ratne zlo\u010dine. Potom je u ime omladine govorio Arnel \u0160alji\u0107,student prava na Univerzitetu u Kopenhagenu, te mnogi drugi. Skup je protekao dostojanstveno sa porukom antifa\u0161istima u Evropi i patriotima u BiH i dijaspori &#8211; da odlu\u010dno i energi\u010dno zaustave antibosansko djelovanje RS-a, koja bi mogla biti ukinuta ako se doka\u017ee da Dejtonski sporazum nije sproveden i da je okvir za dalje razaranje Bosne i Hercegovine. Tako\u0111e je upozoreno na djelovanje ekstremnog dijela HDZ-a, koji je ve\u0107 20 godina u korelaciji sa velikosrpskim ekstremistima. Sa skupa u Danskoj je poru\u010deno da \u0107e se svakog 9. januara podsje\u0107ati na po\u010detak genocidne agresije.<\/p>\n<p>Njujor\u010dani tra\u017ee me\u0111unarodnu konferenciju o BiH:<\/p>\n<p><strong>Poni\u0161tenje entiteta<\/strong><\/p>\n<p>U subotu 7. januara u IC Monticello &#8211; New York, nakon osnivanja Inicijativnog odbora BKZ i potpisivanja otvaranja Predstavni\u0161tva Sand\u017eaka u SAD uz prisustvo velikog broja Bo\u0161njaka, Albanaca i Amerikanaca odr\u017ean je \u010das historije na temu \u201c20 godina genocidnog projekta Republike Srpske\u201c. Predavanje je odr\u017eao Sead \u0160a\u0107irovi\u0107, predsjednik Narodnog vije\u0107a Sand\u017eaka. \u0160a\u0107irovi\u0107 je posebno istakao proces genocidnog projekta koji je nastao u institucijama i umovima srpsko-crnogorskog fa\u0161isti\u010dkog politi\u010dkog, vjerskog i kulturnog estabili\u0161menta. Taj srpsko-crnogorski genocidni projekat nad Bosnom i bo\u0161nja\u010dkim narodom je zvani\u010dno zapo\u010deo 9. januara 1992. godine kada je osnovana \u201crepublika \u0161umska\u201d u Republici Bosni i Hercegovini. Od tada pa sve do danas, od strane srpsko-crnogorskih velikonacionalista ne janjavaju napadi i kasapljenje na\u0161e jedine domovine i istrebljenje na\u0161eg naroda.<\/p>\n<p>Poruka sa ovog historijskog \u010dasa ukazuje da su institucije me\u0111unarodne zajednice izdale na\u010dela demokracije, dozvolili su agresorima da pred o\u010dima cijelog svijeta kasape me\u0111unarodno priznatu dr\u017eavu i jedan miroljubivi europski narod nad kojim je u srcu Europe ve\u0107 jedanaest puta \u010dini genocid i uz to da na krvlju i kostima nedu\u017enih Bo\u0161njaka formiraju genocidnu tvorevinu, te da je mimo svih ljudskih na\u010dela u mirovnom procesu u Daytonu legaliziraju na 49% bosanske zemlje. U\u010desnici ovog \u010dasa, me\u0111u kojima je bilo pre\u017eivjelih \u017ertava genocida u BiH, zahtjevaju od svih me\u0111unarodnih faktora, a posebno od zvani\u010dnika SAD, da zaka\u017eu me\u0111unarodnu konferenciju o Bosni i Hercegovini i da entiteti kona\u010dno budu poni\u0161teno.<\/p>\n<p>Na kraju su svu prisutni pozvani da se fatihom da se sjete nevinih Bo\u0161njaka i Bo\u0161njakinja koji su stradali u genocidu u cijeloj RBiH, ali i svih onih koji su u stradali u vremenu hap\u0161enja i deportacije sa Crnogorskog primorija, zatim u pljevljiskoj Bukovici, otmice putnika u \u0160trpcima, Sjeverinu i hap\u0161enja u Sand\u017eaku\u2026<\/p>\n<p>Izvor: <strong>Bosnajci.net<\/strong><\/p>\n","protected":false},"excerpt":{"rendered":"<p>BiH &#8211; U nedjelju su u Gra\u010danici i Grada\u010dcu, u prisustvu velikog broja gra\u0111ana, odr\u017eani skupovi pod nazivom \u201c20 godina genocidnog projekta Republike Srpske\u201c, na kojima je govorio mr. Fatmir Alispahi\u0107. On je dao osvrt na presude Svjetskog suda pravde i Ha\u0161kog tribunala koje pokazuju da su utemeljitelji Republike Srpske ratni zlo\u010dinci, zbog \u010dega je [&hellip;]<\/p>\n","protected":false},"author":14,"featured_media":28156,"comment_status":"open","ping_status":"open","sticky":false,"template":"","format":"standard","meta":{"footnotes":""},"categories":[3012,398,800,72,2860,52,397,2690,327,392,396,393,395,2691,394,399,2692,2693],"tags":[],"class_list":{"0":"post-28155","1":"post","2":"type-post","3":"status-publish","4":"format-standard","5":"has-post-thumbnail","7":"category-amerika-gradovi","8":"category-rozaje","9":"category-nacija","10":"category-novi-pazar","11":"category-bosna-i-hercegovina-gradovi","12":"category-sjenica","13":"category-berane","14":"category-kosovo-gradovi","15":"category-tutin","16":"category-prijepolje_","17":"category-bijelo_polje","18":"category-priboj","19":"category-pljevlja_","20":"category-makedonija","21":"category-nova-varos","22":"category-plav_","23":"category-turska-gradovi","24":"category-dijaspora-gradovi"},"yoast_head":"<!-- This site is optimized with the Yoast SEO Premium plugin v23.1 (Yoast SEO v24.9) - https:\/\/yoast.com\/wordpress\/plugins\/seo\/ -->\n<title>Kako do BiH bez entiteta<\/title>\n<meta name=\"robots\" content=\"index, follow, max-snippet:-1, max-image-preview:large, max-video-preview:-1\" \/>\n<link rel=\"canonical\" href=\"https:\/\/sandzakpress.net\/arhiva\/kako-do-bih-bez-entiteta\/\" \/>\n<meta property=\"og:locale\" content=\"bs_BA\" \/>\n<meta property=\"og:type\" content=\"article\" \/>\n<meta property=\"og:title\" content=\"Kako do BiH bez entiteta\" \/>\n<meta property=\"og:description\" content=\"BiH &#8211; U nedjelju su u Gra\u010danici i Grada\u010dcu, u prisustvu velikog broja gra\u0111ana, odr\u017eani skupovi pod nazivom \u201c20 godina genocidnog projekta Republike Srpske\u201c, na kojima je govorio mr. Fatmir Alispahi\u0107. On je dao osvrt na presude Svjetskog suda pravde i Ha\u0161kog tribunala koje pokazuju da su utemeljitelji Republike Srpske ratni zlo\u010dinci, zbog \u010dega je [&hellip;]\" \/>\n<meta property=\"og:url\" content=\"https:\/\/sandzakpress.net\/arhiva\/kako-do-bih-bez-entiteta\/\" \/>\n<meta property=\"og:site_name\" content=\"Sand\u017eak PRESS\" \/>\n<meta property=\"article:published_time\" content=\"2012-01-10T11:37:34+00:00\" \/>\n<meta property=\"article:modified_time\" content=\"2012-01-10T11:38:12+00:00\" \/>\n<meta property=\"og:image\" content=\"https:\/\/sandzakpress.net\/arhiva\/wp-content\/uploads\/2012\/01\/500_Genocidna_tvorevina_sivigolub.blogger1.jpg\" \/>\n\t<meta property=\"og:image:width\" content=\"500\" \/>\n\t<meta property=\"og:image:height\" content=\"472\" \/>\n\t<meta property=\"og:image:type\" content=\"image\/jpeg\" \/>\n<meta name=\"twitter:card\" content=\"summary_large_image\" \/>\n<meta name=\"twitter:label1\" content=\"Written by\" \/>\n\t<meta name=\"twitter:data1\" content=\"\" \/>\n\t<meta name=\"twitter:label2\" content=\"Est. reading time\" \/>\n\t<meta name=\"twitter:data2\" content=\"4 minute\" \/>\n<script type=\"application\/ld+json\" class=\"yoast-schema-graph\">{\"@context\":\"https:\/\/schema.org\",\"@graph\":[{\"@type\":\"Article\",\"@id\":\"https:\/\/sandzakpress.net\/arhiva\/kako-do-bih-bez-entiteta\/#article\",\"isPartOf\":{\"@id\":\"https:\/\/sandzakpress.net\/arhiva\/kako-do-bih-bez-entiteta\/\"},\"author\":{\"name\":\"\",\"@id\":\"\"},\"headline\":\"Kako do BiH bez entiteta\",\"datePublished\":\"2012-01-10T11:37:34+00:00\",\"dateModified\":\"2012-01-10T11:38:12+00:00\",\"mainEntityOfPage\":{\"@id\":\"https:\/\/sandzakpress.net\/arhiva\/kako-do-bih-bez-entiteta\/\"},\"wordCount\":904,\"commentCount\":8,\"publisher\":{\"@id\":\"https:\/\/sandzakpress.net\/arhiva\/#\/schema\/person\/6e72b67d6e51910a1117b3b483ba20bd\"},\"image\":{\"@id\":\"https:\/\/sandzakpress.net\/arhiva\/kako-do-bih-bez-entiteta\/#primaryimage\"},\"thumbnailUrl\":\"https:\/\/sandzakpress.net\/arhiva\/wp-content\/uploads\/2012\/01\/500_Genocidna_tvorevina_sivigolub.blogger1.jpg\",\"articleSection\":[\"Amerika\",\"Ro\u017eaje\",\"Nacija\",\"Novi Pazar\",\"Bosna i Hercegovina\",\"Sjenica\",\"Berane\",\"Kosovo\",\"Tutin\",\"Prijepolje\",\"Bijelo Polje\",\"Priboj\",\"Pljevlja\",\"Makedonija\",\"Nova Varo\u0161\",\"Plav\",\"Turska\",\"Evropa\"],\"inLanguage\":\"bs-BA\",\"potentialAction\":[{\"@type\":\"CommentAction\",\"name\":\"Comment\",\"target\":[\"https:\/\/sandzakpress.net\/arhiva\/kako-do-bih-bez-entiteta\/#respond\"]}]},{\"@type\":\"WebPage\",\"@id\":\"https:\/\/sandzakpress.net\/arhiva\/kako-do-bih-bez-entiteta\/\",\"url\":\"https:\/\/sandzakpress.net\/arhiva\/kako-do-bih-bez-entiteta\/\",\"name\":\"Kako do BiH bez entiteta\",\"isPartOf\":{\"@id\":\"https:\/\/sandzakpress.net\/arhiva\/#website\"},\"primaryImageOfPage\":{\"@id\":\"https:\/\/sandzakpress.net\/arhiva\/kako-do-bih-bez-entiteta\/#primaryimage\"},\"image\":{\"@id\":\"https:\/\/sandzakpress.net\/arhiva\/kako-do-bih-bez-entiteta\/#primaryimage\"},\"thumbnailUrl\":\"https:\/\/sandzakpress.net\/arhiva\/wp-content\/uploads\/2012\/01\/500_Genocidna_tvorevina_sivigolub.blogger1.jpg\",\"datePublished\":\"2012-01-10T11:37:34+00:00\",\"dateModified\":\"2012-01-10T11:38:12+00:00\",\"breadcrumb\":{\"@id\":\"https:\/\/sandzakpress.net\/arhiva\/kako-do-bih-bez-entiteta\/#breadcrumb\"},\"inLanguage\":\"bs-BA\",\"potentialAction\":[{\"@type\":\"ReadAction\",\"target\":[\"https:\/\/sandzakpress.net\/arhiva\/kako-do-bih-bez-entiteta\/\"]}]},{\"@type\":\"ImageObject\",\"inLanguage\":\"bs-BA\",\"@id\":\"https:\/\/sandzakpress.net\/arhiva\/kako-do-bih-bez-entiteta\/#primaryimage\",\"url\":\"https:\/\/sandzakpress.net\/arhiva\/wp-content\/uploads\/2012\/01\/500_Genocidna_tvorevina_sivigolub.blogger1.jpg\",\"contentUrl\":\"https:\/\/sandzakpress.net\/arhiva\/wp-content\/uploads\/2012\/01\/500_Genocidna_tvorevina_sivigolub.blogger1.jpg\",\"width\":500,\"height\":472},{\"@type\":\"BreadcrumbList\",\"@id\":\"https:\/\/sandzakpress.net\/arhiva\/kako-do-bih-bez-entiteta\/#breadcrumb\",\"itemListElement\":[{\"@type\":\"ListItem\",\"position\":1,\"name\":\"Home\",\"item\":\"https:\/\/sandzakpress.net\/arhiva\/\"},{\"@type\":\"ListItem\",\"position\":2,\"name\":\"Kako do BiH bez entiteta\"}]},{\"@type\":\"WebSite\",\"@id\":\"https:\/\/sandzakpress.net\/arhiva\/#website\",\"url\":\"https:\/\/sandzakpress.net\/arhiva\/\",\"name\":\"Sand\u017eak PRESS\",\"description\":\"Prve elektronske novine u Sand\u017eaku\",\"publisher\":{\"@id\":\"https:\/\/sandzakpress.net\/arhiva\/#\/schema\/person\/6e72b67d6e51910a1117b3b483ba20bd\"},\"potentialAction\":[{\"@type\":\"SearchAction\",\"target\":{\"@type\":\"EntryPoint\",\"urlTemplate\":\"https:\/\/sandzakpress.net\/arhiva\/?s={search_term_string}\"},\"query-input\":{\"@type\":\"PropertyValueSpecification\",\"valueRequired\":true,\"valueName\":\"search_term_string\"}}],\"inLanguage\":\"bs-BA\"},{\"@type\":[\"Person\",\"Organization\"],\"@id\":\"https:\/\/sandzakpress.net\/arhiva\/#\/schema\/person\/6e72b67d6e51910a1117b3b483ba20bd\",\"name\":\"Kul\",\"image\":{\"@type\":\"ImageObject\",\"inLanguage\":\"bs-BA\",\"@id\":\"https:\/\/sandzakpress.net\/arhiva\/#\/schema\/person\/image\/\",\"url\":\"https:\/\/secure.gravatar.com\/avatar\/42263f39aa27ac04c43cab85c280eb2e?s=96&d=mm&r=pg\",\"contentUrl\":\"https:\/\/secure.gravatar.com\/avatar\/42263f39aa27ac04c43cab85c280eb2e?s=96&d=mm&r=pg\",\"caption\":\"Kul\"},\"logo\":{\"@id\":\"https:\/\/sandzakpress.net\/arhiva\/#\/schema\/person\/image\/\"}},{\"@type\":\"Person\",\"@id\":\"\",\"url\":\"https:\/\/sandzakpress.net\/arhiva\/author\/\"}]}<\/script>\n<!-- \/ Yoast SEO Premium plugin. -->","yoast_head_json":{"title":"Kako do BiH bez entiteta","robots":{"index":"index","follow":"follow","max-snippet":"max-snippet:-1","max-image-preview":"max-image-preview:large","max-video-preview":"max-video-preview:-1"},"canonical":"https:\/\/sandzakpress.net\/arhiva\/kako-do-bih-bez-entiteta\/","og_locale":"bs_BA","og_type":"article","og_title":"Kako do BiH bez entiteta","og_description":"BiH &#8211; U nedjelju su u Gra\u010danici i Grada\u010dcu, u prisustvu velikog broja gra\u0111ana, odr\u017eani skupovi pod nazivom \u201c20 godina genocidnog projekta Republike Srpske\u201c, na kojima je govorio mr. Fatmir Alispahi\u0107. On je dao osvrt na presude Svjetskog suda pravde i Ha\u0161kog tribunala koje pokazuju da su utemeljitelji Republike Srpske ratni zlo\u010dinci, zbog \u010dega je [&hellip;]","og_url":"https:\/\/sandzakpress.net\/arhiva\/kako-do-bih-bez-entiteta\/","og_site_name":"Sand\u017eak PRESS","article_published_time":"2012-01-10T11:37:34+00:00","article_modified_time":"2012-01-10T11:38:12+00:00","og_image":[{"width":500,"height":472,"url":"https:\/\/sandzakpress.net\/arhiva\/wp-content\/uploads\/2012\/01\/500_Genocidna_tvorevina_sivigolub.blogger1.jpg","type":"image\/jpeg"}],"twitter_card":"summary_large_image","twitter_misc":{"Written by":"","Est. reading time":"4 minute"},"schema":{"@context":"https:\/\/schema.org","@graph":[{"@type":"Article","@id":"https:\/\/sandzakpress.net\/arhiva\/kako-do-bih-bez-entiteta\/#article","isPartOf":{"@id":"https:\/\/sandzakpress.net\/arhiva\/kako-do-bih-bez-entiteta\/"},"author":{"name":"","@id":""},"headline":"Kako do BiH bez entiteta","datePublished":"2012-01-10T11:37:34+00:00","dateModified":"2012-01-10T11:38:12+00:00","mainEntityOfPage":{"@id":"https:\/\/sandzakpress.net\/arhiva\/kako-do-bih-bez-entiteta\/"},"wordCount":904,"commentCount":8,"publisher":{"@id":"https:\/\/sandzakpress.net\/arhiva\/#\/schema\/person\/6e72b67d6e51910a1117b3b483ba20bd"},"image":{"@id":"https:\/\/sandzakpress.net\/arhiva\/kako-do-bih-bez-entiteta\/#primaryimage"},"thumbnailUrl":"https:\/\/sandzakpress.net\/arhiva\/wp-content\/uploads\/2012\/01\/500_Genocidna_tvorevina_sivigolub.blogger1.jpg","articleSection":["Amerika","Ro\u017eaje","Nacija","Novi Pazar","Bosna i Hercegovina","Sjenica","Berane","Kosovo","Tutin","Prijepolje","Bijelo Polje","Priboj","Pljevlja","Makedonija","Nova Varo\u0161","Plav","Turska","Evropa"],"inLanguage":"bs-BA","potentialAction":[{"@type":"CommentAction","name":"Comment","target":["https:\/\/sandzakpress.net\/arhiva\/kako-do-bih-bez-entiteta\/#respond"]}]},{"@type":"WebPage","@id":"https:\/\/sandzakpress.net\/arhiva\/kako-do-bih-bez-entiteta\/","url":"https:\/\/sandzakpress.net\/arhiva\/kako-do-bih-bez-entiteta\/","name":"Kako do BiH bez entiteta","isPartOf":{"@id":"https:\/\/sandzakpress.net\/arhiva\/#website"},"primaryImageOfPage":{"@id":"https:\/\/sandzakpress.net\/arhiva\/kako-do-bih-bez-entiteta\/#primaryimage"},"image":{"@id":"https:\/\/sandzakpress.net\/arhiva\/kako-do-bih-bez-entiteta\/#primaryimage"},"thumbnailUrl":"https:\/\/sandzakpress.net\/arhiva\/wp-content\/uploads\/2012\/01\/500_Genocidna_tvorevina_sivigolub.blogger1.jpg","datePublished":"2012-01-10T11:37:34+00:00","dateModified":"2012-01-10T11:38:12+00:00","breadcrumb":{"@id":"https:\/\/sandzakpress.net\/arhiva\/kako-do-bih-bez-entiteta\/#breadcrumb"},"inLanguage":"bs-BA","potentialAction":[{"@type":"ReadAction","target":["https:\/\/sandzakpress.net\/arhiva\/kako-do-bih-bez-entiteta\/"]}]},{"@type":"ImageObject","inLanguage":"bs-BA","@id":"https:\/\/sandzakpress.net\/arhiva\/kako-do-bih-bez-entiteta\/#primaryimage","url":"https:\/\/sandzakpress.net\/arhiva\/wp-content\/uploads\/2012\/01\/500_Genocidna_tvorevina_sivigolub.blogger1.jpg","contentUrl":"https:\/\/sandzakpress.net\/arhiva\/wp-content\/uploads\/2012\/01\/500_Genocidna_tvorevina_sivigolub.blogger1.jpg","width":500,"height":472},{"@type":"BreadcrumbList","@id":"https:\/\/sandzakpress.net\/arhiva\/kako-do-bih-bez-entiteta\/#breadcrumb","itemListElement":[{"@type":"ListItem","position":1,"name":"Home","item":"https:\/\/sandzakpress.net\/arhiva\/"},{"@type":"ListItem","position":2,"name":"Kako do BiH bez entiteta"}]},{"@type":"WebSite","@id":"https:\/\/sandzakpress.net\/arhiva\/#website","url":"https:\/\/sandzakpress.net\/arhiva\/","name":"Sand\u017eak PRESS","description":"Prve elektronske novine u Sand\u017eaku","publisher":{"@id":"https:\/\/sandzakpress.net\/arhiva\/#\/schema\/person\/6e72b67d6e51910a1117b3b483ba20bd"},"potentialAction":[{"@type":"SearchAction","target":{"@type":"EntryPoint","urlTemplate":"https:\/\/sandzakpress.net\/arhiva\/?s={search_term_string}"},"query-input":{"@type":"PropertyValueSpecification","valueRequired":true,"valueName":"search_term_string"}}],"inLanguage":"bs-BA"},{"@type":["Person","Organization"],"@id":"https:\/\/sandzakpress.net\/arhiva\/#\/schema\/person\/6e72b67d6e51910a1117b3b483ba20bd","name":"Kul","image":{"@type":"ImageObject","inLanguage":"bs-BA","@id":"https:\/\/sandzakpress.net\/arhiva\/#\/schema\/person\/image\/","url":"https:\/\/secure.gravatar.com\/avatar\/42263f39aa27ac04c43cab85c280eb2e?s=96&d=mm&r=pg","contentUrl":"https:\/\/secure.gravatar.com\/avatar\/42263f39aa27ac04c43cab85c280eb2e?s=96&d=mm&r=pg","caption":"Kul"},"logo":{"@id":"https:\/\/sandzakpress.net\/arhiva\/#\/schema\/person\/image\/"}},{"@type":"Person","@id":"","url":"https:\/\/sandzakpress.net\/arhiva\/author\/"}]}},"_links":{"self":[{"href":"https:\/\/sandzakpress.net\/arhiva\/wp-json\/wp\/v2\/posts\/28155"}],"collection":[{"href":"https:\/\/sandzakpress.net\/arhiva\/wp-json\/wp\/v2\/posts"}],"about":[{"href":"https:\/\/sandzakpress.net\/arhiva\/wp-json\/wp\/v2\/types\/post"}],"author":[{"embeddable":true,"href":"https:\/\/sandzakpress.net\/arhiva\/wp-json\/wp\/v2\/users\/14"}],"replies":[{"embeddable":true,"href":"https:\/\/sandzakpress.net\/arhiva\/wp-json\/wp\/v2\/comments?post=28155"}],"version-history":[{"count":0,"href":"https:\/\/sandzakpress.net\/arhiva\/wp-json\/wp\/v2\/posts\/28155\/revisions"}],"wp:featuredmedia":[{"embeddable":true,"href":"https:\/\/sandzakpress.net\/arhiva\/wp-json\/wp\/v2\/media\/28156"}],"wp:attachment":[{"href":"https:\/\/sandzakpress.net\/arhiva\/wp-json\/wp\/v2\/media?parent=28155"}],"wp:term":[{"taxonomy":"category","embeddable":true,"href":"https:\/\/sandzakpress.net\/arhiva\/wp-json\/wp\/v2\/categories?post=28155"},{"taxonomy":"post_tag","embeddable":true,"href":"https:\/\/sandzakpress.net\/arhiva\/wp-json\/wp\/v2\/tags?post=28155"}],"curies":[{"name":"wp","href":"https:\/\/api.w.org\/{rel}","templated":true}]}}