{"id":27803,"date":"2012-01-05T21:43:42","date_gmt":"2012-01-05T20:43:42","guid":{"rendered":"https:\/\/sandzakpress.net\/arhiva\/?p=27803"},"modified":"2012-01-05T21:48:44","modified_gmt":"2012-01-05T20:48:44","slug":"ljajic-pokusava-ukinuti-tv-jedinstvo","status":"publish","type":"post","link":"https:\/\/sandzakpress.net\/arhiva\/ljajic-pokusava-ukinuti-tv-jedinstvo\/","title":{"rendered":"Ljaji\u0107 poku\u0161ava ukinuti TV Jedinstvo"},"content":{"rendered":"<p><a href=\"https:\/\/sandzakpress.net\/arhiva\/wp-content\/uploads\/2012\/01\/rasim-ljajic-vuk-draskovic.jpg\"><img loading=\"lazy\" decoding=\"async\" class=\"aligncenter size-full wp-image-27804\" title=\"rasim-ljajic-vuk-draskovic\" src=\"https:\/\/sandzakpress.net\/arhiva\/wp-content\/uploads\/2012\/01\/rasim-ljajic-vuk-draskovic.jpg\" alt=\"\" width=\"618\" height=\"316\" \/><\/a><\/p>\n<p><strong>Sjeverni Sand\u017eak &#8211; Kako saznaje Sand\u017eak PRESS ministar za rad i socijalnu politiku, Rasim Ljaji\u0107, uz podr\u0161ku pojedinaca iz Vlade R. Srbije vi\u0161e mjeseci radi na ukidanju TV Jedinstva.<\/strong><\/p>\n<p>Prema tim saznanjima, uz razne malverzacije, Ljaji\u0107 je uspio da izdejstvuje brisanje iz registra privrednih subjekata u Agenciji za privredne registre (APR) osniva\u010da TV Jedinstva \u2013 AD Jedinstvo.<\/p>\n<p>Sada se nastavlja pritisak na savjet Radio difuzne agencije (RRA) da donese rje\u0161enje o oduzimanju TV frekfencije.<\/p>\n<p>Nije te\u0161ko zaklju\u010diti da je ovaj korak re\u017eima i njegovih saradnika u ovom trenutku poku\u0161aj da se ugu\u0161i svjetlo slobodnog informisanja kako bi Regionalna TV Rasima Ljaji\u0107a ostala jedina sa signalom u ve\u0107inskom dijelu Sand\u017eaka.<\/p>\n<p>Javnosti je poznato da je ova televizija uvijek bila otvorena za sve, te da je Rasim Ljaji\u0107 upravo zahvaljuju\u0107i dostupnosti ove televizije pobjedio na pro\u0161lim izborima.<\/p>\n<p>TV Jedinstvo je najstarija televizija u Sand\u017eaku. Njeno eventualno ukidanje zna\u010dilo bi direktni udarac na slobodne medije u Sand\u017eaku.<\/p>\n<p>Izvor: <strong>SandzakPRESS.net<\/strong><\/p>\n","protected":false},"excerpt":{"rendered":"<p>Sjeverni Sand\u017eak &#8211; Kako saznaje Sand\u017eak PRESS ministar za rad i socijalnu politiku, Rasim Ljaji\u0107, uz podr\u0161ku pojedinaca iz Vlade R. Srbije vi\u0161e mjeseci radi na ukidanju TV Jedinstva. Prema tim saznanjima, uz razne malverzacije, Ljaji\u0107 je uspio da izdejstvuje brisanje iz registra privrednih subjekata u Agenciji za privredne registre (APR) osniva\u010da TV Jedinstva \u2013 [&hellip;]<\/p>\n","protected":false},"author":83,"featured_media":27804,"comment_status":"open","ping_status":"open","sticky":false,"template":"","format":"standard","meta":{"footnotes":""},"categories":[72,1,52,327],"tags":[],"class_list":{"0":"post-27803","1":"post","2":"type-post","3":"status-publish","4":"format-standard","5":"has-post-thumbnail","7":"category-novi-pazar","8":"category-politika","9":"category-sjenica","10":"category-tutin"},"yoast_head":"<!-- This site is optimized with the Yoast SEO Premium plugin v23.1 (Yoast SEO v24.9) - https:\/\/yoast.com\/wordpress\/plugins\/seo\/ -->\n<title>Ljaji\u0107 poku\u0161ava ukinuti TV Jedinstvo<\/title>\n<meta name=\"robots\" content=\"index, follow, max-snippet:-1, max-image-preview:large, max-video-preview:-1\" \/>\n<link rel=\"canonical\" href=\"https:\/\/sandzakpress.net\/arhiva\/ljajic-pokusava-ukinuti-tv-jedinstvo\/\" \/>\n<meta property=\"og:locale\" content=\"bs_BA\" \/>\n<meta property=\"og:type\" content=\"article\" \/>\n<meta property=\"og:title\" content=\"Ljaji\u0107 poku\u0161ava ukinuti TV Jedinstvo\" \/>\n<meta property=\"og:description\" content=\"Sjeverni Sand\u017eak &#8211; Kako saznaje Sand\u017eak PRESS ministar za rad i socijalnu politiku, Rasim Ljaji\u0107, uz podr\u0161ku pojedinaca iz Vlade R. Srbije vi\u0161e mjeseci radi na ukidanju TV Jedinstva. Prema tim saznanjima, uz razne malverzacije, Ljaji\u0107 je uspio da izdejstvuje brisanje iz registra privrednih subjekata u Agenciji za privredne registre (APR) osniva\u010da TV Jedinstva \u2013 [&hellip;]\" \/>\n<meta property=\"og:url\" content=\"https:\/\/sandzakpress.net\/arhiva\/ljajic-pokusava-ukinuti-tv-jedinstvo\/\" \/>\n<meta property=\"og:site_name\" content=\"Sand\u017eak PRESS\" \/>\n<meta property=\"article:published_time\" content=\"2012-01-05T20:43:42+00:00\" \/>\n<meta property=\"article:modified_time\" content=\"2012-01-05T20:48:44+00:00\" \/>\n<meta property=\"og:image\" content=\"https:\/\/sandzakpress.net\/arhiva\/wp-content\/uploads\/2012\/01\/rasim-ljajic-vuk-draskovic.jpg\" \/>\n\t<meta property=\"og:image:width\" content=\"616\" \/>\n\t<meta property=\"og:image:height\" content=\"315\" \/>\n\t<meta property=\"og:image:type\" content=\"image\/jpeg\" \/>\n<meta name=\"author\" content=\"bosniak\" \/>\n<meta name=\"twitter:card\" content=\"summary_large_image\" \/>\n<meta name=\"twitter:label1\" content=\"Written by\" \/>\n\t<meta name=\"twitter:data1\" content=\"bosniak\" \/>\n\t<meta name=\"twitter:label2\" content=\"Est. reading time\" \/>\n\t<meta name=\"twitter:data2\" content=\"1 minuta\" \/>\n<script type=\"application\/ld+json\" class=\"yoast-schema-graph\">{\"@context\":\"https:\/\/schema.org\",\"@graph\":[{\"@type\":\"Article\",\"@id\":\"https:\/\/sandzakpress.net\/arhiva\/ljajic-pokusava-ukinuti-tv-jedinstvo\/#article\",\"isPartOf\":{\"@id\":\"https:\/\/sandzakpress.net\/arhiva\/ljajic-pokusava-ukinuti-tv-jedinstvo\/\"},\"author\":{\"name\":\"bosniak\",\"@id\":\"https:\/\/sandzakpress.net\/arhiva\/#\/schema\/person\/c8baee722073534b583ea7bdb2e36c02\"},\"headline\":\"Ljaji\u0107 poku\u0161ava ukinuti TV Jedinstvo\",\"datePublished\":\"2012-01-05T20:43:42+00:00\",\"dateModified\":\"2012-01-05T20:48:44+00:00\",\"mainEntityOfPage\":{\"@id\":\"https:\/\/sandzakpress.net\/arhiva\/ljajic-pokusava-ukinuti-tv-jedinstvo\/\"},\"wordCount\":181,\"commentCount\":89,\"publisher\":{\"@id\":\"https:\/\/sandzakpress.net\/arhiva\/#\/schema\/person\/6e72b67d6e51910a1117b3b483ba20bd\"},\"image\":{\"@id\":\"https:\/\/sandzakpress.net\/arhiva\/ljajic-pokusava-ukinuti-tv-jedinstvo\/#primaryimage\"},\"thumbnailUrl\":\"https:\/\/sandzakpress.net\/arhiva\/wp-content\/uploads\/2012\/01\/rasim-ljajic-vuk-draskovic.jpg\",\"articleSection\":[\"Novi Pazar\",\"Politika\",\"Sjenica\",\"Tutin\"],\"inLanguage\":\"bs-BA\",\"potentialAction\":[{\"@type\":\"CommentAction\",\"name\":\"Comment\",\"target\":[\"https:\/\/sandzakpress.net\/arhiva\/ljajic-pokusava-ukinuti-tv-jedinstvo\/#respond\"]}]},{\"@type\":\"WebPage\",\"@id\":\"https:\/\/sandzakpress.net\/arhiva\/ljajic-pokusava-ukinuti-tv-jedinstvo\/\",\"url\":\"https:\/\/sandzakpress.net\/arhiva\/ljajic-pokusava-ukinuti-tv-jedinstvo\/\",\"name\":\"Ljaji\u0107 poku\u0161ava ukinuti TV Jedinstvo\",\"isPartOf\":{\"@id\":\"https:\/\/sandzakpress.net\/arhiva\/#website\"},\"primaryImageOfPage\":{\"@id\":\"https:\/\/sandzakpress.net\/arhiva\/ljajic-pokusava-ukinuti-tv-jedinstvo\/#primaryimage\"},\"image\":{\"@id\":\"https:\/\/sandzakpress.net\/arhiva\/ljajic-pokusava-ukinuti-tv-jedinstvo\/#primaryimage\"},\"thumbnailUrl\":\"https:\/\/sandzakpress.net\/arhiva\/wp-content\/uploads\/2012\/01\/rasim-ljajic-vuk-draskovic.jpg\",\"datePublished\":\"2012-01-05T20:43:42+00:00\",\"dateModified\":\"2012-01-05T20:48:44+00:00\",\"breadcrumb\":{\"@id\":\"https:\/\/sandzakpress.net\/arhiva\/ljajic-pokusava-ukinuti-tv-jedinstvo\/#breadcrumb\"},\"inLanguage\":\"bs-BA\",\"potentialAction\":[{\"@type\":\"ReadAction\",\"target\":[\"https:\/\/sandzakpress.net\/arhiva\/ljajic-pokusava-ukinuti-tv-jedinstvo\/\"]}]},{\"@type\":\"ImageObject\",\"inLanguage\":\"bs-BA\",\"@id\":\"https:\/\/sandzakpress.net\/arhiva\/ljajic-pokusava-ukinuti-tv-jedinstvo\/#primaryimage\",\"url\":\"https:\/\/sandzakpress.net\/arhiva\/wp-content\/uploads\/2012\/01\/rasim-ljajic-vuk-draskovic.jpg\",\"contentUrl\":\"https:\/\/sandzakpress.net\/arhiva\/wp-content\/uploads\/2012\/01\/rasim-ljajic-vuk-draskovic.jpg\",\"width\":616,\"height\":315},{\"@type\":\"BreadcrumbList\",\"@id\":\"https:\/\/sandzakpress.net\/arhiva\/ljajic-pokusava-ukinuti-tv-jedinstvo\/#breadcrumb\",\"itemListElement\":[{\"@type\":\"ListItem\",\"position\":1,\"name\":\"Home\",\"item\":\"https:\/\/sandzakpress.net\/arhiva\/\"},{\"@type\":\"ListItem\",\"position\":2,\"name\":\"Ljaji\u0107 poku\u0161ava ukinuti TV Jedinstvo\"}]},{\"@type\":\"WebSite\",\"@id\":\"https:\/\/sandzakpress.net\/arhiva\/#website\",\"url\":\"https:\/\/sandzakpress.net\/arhiva\/\",\"name\":\"Sand\u017eak PRESS\",\"description\":\"Prve elektronske novine u Sand\u017eaku\",\"publisher\":{\"@id\":\"https:\/\/sandzakpress.net\/arhiva\/#\/schema\/person\/6e72b67d6e51910a1117b3b483ba20bd\"},\"potentialAction\":[{\"@type\":\"SearchAction\",\"target\":{\"@type\":\"EntryPoint\",\"urlTemplate\":\"https:\/\/sandzakpress.net\/arhiva\/?s={search_term_string}\"},\"query-input\":{\"@type\":\"PropertyValueSpecification\",\"valueRequired\":true,\"valueName\":\"search_term_string\"}}],\"inLanguage\":\"bs-BA\"},{\"@type\":[\"Person\",\"Organization\"],\"@id\":\"https:\/\/sandzakpress.net\/arhiva\/#\/schema\/person\/6e72b67d6e51910a1117b3b483ba20bd\",\"name\":\"Kul\",\"image\":{\"@type\":\"ImageObject\",\"inLanguage\":\"bs-BA\",\"@id\":\"https:\/\/sandzakpress.net\/arhiva\/#\/schema\/person\/image\/\",\"url\":\"https:\/\/secure.gravatar.com\/avatar\/42263f39aa27ac04c43cab85c280eb2e?s=96&d=mm&r=pg\",\"contentUrl\":\"https:\/\/secure.gravatar.com\/avatar\/42263f39aa27ac04c43cab85c280eb2e?s=96&d=mm&r=pg\",\"caption\":\"Kul\"},\"logo\":{\"@id\":\"https:\/\/sandzakpress.net\/arhiva\/#\/schema\/person\/image\/\"}},{\"@type\":\"Person\",\"@id\":\"https:\/\/sandzakpress.net\/arhiva\/#\/schema\/person\/c8baee722073534b583ea7bdb2e36c02\",\"name\":\"bosniak\",\"image\":{\"@type\":\"ImageObject\",\"inLanguage\":\"bs-BA\",\"@id\":\"https:\/\/sandzakpress.net\/arhiva\/#\/schema\/person\/image\/\",\"url\":\"https:\/\/secure.gravatar.com\/avatar\/a04fd330bfe3a36a72a0ad4a6d89fca7?s=96&d=mm&r=pg\",\"contentUrl\":\"https:\/\/secure.gravatar.com\/avatar\/a04fd330bfe3a36a72a0ad4a6d89fca7?s=96&d=mm&r=pg\",\"caption\":\"bosniak\"},\"url\":\"https:\/\/sandzakpress.net\/arhiva\/author\/bosniak\/\"}]}<\/script>\n<!-- \/ Yoast SEO Premium plugin. -->","yoast_head_json":{"title":"Ljaji\u0107 poku\u0161ava ukinuti TV Jedinstvo","robots":{"index":"index","follow":"follow","max-snippet":"max-snippet:-1","max-image-preview":"max-image-preview:large","max-video-preview":"max-video-preview:-1"},"canonical":"https:\/\/sandzakpress.net\/arhiva\/ljajic-pokusava-ukinuti-tv-jedinstvo\/","og_locale":"bs_BA","og_type":"article","og_title":"Ljaji\u0107 poku\u0161ava ukinuti TV Jedinstvo","og_description":"Sjeverni Sand\u017eak &#8211; Kako saznaje Sand\u017eak PRESS ministar za rad i socijalnu politiku, Rasim Ljaji\u0107, uz podr\u0161ku pojedinaca iz Vlade R. Srbije vi\u0161e mjeseci radi na ukidanju TV Jedinstva. Prema tim saznanjima, uz razne malverzacije, Ljaji\u0107 je uspio da izdejstvuje brisanje iz registra privrednih subjekata u Agenciji za privredne registre (APR) osniva\u010da TV Jedinstva \u2013 [&hellip;]","og_url":"https:\/\/sandzakpress.net\/arhiva\/ljajic-pokusava-ukinuti-tv-jedinstvo\/","og_site_name":"Sand\u017eak PRESS","article_published_time":"2012-01-05T20:43:42+00:00","article_modified_time":"2012-01-05T20:48:44+00:00","og_image":[{"width":616,"height":315,"url":"https:\/\/sandzakpress.net\/arhiva\/wp-content\/uploads\/2012\/01\/rasim-ljajic-vuk-draskovic.jpg","type":"image\/jpeg"}],"author":"bosniak","twitter_card":"summary_large_image","twitter_misc":{"Written by":"bosniak","Est. reading time":"1 minuta"},"schema":{"@context":"https:\/\/schema.org","@graph":[{"@type":"Article","@id":"https:\/\/sandzakpress.net\/arhiva\/ljajic-pokusava-ukinuti-tv-jedinstvo\/#article","isPartOf":{"@id":"https:\/\/sandzakpress.net\/arhiva\/ljajic-pokusava-ukinuti-tv-jedinstvo\/"},"author":{"name":"bosniak","@id":"https:\/\/sandzakpress.net\/arhiva\/#\/schema\/person\/c8baee722073534b583ea7bdb2e36c02"},"headline":"Ljaji\u0107 poku\u0161ava ukinuti TV Jedinstvo","datePublished":"2012-01-05T20:43:42+00:00","dateModified":"2012-01-05T20:48:44+00:00","mainEntityOfPage":{"@id":"https:\/\/sandzakpress.net\/arhiva\/ljajic-pokusava-ukinuti-tv-jedinstvo\/"},"wordCount":181,"commentCount":89,"publisher":{"@id":"https:\/\/sandzakpress.net\/arhiva\/#\/schema\/person\/6e72b67d6e51910a1117b3b483ba20bd"},"image":{"@id":"https:\/\/sandzakpress.net\/arhiva\/ljajic-pokusava-ukinuti-tv-jedinstvo\/#primaryimage"},"thumbnailUrl":"https:\/\/sandzakpress.net\/arhiva\/wp-content\/uploads\/2012\/01\/rasim-ljajic-vuk-draskovic.jpg","articleSection":["Novi Pazar","Politika","Sjenica","Tutin"],"inLanguage":"bs-BA","potentialAction":[{"@type":"CommentAction","name":"Comment","target":["https:\/\/sandzakpress.net\/arhiva\/ljajic-pokusava-ukinuti-tv-jedinstvo\/#respond"]}]},{"@type":"WebPage","@id":"https:\/\/sandzakpress.net\/arhiva\/ljajic-pokusava-ukinuti-tv-jedinstvo\/","url":"https:\/\/sandzakpress.net\/arhiva\/ljajic-pokusava-ukinuti-tv-jedinstvo\/","name":"Ljaji\u0107 poku\u0161ava ukinuti TV Jedinstvo","isPartOf":{"@id":"https:\/\/sandzakpress.net\/arhiva\/#website"},"primaryImageOfPage":{"@id":"https:\/\/sandzakpress.net\/arhiva\/ljajic-pokusava-ukinuti-tv-jedinstvo\/#primaryimage"},"image":{"@id":"https:\/\/sandzakpress.net\/arhiva\/ljajic-pokusava-ukinuti-tv-jedinstvo\/#primaryimage"},"thumbnailUrl":"https:\/\/sandzakpress.net\/arhiva\/wp-content\/uploads\/2012\/01\/rasim-ljajic-vuk-draskovic.jpg","datePublished":"2012-01-05T20:43:42+00:00","dateModified":"2012-01-05T20:48:44+00:00","breadcrumb":{"@id":"https:\/\/sandzakpress.net\/arhiva\/ljajic-pokusava-ukinuti-tv-jedinstvo\/#breadcrumb"},"inLanguage":"bs-BA","potentialAction":[{"@type":"ReadAction","target":["https:\/\/sandzakpress.net\/arhiva\/ljajic-pokusava-ukinuti-tv-jedinstvo\/"]}]},{"@type":"ImageObject","inLanguage":"bs-BA","@id":"https:\/\/sandzakpress.net\/arhiva\/ljajic-pokusava-ukinuti-tv-jedinstvo\/#primaryimage","url":"https:\/\/sandzakpress.net\/arhiva\/wp-content\/uploads\/2012\/01\/rasim-ljajic-vuk-draskovic.jpg","contentUrl":"https:\/\/sandzakpress.net\/arhiva\/wp-content\/uploads\/2012\/01\/rasim-ljajic-vuk-draskovic.jpg","width":616,"height":315},{"@type":"BreadcrumbList","@id":"https:\/\/sandzakpress.net\/arhiva\/ljajic-pokusava-ukinuti-tv-jedinstvo\/#breadcrumb","itemListElement":[{"@type":"ListItem","position":1,"name":"Home","item":"https:\/\/sandzakpress.net\/arhiva\/"},{"@type":"ListItem","position":2,"name":"Ljaji\u0107 poku\u0161ava ukinuti TV Jedinstvo"}]},{"@type":"WebSite","@id":"https:\/\/sandzakpress.net\/arhiva\/#website","url":"https:\/\/sandzakpress.net\/arhiva\/","name":"Sand\u017eak PRESS","description":"Prve elektronske novine u Sand\u017eaku","publisher":{"@id":"https:\/\/sandzakpress.net\/arhiva\/#\/schema\/person\/6e72b67d6e51910a1117b3b483ba20bd"},"potentialAction":[{"@type":"SearchAction","target":{"@type":"EntryPoint","urlTemplate":"https:\/\/sandzakpress.net\/arhiva\/?s={search_term_string}"},"query-input":{"@type":"PropertyValueSpecification","valueRequired":true,"valueName":"search_term_string"}}],"inLanguage":"bs-BA"},{"@type":["Person","Organization"],"@id":"https:\/\/sandzakpress.net\/arhiva\/#\/schema\/person\/6e72b67d6e51910a1117b3b483ba20bd","name":"Kul","image":{"@type":"ImageObject","inLanguage":"bs-BA","@id":"https:\/\/sandzakpress.net\/arhiva\/#\/schema\/person\/image\/","url":"https:\/\/secure.gravatar.com\/avatar\/42263f39aa27ac04c43cab85c280eb2e?s=96&d=mm&r=pg","contentUrl":"https:\/\/secure.gravatar.com\/avatar\/42263f39aa27ac04c43cab85c280eb2e?s=96&d=mm&r=pg","caption":"Kul"},"logo":{"@id":"https:\/\/sandzakpress.net\/arhiva\/#\/schema\/person\/image\/"}},{"@type":"Person","@id":"https:\/\/sandzakpress.net\/arhiva\/#\/schema\/person\/c8baee722073534b583ea7bdb2e36c02","name":"bosniak","image":{"@type":"ImageObject","inLanguage":"bs-BA","@id":"https:\/\/sandzakpress.net\/arhiva\/#\/schema\/person\/image\/","url":"https:\/\/secure.gravatar.com\/avatar\/a04fd330bfe3a36a72a0ad4a6d89fca7?s=96&d=mm&r=pg","contentUrl":"https:\/\/secure.gravatar.com\/avatar\/a04fd330bfe3a36a72a0ad4a6d89fca7?s=96&d=mm&r=pg","caption":"bosniak"},"url":"https:\/\/sandzakpress.net\/arhiva\/author\/bosniak\/"}]}},"_links":{"self":[{"href":"https:\/\/sandzakpress.net\/arhiva\/wp-json\/wp\/v2\/posts\/27803"}],"collection":[{"href":"https:\/\/sandzakpress.net\/arhiva\/wp-json\/wp\/v2\/posts"}],"about":[{"href":"https:\/\/sandzakpress.net\/arhiva\/wp-json\/wp\/v2\/types\/post"}],"author":[{"embeddable":true,"href":"https:\/\/sandzakpress.net\/arhiva\/wp-json\/wp\/v2\/users\/83"}],"replies":[{"embeddable":true,"href":"https:\/\/sandzakpress.net\/arhiva\/wp-json\/wp\/v2\/comments?post=27803"}],"version-history":[{"count":0,"href":"https:\/\/sandzakpress.net\/arhiva\/wp-json\/wp\/v2\/posts\/27803\/revisions"}],"wp:featuredmedia":[{"embeddable":true,"href":"https:\/\/sandzakpress.net\/arhiva\/wp-json\/wp\/v2\/media\/27804"}],"wp:attachment":[{"href":"https:\/\/sandzakpress.net\/arhiva\/wp-json\/wp\/v2\/media?parent=27803"}],"wp:term":[{"taxonomy":"category","embeddable":true,"href":"https:\/\/sandzakpress.net\/arhiva\/wp-json\/wp\/v2\/categories?post=27803"},{"taxonomy":"post_tag","embeddable":true,"href":"https:\/\/sandzakpress.net\/arhiva\/wp-json\/wp\/v2\/tags?post=27803"}],"curies":[{"name":"wp","href":"https:\/\/api.w.org\/{rel}","templated":true}]}}