{"id":27614,"date":"2012-01-03T22:57:29","date_gmt":"2012-01-03T21:57:29","guid":{"rendered":"https:\/\/sandzakpress.net\/arhiva\/?p=27614"},"modified":"2012-01-03T22:57:29","modified_gmt":"2012-01-03T21:57:29","slug":"doktorirao-mustafa-fetic","status":"publish","type":"post","link":"https:\/\/sandzakpress.net\/arhiva\/doktorirao-mustafa-fetic\/","title":{"rendered":"Doktorirao Mustafa Feti\u0107"},"content":{"rendered":"<p><strong><a href=\"https:\/\/sandzakpress.net\/arhiva\/wp-content\/uploads\/2012\/01\/mustafa-doktorirao.jpg\"><img loading=\"lazy\" decoding=\"async\" class=\"alignleft size-medium wp-image-27615\" title=\"mustafa-doktorirao\" src=\"https:\/\/sandzakpress.net\/arhiva\/wp-content\/uploads\/2012\/01\/mustafa-doktorirao-300x189.jpg\" alt=\"\" width=\"300\" height=\"189\" \/><\/a>Novi Pazar &#8211; Na Internacionalnom univerzitetu 29.12.2011. god. doktorsku tezu sa naslovom:\u00a0Me\u0111uzavisnost porodi\u010dnog odgoja \u00a0i islamske vjeronauke u \u0161kolama i njegovanju islamskih vrijednosti, javno je odbranio mr. Mustafa Feti\u0107 pred komisijom koju su \u010dinili prof. dr. Mevlud Dudi\u0107, prof. dr. Tarik Obrali\u0107 i prof. dr. Refik \u0106ati\u0107 (mentor).<\/strong><\/p>\n<p>Mustafa Feti\u0107 je ro\u0111en 10.03.1969. u Negobratini kod Bijelog Polja. \u201eGazi Husrev-begovu\u201c medresu zavr\u0161io je 1988., a dvogodi\u0161nji kurs arapskog jezika na Univerzitetu \u201eD\u017eamiatul-imam\u201c u Rijadu 1994. Na Filozofskom fakultetu Pri\u0161tinskog univerziteta u Kosovskoj Mitrovici diplomirao je pedagogiju 2005., a magistrirao 2007. na IUNP na temu \u201eSavremena shvatanja islamske pedago\u0161ke misli\u201c. \u017divi i radi u Novom Pazaru. O\u017eenjen je i otac troje djece.<\/p>\n<p><strong>Radno iskustvo kandidata:<\/strong><\/p>\n<p>U radnom odnosu je 12 godina, i to na du\u017enostima unutar institucija i ustanova Islamske zajednice.<\/p>\n<p>&#8211; 1997. &#8211; glavni i odgovorni urednik \u201eGlasa islama\u201c<\/p>\n<p>&#8211; 1998. &#8211; predsjednik Med\u017elisa IZ-e Novi Pazar,<\/p>\n<p>&#8211; 1999\/2000. &#8211; imam u d\u017eamijama Dibak-Ishak i Skender-Kelebi u Novom Pazaru,<\/p>\n<p>&#8211; 2003\/2004.\u00a0&#8211; vjerou\u010ditelj u osnovnim \u0161kolama \u201eBratstvo\u201c i \u201eStefan Nemanja\u201c u Novom Pazaru,<\/p>\n<p>&#8211; 2008. &#8211; prodekan Fakulteta za islamske studije u Novom Pazaru,<\/p>\n<p>&#8211; 2009. &#8211; direktor Medrese \u201eGazi Isa-beg\u201c u Novom Pazaru,<\/p>\n<p>&#8211; 2011. &#8211; koordinator Beogradsko-Novosadskog muftijstva.<\/p>\n<p><strong>Objavljene knjige i stru\u010dni radovi:<\/strong><\/p>\n<p>&#8211; 2006. \u2013 \u201eKazivanja s minbera\u201c, zbirka hutbi, \u201eEl Kelimeh\u201c, Novi Pazar.<\/p>\n<p>&#8211; 2004. \u2013 \u201eRoditeljski savjeti za sretan brak\u201c, \u201eEl Kelimeh\u201c, Novi Pazar.<\/p>\n<p>Objavljivao je radove u \u201eIslamskoj misli\u201c, \u201ePreporodu\u201c, \u201eGlasu islama\u201c, \u201eZemzemu\u201c, reviji \u201eSand\u017eak\u201c i drugim edicijama.<\/p>\n<p>U\u010desnik je mnogobrojnih zna\u010dajnih konferencija i skupova kod nas i u inostranstvu. \u010clan je Sabora i Me\u0161ihata IZ-e u Srbiji.<\/p>\n<p>Izvor: <strong>SandzakPRESS.net<\/strong><\/p>\n","protected":false},"excerpt":{"rendered":"<p>Novi Pazar &#8211; Na Internacionalnom univerzitetu 29.12.2011. god. doktorsku tezu sa naslovom:\u00a0Me\u0111uzavisnost porodi\u010dnog odgoja \u00a0i islamske vjeronauke u \u0161kolama i njegovanju islamskih vrijednosti, javno je odbranio mr. Mustafa Feti\u0107 pred komisijom koju su \u010dinili prof. dr. Mevlud Dudi\u0107, prof. dr. Tarik Obrali\u0107 i prof. dr. Refik \u0106ati\u0107 (mentor). Mustafa Feti\u0107 je ro\u0111en 10.03.1969. u Negobratini [&hellip;]<\/p>\n","protected":false},"author":14,"featured_media":27615,"comment_status":"open","ping_status":"open","sticky":false,"template":"","format":"standard","meta":{"footnotes":""},"categories":[72,4],"tags":[],"class_list":{"0":"post-27614","1":"post","2":"type-post","3":"status-publish","4":"format-standard","5":"has-post-thumbnail","7":"category-novi-pazar","8":"category-obrazovanje"},"yoast_head":"<!-- This site is optimized with the Yoast SEO Premium plugin v23.1 (Yoast SEO v24.9) - https:\/\/yoast.com\/wordpress\/plugins\/seo\/ -->\n<title>Doktorirao Mustafa Feti\u0107<\/title>\n<meta name=\"robots\" content=\"index, follow, max-snippet:-1, max-image-preview:large, max-video-preview:-1\" \/>\n<link rel=\"canonical\" href=\"https:\/\/sandzakpress.net\/arhiva\/doktorirao-mustafa-fetic\/\" \/>\n<meta property=\"og:locale\" content=\"bs_BA\" \/>\n<meta property=\"og:type\" content=\"article\" \/>\n<meta property=\"og:title\" content=\"Doktorirao Mustafa Feti\u0107\" \/>\n<meta property=\"og:description\" content=\"Novi Pazar &#8211; Na Internacionalnom univerzitetu 29.12.2011. god. doktorsku tezu sa naslovom:\u00a0Me\u0111uzavisnost porodi\u010dnog odgoja \u00a0i islamske vjeronauke u \u0161kolama i njegovanju islamskih vrijednosti, javno je odbranio mr. Mustafa Feti\u0107 pred komisijom koju su \u010dinili prof. dr. Mevlud Dudi\u0107, prof. dr. Tarik Obrali\u0107 i prof. dr. Refik \u0106ati\u0107 (mentor). Mustafa Feti\u0107 je ro\u0111en 10.03.1969. u Negobratini [&hellip;]\" \/>\n<meta property=\"og:url\" content=\"https:\/\/sandzakpress.net\/arhiva\/doktorirao-mustafa-fetic\/\" \/>\n<meta property=\"og:site_name\" content=\"Sand\u017eak PRESS\" \/>\n<meta property=\"article:published_time\" content=\"2012-01-03T21:57:29+00:00\" \/>\n<meta property=\"og:image\" content=\"https:\/\/sandzakpress.net\/arhiva\/wp-content\/uploads\/2012\/01\/mustafa-doktorirao.jpg\" \/>\n\t<meta property=\"og:image:width\" content=\"600\" \/>\n\t<meta property=\"og:image:height\" content=\"379\" \/>\n\t<meta property=\"og:image:type\" content=\"image\/jpeg\" \/>\n<meta name=\"twitter:card\" content=\"summary_large_image\" \/>\n<meta name=\"twitter:label1\" content=\"Written by\" \/>\n\t<meta name=\"twitter:data1\" content=\"\" \/>\n\t<meta name=\"twitter:label2\" content=\"Est. reading time\" \/>\n\t<meta name=\"twitter:data2\" content=\"1 minuta\" \/>\n<script type=\"application\/ld+json\" class=\"yoast-schema-graph\">{\"@context\":\"https:\/\/schema.org\",\"@graph\":[{\"@type\":\"Article\",\"@id\":\"https:\/\/sandzakpress.net\/arhiva\/doktorirao-mustafa-fetic\/#article\",\"isPartOf\":{\"@id\":\"https:\/\/sandzakpress.net\/arhiva\/doktorirao-mustafa-fetic\/\"},\"author\":{\"name\":\"\",\"@id\":\"\"},\"headline\":\"Doktorirao Mustafa Feti\u0107\",\"datePublished\":\"2012-01-03T21:57:29+00:00\",\"mainEntityOfPage\":{\"@id\":\"https:\/\/sandzakpress.net\/arhiva\/doktorirao-mustafa-fetic\/\"},\"wordCount\":271,\"commentCount\":12,\"publisher\":{\"@id\":\"https:\/\/sandzakpress.net\/arhiva\/#\/schema\/person\/6e72b67d6e51910a1117b3b483ba20bd\"},\"image\":{\"@id\":\"https:\/\/sandzakpress.net\/arhiva\/doktorirao-mustafa-fetic\/#primaryimage\"},\"thumbnailUrl\":\"https:\/\/sandzakpress.net\/arhiva\/wp-content\/uploads\/2012\/01\/mustafa-doktorirao.jpg\",\"articleSection\":[\"Novi Pazar\",\"Obrazovanje\"],\"inLanguage\":\"bs-BA\",\"potentialAction\":[{\"@type\":\"CommentAction\",\"name\":\"Comment\",\"target\":[\"https:\/\/sandzakpress.net\/arhiva\/doktorirao-mustafa-fetic\/#respond\"]}]},{\"@type\":\"WebPage\",\"@id\":\"https:\/\/sandzakpress.net\/arhiva\/doktorirao-mustafa-fetic\/\",\"url\":\"https:\/\/sandzakpress.net\/arhiva\/doktorirao-mustafa-fetic\/\",\"name\":\"Doktorirao Mustafa Feti\u0107\",\"isPartOf\":{\"@id\":\"https:\/\/sandzakpress.net\/arhiva\/#website\"},\"primaryImageOfPage\":{\"@id\":\"https:\/\/sandzakpress.net\/arhiva\/doktorirao-mustafa-fetic\/#primaryimage\"},\"image\":{\"@id\":\"https:\/\/sandzakpress.net\/arhiva\/doktorirao-mustafa-fetic\/#primaryimage\"},\"thumbnailUrl\":\"https:\/\/sandzakpress.net\/arhiva\/wp-content\/uploads\/2012\/01\/mustafa-doktorirao.jpg\",\"datePublished\":\"2012-01-03T21:57:29+00:00\",\"breadcrumb\":{\"@id\":\"https:\/\/sandzakpress.net\/arhiva\/doktorirao-mustafa-fetic\/#breadcrumb\"},\"inLanguage\":\"bs-BA\",\"potentialAction\":[{\"@type\":\"ReadAction\",\"target\":[\"https:\/\/sandzakpress.net\/arhiva\/doktorirao-mustafa-fetic\/\"]}]},{\"@type\":\"ImageObject\",\"inLanguage\":\"bs-BA\",\"@id\":\"https:\/\/sandzakpress.net\/arhiva\/doktorirao-mustafa-fetic\/#primaryimage\",\"url\":\"https:\/\/sandzakpress.net\/arhiva\/wp-content\/uploads\/2012\/01\/mustafa-doktorirao.jpg\",\"contentUrl\":\"https:\/\/sandzakpress.net\/arhiva\/wp-content\/uploads\/2012\/01\/mustafa-doktorirao.jpg\",\"width\":600,\"height\":379},{\"@type\":\"BreadcrumbList\",\"@id\":\"https:\/\/sandzakpress.net\/arhiva\/doktorirao-mustafa-fetic\/#breadcrumb\",\"itemListElement\":[{\"@type\":\"ListItem\",\"position\":1,\"name\":\"Home\",\"item\":\"https:\/\/sandzakpress.net\/arhiva\/\"},{\"@type\":\"ListItem\",\"position\":2,\"name\":\"Doktorirao Mustafa Feti\u0107\"}]},{\"@type\":\"WebSite\",\"@id\":\"https:\/\/sandzakpress.net\/arhiva\/#website\",\"url\":\"https:\/\/sandzakpress.net\/arhiva\/\",\"name\":\"Sand\u017eak PRESS\",\"description\":\"Prve elektronske novine u Sand\u017eaku\",\"publisher\":{\"@id\":\"https:\/\/sandzakpress.net\/arhiva\/#\/schema\/person\/6e72b67d6e51910a1117b3b483ba20bd\"},\"potentialAction\":[{\"@type\":\"SearchAction\",\"target\":{\"@type\":\"EntryPoint\",\"urlTemplate\":\"https:\/\/sandzakpress.net\/arhiva\/?s={search_term_string}\"},\"query-input\":{\"@type\":\"PropertyValueSpecification\",\"valueRequired\":true,\"valueName\":\"search_term_string\"}}],\"inLanguage\":\"bs-BA\"},{\"@type\":[\"Person\",\"Organization\"],\"@id\":\"https:\/\/sandzakpress.net\/arhiva\/#\/schema\/person\/6e72b67d6e51910a1117b3b483ba20bd\",\"name\":\"Kul\",\"image\":{\"@type\":\"ImageObject\",\"inLanguage\":\"bs-BA\",\"@id\":\"https:\/\/sandzakpress.net\/arhiva\/#\/schema\/person\/image\/\",\"url\":\"https:\/\/secure.gravatar.com\/avatar\/42263f39aa27ac04c43cab85c280eb2e?s=96&d=mm&r=pg\",\"contentUrl\":\"https:\/\/secure.gravatar.com\/avatar\/42263f39aa27ac04c43cab85c280eb2e?s=96&d=mm&r=pg\",\"caption\":\"Kul\"},\"logo\":{\"@id\":\"https:\/\/sandzakpress.net\/arhiva\/#\/schema\/person\/image\/\"}},{\"@type\":\"Person\",\"@id\":\"\",\"url\":\"https:\/\/sandzakpress.net\/arhiva\/author\/\"}]}<\/script>\n<!-- \/ Yoast SEO Premium plugin. -->","yoast_head_json":{"title":"Doktorirao Mustafa Feti\u0107","robots":{"index":"index","follow":"follow","max-snippet":"max-snippet:-1","max-image-preview":"max-image-preview:large","max-video-preview":"max-video-preview:-1"},"canonical":"https:\/\/sandzakpress.net\/arhiva\/doktorirao-mustafa-fetic\/","og_locale":"bs_BA","og_type":"article","og_title":"Doktorirao Mustafa Feti\u0107","og_description":"Novi Pazar &#8211; Na Internacionalnom univerzitetu 29.12.2011. god. doktorsku tezu sa naslovom:\u00a0Me\u0111uzavisnost porodi\u010dnog odgoja \u00a0i islamske vjeronauke u \u0161kolama i njegovanju islamskih vrijednosti, javno je odbranio mr. Mustafa Feti\u0107 pred komisijom koju su \u010dinili prof. dr. Mevlud Dudi\u0107, prof. dr. Tarik Obrali\u0107 i prof. dr. Refik \u0106ati\u0107 (mentor). Mustafa Feti\u0107 je ro\u0111en 10.03.1969. u Negobratini [&hellip;]","og_url":"https:\/\/sandzakpress.net\/arhiva\/doktorirao-mustafa-fetic\/","og_site_name":"Sand\u017eak PRESS","article_published_time":"2012-01-03T21:57:29+00:00","og_image":[{"width":600,"height":379,"url":"https:\/\/sandzakpress.net\/arhiva\/wp-content\/uploads\/2012\/01\/mustafa-doktorirao.jpg","type":"image\/jpeg"}],"twitter_card":"summary_large_image","twitter_misc":{"Written by":"","Est. reading time":"1 minuta"},"schema":{"@context":"https:\/\/schema.org","@graph":[{"@type":"Article","@id":"https:\/\/sandzakpress.net\/arhiva\/doktorirao-mustafa-fetic\/#article","isPartOf":{"@id":"https:\/\/sandzakpress.net\/arhiva\/doktorirao-mustafa-fetic\/"},"author":{"name":"","@id":""},"headline":"Doktorirao Mustafa Feti\u0107","datePublished":"2012-01-03T21:57:29+00:00","mainEntityOfPage":{"@id":"https:\/\/sandzakpress.net\/arhiva\/doktorirao-mustafa-fetic\/"},"wordCount":271,"commentCount":12,"publisher":{"@id":"https:\/\/sandzakpress.net\/arhiva\/#\/schema\/person\/6e72b67d6e51910a1117b3b483ba20bd"},"image":{"@id":"https:\/\/sandzakpress.net\/arhiva\/doktorirao-mustafa-fetic\/#primaryimage"},"thumbnailUrl":"https:\/\/sandzakpress.net\/arhiva\/wp-content\/uploads\/2012\/01\/mustafa-doktorirao.jpg","articleSection":["Novi Pazar","Obrazovanje"],"inLanguage":"bs-BA","potentialAction":[{"@type":"CommentAction","name":"Comment","target":["https:\/\/sandzakpress.net\/arhiva\/doktorirao-mustafa-fetic\/#respond"]}]},{"@type":"WebPage","@id":"https:\/\/sandzakpress.net\/arhiva\/doktorirao-mustafa-fetic\/","url":"https:\/\/sandzakpress.net\/arhiva\/doktorirao-mustafa-fetic\/","name":"Doktorirao Mustafa Feti\u0107","isPartOf":{"@id":"https:\/\/sandzakpress.net\/arhiva\/#website"},"primaryImageOfPage":{"@id":"https:\/\/sandzakpress.net\/arhiva\/doktorirao-mustafa-fetic\/#primaryimage"},"image":{"@id":"https:\/\/sandzakpress.net\/arhiva\/doktorirao-mustafa-fetic\/#primaryimage"},"thumbnailUrl":"https:\/\/sandzakpress.net\/arhiva\/wp-content\/uploads\/2012\/01\/mustafa-doktorirao.jpg","datePublished":"2012-01-03T21:57:29+00:00","breadcrumb":{"@id":"https:\/\/sandzakpress.net\/arhiva\/doktorirao-mustafa-fetic\/#breadcrumb"},"inLanguage":"bs-BA","potentialAction":[{"@type":"ReadAction","target":["https:\/\/sandzakpress.net\/arhiva\/doktorirao-mustafa-fetic\/"]}]},{"@type":"ImageObject","inLanguage":"bs-BA","@id":"https:\/\/sandzakpress.net\/arhiva\/doktorirao-mustafa-fetic\/#primaryimage","url":"https:\/\/sandzakpress.net\/arhiva\/wp-content\/uploads\/2012\/01\/mustafa-doktorirao.jpg","contentUrl":"https:\/\/sandzakpress.net\/arhiva\/wp-content\/uploads\/2012\/01\/mustafa-doktorirao.jpg","width":600,"height":379},{"@type":"BreadcrumbList","@id":"https:\/\/sandzakpress.net\/arhiva\/doktorirao-mustafa-fetic\/#breadcrumb","itemListElement":[{"@type":"ListItem","position":1,"name":"Home","item":"https:\/\/sandzakpress.net\/arhiva\/"},{"@type":"ListItem","position":2,"name":"Doktorirao Mustafa Feti\u0107"}]},{"@type":"WebSite","@id":"https:\/\/sandzakpress.net\/arhiva\/#website","url":"https:\/\/sandzakpress.net\/arhiva\/","name":"Sand\u017eak PRESS","description":"Prve elektronske novine u Sand\u017eaku","publisher":{"@id":"https:\/\/sandzakpress.net\/arhiva\/#\/schema\/person\/6e72b67d6e51910a1117b3b483ba20bd"},"potentialAction":[{"@type":"SearchAction","target":{"@type":"EntryPoint","urlTemplate":"https:\/\/sandzakpress.net\/arhiva\/?s={search_term_string}"},"query-input":{"@type":"PropertyValueSpecification","valueRequired":true,"valueName":"search_term_string"}}],"inLanguage":"bs-BA"},{"@type":["Person","Organization"],"@id":"https:\/\/sandzakpress.net\/arhiva\/#\/schema\/person\/6e72b67d6e51910a1117b3b483ba20bd","name":"Kul","image":{"@type":"ImageObject","inLanguage":"bs-BA","@id":"https:\/\/sandzakpress.net\/arhiva\/#\/schema\/person\/image\/","url":"https:\/\/secure.gravatar.com\/avatar\/42263f39aa27ac04c43cab85c280eb2e?s=96&d=mm&r=pg","contentUrl":"https:\/\/secure.gravatar.com\/avatar\/42263f39aa27ac04c43cab85c280eb2e?s=96&d=mm&r=pg","caption":"Kul"},"logo":{"@id":"https:\/\/sandzakpress.net\/arhiva\/#\/schema\/person\/image\/"}},{"@type":"Person","@id":"","url":"https:\/\/sandzakpress.net\/arhiva\/author\/"}]}},"_links":{"self":[{"href":"https:\/\/sandzakpress.net\/arhiva\/wp-json\/wp\/v2\/posts\/27614"}],"collection":[{"href":"https:\/\/sandzakpress.net\/arhiva\/wp-json\/wp\/v2\/posts"}],"about":[{"href":"https:\/\/sandzakpress.net\/arhiva\/wp-json\/wp\/v2\/types\/post"}],"author":[{"embeddable":true,"href":"https:\/\/sandzakpress.net\/arhiva\/wp-json\/wp\/v2\/users\/14"}],"replies":[{"embeddable":true,"href":"https:\/\/sandzakpress.net\/arhiva\/wp-json\/wp\/v2\/comments?post=27614"}],"version-history":[{"count":0,"href":"https:\/\/sandzakpress.net\/arhiva\/wp-json\/wp\/v2\/posts\/27614\/revisions"}],"wp:featuredmedia":[{"embeddable":true,"href":"https:\/\/sandzakpress.net\/arhiva\/wp-json\/wp\/v2\/media\/27615"}],"wp:attachment":[{"href":"https:\/\/sandzakpress.net\/arhiva\/wp-json\/wp\/v2\/media?parent=27614"}],"wp:term":[{"taxonomy":"category","embeddable":true,"href":"https:\/\/sandzakpress.net\/arhiva\/wp-json\/wp\/v2\/categories?post=27614"},{"taxonomy":"post_tag","embeddable":true,"href":"https:\/\/sandzakpress.net\/arhiva\/wp-json\/wp\/v2\/tags?post=27614"}],"curies":[{"name":"wp","href":"https:\/\/api.w.org\/{rel}","templated":true}]}}