{"id":27591,"date":"2012-01-03T18:53:55","date_gmt":"2012-01-03T17:53:55","guid":{"rendered":"https:\/\/sandzakpress.net\/arhiva\/?p=27591"},"modified":"2012-01-03T18:54:17","modified_gmt":"2012-01-03T17:54:17","slug":"blic-srbija-tajno-obnavlja-zloglasne-crvene-beretke","status":"publish","type":"post","link":"https:\/\/sandzakpress.net\/arhiva\/blic-srbija-tajno-obnavlja-zloglasne-crvene-beretke\/","title":{"rendered":"Blic: Srbija tajno obnavlja zloglasne Crvene beretke!"},"content":{"rendered":"<p><a href=\"https:\/\/sandzakpress.net\/arhiva\/wp-content\/uploads\/2012\/01\/hro-jso.jpg\"><img loading=\"lazy\" decoding=\"async\" class=\"aligncenter size-full wp-image-27593\" title=\"hro-jso\" src=\"https:\/\/sandzakpress.net\/arhiva\/wp-content\/uploads\/2012\/01\/hro-jso.jpg\" alt=\"\" width=\"616\" height=\"387\" \/><\/a><\/p>\n<p><strong>Sjeverni Sand\u017eak &#8211; MUP Srbije u tajnosti priprema osnivanje nove specijalne postrojbe po uzoru na ozlogla\u0161ene Crvene beretke <\/strong><strong>Milorada Lukovi\u0107a Legije, objavio je\u00a0<a href=\"http:\/\/www.blic.rs\/\" target=\"_blank\">beogradski Blic <\/a>.<\/strong><\/p>\n<p>Nova postrojba trebala bi imati 600 pripadnika, a ve\u0107 su nabavljene \u0161arene maskirne uniforme s crvenim beretkama, pi\u0161e list.<\/p>\n<p>Za jedinicu u osnivanju nabavljeno je 50 luksuznih vozila koja su po naredbi policijskog generala <strong>Bratislava Diki\u0107a<\/strong> sva prefarbana u crno, a na interni natje\u010daj ve\u0107 su se javili svi biv\u0161i pripadnici Legijine Jedinice za specijalne postrojbe, poznatije pod nazivom Crvene beretke.<\/p>\n<h2>Nova sistematizacija<\/h2>\n<p>Ta jedinica, koja je bila dio tajne slu\u017ebe MUP-a Srbije, rasformirana je u o\u017eujku 2003. nakon \u0161to su njeni pripadnici ubili srpskog premijera\u00a0<strong>Zorana \u0110in\u0111i\u0107a<\/strong>.<\/p>\n<p>Crvene beretke ratovale su u Hrvatskoj i BiH i godinama se o njima u javnosti gotovo ni\u0161ta nije znalo, sve do pobune u studenome 1991. kad su blokirali autocestu kod Beograda u znak prosvjeda protiv hap\u0161enja haa\u0161kih optu\u017eenika.<\/p>\n<p>Ta se pobuna smatra po\u010detkom zavjere, \u010diji je cilj bilo ubojstvo\u00a0<strong>Zorana \u0110in\u0111i\u0107a<\/strong>.<\/p>\n<p>Blic pi\u0161e da novi Odred za specijalna djelovanja, sa svojih 600 pripadnika pod punim naoru\u017eanjem, po svim karakteristikama odgovara zloglasnoj Legijinoj jedinici. Za njegovo osnivanje saznalo se iz prijedloga nove sistematizacije \u017dandarmerije, koju je prije tjedan dana odobrila Vlada Srbije.<\/p>\n<h2>Izvan kontrole<\/h2>\n<p>Navodno sam ministar policije\u00a0<strong>Ivica Da\u010di\u0107<\/strong> nije znao da se u novoj sistematizaciji krije novi odred sa 600 odli\u010dno naoru\u017eanih i istreniranih specijalaca preko kojeg bi se Legijini ljudi vratili u sigurnosne strukture. Da\u010di\u0107 je demantirao pisanje lista poru\u010duju\u0107i da ne\u0107e biti nikakvih novih specijalnih postrojbi, no Blic ukazuje da u vrhu policije Srbije postoje razli\u010diti stavovi o budu\u0107oj sistematizaciji.<\/p>\n<p>Vijest o formiranju nove specijalne jedinice izazvala je burnu reakciju pripadnika Specijalne antiterori-sti\u010dke jedinice koji upozoravaju da se takvoj jedinici nitko ne\u0107e mo\u0107i suprotstaviti ako se ponovi situacija s pobunom kakvu je svojevremeno pokrenuo JSO. Jedinicu takve snage nitko ne\u0107e mo\u0107i kontrolirati, alarmira Blic.<\/p>\n<p><strong>O Jedinici za specijalna djelovanja snimljen je i dokumentarni film<\/strong><\/p>\n<div class=\"youtube-embed\" data-video_id=\"7M5w01MEjEA\"><iframe loading=\"lazy\" title=\"Jedinica CEO Serijal part 1 of 17\" width=\"696\" height=\"522\" src=\"https:\/\/www.youtube.com\/embed\/7M5w01MEjEA?feature=oembed&#038;enablejsapi=1\" frameborder=\"0\" allow=\"accelerometer; autoplay; encrypted-media; gyroscope; picture-in-picture\" allowfullscreen><\/iframe><\/div>\n<p>Izvor:<strong> Jutarnji.hr<\/strong><\/p>\n","protected":false},"excerpt":{"rendered":"<p>Sjeverni Sand\u017eak &#8211; MUP Srbije u tajnosti priprema osnivanje nove specijalne postrojbe po uzoru na ozlogla\u0161ene Crvene beretke Milorada Lukovi\u0107a Legije, objavio je\u00a0beogradski Blic . Nova postrojba trebala bi imati 600 pripadnika, a ve\u0107 su nabavljene \u0161arene maskirne uniforme s crvenim beretkama, pi\u0161e list. Za jedinicu u osnivanju nabavljeno je 50 luksuznih vozila koja su [&hellip;]<\/p>\n","protected":false},"author":83,"featured_media":27593,"comment_status":"open","ping_status":"open","sticky":false,"template":"","format":"standard","meta":{"footnotes":""},"categories":[72,52,1,327,392,393,394],"tags":[],"class_list":{"0":"post-27591","1":"post","2":"type-post","3":"status-publish","4":"format-standard","5":"has-post-thumbnail","7":"category-novi-pazar","8":"category-sjenica","9":"category-politika","10":"category-tutin","11":"category-prijepolje_","12":"category-priboj","13":"category-nova-varos"},"yoast_head":"<!-- This site is optimized with the Yoast SEO Premium plugin v23.1 (Yoast SEO v24.9) - https:\/\/yoast.com\/wordpress\/plugins\/seo\/ -->\n<title>Blic: Srbija tajno obnavlja zloglasne Crvene beretke!<\/title>\n<meta name=\"robots\" content=\"index, follow, max-snippet:-1, max-image-preview:large, max-video-preview:-1\" \/>\n<link rel=\"canonical\" href=\"https:\/\/sandzakpress.net\/arhiva\/blic-srbija-tajno-obnavlja-zloglasne-crvene-beretke\/\" \/>\n<meta property=\"og:locale\" content=\"bs_BA\" \/>\n<meta property=\"og:type\" content=\"article\" \/>\n<meta property=\"og:title\" content=\"Blic: Srbija tajno obnavlja zloglasne Crvene beretke!\" \/>\n<meta property=\"og:description\" content=\"Sjeverni Sand\u017eak &#8211; MUP Srbije u tajnosti priprema osnivanje nove specijalne postrojbe po uzoru na ozlogla\u0161ene Crvene beretke Milorada Lukovi\u0107a Legije, objavio je\u00a0beogradski Blic . Nova postrojba trebala bi imati 600 pripadnika, a ve\u0107 su nabavljene \u0161arene maskirne uniforme s crvenim beretkama, pi\u0161e list. Za jedinicu u osnivanju nabavljeno je 50 luksuznih vozila koja su [&hellip;]\" \/>\n<meta property=\"og:url\" content=\"https:\/\/sandzakpress.net\/arhiva\/blic-srbija-tajno-obnavlja-zloglasne-crvene-beretke\/\" \/>\n<meta property=\"og:site_name\" content=\"Sand\u017eak PRESS\" \/>\n<meta property=\"article:published_time\" content=\"2012-01-03T17:53:55+00:00\" \/>\n<meta property=\"article:modified_time\" content=\"2012-01-03T17:54:17+00:00\" \/>\n<meta property=\"og:image\" content=\"https:\/\/sandzakpress.net\/arhiva\/wp-content\/uploads\/2012\/01\/hro-jso.jpg\" \/>\n\t<meta property=\"og:image:width\" content=\"616\" \/>\n\t<meta property=\"og:image:height\" content=\"387\" \/>\n\t<meta property=\"og:image:type\" content=\"image\/jpeg\" \/>\n<meta name=\"author\" content=\"bosniak\" \/>\n<meta name=\"twitter:card\" content=\"summary_large_image\" \/>\n<meta name=\"twitter:label1\" content=\"Written by\" \/>\n\t<meta name=\"twitter:data1\" content=\"bosniak\" \/>\n\t<meta name=\"twitter:label2\" content=\"Est. reading time\" \/>\n\t<meta name=\"twitter:data2\" content=\"2 minute\" \/>\n<script type=\"application\/ld+json\" class=\"yoast-schema-graph\">{\"@context\":\"https:\/\/schema.org\",\"@graph\":[{\"@type\":\"Article\",\"@id\":\"https:\/\/sandzakpress.net\/arhiva\/blic-srbija-tajno-obnavlja-zloglasne-crvene-beretke\/#article\",\"isPartOf\":{\"@id\":\"https:\/\/sandzakpress.net\/arhiva\/blic-srbija-tajno-obnavlja-zloglasne-crvene-beretke\/\"},\"author\":{\"name\":\"bosniak\",\"@id\":\"https:\/\/sandzakpress.net\/arhiva\/#\/schema\/person\/c8baee722073534b583ea7bdb2e36c02\"},\"headline\":\"Blic: Srbija tajno obnavlja zloglasne Crvene beretke!\",\"datePublished\":\"2012-01-03T17:53:55+00:00\",\"dateModified\":\"2012-01-03T17:54:17+00:00\",\"mainEntityOfPage\":{\"@id\":\"https:\/\/sandzakpress.net\/arhiva\/blic-srbija-tajno-obnavlja-zloglasne-crvene-beretke\/\"},\"wordCount\":371,\"commentCount\":28,\"publisher\":{\"@id\":\"https:\/\/sandzakpress.net\/arhiva\/#\/schema\/person\/6e72b67d6e51910a1117b3b483ba20bd\"},\"image\":{\"@id\":\"https:\/\/sandzakpress.net\/arhiva\/blic-srbija-tajno-obnavlja-zloglasne-crvene-beretke\/#primaryimage\"},\"thumbnailUrl\":\"https:\/\/sandzakpress.net\/arhiva\/wp-content\/uploads\/2012\/01\/hro-jso.jpg\",\"articleSection\":[\"Novi Pazar\",\"Sjenica\",\"Politika\",\"Tutin\",\"Prijepolje\",\"Priboj\",\"Nova Varo\u0161\"],\"inLanguage\":\"bs-BA\",\"potentialAction\":[{\"@type\":\"CommentAction\",\"name\":\"Comment\",\"target\":[\"https:\/\/sandzakpress.net\/arhiva\/blic-srbija-tajno-obnavlja-zloglasne-crvene-beretke\/#respond\"]}]},{\"@type\":\"WebPage\",\"@id\":\"https:\/\/sandzakpress.net\/arhiva\/blic-srbija-tajno-obnavlja-zloglasne-crvene-beretke\/\",\"url\":\"https:\/\/sandzakpress.net\/arhiva\/blic-srbija-tajno-obnavlja-zloglasne-crvene-beretke\/\",\"name\":\"Blic: Srbija tajno obnavlja zloglasne Crvene beretke!\",\"isPartOf\":{\"@id\":\"https:\/\/sandzakpress.net\/arhiva\/#website\"},\"primaryImageOfPage\":{\"@id\":\"https:\/\/sandzakpress.net\/arhiva\/blic-srbija-tajno-obnavlja-zloglasne-crvene-beretke\/#primaryimage\"},\"image\":{\"@id\":\"https:\/\/sandzakpress.net\/arhiva\/blic-srbija-tajno-obnavlja-zloglasne-crvene-beretke\/#primaryimage\"},\"thumbnailUrl\":\"https:\/\/sandzakpress.net\/arhiva\/wp-content\/uploads\/2012\/01\/hro-jso.jpg\",\"datePublished\":\"2012-01-03T17:53:55+00:00\",\"dateModified\":\"2012-01-03T17:54:17+00:00\",\"breadcrumb\":{\"@id\":\"https:\/\/sandzakpress.net\/arhiva\/blic-srbija-tajno-obnavlja-zloglasne-crvene-beretke\/#breadcrumb\"},\"inLanguage\":\"bs-BA\",\"potentialAction\":[{\"@type\":\"ReadAction\",\"target\":[\"https:\/\/sandzakpress.net\/arhiva\/blic-srbija-tajno-obnavlja-zloglasne-crvene-beretke\/\"]}]},{\"@type\":\"ImageObject\",\"inLanguage\":\"bs-BA\",\"@id\":\"https:\/\/sandzakpress.net\/arhiva\/blic-srbija-tajno-obnavlja-zloglasne-crvene-beretke\/#primaryimage\",\"url\":\"https:\/\/sandzakpress.net\/arhiva\/wp-content\/uploads\/2012\/01\/hro-jso.jpg\",\"contentUrl\":\"https:\/\/sandzakpress.net\/arhiva\/wp-content\/uploads\/2012\/01\/hro-jso.jpg\",\"width\":616,\"height\":387},{\"@type\":\"BreadcrumbList\",\"@id\":\"https:\/\/sandzakpress.net\/arhiva\/blic-srbija-tajno-obnavlja-zloglasne-crvene-beretke\/#breadcrumb\",\"itemListElement\":[{\"@type\":\"ListItem\",\"position\":1,\"name\":\"Home\",\"item\":\"https:\/\/sandzakpress.net\/arhiva\/\"},{\"@type\":\"ListItem\",\"position\":2,\"name\":\"Blic: Srbija tajno obnavlja zloglasne Crvene beretke!\"}]},{\"@type\":\"WebSite\",\"@id\":\"https:\/\/sandzakpress.net\/arhiva\/#website\",\"url\":\"https:\/\/sandzakpress.net\/arhiva\/\",\"name\":\"Sand\u017eak PRESS\",\"description\":\"Prve elektronske novine u Sand\u017eaku\",\"publisher\":{\"@id\":\"https:\/\/sandzakpress.net\/arhiva\/#\/schema\/person\/6e72b67d6e51910a1117b3b483ba20bd\"},\"potentialAction\":[{\"@type\":\"SearchAction\",\"target\":{\"@type\":\"EntryPoint\",\"urlTemplate\":\"https:\/\/sandzakpress.net\/arhiva\/?s={search_term_string}\"},\"query-input\":{\"@type\":\"PropertyValueSpecification\",\"valueRequired\":true,\"valueName\":\"search_term_string\"}}],\"inLanguage\":\"bs-BA\"},{\"@type\":[\"Person\",\"Organization\"],\"@id\":\"https:\/\/sandzakpress.net\/arhiva\/#\/schema\/person\/6e72b67d6e51910a1117b3b483ba20bd\",\"name\":\"Kul\",\"image\":{\"@type\":\"ImageObject\",\"inLanguage\":\"bs-BA\",\"@id\":\"https:\/\/sandzakpress.net\/arhiva\/#\/schema\/person\/image\/\",\"url\":\"https:\/\/secure.gravatar.com\/avatar\/42263f39aa27ac04c43cab85c280eb2e?s=96&d=mm&r=pg\",\"contentUrl\":\"https:\/\/secure.gravatar.com\/avatar\/42263f39aa27ac04c43cab85c280eb2e?s=96&d=mm&r=pg\",\"caption\":\"Kul\"},\"logo\":{\"@id\":\"https:\/\/sandzakpress.net\/arhiva\/#\/schema\/person\/image\/\"}},{\"@type\":\"Person\",\"@id\":\"https:\/\/sandzakpress.net\/arhiva\/#\/schema\/person\/c8baee722073534b583ea7bdb2e36c02\",\"name\":\"bosniak\",\"image\":{\"@type\":\"ImageObject\",\"inLanguage\":\"bs-BA\",\"@id\":\"https:\/\/sandzakpress.net\/arhiva\/#\/schema\/person\/image\/\",\"url\":\"https:\/\/secure.gravatar.com\/avatar\/a04fd330bfe3a36a72a0ad4a6d89fca7?s=96&d=mm&r=pg\",\"contentUrl\":\"https:\/\/secure.gravatar.com\/avatar\/a04fd330bfe3a36a72a0ad4a6d89fca7?s=96&d=mm&r=pg\",\"caption\":\"bosniak\"},\"url\":\"https:\/\/sandzakpress.net\/arhiva\/author\/bosniak\/\"}]}<\/script>\n<!-- \/ Yoast SEO Premium plugin. -->","yoast_head_json":{"title":"Blic: Srbija tajno obnavlja zloglasne Crvene beretke!","robots":{"index":"index","follow":"follow","max-snippet":"max-snippet:-1","max-image-preview":"max-image-preview:large","max-video-preview":"max-video-preview:-1"},"canonical":"https:\/\/sandzakpress.net\/arhiva\/blic-srbija-tajno-obnavlja-zloglasne-crvene-beretke\/","og_locale":"bs_BA","og_type":"article","og_title":"Blic: Srbija tajno obnavlja zloglasne Crvene beretke!","og_description":"Sjeverni Sand\u017eak &#8211; MUP Srbije u tajnosti priprema osnivanje nove specijalne postrojbe po uzoru na ozlogla\u0161ene Crvene beretke Milorada Lukovi\u0107a Legije, objavio je\u00a0beogradski Blic . Nova postrojba trebala bi imati 600 pripadnika, a ve\u0107 su nabavljene \u0161arene maskirne uniforme s crvenim beretkama, pi\u0161e list. Za jedinicu u osnivanju nabavljeno je 50 luksuznih vozila koja su [&hellip;]","og_url":"https:\/\/sandzakpress.net\/arhiva\/blic-srbija-tajno-obnavlja-zloglasne-crvene-beretke\/","og_site_name":"Sand\u017eak PRESS","article_published_time":"2012-01-03T17:53:55+00:00","article_modified_time":"2012-01-03T17:54:17+00:00","og_image":[{"width":616,"height":387,"url":"https:\/\/sandzakpress.net\/arhiva\/wp-content\/uploads\/2012\/01\/hro-jso.jpg","type":"image\/jpeg"}],"author":"bosniak","twitter_card":"summary_large_image","twitter_misc":{"Written by":"bosniak","Est. reading time":"2 minute"},"schema":{"@context":"https:\/\/schema.org","@graph":[{"@type":"Article","@id":"https:\/\/sandzakpress.net\/arhiva\/blic-srbija-tajno-obnavlja-zloglasne-crvene-beretke\/#article","isPartOf":{"@id":"https:\/\/sandzakpress.net\/arhiva\/blic-srbija-tajno-obnavlja-zloglasne-crvene-beretke\/"},"author":{"name":"bosniak","@id":"https:\/\/sandzakpress.net\/arhiva\/#\/schema\/person\/c8baee722073534b583ea7bdb2e36c02"},"headline":"Blic: Srbija tajno obnavlja zloglasne Crvene beretke!","datePublished":"2012-01-03T17:53:55+00:00","dateModified":"2012-01-03T17:54:17+00:00","mainEntityOfPage":{"@id":"https:\/\/sandzakpress.net\/arhiva\/blic-srbija-tajno-obnavlja-zloglasne-crvene-beretke\/"},"wordCount":371,"commentCount":28,"publisher":{"@id":"https:\/\/sandzakpress.net\/arhiva\/#\/schema\/person\/6e72b67d6e51910a1117b3b483ba20bd"},"image":{"@id":"https:\/\/sandzakpress.net\/arhiva\/blic-srbija-tajno-obnavlja-zloglasne-crvene-beretke\/#primaryimage"},"thumbnailUrl":"https:\/\/sandzakpress.net\/arhiva\/wp-content\/uploads\/2012\/01\/hro-jso.jpg","articleSection":["Novi Pazar","Sjenica","Politika","Tutin","Prijepolje","Priboj","Nova Varo\u0161"],"inLanguage":"bs-BA","potentialAction":[{"@type":"CommentAction","name":"Comment","target":["https:\/\/sandzakpress.net\/arhiva\/blic-srbija-tajno-obnavlja-zloglasne-crvene-beretke\/#respond"]}]},{"@type":"WebPage","@id":"https:\/\/sandzakpress.net\/arhiva\/blic-srbija-tajno-obnavlja-zloglasne-crvene-beretke\/","url":"https:\/\/sandzakpress.net\/arhiva\/blic-srbija-tajno-obnavlja-zloglasne-crvene-beretke\/","name":"Blic: Srbija tajno obnavlja zloglasne Crvene beretke!","isPartOf":{"@id":"https:\/\/sandzakpress.net\/arhiva\/#website"},"primaryImageOfPage":{"@id":"https:\/\/sandzakpress.net\/arhiva\/blic-srbija-tajno-obnavlja-zloglasne-crvene-beretke\/#primaryimage"},"image":{"@id":"https:\/\/sandzakpress.net\/arhiva\/blic-srbija-tajno-obnavlja-zloglasne-crvene-beretke\/#primaryimage"},"thumbnailUrl":"https:\/\/sandzakpress.net\/arhiva\/wp-content\/uploads\/2012\/01\/hro-jso.jpg","datePublished":"2012-01-03T17:53:55+00:00","dateModified":"2012-01-03T17:54:17+00:00","breadcrumb":{"@id":"https:\/\/sandzakpress.net\/arhiva\/blic-srbija-tajno-obnavlja-zloglasne-crvene-beretke\/#breadcrumb"},"inLanguage":"bs-BA","potentialAction":[{"@type":"ReadAction","target":["https:\/\/sandzakpress.net\/arhiva\/blic-srbija-tajno-obnavlja-zloglasne-crvene-beretke\/"]}]},{"@type":"ImageObject","inLanguage":"bs-BA","@id":"https:\/\/sandzakpress.net\/arhiva\/blic-srbija-tajno-obnavlja-zloglasne-crvene-beretke\/#primaryimage","url":"https:\/\/sandzakpress.net\/arhiva\/wp-content\/uploads\/2012\/01\/hro-jso.jpg","contentUrl":"https:\/\/sandzakpress.net\/arhiva\/wp-content\/uploads\/2012\/01\/hro-jso.jpg","width":616,"height":387},{"@type":"BreadcrumbList","@id":"https:\/\/sandzakpress.net\/arhiva\/blic-srbija-tajno-obnavlja-zloglasne-crvene-beretke\/#breadcrumb","itemListElement":[{"@type":"ListItem","position":1,"name":"Home","item":"https:\/\/sandzakpress.net\/arhiva\/"},{"@type":"ListItem","position":2,"name":"Blic: Srbija tajno obnavlja zloglasne Crvene beretke!"}]},{"@type":"WebSite","@id":"https:\/\/sandzakpress.net\/arhiva\/#website","url":"https:\/\/sandzakpress.net\/arhiva\/","name":"Sand\u017eak PRESS","description":"Prve elektronske novine u Sand\u017eaku","publisher":{"@id":"https:\/\/sandzakpress.net\/arhiva\/#\/schema\/person\/6e72b67d6e51910a1117b3b483ba20bd"},"potentialAction":[{"@type":"SearchAction","target":{"@type":"EntryPoint","urlTemplate":"https:\/\/sandzakpress.net\/arhiva\/?s={search_term_string}"},"query-input":{"@type":"PropertyValueSpecification","valueRequired":true,"valueName":"search_term_string"}}],"inLanguage":"bs-BA"},{"@type":["Person","Organization"],"@id":"https:\/\/sandzakpress.net\/arhiva\/#\/schema\/person\/6e72b67d6e51910a1117b3b483ba20bd","name":"Kul","image":{"@type":"ImageObject","inLanguage":"bs-BA","@id":"https:\/\/sandzakpress.net\/arhiva\/#\/schema\/person\/image\/","url":"https:\/\/secure.gravatar.com\/avatar\/42263f39aa27ac04c43cab85c280eb2e?s=96&d=mm&r=pg","contentUrl":"https:\/\/secure.gravatar.com\/avatar\/42263f39aa27ac04c43cab85c280eb2e?s=96&d=mm&r=pg","caption":"Kul"},"logo":{"@id":"https:\/\/sandzakpress.net\/arhiva\/#\/schema\/person\/image\/"}},{"@type":"Person","@id":"https:\/\/sandzakpress.net\/arhiva\/#\/schema\/person\/c8baee722073534b583ea7bdb2e36c02","name":"bosniak","image":{"@type":"ImageObject","inLanguage":"bs-BA","@id":"https:\/\/sandzakpress.net\/arhiva\/#\/schema\/person\/image\/","url":"https:\/\/secure.gravatar.com\/avatar\/a04fd330bfe3a36a72a0ad4a6d89fca7?s=96&d=mm&r=pg","contentUrl":"https:\/\/secure.gravatar.com\/avatar\/a04fd330bfe3a36a72a0ad4a6d89fca7?s=96&d=mm&r=pg","caption":"bosniak"},"url":"https:\/\/sandzakpress.net\/arhiva\/author\/bosniak\/"}]}},"_links":{"self":[{"href":"https:\/\/sandzakpress.net\/arhiva\/wp-json\/wp\/v2\/posts\/27591"}],"collection":[{"href":"https:\/\/sandzakpress.net\/arhiva\/wp-json\/wp\/v2\/posts"}],"about":[{"href":"https:\/\/sandzakpress.net\/arhiva\/wp-json\/wp\/v2\/types\/post"}],"author":[{"embeddable":true,"href":"https:\/\/sandzakpress.net\/arhiva\/wp-json\/wp\/v2\/users\/83"}],"replies":[{"embeddable":true,"href":"https:\/\/sandzakpress.net\/arhiva\/wp-json\/wp\/v2\/comments?post=27591"}],"version-history":[{"count":0,"href":"https:\/\/sandzakpress.net\/arhiva\/wp-json\/wp\/v2\/posts\/27591\/revisions"}],"wp:featuredmedia":[{"embeddable":true,"href":"https:\/\/sandzakpress.net\/arhiva\/wp-json\/wp\/v2\/media\/27593"}],"wp:attachment":[{"href":"https:\/\/sandzakpress.net\/arhiva\/wp-json\/wp\/v2\/media?parent=27591"}],"wp:term":[{"taxonomy":"category","embeddable":true,"href":"https:\/\/sandzakpress.net\/arhiva\/wp-json\/wp\/v2\/categories?post=27591"},{"taxonomy":"post_tag","embeddable":true,"href":"https:\/\/sandzakpress.net\/arhiva\/wp-json\/wp\/v2\/tags?post=27591"}],"curies":[{"name":"wp","href":"https:\/\/api.w.org\/{rel}","templated":true}]}}