{"id":2747,"date":"2010-03-14T20:11:46","date_gmt":"2010-03-14T19:11:46","guid":{"rendered":"https:\/\/sandzakpress.net\/arhiva\/?p=2747"},"modified":"2010-03-14T20:11:46","modified_gmt":"2010-03-14T19:11:46","slug":"ministre-suljo-sta-radite","status":"publish","type":"post","link":"https:\/\/sandzakpress.net\/arhiva\/ministre-suljo-sta-radite\/","title":{"rendered":"Ministre Suljo, \u0161ta radite?"},"content":{"rendered":"<p><strong><a href=\"https:\/\/sandzakpress.net\/arhiva\/wp-content\/uploads\/2010\/03\/suljo.jpg\"><img loading=\"lazy\" decoding=\"async\" class=\"alignleft size-medium wp-image-2748\" title=\"POLITIKA; slava dss;\" src=\"https:\/\/sandzakpress.net\/arhiva\/wp-content\/uploads\/2010\/03\/suljo-219x300.jpg\" alt=\"\" width=\"156\" height=\"214\" \/><\/a>Srbija &#8211; \u0160ta je sve radio ministar bez portfelja Sulejman Ugljanin od po\u010detka ove godine, nemogu\u0107e je saznati!<\/strong><\/p>\n<p>Do odgovora na ovo pitanje ne mo\u017eete do\u0107i ni preko sajta njegovog ministarstva. Poslednje \u0161to je na ovom sajtu objavljeno jeste to da je napravljen godi\u0161nji izvje\u0161taj, dok je kao posljednja Ugljaninova aktivnost zabilje\u017eeno da se 30. oktobra 2009. sastao s direktorom Geodetskog zavoda!<\/p>\n<p>\u0160ta je od tada do danas radio, ne znaju ni njegovi najbli\u017ei saradnici. \u0160efica kabineta Jasmina Bahtjarevi\u0107 odbijala je da nam se javi, a nije odgovarala ni na SMS koje smo joj poslali. Ni izvjesna Milana, koja je ju\u010der jedina bila na svom radnom mjestu u Ministarstvu, nije mogla da nam pomogne.<\/p>\n<p>&#8211; Ne znam zaista \u0161ta je ministar radio proteklih mjeseci, odnedavno sam ovdje. A i da znam, takvu informaciju ne mo\u017eete dobiti &#8211; poru\u010duje Ugljaninova saradnica.<br \/>\nNi Ugljaninov posebni savjetnik Esad Salihovi\u0107 nije imao odgovor, a ni vremena da saslu\u0161a na\u0161e pitanje jer je bio \u201evan zgrade, na va\u017enom sastanku\u201c.<\/p>\n<p>Izvor: <strong>Kurir-Info.rs<\/strong><\/p>\n","protected":false},"excerpt":{"rendered":"<p>Srbija &#8211; \u0160ta je sve radio ministar bez portfelja Sulejman Ugljanin od po\u010detka ove godine, nemogu\u0107e je saznati! Do odgovora na ovo pitanje ne mo\u017eete do\u0107i ni preko sajta njegovog ministarstva. Poslednje \u0161to je na ovom sajtu objavljeno jeste to da je napravljen godi\u0161nji izvje\u0161taj, dok je kao posljednja Ugljaninova aktivnost zabilje\u017eeno da se 30. [&hellip;]<\/p>\n","protected":false},"author":83,"featured_media":2748,"comment_status":"open","ping_status":"open","sticky":false,"template":"","format":"standard","meta":{"footnotes":""},"categories":[1],"tags":[],"class_list":{"0":"post-2747","1":"post","2":"type-post","3":"status-publish","4":"format-standard","5":"has-post-thumbnail","7":"category-politika"},"yoast_head":"<!-- This site is optimized with the Yoast SEO Premium plugin v23.1 (Yoast SEO v24.9) - https:\/\/yoast.com\/wordpress\/plugins\/seo\/ -->\n<title>Ministre Suljo, \u0161ta radite?<\/title>\n<meta name=\"robots\" content=\"index, follow, max-snippet:-1, max-image-preview:large, max-video-preview:-1\" \/>\n<link rel=\"canonical\" href=\"https:\/\/sandzakpress.net\/arhiva\/ministre-suljo-sta-radite\/\" \/>\n<meta property=\"og:locale\" content=\"bs_BA\" \/>\n<meta property=\"og:type\" content=\"article\" \/>\n<meta property=\"og:title\" content=\"Ministre Suljo, \u0161ta radite?\" \/>\n<meta property=\"og:description\" content=\"Srbija &#8211; \u0160ta je sve radio ministar bez portfelja Sulejman Ugljanin od po\u010detka ove godine, nemogu\u0107e je saznati! Do odgovora na ovo pitanje ne mo\u017eete do\u0107i ni preko sajta njegovog ministarstva. Poslednje \u0161to je na ovom sajtu objavljeno jeste to da je napravljen godi\u0161nji izvje\u0161taj, dok je kao posljednja Ugljaninova aktivnost zabilje\u017eeno da se 30. [&hellip;]\" \/>\n<meta property=\"og:url\" content=\"https:\/\/sandzakpress.net\/arhiva\/ministre-suljo-sta-radite\/\" \/>\n<meta property=\"og:site_name\" content=\"Sand\u017eak PRESS\" \/>\n<meta property=\"article:published_time\" content=\"2010-03-14T19:11:46+00:00\" \/>\n<meta property=\"og:image\" content=\"https:\/\/sandzakpress.net\/arhiva\/wp-content\/uploads\/2010\/03\/suljo.jpg\" \/>\n\t<meta property=\"og:image:width\" content=\"259\" \/>\n\t<meta property=\"og:image:height\" content=\"354\" \/>\n\t<meta property=\"og:image:type\" content=\"image\/jpeg\" \/>\n<meta name=\"author\" content=\"bosniak\" \/>\n<meta name=\"twitter:card\" content=\"summary_large_image\" \/>\n<meta name=\"twitter:label1\" content=\"Written by\" \/>\n\t<meta name=\"twitter:data1\" content=\"bosniak\" \/>\n\t<meta name=\"twitter:label2\" content=\"Est. reading time\" \/>\n\t<meta name=\"twitter:data2\" content=\"1 minuta\" \/>\n<script type=\"application\/ld+json\" class=\"yoast-schema-graph\">{\"@context\":\"https:\/\/schema.org\",\"@graph\":[{\"@type\":\"Article\",\"@id\":\"https:\/\/sandzakpress.net\/arhiva\/ministre-suljo-sta-radite\/#article\",\"isPartOf\":{\"@id\":\"https:\/\/sandzakpress.net\/arhiva\/ministre-suljo-sta-radite\/\"},\"author\":{\"name\":\"bosniak\",\"@id\":\"https:\/\/sandzakpress.net\/arhiva\/#\/schema\/person\/c8baee722073534b583ea7bdb2e36c02\"},\"headline\":\"Ministre Suljo, \u0161ta radite?\",\"datePublished\":\"2010-03-14T19:11:46+00:00\",\"mainEntityOfPage\":{\"@id\":\"https:\/\/sandzakpress.net\/arhiva\/ministre-suljo-sta-radite\/\"},\"wordCount\":183,\"commentCount\":2,\"publisher\":{\"@id\":\"https:\/\/sandzakpress.net\/arhiva\/#\/schema\/person\/6e72b67d6e51910a1117b3b483ba20bd\"},\"image\":{\"@id\":\"https:\/\/sandzakpress.net\/arhiva\/ministre-suljo-sta-radite\/#primaryimage\"},\"thumbnailUrl\":\"https:\/\/sandzakpress.net\/arhiva\/wp-content\/uploads\/2010\/03\/suljo.jpg\",\"articleSection\":[\"Politika\"],\"inLanguage\":\"bs-BA\",\"potentialAction\":[{\"@type\":\"CommentAction\",\"name\":\"Comment\",\"target\":[\"https:\/\/sandzakpress.net\/arhiva\/ministre-suljo-sta-radite\/#respond\"]}]},{\"@type\":\"WebPage\",\"@id\":\"https:\/\/sandzakpress.net\/arhiva\/ministre-suljo-sta-radite\/\",\"url\":\"https:\/\/sandzakpress.net\/arhiva\/ministre-suljo-sta-radite\/\",\"name\":\"Ministre Suljo, \u0161ta radite?\",\"isPartOf\":{\"@id\":\"https:\/\/sandzakpress.net\/arhiva\/#website\"},\"primaryImageOfPage\":{\"@id\":\"https:\/\/sandzakpress.net\/arhiva\/ministre-suljo-sta-radite\/#primaryimage\"},\"image\":{\"@id\":\"https:\/\/sandzakpress.net\/arhiva\/ministre-suljo-sta-radite\/#primaryimage\"},\"thumbnailUrl\":\"https:\/\/sandzakpress.net\/arhiva\/wp-content\/uploads\/2010\/03\/suljo.jpg\",\"datePublished\":\"2010-03-14T19:11:46+00:00\",\"breadcrumb\":{\"@id\":\"https:\/\/sandzakpress.net\/arhiva\/ministre-suljo-sta-radite\/#breadcrumb\"},\"inLanguage\":\"bs-BA\",\"potentialAction\":[{\"@type\":\"ReadAction\",\"target\":[\"https:\/\/sandzakpress.net\/arhiva\/ministre-suljo-sta-radite\/\"]}]},{\"@type\":\"ImageObject\",\"inLanguage\":\"bs-BA\",\"@id\":\"https:\/\/sandzakpress.net\/arhiva\/ministre-suljo-sta-radite\/#primaryimage\",\"url\":\"https:\/\/sandzakpress.net\/arhiva\/wp-content\/uploads\/2010\/03\/suljo.jpg\",\"contentUrl\":\"https:\/\/sandzakpress.net\/arhiva\/wp-content\/uploads\/2010\/03\/suljo.jpg\",\"width\":259,\"height\":354},{\"@type\":\"BreadcrumbList\",\"@id\":\"https:\/\/sandzakpress.net\/arhiva\/ministre-suljo-sta-radite\/#breadcrumb\",\"itemListElement\":[{\"@type\":\"ListItem\",\"position\":1,\"name\":\"Home\",\"item\":\"https:\/\/sandzakpress.net\/arhiva\/\"},{\"@type\":\"ListItem\",\"position\":2,\"name\":\"Ministre Suljo, \u0161ta radite?\"}]},{\"@type\":\"WebSite\",\"@id\":\"https:\/\/sandzakpress.net\/arhiva\/#website\",\"url\":\"https:\/\/sandzakpress.net\/arhiva\/\",\"name\":\"Sand\u017eak PRESS\",\"description\":\"Prve elektronske novine u Sand\u017eaku\",\"publisher\":{\"@id\":\"https:\/\/sandzakpress.net\/arhiva\/#\/schema\/person\/6e72b67d6e51910a1117b3b483ba20bd\"},\"potentialAction\":[{\"@type\":\"SearchAction\",\"target\":{\"@type\":\"EntryPoint\",\"urlTemplate\":\"https:\/\/sandzakpress.net\/arhiva\/?s={search_term_string}\"},\"query-input\":{\"@type\":\"PropertyValueSpecification\",\"valueRequired\":true,\"valueName\":\"search_term_string\"}}],\"inLanguage\":\"bs-BA\"},{\"@type\":[\"Person\",\"Organization\"],\"@id\":\"https:\/\/sandzakpress.net\/arhiva\/#\/schema\/person\/6e72b67d6e51910a1117b3b483ba20bd\",\"name\":\"Kul\",\"image\":{\"@type\":\"ImageObject\",\"inLanguage\":\"bs-BA\",\"@id\":\"https:\/\/sandzakpress.net\/arhiva\/#\/schema\/person\/image\/\",\"url\":\"https:\/\/secure.gravatar.com\/avatar\/42263f39aa27ac04c43cab85c280eb2e?s=96&d=mm&r=pg\",\"contentUrl\":\"https:\/\/secure.gravatar.com\/avatar\/42263f39aa27ac04c43cab85c280eb2e?s=96&d=mm&r=pg\",\"caption\":\"Kul\"},\"logo\":{\"@id\":\"https:\/\/sandzakpress.net\/arhiva\/#\/schema\/person\/image\/\"}},{\"@type\":\"Person\",\"@id\":\"https:\/\/sandzakpress.net\/arhiva\/#\/schema\/person\/c8baee722073534b583ea7bdb2e36c02\",\"name\":\"bosniak\",\"image\":{\"@type\":\"ImageObject\",\"inLanguage\":\"bs-BA\",\"@id\":\"https:\/\/sandzakpress.net\/arhiva\/#\/schema\/person\/image\/\",\"url\":\"https:\/\/secure.gravatar.com\/avatar\/a04fd330bfe3a36a72a0ad4a6d89fca7?s=96&d=mm&r=pg\",\"contentUrl\":\"https:\/\/secure.gravatar.com\/avatar\/a04fd330bfe3a36a72a0ad4a6d89fca7?s=96&d=mm&r=pg\",\"caption\":\"bosniak\"},\"url\":\"https:\/\/sandzakpress.net\/arhiva\/author\/bosniak\/\"}]}<\/script>\n<!-- \/ Yoast SEO Premium plugin. -->","yoast_head_json":{"title":"Ministre Suljo, \u0161ta radite?","robots":{"index":"index","follow":"follow","max-snippet":"max-snippet:-1","max-image-preview":"max-image-preview:large","max-video-preview":"max-video-preview:-1"},"canonical":"https:\/\/sandzakpress.net\/arhiva\/ministre-suljo-sta-radite\/","og_locale":"bs_BA","og_type":"article","og_title":"Ministre Suljo, \u0161ta radite?","og_description":"Srbija &#8211; \u0160ta je sve radio ministar bez portfelja Sulejman Ugljanin od po\u010detka ove godine, nemogu\u0107e je saznati! Do odgovora na ovo pitanje ne mo\u017eete do\u0107i ni preko sajta njegovog ministarstva. Poslednje \u0161to je na ovom sajtu objavljeno jeste to da je napravljen godi\u0161nji izvje\u0161taj, dok je kao posljednja Ugljaninova aktivnost zabilje\u017eeno da se 30. [&hellip;]","og_url":"https:\/\/sandzakpress.net\/arhiva\/ministre-suljo-sta-radite\/","og_site_name":"Sand\u017eak PRESS","article_published_time":"2010-03-14T19:11:46+00:00","og_image":[{"width":259,"height":354,"url":"https:\/\/sandzakpress.net\/arhiva\/wp-content\/uploads\/2010\/03\/suljo.jpg","type":"image\/jpeg"}],"author":"bosniak","twitter_card":"summary_large_image","twitter_misc":{"Written by":"bosniak","Est. reading time":"1 minuta"},"schema":{"@context":"https:\/\/schema.org","@graph":[{"@type":"Article","@id":"https:\/\/sandzakpress.net\/arhiva\/ministre-suljo-sta-radite\/#article","isPartOf":{"@id":"https:\/\/sandzakpress.net\/arhiva\/ministre-suljo-sta-radite\/"},"author":{"name":"bosniak","@id":"https:\/\/sandzakpress.net\/arhiva\/#\/schema\/person\/c8baee722073534b583ea7bdb2e36c02"},"headline":"Ministre Suljo, \u0161ta radite?","datePublished":"2010-03-14T19:11:46+00:00","mainEntityOfPage":{"@id":"https:\/\/sandzakpress.net\/arhiva\/ministre-suljo-sta-radite\/"},"wordCount":183,"commentCount":2,"publisher":{"@id":"https:\/\/sandzakpress.net\/arhiva\/#\/schema\/person\/6e72b67d6e51910a1117b3b483ba20bd"},"image":{"@id":"https:\/\/sandzakpress.net\/arhiva\/ministre-suljo-sta-radite\/#primaryimage"},"thumbnailUrl":"https:\/\/sandzakpress.net\/arhiva\/wp-content\/uploads\/2010\/03\/suljo.jpg","articleSection":["Politika"],"inLanguage":"bs-BA","potentialAction":[{"@type":"CommentAction","name":"Comment","target":["https:\/\/sandzakpress.net\/arhiva\/ministre-suljo-sta-radite\/#respond"]}]},{"@type":"WebPage","@id":"https:\/\/sandzakpress.net\/arhiva\/ministre-suljo-sta-radite\/","url":"https:\/\/sandzakpress.net\/arhiva\/ministre-suljo-sta-radite\/","name":"Ministre Suljo, \u0161ta radite?","isPartOf":{"@id":"https:\/\/sandzakpress.net\/arhiva\/#website"},"primaryImageOfPage":{"@id":"https:\/\/sandzakpress.net\/arhiva\/ministre-suljo-sta-radite\/#primaryimage"},"image":{"@id":"https:\/\/sandzakpress.net\/arhiva\/ministre-suljo-sta-radite\/#primaryimage"},"thumbnailUrl":"https:\/\/sandzakpress.net\/arhiva\/wp-content\/uploads\/2010\/03\/suljo.jpg","datePublished":"2010-03-14T19:11:46+00:00","breadcrumb":{"@id":"https:\/\/sandzakpress.net\/arhiva\/ministre-suljo-sta-radite\/#breadcrumb"},"inLanguage":"bs-BA","potentialAction":[{"@type":"ReadAction","target":["https:\/\/sandzakpress.net\/arhiva\/ministre-suljo-sta-radite\/"]}]},{"@type":"ImageObject","inLanguage":"bs-BA","@id":"https:\/\/sandzakpress.net\/arhiva\/ministre-suljo-sta-radite\/#primaryimage","url":"https:\/\/sandzakpress.net\/arhiva\/wp-content\/uploads\/2010\/03\/suljo.jpg","contentUrl":"https:\/\/sandzakpress.net\/arhiva\/wp-content\/uploads\/2010\/03\/suljo.jpg","width":259,"height":354},{"@type":"BreadcrumbList","@id":"https:\/\/sandzakpress.net\/arhiva\/ministre-suljo-sta-radite\/#breadcrumb","itemListElement":[{"@type":"ListItem","position":1,"name":"Home","item":"https:\/\/sandzakpress.net\/arhiva\/"},{"@type":"ListItem","position":2,"name":"Ministre Suljo, \u0161ta radite?"}]},{"@type":"WebSite","@id":"https:\/\/sandzakpress.net\/arhiva\/#website","url":"https:\/\/sandzakpress.net\/arhiva\/","name":"Sand\u017eak PRESS","description":"Prve elektronske novine u Sand\u017eaku","publisher":{"@id":"https:\/\/sandzakpress.net\/arhiva\/#\/schema\/person\/6e72b67d6e51910a1117b3b483ba20bd"},"potentialAction":[{"@type":"SearchAction","target":{"@type":"EntryPoint","urlTemplate":"https:\/\/sandzakpress.net\/arhiva\/?s={search_term_string}"},"query-input":{"@type":"PropertyValueSpecification","valueRequired":true,"valueName":"search_term_string"}}],"inLanguage":"bs-BA"},{"@type":["Person","Organization"],"@id":"https:\/\/sandzakpress.net\/arhiva\/#\/schema\/person\/6e72b67d6e51910a1117b3b483ba20bd","name":"Kul","image":{"@type":"ImageObject","inLanguage":"bs-BA","@id":"https:\/\/sandzakpress.net\/arhiva\/#\/schema\/person\/image\/","url":"https:\/\/secure.gravatar.com\/avatar\/42263f39aa27ac04c43cab85c280eb2e?s=96&d=mm&r=pg","contentUrl":"https:\/\/secure.gravatar.com\/avatar\/42263f39aa27ac04c43cab85c280eb2e?s=96&d=mm&r=pg","caption":"Kul"},"logo":{"@id":"https:\/\/sandzakpress.net\/arhiva\/#\/schema\/person\/image\/"}},{"@type":"Person","@id":"https:\/\/sandzakpress.net\/arhiva\/#\/schema\/person\/c8baee722073534b583ea7bdb2e36c02","name":"bosniak","image":{"@type":"ImageObject","inLanguage":"bs-BA","@id":"https:\/\/sandzakpress.net\/arhiva\/#\/schema\/person\/image\/","url":"https:\/\/secure.gravatar.com\/avatar\/a04fd330bfe3a36a72a0ad4a6d89fca7?s=96&d=mm&r=pg","contentUrl":"https:\/\/secure.gravatar.com\/avatar\/a04fd330bfe3a36a72a0ad4a6d89fca7?s=96&d=mm&r=pg","caption":"bosniak"},"url":"https:\/\/sandzakpress.net\/arhiva\/author\/bosniak\/"}]}},"_links":{"self":[{"href":"https:\/\/sandzakpress.net\/arhiva\/wp-json\/wp\/v2\/posts\/2747"}],"collection":[{"href":"https:\/\/sandzakpress.net\/arhiva\/wp-json\/wp\/v2\/posts"}],"about":[{"href":"https:\/\/sandzakpress.net\/arhiva\/wp-json\/wp\/v2\/types\/post"}],"author":[{"embeddable":true,"href":"https:\/\/sandzakpress.net\/arhiva\/wp-json\/wp\/v2\/users\/83"}],"replies":[{"embeddable":true,"href":"https:\/\/sandzakpress.net\/arhiva\/wp-json\/wp\/v2\/comments?post=2747"}],"version-history":[{"count":0,"href":"https:\/\/sandzakpress.net\/arhiva\/wp-json\/wp\/v2\/posts\/2747\/revisions"}],"wp:featuredmedia":[{"embeddable":true,"href":"https:\/\/sandzakpress.net\/arhiva\/wp-json\/wp\/v2\/media\/2748"}],"wp:attachment":[{"href":"https:\/\/sandzakpress.net\/arhiva\/wp-json\/wp\/v2\/media?parent=2747"}],"wp:term":[{"taxonomy":"category","embeddable":true,"href":"https:\/\/sandzakpress.net\/arhiva\/wp-json\/wp\/v2\/categories?post=2747"},{"taxonomy":"post_tag","embeddable":true,"href":"https:\/\/sandzakpress.net\/arhiva\/wp-json\/wp\/v2\/tags?post=2747"}],"curies":[{"name":"wp","href":"https:\/\/api.w.org\/{rel}","templated":true}]}}