{"id":26775,"date":"2011-12-25T23:15:38","date_gmt":"2011-12-25T22:15:38","guid":{"rendered":"https:\/\/sandzakpress.net\/arhiva\/?p=26775"},"modified":"2011-12-25T23:17:55","modified_gmt":"2011-12-25T22:17:55","slug":"dvije-godine-bkz","status":"publish","type":"post","link":"https:\/\/sandzakpress.net\/arhiva\/dvije-godine-bkz\/","title":{"rendered":"Dvije godine &#8211; BKZ"},"content":{"rendered":"<p><a href=\"https:\/\/sandzakpress.net\/arhiva\/wp-content\/uploads\/2011\/12\/123.jpg\"><img loading=\"lazy\" decoding=\"async\" class=\"aligncenter size-full wp-image-26776\" title=\"123\" src=\"https:\/\/sandzakpress.net\/arhiva\/wp-content\/uploads\/2011\/12\/123.jpg\" alt=\"\" width=\"631\" height=\"316\" \/><\/a><\/p>\n<p style=\"text-align: center;\"><strong>Sand\u017eak &#8211; Proslava dvogodi\u0161njice Bo\u0161nja\u010dke kulturne zajednice u Hali sportova u Novom Pazaru.<\/strong><\/p>\n<p style=\"text-align: center;\"><a href=\"https:\/\/sandzakpress.net\/arhiva\/wp-content\/uploads\/2011\/12\/bkz-sehara-bosnjacke-kulture-22-12-141.jpg\"><img loading=\"lazy\" decoding=\"async\" class=\"aligncenter size-full wp-image-26777\" title=\"bkz-sehara-bosnjacke-kulture-22-12-14\" src=\"https:\/\/sandzakpress.net\/arhiva\/wp-content\/uploads\/2011\/12\/bkz-sehara-bosnjacke-kulture-22-12-141.jpg\" alt=\"\" width=\"616\" height=\"409\" \/><\/a><\/p>\n<p style=\"text-align: center;\"><strong>Elita sand\u017ea\u010dke glume i vodteljstva<\/strong><\/p>\n<p style=\"text-align: center;\"><a href=\"https:\/\/sandzakpress.net\/arhiva\/wp-content\/uploads\/2011\/12\/bkz-sehara-bosnjacke-kulture-22-12-121.jpg\"><img loading=\"lazy\" decoding=\"async\" class=\"aligncenter size-full wp-image-26778\" title=\"bkz-sehara-bosnjacke-kulture-22-12-12\" src=\"https:\/\/sandzakpress.net\/arhiva\/wp-content\/uploads\/2011\/12\/bkz-sehara-bosnjacke-kulture-22-12-121.jpg\" alt=\"\" width=\"616\" height=\"409\" \/><\/a><\/p>\n<p style=\"text-align: center;\"><strong>Tradicionalna bo\u0161nja\u010dka no\u0161nja<\/strong><\/p>\n<p style=\"text-align: center;\"><a href=\"https:\/\/sandzakpress.net\/arhiva\/wp-content\/uploads\/2011\/12\/14.jpg\"><img loading=\"lazy\" decoding=\"async\" class=\"aligncenter size-full wp-image-26779\" title=\"14\" src=\"https:\/\/sandzakpress.net\/arhiva\/wp-content\/uploads\/2011\/12\/14.jpg\" alt=\"\" width=\"616\" height=\"328\" \/><\/a><\/p>\n<p style=\"text-align: center;\"><strong>Prepuna Hala sportova<\/strong><\/p>\n<p style=\"text-align: center;\"><a href=\"https:\/\/sandzakpress.net\/arhiva\/wp-content\/uploads\/2011\/12\/BKZ-Sehara-bosnjacke-kulture-22.12-92.jpg\"><img loading=\"lazy\" decoding=\"async\" class=\"aligncenter size-full wp-image-26780\" title=\"BKZ-Sehara bosnjacke kulture-22.12 (92)\" src=\"https:\/\/sandzakpress.net\/arhiva\/wp-content\/uploads\/2011\/12\/BKZ-Sehara-bosnjacke-kulture-22.12-92.jpg\" alt=\"\" width=\"616\" height=\"305\" \/><\/a><\/p>\n<p style=\"text-align: center;\"><strong>OBKZ Prijepolje &#8211; Hor Din<\/strong><\/p>\n<p style=\"text-align: center;\"><a href=\"https:\/\/sandzakpress.net\/arhiva\/wp-content\/uploads\/2011\/12\/BKZ-Sehara-bosnjacke-kulture-22.12-104.jpg\"><img loading=\"lazy\" decoding=\"async\" class=\"aligncenter size-full wp-image-26781\" title=\"BKZ-Sehara bosnjacke kulture-22.12 (104)\" src=\"https:\/\/sandzakpress.net\/arhiva\/wp-content\/uploads\/2011\/12\/BKZ-Sehara-bosnjacke-kulture-22.12-104.jpg\" alt=\"\" width=\"616\" height=\"283\" \/><\/a><\/p>\n<p style=\"text-align: center;\"><strong>OBKZ Sjenica &#8211; Hor Firdevs<\/strong><\/p>\n<p style=\"text-align: center;\"><a href=\"https:\/\/sandzakpress.net\/arhiva\/wp-content\/uploads\/2011\/12\/BKZ-Sehara-bosnjacke-kulture-22.12-169.jpg\"><img loading=\"lazy\" decoding=\"async\" class=\"aligncenter size-full wp-image-26786\" title=\"BKZ-Sehara bosnjacke kulture-22.12 (169)\" src=\"https:\/\/sandzakpress.net\/arhiva\/wp-content\/uploads\/2011\/12\/BKZ-Sehara-bosnjacke-kulture-22.12-169.jpg\" alt=\"\" width=\"616\" height=\"293\" \/><\/a><\/p>\n<p style=\"text-align: center;\"><strong>OBKZ Novi Pazar &#8211; Hor Sand\u017eak<\/strong><\/p>\n<p style=\"text-align: center;\"><a href=\"https:\/\/sandzakpress.net\/arhiva\/wp-content\/uploads\/2011\/12\/Untitled-31.jpg\"><img loading=\"lazy\" decoding=\"async\" class=\"aligncenter size-full wp-image-26783\" title=\"Untitled-3\" src=\"https:\/\/sandzakpress.net\/arhiva\/wp-content\/uploads\/2011\/12\/Untitled-31.jpg\" alt=\"\" width=\"616\" height=\"364\" \/><\/a><\/p>\n<p style=\"text-align: center;\"><strong>OBKZ Novi Pazar &#8211; Hor Merd\u017ean<\/strong><\/p>\n<p style=\"text-align: center;\"><a href=\"https:\/\/sandzakpress.net\/arhiva\/wp-content\/uploads\/2011\/12\/BKZ-Sehara-bosnjacke-kulture-22.12-127.jpg\"><img loading=\"lazy\" decoding=\"async\" class=\"aligncenter size-full wp-image-26784\" title=\"BKZ-Sehara bosnjacke kulture-22.12 (127)\" src=\"https:\/\/sandzakpress.net\/arhiva\/wp-content\/uploads\/2011\/12\/BKZ-Sehara-bosnjacke-kulture-22.12-127.jpg\" alt=\"\" width=\"616\" height=\"288\" \/><\/a><\/p>\n<p style=\"text-align: center;\"><strong>KUD Sand\u017eak<\/strong><\/p>\n<p style=\"text-align: center;\"><a href=\"https:\/\/sandzakpress.net\/arhiva\/wp-content\/uploads\/2011\/12\/Untitled-32.jpg\"><img loading=\"lazy\" decoding=\"async\" class=\"aligncenter size-full wp-image-26787\" title=\"Untitled-3\" src=\"https:\/\/sandzakpress.net\/arhiva\/wp-content\/uploads\/2011\/12\/Untitled-32.jpg\" alt=\"\" width=\"616\" height=\"293\" \/><\/a><\/p>\n<p style=\"text-align: center;\"><strong>Dramska trupa Eda Ma\u0161ovi\u0107a<\/strong><\/p>\n<div class=\"youtube-embed\" data-video_id=\"aX7awSteMj8\"><iframe loading=\"lazy\" title=\"Ai\u0161a Meki\u0107 - G\u00f6\u00e7t\u00fc Kervan - Hor Merd\u017ean - OBKZ\" width=\"696\" height=\"522\" src=\"https:\/\/www.youtube.com\/embed\/aX7awSteMj8?feature=oembed&#038;enablejsapi=1\" frameborder=\"0\" allow=\"accelerometer; autoplay; encrypted-media; gyroscope; picture-in-picture\" allowfullscreen><\/iframe><\/div>\n<div class=\"youtube-embed\" data-video_id=\"jTaUsmrYoJ8\"><iframe loading=\"lazy\" title=\"Dvogodi\u0161njica BKZ-a. Muftija Muamer-ef. Zukorli\u0107: &quot;\u0160ta je temelj cijele na\u0161e kulture&quot;\" width=\"696\" height=\"522\" src=\"https:\/\/www.youtube.com\/embed\/videoseries?list=UUP_WyTRCWTaiJV1YPmK0F2A\" frameborder=\"0\" allow=\"accelerometer; autoplay; encrypted-media; gyroscope; picture-in-picture\" allowfullscreen><\/iframe><\/div>\n","protected":false},"excerpt":{"rendered":"<p>Sand\u017eak &#8211; Proslava dvogodi\u0161njice Bo\u0161nja\u010dke kulturne zajednice u Hali sportova u Novom Pazaru. Elita sand\u017ea\u010dke glume i vodteljstva Tradicionalna bo\u0161nja\u010dka no\u0161nja Prepuna Hala sportova OBKZ Prijepolje &#8211; Hor Din OBKZ Sjenica &#8211; Hor Firdevs OBKZ Novi Pazar &#8211; Hor Sand\u017eak OBKZ Novi Pazar &#8211; Hor Merd\u017ean KUD Sand\u017eak Dramska trupa Eda Ma\u0161ovi\u0107a<\/p>\n","protected":false},"author":83,"featured_media":26776,"comment_status":"open","ping_status":"open","sticky":false,"template":"","format":"standard","meta":{"footnotes":""},"categories":[398,2860,72,3012,397,2690,52,327,396,392,2691,393,395,399,394,2692,2693],"tags":[],"class_list":{"0":"post-26775","1":"post","2":"type-post","3":"status-publish","4":"format-standard","5":"has-post-thumbnail","7":"category-rozaje","8":"category-bosna-i-hercegovina-gradovi","9":"category-novi-pazar","10":"category-amerika-gradovi","11":"category-berane","12":"category-kosovo-gradovi","13":"category-sjenica","14":"category-tutin","15":"category-bijelo_polje","16":"category-prijepolje_","17":"category-makedonija","18":"category-priboj","19":"category-pljevlja_","20":"category-plav_","21":"category-nova-varos","22":"category-turska-gradovi","23":"category-dijaspora-gradovi"},"yoast_head":"<!-- This site is optimized with the Yoast SEO Premium plugin v23.1 (Yoast SEO v24.9) - https:\/\/yoast.com\/wordpress\/plugins\/seo\/ -->\n<title>Dvije godine - BKZ<\/title>\n<meta name=\"robots\" content=\"index, follow, max-snippet:-1, max-image-preview:large, max-video-preview:-1\" \/>\n<link rel=\"canonical\" href=\"https:\/\/sandzakpress.net\/arhiva\/dvije-godine-bkz\/\" \/>\n<meta property=\"og:locale\" content=\"bs_BA\" \/>\n<meta property=\"og:type\" content=\"article\" \/>\n<meta property=\"og:title\" content=\"Dvije godine - BKZ\" \/>\n<meta property=\"og:description\" content=\"Sand\u017eak &#8211; Proslava dvogodi\u0161njice Bo\u0161nja\u010dke kulturne zajednice u Hali sportova u Novom Pazaru. Elita sand\u017ea\u010dke glume i vodteljstva Tradicionalna bo\u0161nja\u010dka no\u0161nja Prepuna Hala sportova OBKZ Prijepolje &#8211; Hor Din OBKZ Sjenica &#8211; Hor Firdevs OBKZ Novi Pazar &#8211; Hor Sand\u017eak OBKZ Novi Pazar &#8211; Hor Merd\u017ean KUD Sand\u017eak Dramska trupa Eda Ma\u0161ovi\u0107a\" \/>\n<meta property=\"og:url\" content=\"https:\/\/sandzakpress.net\/arhiva\/dvije-godine-bkz\/\" \/>\n<meta property=\"og:site_name\" content=\"Sand\u017eak PRESS\" \/>\n<meta property=\"article:published_time\" content=\"2011-12-25T22:15:38+00:00\" \/>\n<meta property=\"article:modified_time\" content=\"2011-12-25T22:17:55+00:00\" \/>\n<meta property=\"og:image\" content=\"https:\/\/sandzakpress.net\/arhiva\/wp-content\/uploads\/2011\/12\/123.jpg\" \/>\n\t<meta property=\"og:image:width\" content=\"616\" \/>\n\t<meta property=\"og:image:height\" content=\"308\" \/>\n\t<meta property=\"og:image:type\" content=\"image\/jpeg\" \/>\n<meta name=\"author\" content=\"bosniak\" \/>\n<meta name=\"twitter:card\" content=\"summary_large_image\" \/>\n<meta name=\"twitter:label1\" content=\"Written by\" \/>\n\t<meta name=\"twitter:data1\" content=\"bosniak\" \/>\n<script type=\"application\/ld+json\" class=\"yoast-schema-graph\">{\"@context\":\"https:\/\/schema.org\",\"@graph\":[{\"@type\":\"Article\",\"@id\":\"https:\/\/sandzakpress.net\/arhiva\/dvije-godine-bkz\/#article\",\"isPartOf\":{\"@id\":\"https:\/\/sandzakpress.net\/arhiva\/dvije-godine-bkz\/\"},\"author\":{\"name\":\"bosniak\",\"@id\":\"https:\/\/sandzakpress.net\/arhiva\/#\/schema\/person\/c8baee722073534b583ea7bdb2e36c02\"},\"headline\":\"Dvije godine &#8211; BKZ\",\"datePublished\":\"2011-12-25T22:15:38+00:00\",\"dateModified\":\"2011-12-25T22:17:55+00:00\",\"mainEntityOfPage\":{\"@id\":\"https:\/\/sandzakpress.net\/arhiva\/dvije-godine-bkz\/\"},\"wordCount\":94,\"commentCount\":10,\"publisher\":{\"@id\":\"https:\/\/sandzakpress.net\/arhiva\/#\/schema\/person\/6e72b67d6e51910a1117b3b483ba20bd\"},\"image\":{\"@id\":\"https:\/\/sandzakpress.net\/arhiva\/dvije-godine-bkz\/#primaryimage\"},\"thumbnailUrl\":\"https:\/\/sandzakpress.net\/arhiva\/wp-content\/uploads\/2011\/12\/123.jpg\",\"articleSection\":[\"Ro\u017eaje\",\"Bosna i Hercegovina\",\"Novi Pazar\",\"Amerika\",\"Berane\",\"Kosovo\",\"Sjenica\",\"Tutin\",\"Bijelo Polje\",\"Prijepolje\",\"Makedonija\",\"Priboj\",\"Pljevlja\",\"Plav\",\"Nova Varo\u0161\",\"Turska\",\"Evropa\"],\"inLanguage\":\"bs-BA\",\"potentialAction\":[{\"@type\":\"CommentAction\",\"name\":\"Comment\",\"target\":[\"https:\/\/sandzakpress.net\/arhiva\/dvije-godine-bkz\/#respond\"]}]},{\"@type\":\"WebPage\",\"@id\":\"https:\/\/sandzakpress.net\/arhiva\/dvije-godine-bkz\/\",\"url\":\"https:\/\/sandzakpress.net\/arhiva\/dvije-godine-bkz\/\",\"name\":\"Dvije godine - BKZ\",\"isPartOf\":{\"@id\":\"https:\/\/sandzakpress.net\/arhiva\/#website\"},\"primaryImageOfPage\":{\"@id\":\"https:\/\/sandzakpress.net\/arhiva\/dvije-godine-bkz\/#primaryimage\"},\"image\":{\"@id\":\"https:\/\/sandzakpress.net\/arhiva\/dvije-godine-bkz\/#primaryimage\"},\"thumbnailUrl\":\"https:\/\/sandzakpress.net\/arhiva\/wp-content\/uploads\/2011\/12\/123.jpg\",\"datePublished\":\"2011-12-25T22:15:38+00:00\",\"dateModified\":\"2011-12-25T22:17:55+00:00\",\"breadcrumb\":{\"@id\":\"https:\/\/sandzakpress.net\/arhiva\/dvije-godine-bkz\/#breadcrumb\"},\"inLanguage\":\"bs-BA\",\"potentialAction\":[{\"@type\":\"ReadAction\",\"target\":[\"https:\/\/sandzakpress.net\/arhiva\/dvije-godine-bkz\/\"]}]},{\"@type\":\"ImageObject\",\"inLanguage\":\"bs-BA\",\"@id\":\"https:\/\/sandzakpress.net\/arhiva\/dvije-godine-bkz\/#primaryimage\",\"url\":\"https:\/\/sandzakpress.net\/arhiva\/wp-content\/uploads\/2011\/12\/123.jpg\",\"contentUrl\":\"https:\/\/sandzakpress.net\/arhiva\/wp-content\/uploads\/2011\/12\/123.jpg\",\"width\":616,\"height\":308},{\"@type\":\"BreadcrumbList\",\"@id\":\"https:\/\/sandzakpress.net\/arhiva\/dvije-godine-bkz\/#breadcrumb\",\"itemListElement\":[{\"@type\":\"ListItem\",\"position\":1,\"name\":\"Home\",\"item\":\"https:\/\/sandzakpress.net\/arhiva\/\"},{\"@type\":\"ListItem\",\"position\":2,\"name\":\"Dvije godine &#8211; BKZ\"}]},{\"@type\":\"WebSite\",\"@id\":\"https:\/\/sandzakpress.net\/arhiva\/#website\",\"url\":\"https:\/\/sandzakpress.net\/arhiva\/\",\"name\":\"Sand\u017eak PRESS\",\"description\":\"Prve elektronske novine u Sand\u017eaku\",\"publisher\":{\"@id\":\"https:\/\/sandzakpress.net\/arhiva\/#\/schema\/person\/6e72b67d6e51910a1117b3b483ba20bd\"},\"potentialAction\":[{\"@type\":\"SearchAction\",\"target\":{\"@type\":\"EntryPoint\",\"urlTemplate\":\"https:\/\/sandzakpress.net\/arhiva\/?s={search_term_string}\"},\"query-input\":{\"@type\":\"PropertyValueSpecification\",\"valueRequired\":true,\"valueName\":\"search_term_string\"}}],\"inLanguage\":\"bs-BA\"},{\"@type\":[\"Person\",\"Organization\"],\"@id\":\"https:\/\/sandzakpress.net\/arhiva\/#\/schema\/person\/6e72b67d6e51910a1117b3b483ba20bd\",\"name\":\"Kul\",\"image\":{\"@type\":\"ImageObject\",\"inLanguage\":\"bs-BA\",\"@id\":\"https:\/\/sandzakpress.net\/arhiva\/#\/schema\/person\/image\/\",\"url\":\"https:\/\/secure.gravatar.com\/avatar\/42263f39aa27ac04c43cab85c280eb2e?s=96&d=mm&r=pg\",\"contentUrl\":\"https:\/\/secure.gravatar.com\/avatar\/42263f39aa27ac04c43cab85c280eb2e?s=96&d=mm&r=pg\",\"caption\":\"Kul\"},\"logo\":{\"@id\":\"https:\/\/sandzakpress.net\/arhiva\/#\/schema\/person\/image\/\"}},{\"@type\":\"Person\",\"@id\":\"https:\/\/sandzakpress.net\/arhiva\/#\/schema\/person\/c8baee722073534b583ea7bdb2e36c02\",\"name\":\"bosniak\",\"image\":{\"@type\":\"ImageObject\",\"inLanguage\":\"bs-BA\",\"@id\":\"https:\/\/sandzakpress.net\/arhiva\/#\/schema\/person\/image\/\",\"url\":\"https:\/\/secure.gravatar.com\/avatar\/a04fd330bfe3a36a72a0ad4a6d89fca7?s=96&d=mm&r=pg\",\"contentUrl\":\"https:\/\/secure.gravatar.com\/avatar\/a04fd330bfe3a36a72a0ad4a6d89fca7?s=96&d=mm&r=pg\",\"caption\":\"bosniak\"},\"url\":\"https:\/\/sandzakpress.net\/arhiva\/author\/bosniak\/\"}]}<\/script>\n<!-- \/ Yoast SEO Premium plugin. -->","yoast_head_json":{"title":"Dvije godine - BKZ","robots":{"index":"index","follow":"follow","max-snippet":"max-snippet:-1","max-image-preview":"max-image-preview:large","max-video-preview":"max-video-preview:-1"},"canonical":"https:\/\/sandzakpress.net\/arhiva\/dvije-godine-bkz\/","og_locale":"bs_BA","og_type":"article","og_title":"Dvije godine - BKZ","og_description":"Sand\u017eak &#8211; Proslava dvogodi\u0161njice Bo\u0161nja\u010dke kulturne zajednice u Hali sportova u Novom Pazaru. Elita sand\u017ea\u010dke glume i vodteljstva Tradicionalna bo\u0161nja\u010dka no\u0161nja Prepuna Hala sportova OBKZ Prijepolje &#8211; Hor Din OBKZ Sjenica &#8211; Hor Firdevs OBKZ Novi Pazar &#8211; Hor Sand\u017eak OBKZ Novi Pazar &#8211; Hor Merd\u017ean KUD Sand\u017eak Dramska trupa Eda Ma\u0161ovi\u0107a","og_url":"https:\/\/sandzakpress.net\/arhiva\/dvije-godine-bkz\/","og_site_name":"Sand\u017eak PRESS","article_published_time":"2011-12-25T22:15:38+00:00","article_modified_time":"2011-12-25T22:17:55+00:00","og_image":[{"width":616,"height":308,"url":"https:\/\/sandzakpress.net\/arhiva\/wp-content\/uploads\/2011\/12\/123.jpg","type":"image\/jpeg"}],"author":"bosniak","twitter_card":"summary_large_image","twitter_misc":{"Written by":"bosniak"},"schema":{"@context":"https:\/\/schema.org","@graph":[{"@type":"Article","@id":"https:\/\/sandzakpress.net\/arhiva\/dvije-godine-bkz\/#article","isPartOf":{"@id":"https:\/\/sandzakpress.net\/arhiva\/dvije-godine-bkz\/"},"author":{"name":"bosniak","@id":"https:\/\/sandzakpress.net\/arhiva\/#\/schema\/person\/c8baee722073534b583ea7bdb2e36c02"},"headline":"Dvije godine &#8211; BKZ","datePublished":"2011-12-25T22:15:38+00:00","dateModified":"2011-12-25T22:17:55+00:00","mainEntityOfPage":{"@id":"https:\/\/sandzakpress.net\/arhiva\/dvije-godine-bkz\/"},"wordCount":94,"commentCount":10,"publisher":{"@id":"https:\/\/sandzakpress.net\/arhiva\/#\/schema\/person\/6e72b67d6e51910a1117b3b483ba20bd"},"image":{"@id":"https:\/\/sandzakpress.net\/arhiva\/dvije-godine-bkz\/#primaryimage"},"thumbnailUrl":"https:\/\/sandzakpress.net\/arhiva\/wp-content\/uploads\/2011\/12\/123.jpg","articleSection":["Ro\u017eaje","Bosna i Hercegovina","Novi Pazar","Amerika","Berane","Kosovo","Sjenica","Tutin","Bijelo Polje","Prijepolje","Makedonija","Priboj","Pljevlja","Plav","Nova Varo\u0161","Turska","Evropa"],"inLanguage":"bs-BA","potentialAction":[{"@type":"CommentAction","name":"Comment","target":["https:\/\/sandzakpress.net\/arhiva\/dvije-godine-bkz\/#respond"]}]},{"@type":"WebPage","@id":"https:\/\/sandzakpress.net\/arhiva\/dvije-godine-bkz\/","url":"https:\/\/sandzakpress.net\/arhiva\/dvije-godine-bkz\/","name":"Dvije godine - BKZ","isPartOf":{"@id":"https:\/\/sandzakpress.net\/arhiva\/#website"},"primaryImageOfPage":{"@id":"https:\/\/sandzakpress.net\/arhiva\/dvije-godine-bkz\/#primaryimage"},"image":{"@id":"https:\/\/sandzakpress.net\/arhiva\/dvije-godine-bkz\/#primaryimage"},"thumbnailUrl":"https:\/\/sandzakpress.net\/arhiva\/wp-content\/uploads\/2011\/12\/123.jpg","datePublished":"2011-12-25T22:15:38+00:00","dateModified":"2011-12-25T22:17:55+00:00","breadcrumb":{"@id":"https:\/\/sandzakpress.net\/arhiva\/dvije-godine-bkz\/#breadcrumb"},"inLanguage":"bs-BA","potentialAction":[{"@type":"ReadAction","target":["https:\/\/sandzakpress.net\/arhiva\/dvije-godine-bkz\/"]}]},{"@type":"ImageObject","inLanguage":"bs-BA","@id":"https:\/\/sandzakpress.net\/arhiva\/dvije-godine-bkz\/#primaryimage","url":"https:\/\/sandzakpress.net\/arhiva\/wp-content\/uploads\/2011\/12\/123.jpg","contentUrl":"https:\/\/sandzakpress.net\/arhiva\/wp-content\/uploads\/2011\/12\/123.jpg","width":616,"height":308},{"@type":"BreadcrumbList","@id":"https:\/\/sandzakpress.net\/arhiva\/dvije-godine-bkz\/#breadcrumb","itemListElement":[{"@type":"ListItem","position":1,"name":"Home","item":"https:\/\/sandzakpress.net\/arhiva\/"},{"@type":"ListItem","position":2,"name":"Dvije godine &#8211; BKZ"}]},{"@type":"WebSite","@id":"https:\/\/sandzakpress.net\/arhiva\/#website","url":"https:\/\/sandzakpress.net\/arhiva\/","name":"Sand\u017eak PRESS","description":"Prve elektronske novine u Sand\u017eaku","publisher":{"@id":"https:\/\/sandzakpress.net\/arhiva\/#\/schema\/person\/6e72b67d6e51910a1117b3b483ba20bd"},"potentialAction":[{"@type":"SearchAction","target":{"@type":"EntryPoint","urlTemplate":"https:\/\/sandzakpress.net\/arhiva\/?s={search_term_string}"},"query-input":{"@type":"PropertyValueSpecification","valueRequired":true,"valueName":"search_term_string"}}],"inLanguage":"bs-BA"},{"@type":["Person","Organization"],"@id":"https:\/\/sandzakpress.net\/arhiva\/#\/schema\/person\/6e72b67d6e51910a1117b3b483ba20bd","name":"Kul","image":{"@type":"ImageObject","inLanguage":"bs-BA","@id":"https:\/\/sandzakpress.net\/arhiva\/#\/schema\/person\/image\/","url":"https:\/\/secure.gravatar.com\/avatar\/42263f39aa27ac04c43cab85c280eb2e?s=96&d=mm&r=pg","contentUrl":"https:\/\/secure.gravatar.com\/avatar\/42263f39aa27ac04c43cab85c280eb2e?s=96&d=mm&r=pg","caption":"Kul"},"logo":{"@id":"https:\/\/sandzakpress.net\/arhiva\/#\/schema\/person\/image\/"}},{"@type":"Person","@id":"https:\/\/sandzakpress.net\/arhiva\/#\/schema\/person\/c8baee722073534b583ea7bdb2e36c02","name":"bosniak","image":{"@type":"ImageObject","inLanguage":"bs-BA","@id":"https:\/\/sandzakpress.net\/arhiva\/#\/schema\/person\/image\/","url":"https:\/\/secure.gravatar.com\/avatar\/a04fd330bfe3a36a72a0ad4a6d89fca7?s=96&d=mm&r=pg","contentUrl":"https:\/\/secure.gravatar.com\/avatar\/a04fd330bfe3a36a72a0ad4a6d89fca7?s=96&d=mm&r=pg","caption":"bosniak"},"url":"https:\/\/sandzakpress.net\/arhiva\/author\/bosniak\/"}]}},"_links":{"self":[{"href":"https:\/\/sandzakpress.net\/arhiva\/wp-json\/wp\/v2\/posts\/26775"}],"collection":[{"href":"https:\/\/sandzakpress.net\/arhiva\/wp-json\/wp\/v2\/posts"}],"about":[{"href":"https:\/\/sandzakpress.net\/arhiva\/wp-json\/wp\/v2\/types\/post"}],"author":[{"embeddable":true,"href":"https:\/\/sandzakpress.net\/arhiva\/wp-json\/wp\/v2\/users\/83"}],"replies":[{"embeddable":true,"href":"https:\/\/sandzakpress.net\/arhiva\/wp-json\/wp\/v2\/comments?post=26775"}],"version-history":[{"count":0,"href":"https:\/\/sandzakpress.net\/arhiva\/wp-json\/wp\/v2\/posts\/26775\/revisions"}],"wp:featuredmedia":[{"embeddable":true,"href":"https:\/\/sandzakpress.net\/arhiva\/wp-json\/wp\/v2\/media\/26776"}],"wp:attachment":[{"href":"https:\/\/sandzakpress.net\/arhiva\/wp-json\/wp\/v2\/media?parent=26775"}],"wp:term":[{"taxonomy":"category","embeddable":true,"href":"https:\/\/sandzakpress.net\/arhiva\/wp-json\/wp\/v2\/categories?post=26775"},{"taxonomy":"post_tag","embeddable":true,"href":"https:\/\/sandzakpress.net\/arhiva\/wp-json\/wp\/v2\/tags?post=26775"}],"curies":[{"name":"wp","href":"https:\/\/api.w.org\/{rel}","templated":true}]}}