{"id":26749,"date":"2011-12-23T21:40:57","date_gmt":"2011-12-23T20:40:57","guid":{"rendered":"https:\/\/sandzakpress.net\/arhiva\/?p=26749"},"modified":"2011-12-23T21:40:57","modified_gmt":"2011-12-23T20:40:57","slug":"reisu-l-ulema-uputio-cestitku-kardinalu-puljicu","status":"publish","type":"post","link":"https:\/\/sandzakpress.net\/arhiva\/reisu-l-ulema-uputio-cestitku-kardinalu-puljicu\/","title":{"rendered":"Reisu-l-ulema uputio \u010destitku kardinalu Pulji\u0107u"},"content":{"rendered":"<p><strong><a href=\"https:\/\/sandzakpress.net\/arhiva\/wp-content\/uploads\/2011\/12\/reisu-l-ulema-4-3.jpg\"><img loading=\"lazy\" decoding=\"async\" class=\"alignleft size-full wp-image-26750\" title=\"reisu-l-ulema-4-3\" src=\"https:\/\/sandzakpress.net\/arhiva\/wp-content\/uploads\/2011\/12\/reisu-l-ulema-4-3.jpg\" alt=\"\" width=\"260\" height=\"197\" \/><\/a>BiH &#8211; Danas je reisu-l-ulema dr. Mustafa Ceri\u0107 uputio nadbiskupu vrhbosanskom kardinalu Vinku Pulji\u0107u \u010destitku u povodu katoli\u010dkog blagdana Bo\u017ei\u0107a. <\/strong><\/p>\n<p>U \u010destitki Reisu-l-uleme se ka\u017ee:<\/p>\n<p>-Va\u0161a Eminencijo,<br \/>\nU ozra\u010dju sje\u0107anja na ro\u0111enje sina Merjeminog, Isa, a.s., dok su svi ljudi dobroga srca zajedno u dovi-molitvi da Uzvi\u0161eni Stvoritelj svih svjetova prosvijetli um \u010dovje\u010danstvu, da Isa Alejhisselamove rije\u010di probude uspavano srce \u010dovjeka koji je zaslijepljen ovosvjetskim prolaznim stvarima, da plemenita ljubav majke Merjeme (Marije) zbli\u017ei ljude u njihovom nastojanju da budu sretni na ovome i spa\u0161eni na drugome svijetu te da blagdani svakog \u010dovjeka i svakog naroda u na\u0161oj nam zajedni\u010dkoj domovini Bosni i Hercegovini budu radost u du\u0161i i sre\u0107a u domu, primite Vi osobno i svi katolici u na\u0161oj zemlji srda\u010dne \u010destitke povodom Va\u0161eg blagdana u ime Islamske zajednice u Bosni i Hercegovini i moje osobno ime sa nadom da nam dragi Bog podari me\u0111usobno razumijevaje i solidarnost u dobru i korisnu poslu za sve ljude dobre volje.<\/p>\n<p>Izvor: <strong>MINA<\/strong><\/p>\n","protected":false},"excerpt":{"rendered":"<p>BiH &#8211; Danas je reisu-l-ulema dr. Mustafa Ceri\u0107 uputio nadbiskupu vrhbosanskom kardinalu Vinku Pulji\u0107u \u010destitku u povodu katoli\u010dkog blagdana Bo\u017ei\u0107a. U \u010destitki Reisu-l-uleme se ka\u017ee: -Va\u0161a Eminencijo, U ozra\u010dju sje\u0107anja na ro\u0111enje sina Merjeminog, Isa, a.s., dok su svi ljudi dobroga srca zajedno u dovi-molitvi da Uzvi\u0161eni Stvoritelj svih svjetova prosvijetli um \u010dovje\u010danstvu, da Isa [&hellip;]<\/p>\n","protected":false},"author":14,"featured_media":26750,"comment_status":"open","ping_status":"open","sticky":false,"template":"","format":"standard","meta":{"footnotes":""},"categories":[2860,802],"tags":[],"class_list":{"0":"post-26749","1":"post","2":"type-post","3":"status-publish","4":"format-standard","5":"has-post-thumbnail","7":"category-bosna-i-hercegovina-gradovi","8":"category-islamska_zajednica"},"yoast_head":"<!-- This site is optimized with the Yoast SEO Premium plugin v23.1 (Yoast SEO v24.9) - https:\/\/yoast.com\/wordpress\/plugins\/seo\/ -->\n<title>Reisu-l-ulema uputio \u010destitku kardinalu Pulji\u0107u<\/title>\n<meta name=\"robots\" content=\"index, follow, max-snippet:-1, max-image-preview:large, max-video-preview:-1\" \/>\n<link rel=\"canonical\" href=\"https:\/\/sandzakpress.net\/arhiva\/reisu-l-ulema-uputio-cestitku-kardinalu-puljicu\/\" \/>\n<meta property=\"og:locale\" content=\"bs_BA\" \/>\n<meta property=\"og:type\" content=\"article\" \/>\n<meta property=\"og:title\" content=\"Reisu-l-ulema uputio \u010destitku kardinalu Pulji\u0107u\" \/>\n<meta property=\"og:description\" content=\"BiH &#8211; Danas je reisu-l-ulema dr. Mustafa Ceri\u0107 uputio nadbiskupu vrhbosanskom kardinalu Vinku Pulji\u0107u \u010destitku u povodu katoli\u010dkog blagdana Bo\u017ei\u0107a. U \u010destitki Reisu-l-uleme se ka\u017ee: -Va\u0161a Eminencijo, U ozra\u010dju sje\u0107anja na ro\u0111enje sina Merjeminog, Isa, a.s., dok su svi ljudi dobroga srca zajedno u dovi-molitvi da Uzvi\u0161eni Stvoritelj svih svjetova prosvijetli um \u010dovje\u010danstvu, da Isa [&hellip;]\" \/>\n<meta property=\"og:url\" content=\"https:\/\/sandzakpress.net\/arhiva\/reisu-l-ulema-uputio-cestitku-kardinalu-puljicu\/\" \/>\n<meta property=\"og:site_name\" content=\"Sand\u017eak PRESS\" \/>\n<meta property=\"article:published_time\" content=\"2011-12-23T20:40:57+00:00\" \/>\n<meta property=\"og:image\" content=\"https:\/\/sandzakpress.net\/arhiva\/wp-content\/uploads\/2011\/12\/reisu-l-ulema-4-3.jpg\" \/>\n\t<meta property=\"og:image:width\" content=\"260\" \/>\n\t<meta property=\"og:image:height\" content=\"197\" \/>\n\t<meta property=\"og:image:type\" content=\"image\/jpeg\" \/>\n<meta name=\"twitter:card\" content=\"summary_large_image\" \/>\n<meta name=\"twitter:label1\" content=\"Written by\" \/>\n\t<meta name=\"twitter:data1\" content=\"\" \/>\n\t<meta name=\"twitter:label2\" content=\"Est. reading time\" \/>\n\t<meta name=\"twitter:data2\" content=\"1 minuta\" \/>\n<script type=\"application\/ld+json\" class=\"yoast-schema-graph\">{\"@context\":\"https:\/\/schema.org\",\"@graph\":[{\"@type\":\"Article\",\"@id\":\"https:\/\/sandzakpress.net\/arhiva\/reisu-l-ulema-uputio-cestitku-kardinalu-puljicu\/#article\",\"isPartOf\":{\"@id\":\"https:\/\/sandzakpress.net\/arhiva\/reisu-l-ulema-uputio-cestitku-kardinalu-puljicu\/\"},\"author\":{\"name\":\"\",\"@id\":\"\"},\"headline\":\"Reisu-l-ulema uputio \u010destitku kardinalu Pulji\u0107u\",\"datePublished\":\"2011-12-23T20:40:57+00:00\",\"mainEntityOfPage\":{\"@id\":\"https:\/\/sandzakpress.net\/arhiva\/reisu-l-ulema-uputio-cestitku-kardinalu-puljicu\/\"},\"wordCount\":190,\"commentCount\":7,\"publisher\":{\"@id\":\"https:\/\/sandzakpress.net\/arhiva\/#\/schema\/person\/6e72b67d6e51910a1117b3b483ba20bd\"},\"image\":{\"@id\":\"https:\/\/sandzakpress.net\/arhiva\/reisu-l-ulema-uputio-cestitku-kardinalu-puljicu\/#primaryimage\"},\"thumbnailUrl\":\"https:\/\/sandzakpress.net\/arhiva\/wp-content\/uploads\/2011\/12\/reisu-l-ulema-4-3.jpg\",\"articleSection\":[\"Bosna i Hercegovina\",\"Islamska zajednica\"],\"inLanguage\":\"bs-BA\",\"potentialAction\":[{\"@type\":\"CommentAction\",\"name\":\"Comment\",\"target\":[\"https:\/\/sandzakpress.net\/arhiva\/reisu-l-ulema-uputio-cestitku-kardinalu-puljicu\/#respond\"]}]},{\"@type\":\"WebPage\",\"@id\":\"https:\/\/sandzakpress.net\/arhiva\/reisu-l-ulema-uputio-cestitku-kardinalu-puljicu\/\",\"url\":\"https:\/\/sandzakpress.net\/arhiva\/reisu-l-ulema-uputio-cestitku-kardinalu-puljicu\/\",\"name\":\"Reisu-l-ulema uputio \u010destitku kardinalu Pulji\u0107u\",\"isPartOf\":{\"@id\":\"https:\/\/sandzakpress.net\/arhiva\/#website\"},\"primaryImageOfPage\":{\"@id\":\"https:\/\/sandzakpress.net\/arhiva\/reisu-l-ulema-uputio-cestitku-kardinalu-puljicu\/#primaryimage\"},\"image\":{\"@id\":\"https:\/\/sandzakpress.net\/arhiva\/reisu-l-ulema-uputio-cestitku-kardinalu-puljicu\/#primaryimage\"},\"thumbnailUrl\":\"https:\/\/sandzakpress.net\/arhiva\/wp-content\/uploads\/2011\/12\/reisu-l-ulema-4-3.jpg\",\"datePublished\":\"2011-12-23T20:40:57+00:00\",\"breadcrumb\":{\"@id\":\"https:\/\/sandzakpress.net\/arhiva\/reisu-l-ulema-uputio-cestitku-kardinalu-puljicu\/#breadcrumb\"},\"inLanguage\":\"bs-BA\",\"potentialAction\":[{\"@type\":\"ReadAction\",\"target\":[\"https:\/\/sandzakpress.net\/arhiva\/reisu-l-ulema-uputio-cestitku-kardinalu-puljicu\/\"]}]},{\"@type\":\"ImageObject\",\"inLanguage\":\"bs-BA\",\"@id\":\"https:\/\/sandzakpress.net\/arhiva\/reisu-l-ulema-uputio-cestitku-kardinalu-puljicu\/#primaryimage\",\"url\":\"https:\/\/sandzakpress.net\/arhiva\/wp-content\/uploads\/2011\/12\/reisu-l-ulema-4-3.jpg\",\"contentUrl\":\"https:\/\/sandzakpress.net\/arhiva\/wp-content\/uploads\/2011\/12\/reisu-l-ulema-4-3.jpg\",\"width\":260,\"height\":197},{\"@type\":\"BreadcrumbList\",\"@id\":\"https:\/\/sandzakpress.net\/arhiva\/reisu-l-ulema-uputio-cestitku-kardinalu-puljicu\/#breadcrumb\",\"itemListElement\":[{\"@type\":\"ListItem\",\"position\":1,\"name\":\"Home\",\"item\":\"https:\/\/sandzakpress.net\/arhiva\/\"},{\"@type\":\"ListItem\",\"position\":2,\"name\":\"Reisu-l-ulema uputio \u010destitku kardinalu Pulji\u0107u\"}]},{\"@type\":\"WebSite\",\"@id\":\"https:\/\/sandzakpress.net\/arhiva\/#website\",\"url\":\"https:\/\/sandzakpress.net\/arhiva\/\",\"name\":\"Sand\u017eak PRESS\",\"description\":\"Prve elektronske novine u Sand\u017eaku\",\"publisher\":{\"@id\":\"https:\/\/sandzakpress.net\/arhiva\/#\/schema\/person\/6e72b67d6e51910a1117b3b483ba20bd\"},\"potentialAction\":[{\"@type\":\"SearchAction\",\"target\":{\"@type\":\"EntryPoint\",\"urlTemplate\":\"https:\/\/sandzakpress.net\/arhiva\/?s={search_term_string}\"},\"query-input\":{\"@type\":\"PropertyValueSpecification\",\"valueRequired\":true,\"valueName\":\"search_term_string\"}}],\"inLanguage\":\"bs-BA\"},{\"@type\":[\"Person\",\"Organization\"],\"@id\":\"https:\/\/sandzakpress.net\/arhiva\/#\/schema\/person\/6e72b67d6e51910a1117b3b483ba20bd\",\"name\":\"Kul\",\"image\":{\"@type\":\"ImageObject\",\"inLanguage\":\"bs-BA\",\"@id\":\"https:\/\/sandzakpress.net\/arhiva\/#\/schema\/person\/image\/\",\"url\":\"https:\/\/secure.gravatar.com\/avatar\/42263f39aa27ac04c43cab85c280eb2e?s=96&d=mm&r=pg\",\"contentUrl\":\"https:\/\/secure.gravatar.com\/avatar\/42263f39aa27ac04c43cab85c280eb2e?s=96&d=mm&r=pg\",\"caption\":\"Kul\"},\"logo\":{\"@id\":\"https:\/\/sandzakpress.net\/arhiva\/#\/schema\/person\/image\/\"}},{\"@type\":\"Person\",\"@id\":\"\",\"url\":\"https:\/\/sandzakpress.net\/arhiva\/author\/\"}]}<\/script>\n<!-- \/ Yoast SEO Premium plugin. -->","yoast_head_json":{"title":"Reisu-l-ulema uputio \u010destitku kardinalu Pulji\u0107u","robots":{"index":"index","follow":"follow","max-snippet":"max-snippet:-1","max-image-preview":"max-image-preview:large","max-video-preview":"max-video-preview:-1"},"canonical":"https:\/\/sandzakpress.net\/arhiva\/reisu-l-ulema-uputio-cestitku-kardinalu-puljicu\/","og_locale":"bs_BA","og_type":"article","og_title":"Reisu-l-ulema uputio \u010destitku kardinalu Pulji\u0107u","og_description":"BiH &#8211; Danas je reisu-l-ulema dr. Mustafa Ceri\u0107 uputio nadbiskupu vrhbosanskom kardinalu Vinku Pulji\u0107u \u010destitku u povodu katoli\u010dkog blagdana Bo\u017ei\u0107a. U \u010destitki Reisu-l-uleme se ka\u017ee: -Va\u0161a Eminencijo, U ozra\u010dju sje\u0107anja na ro\u0111enje sina Merjeminog, Isa, a.s., dok su svi ljudi dobroga srca zajedno u dovi-molitvi da Uzvi\u0161eni Stvoritelj svih svjetova prosvijetli um \u010dovje\u010danstvu, da Isa [&hellip;]","og_url":"https:\/\/sandzakpress.net\/arhiva\/reisu-l-ulema-uputio-cestitku-kardinalu-puljicu\/","og_site_name":"Sand\u017eak PRESS","article_published_time":"2011-12-23T20:40:57+00:00","og_image":[{"width":260,"height":197,"url":"https:\/\/sandzakpress.net\/arhiva\/wp-content\/uploads\/2011\/12\/reisu-l-ulema-4-3.jpg","type":"image\/jpeg"}],"twitter_card":"summary_large_image","twitter_misc":{"Written by":"","Est. reading time":"1 minuta"},"schema":{"@context":"https:\/\/schema.org","@graph":[{"@type":"Article","@id":"https:\/\/sandzakpress.net\/arhiva\/reisu-l-ulema-uputio-cestitku-kardinalu-puljicu\/#article","isPartOf":{"@id":"https:\/\/sandzakpress.net\/arhiva\/reisu-l-ulema-uputio-cestitku-kardinalu-puljicu\/"},"author":{"name":"","@id":""},"headline":"Reisu-l-ulema uputio \u010destitku kardinalu Pulji\u0107u","datePublished":"2011-12-23T20:40:57+00:00","mainEntityOfPage":{"@id":"https:\/\/sandzakpress.net\/arhiva\/reisu-l-ulema-uputio-cestitku-kardinalu-puljicu\/"},"wordCount":190,"commentCount":7,"publisher":{"@id":"https:\/\/sandzakpress.net\/arhiva\/#\/schema\/person\/6e72b67d6e51910a1117b3b483ba20bd"},"image":{"@id":"https:\/\/sandzakpress.net\/arhiva\/reisu-l-ulema-uputio-cestitku-kardinalu-puljicu\/#primaryimage"},"thumbnailUrl":"https:\/\/sandzakpress.net\/arhiva\/wp-content\/uploads\/2011\/12\/reisu-l-ulema-4-3.jpg","articleSection":["Bosna i Hercegovina","Islamska zajednica"],"inLanguage":"bs-BA","potentialAction":[{"@type":"CommentAction","name":"Comment","target":["https:\/\/sandzakpress.net\/arhiva\/reisu-l-ulema-uputio-cestitku-kardinalu-puljicu\/#respond"]}]},{"@type":"WebPage","@id":"https:\/\/sandzakpress.net\/arhiva\/reisu-l-ulema-uputio-cestitku-kardinalu-puljicu\/","url":"https:\/\/sandzakpress.net\/arhiva\/reisu-l-ulema-uputio-cestitku-kardinalu-puljicu\/","name":"Reisu-l-ulema uputio \u010destitku kardinalu Pulji\u0107u","isPartOf":{"@id":"https:\/\/sandzakpress.net\/arhiva\/#website"},"primaryImageOfPage":{"@id":"https:\/\/sandzakpress.net\/arhiva\/reisu-l-ulema-uputio-cestitku-kardinalu-puljicu\/#primaryimage"},"image":{"@id":"https:\/\/sandzakpress.net\/arhiva\/reisu-l-ulema-uputio-cestitku-kardinalu-puljicu\/#primaryimage"},"thumbnailUrl":"https:\/\/sandzakpress.net\/arhiva\/wp-content\/uploads\/2011\/12\/reisu-l-ulema-4-3.jpg","datePublished":"2011-12-23T20:40:57+00:00","breadcrumb":{"@id":"https:\/\/sandzakpress.net\/arhiva\/reisu-l-ulema-uputio-cestitku-kardinalu-puljicu\/#breadcrumb"},"inLanguage":"bs-BA","potentialAction":[{"@type":"ReadAction","target":["https:\/\/sandzakpress.net\/arhiva\/reisu-l-ulema-uputio-cestitku-kardinalu-puljicu\/"]}]},{"@type":"ImageObject","inLanguage":"bs-BA","@id":"https:\/\/sandzakpress.net\/arhiva\/reisu-l-ulema-uputio-cestitku-kardinalu-puljicu\/#primaryimage","url":"https:\/\/sandzakpress.net\/arhiva\/wp-content\/uploads\/2011\/12\/reisu-l-ulema-4-3.jpg","contentUrl":"https:\/\/sandzakpress.net\/arhiva\/wp-content\/uploads\/2011\/12\/reisu-l-ulema-4-3.jpg","width":260,"height":197},{"@type":"BreadcrumbList","@id":"https:\/\/sandzakpress.net\/arhiva\/reisu-l-ulema-uputio-cestitku-kardinalu-puljicu\/#breadcrumb","itemListElement":[{"@type":"ListItem","position":1,"name":"Home","item":"https:\/\/sandzakpress.net\/arhiva\/"},{"@type":"ListItem","position":2,"name":"Reisu-l-ulema uputio \u010destitku kardinalu Pulji\u0107u"}]},{"@type":"WebSite","@id":"https:\/\/sandzakpress.net\/arhiva\/#website","url":"https:\/\/sandzakpress.net\/arhiva\/","name":"Sand\u017eak PRESS","description":"Prve elektronske novine u Sand\u017eaku","publisher":{"@id":"https:\/\/sandzakpress.net\/arhiva\/#\/schema\/person\/6e72b67d6e51910a1117b3b483ba20bd"},"potentialAction":[{"@type":"SearchAction","target":{"@type":"EntryPoint","urlTemplate":"https:\/\/sandzakpress.net\/arhiva\/?s={search_term_string}"},"query-input":{"@type":"PropertyValueSpecification","valueRequired":true,"valueName":"search_term_string"}}],"inLanguage":"bs-BA"},{"@type":["Person","Organization"],"@id":"https:\/\/sandzakpress.net\/arhiva\/#\/schema\/person\/6e72b67d6e51910a1117b3b483ba20bd","name":"Kul","image":{"@type":"ImageObject","inLanguage":"bs-BA","@id":"https:\/\/sandzakpress.net\/arhiva\/#\/schema\/person\/image\/","url":"https:\/\/secure.gravatar.com\/avatar\/42263f39aa27ac04c43cab85c280eb2e?s=96&d=mm&r=pg","contentUrl":"https:\/\/secure.gravatar.com\/avatar\/42263f39aa27ac04c43cab85c280eb2e?s=96&d=mm&r=pg","caption":"Kul"},"logo":{"@id":"https:\/\/sandzakpress.net\/arhiva\/#\/schema\/person\/image\/"}},{"@type":"Person","@id":"","url":"https:\/\/sandzakpress.net\/arhiva\/author\/"}]}},"_links":{"self":[{"href":"https:\/\/sandzakpress.net\/arhiva\/wp-json\/wp\/v2\/posts\/26749"}],"collection":[{"href":"https:\/\/sandzakpress.net\/arhiva\/wp-json\/wp\/v2\/posts"}],"about":[{"href":"https:\/\/sandzakpress.net\/arhiva\/wp-json\/wp\/v2\/types\/post"}],"author":[{"embeddable":true,"href":"https:\/\/sandzakpress.net\/arhiva\/wp-json\/wp\/v2\/users\/14"}],"replies":[{"embeddable":true,"href":"https:\/\/sandzakpress.net\/arhiva\/wp-json\/wp\/v2\/comments?post=26749"}],"version-history":[{"count":0,"href":"https:\/\/sandzakpress.net\/arhiva\/wp-json\/wp\/v2\/posts\/26749\/revisions"}],"wp:featuredmedia":[{"embeddable":true,"href":"https:\/\/sandzakpress.net\/arhiva\/wp-json\/wp\/v2\/media\/26750"}],"wp:attachment":[{"href":"https:\/\/sandzakpress.net\/arhiva\/wp-json\/wp\/v2\/media?parent=26749"}],"wp:term":[{"taxonomy":"category","embeddable":true,"href":"https:\/\/sandzakpress.net\/arhiva\/wp-json\/wp\/v2\/categories?post=26749"},{"taxonomy":"post_tag","embeddable":true,"href":"https:\/\/sandzakpress.net\/arhiva\/wp-json\/wp\/v2\/tags?post=26749"}],"curies":[{"name":"wp","href":"https:\/\/api.w.org\/{rel}","templated":true}]}}