{"id":26423,"date":"2011-12-15T19:48:32","date_gmt":"2011-12-15T18:48:32","guid":{"rendered":"https:\/\/sandzakpress.net\/arhiva\/?p=26423"},"modified":"2011-12-15T19:48:32","modified_gmt":"2011-12-15T18:48:32","slug":"delegacija-ambasade-sad-posjetila-novi-pazar","status":"publish","type":"post","link":"https:\/\/sandzakpress.net\/arhiva\/delegacija-ambasade-sad-posjetila-novi-pazar\/","title":{"rendered":"Delegacija Ambasade SAD posjetila Novi Pazar"},"content":{"rendered":"<p><strong><a href=\"https:\/\/sandzakpress.net\/arhiva\/wp-content\/uploads\/2011\/12\/delegacija-ambasade_thumb_medium380_0.jpg\"><img loading=\"lazy\" decoding=\"async\" class=\"alignleft size-medium wp-image-26424\" title=\"delegacija ambasade_thumb_medium380_0\" src=\"https:\/\/sandzakpress.net\/arhiva\/wp-content\/uploads\/2011\/12\/delegacija-ambasade_thumb_medium380_0-300x198.jpg\" alt=\"\" width=\"300\" height=\"198\" \/><\/a>Novi Pazar &#8211; Predstavnici Ambasade SAD posjetili su Novi Pazar. Oni su sa gradskim \u010delnicima razgovarali o ekonomskim problemima ovog kraja, kao i o ekonomskoj situaciji. <\/strong><\/p>\n<p><a title=\"novi :: novi\" href=\"http:\/\/www.sandzaklive.rs\/images\/stories\/Ostalo1\/delegacija%20ambasade.jpg\" target=\"_blank\"><\/a>Delegaciju iz Ameri\u010dke <strong>ambasade<\/strong> primili su \u0161ef kabineta gradona\u010delnika Mirsad Jusufovi\u0107 i \u010dlan gradskog ve\u0107a Re\u0161ad Hod\u017ei\u0107.<\/p>\n<p>\u201eNa sastanku je bilo rije\u010di o politi\u010dkoj i privrednoj situaciji u Novom Pazaru kao i o projektima koji su u toku ali i planovima koje \u0107e u narednom periodu realizovati gradske vlasti. Pored ostalih aktuelnih tema tokom sastanka bilo je rije\u010di i o svim aktuelnim pitanjima koje ti\u0161te sve nas ovdje. Moram ista\u0107i da je ovo jo\u0161 jedan u nizu sastanaka sa predstavnicima Amasade <strong>SAD<\/strong>-a u Srbiji\u201c, rekao je Re\u0161ad Hod\u017ei\u0107.<\/p>\n<p>\u010clan <strong>delegacija<\/strong> <strong>Ambasade<\/strong> <strong>SAD<\/strong>-a D\u017eon Hesford je istakao da se u novom Pazaru puno uradilo.<\/p>\n<p>\u201c\u010cini mi se da se u\u00a0 Novom Pazaru rade prave stvari I nama je drago \u0161to mo\u017eemo da pomognemo te napretke i da pratimo \u0161ta se ovdje de\u0161ava. Mislim da nas sve \u010deka jedan duga\u010dak put ne samo u Sand\u017eaku ve\u0107 i u Srbiji, a i \u0161irom sveta je situacija te\u0161ka. Najbolje \u0161to mo\u017eemo sada da u\u010dinimo je da nastavimo da budemo iskreni da se fokusiramo na ono \u0161to su zaista problemi i da poku\u0161amo da ih rije\u0161imo\u201d, rekao je Hesford.<\/p>\n<p>Strane investicije pomo\u0107i \u0107e da se ovaj kraj razvije, rekao je Hod\u017ei\u0107, a najbolje je privu\u0107i investitore ovakvim posetama, gdje se predstavnici zemalja upoznaju sa ekonomskim problemima i privrednim potencijalima.<\/p>\n<p>Izvor: <strong>SandzakLive.rs<\/strong><\/p>\n","protected":false},"excerpt":{"rendered":"<p>Novi Pazar &#8211; Predstavnici Ambasade SAD posjetili su Novi Pazar. Oni su sa gradskim \u010delnicima razgovarali o ekonomskim problemima ovog kraja, kao i o ekonomskoj situaciji. Delegaciju iz Ameri\u010dke ambasade primili su \u0161ef kabineta gradona\u010delnika Mirsad Jusufovi\u0107 i \u010dlan gradskog ve\u0107a Re\u0161ad Hod\u017ei\u0107. \u201eNa sastanku je bilo rije\u010di o politi\u010dkoj i privrednoj situaciji u Novom [&hellip;]<\/p>\n","protected":false},"author":13,"featured_media":26424,"comment_status":"open","ping_status":"open","sticky":false,"template":"","format":"standard","meta":{"footnotes":""},"categories":[72,5],"tags":[],"class_list":{"0":"post-26423","1":"post","2":"type-post","3":"status-publish","4":"format-standard","5":"has-post-thumbnail","7":"category-novi-pazar","8":"category-drustvo"},"yoast_head":"<!-- This site is optimized with the Yoast SEO Premium plugin v23.1 (Yoast SEO v24.9) - https:\/\/yoast.com\/wordpress\/plugins\/seo\/ -->\n<title>Delegacija Ambasade SAD posjetila Novi Pazar<\/title>\n<meta name=\"robots\" content=\"index, follow, max-snippet:-1, max-image-preview:large, max-video-preview:-1\" \/>\n<link rel=\"canonical\" href=\"https:\/\/sandzakpress.net\/arhiva\/delegacija-ambasade-sad-posjetila-novi-pazar\/\" \/>\n<meta property=\"og:locale\" content=\"bs_BA\" \/>\n<meta property=\"og:type\" content=\"article\" \/>\n<meta property=\"og:title\" content=\"Delegacija Ambasade SAD posjetila Novi Pazar\" \/>\n<meta property=\"og:description\" content=\"Novi Pazar &#8211; Predstavnici Ambasade SAD posjetili su Novi Pazar. Oni su sa gradskim \u010delnicima razgovarali o ekonomskim problemima ovog kraja, kao i o ekonomskoj situaciji. Delegaciju iz Ameri\u010dke ambasade primili su \u0161ef kabineta gradona\u010delnika Mirsad Jusufovi\u0107 i \u010dlan gradskog ve\u0107a Re\u0161ad Hod\u017ei\u0107. \u201eNa sastanku je bilo rije\u010di o politi\u010dkoj i privrednoj situaciji u Novom [&hellip;]\" \/>\n<meta property=\"og:url\" content=\"https:\/\/sandzakpress.net\/arhiva\/delegacija-ambasade-sad-posjetila-novi-pazar\/\" \/>\n<meta property=\"og:site_name\" content=\"Sand\u017eak PRESS\" \/>\n<meta property=\"article:published_time\" content=\"2011-12-15T18:48:32+00:00\" \/>\n<meta property=\"og:image\" content=\"https:\/\/sandzakpress.net\/arhiva\/wp-content\/uploads\/2011\/12\/delegacija-ambasade_thumb_medium380_0.jpg\" \/>\n\t<meta property=\"og:image:width\" content=\"380\" \/>\n\t<meta property=\"og:image:height\" content=\"252\" \/>\n\t<meta property=\"og:image:type\" content=\"image\/jpeg\" \/>\n<meta name=\"twitter:card\" content=\"summary_large_image\" \/>\n<meta name=\"twitter:label1\" content=\"Written by\" \/>\n\t<meta name=\"twitter:data1\" content=\"\" \/>\n\t<meta name=\"twitter:label2\" content=\"Est. reading time\" \/>\n\t<meta name=\"twitter:data2\" content=\"1 minuta\" \/>\n<script type=\"application\/ld+json\" class=\"yoast-schema-graph\">{\"@context\":\"https:\/\/schema.org\",\"@graph\":[{\"@type\":\"Article\",\"@id\":\"https:\/\/sandzakpress.net\/arhiva\/delegacija-ambasade-sad-posjetila-novi-pazar\/#article\",\"isPartOf\":{\"@id\":\"https:\/\/sandzakpress.net\/arhiva\/delegacija-ambasade-sad-posjetila-novi-pazar\/\"},\"author\":{\"name\":\"\",\"@id\":\"\"},\"headline\":\"Delegacija Ambasade SAD posjetila Novi Pazar\",\"datePublished\":\"2011-12-15T18:48:32+00:00\",\"mainEntityOfPage\":{\"@id\":\"https:\/\/sandzakpress.net\/arhiva\/delegacija-ambasade-sad-posjetila-novi-pazar\/\"},\"wordCount\":274,\"commentCount\":0,\"publisher\":{\"@id\":\"https:\/\/sandzakpress.net\/arhiva\/#\/schema\/person\/6e72b67d6e51910a1117b3b483ba20bd\"},\"image\":{\"@id\":\"https:\/\/sandzakpress.net\/arhiva\/delegacija-ambasade-sad-posjetila-novi-pazar\/#primaryimage\"},\"thumbnailUrl\":\"https:\/\/sandzakpress.net\/arhiva\/wp-content\/uploads\/2011\/12\/delegacija-ambasade_thumb_medium380_0.jpg\",\"articleSection\":[\"Novi Pazar\",\"Dru\u0161tvo\"],\"inLanguage\":\"bs-BA\",\"potentialAction\":[{\"@type\":\"CommentAction\",\"name\":\"Comment\",\"target\":[\"https:\/\/sandzakpress.net\/arhiva\/delegacija-ambasade-sad-posjetila-novi-pazar\/#respond\"]}]},{\"@type\":\"WebPage\",\"@id\":\"https:\/\/sandzakpress.net\/arhiva\/delegacija-ambasade-sad-posjetila-novi-pazar\/\",\"url\":\"https:\/\/sandzakpress.net\/arhiva\/delegacija-ambasade-sad-posjetila-novi-pazar\/\",\"name\":\"Delegacija Ambasade SAD posjetila Novi Pazar\",\"isPartOf\":{\"@id\":\"https:\/\/sandzakpress.net\/arhiva\/#website\"},\"primaryImageOfPage\":{\"@id\":\"https:\/\/sandzakpress.net\/arhiva\/delegacija-ambasade-sad-posjetila-novi-pazar\/#primaryimage\"},\"image\":{\"@id\":\"https:\/\/sandzakpress.net\/arhiva\/delegacija-ambasade-sad-posjetila-novi-pazar\/#primaryimage\"},\"thumbnailUrl\":\"https:\/\/sandzakpress.net\/arhiva\/wp-content\/uploads\/2011\/12\/delegacija-ambasade_thumb_medium380_0.jpg\",\"datePublished\":\"2011-12-15T18:48:32+00:00\",\"breadcrumb\":{\"@id\":\"https:\/\/sandzakpress.net\/arhiva\/delegacija-ambasade-sad-posjetila-novi-pazar\/#breadcrumb\"},\"inLanguage\":\"bs-BA\",\"potentialAction\":[{\"@type\":\"ReadAction\",\"target\":[\"https:\/\/sandzakpress.net\/arhiva\/delegacija-ambasade-sad-posjetila-novi-pazar\/\"]}]},{\"@type\":\"ImageObject\",\"inLanguage\":\"bs-BA\",\"@id\":\"https:\/\/sandzakpress.net\/arhiva\/delegacija-ambasade-sad-posjetila-novi-pazar\/#primaryimage\",\"url\":\"https:\/\/sandzakpress.net\/arhiva\/wp-content\/uploads\/2011\/12\/delegacija-ambasade_thumb_medium380_0.jpg\",\"contentUrl\":\"https:\/\/sandzakpress.net\/arhiva\/wp-content\/uploads\/2011\/12\/delegacija-ambasade_thumb_medium380_0.jpg\",\"width\":380,\"height\":252},{\"@type\":\"BreadcrumbList\",\"@id\":\"https:\/\/sandzakpress.net\/arhiva\/delegacija-ambasade-sad-posjetila-novi-pazar\/#breadcrumb\",\"itemListElement\":[{\"@type\":\"ListItem\",\"position\":1,\"name\":\"Home\",\"item\":\"https:\/\/sandzakpress.net\/arhiva\/\"},{\"@type\":\"ListItem\",\"position\":2,\"name\":\"Delegacija Ambasade SAD posjetila Novi Pazar\"}]},{\"@type\":\"WebSite\",\"@id\":\"https:\/\/sandzakpress.net\/arhiva\/#website\",\"url\":\"https:\/\/sandzakpress.net\/arhiva\/\",\"name\":\"Sand\u017eak PRESS\",\"description\":\"Prve elektronske novine u Sand\u017eaku\",\"publisher\":{\"@id\":\"https:\/\/sandzakpress.net\/arhiva\/#\/schema\/person\/6e72b67d6e51910a1117b3b483ba20bd\"},\"potentialAction\":[{\"@type\":\"SearchAction\",\"target\":{\"@type\":\"EntryPoint\",\"urlTemplate\":\"https:\/\/sandzakpress.net\/arhiva\/?s={search_term_string}\"},\"query-input\":{\"@type\":\"PropertyValueSpecification\",\"valueRequired\":true,\"valueName\":\"search_term_string\"}}],\"inLanguage\":\"bs-BA\"},{\"@type\":[\"Person\",\"Organization\"],\"@id\":\"https:\/\/sandzakpress.net\/arhiva\/#\/schema\/person\/6e72b67d6e51910a1117b3b483ba20bd\",\"name\":\"Kul\",\"image\":{\"@type\":\"ImageObject\",\"inLanguage\":\"bs-BA\",\"@id\":\"https:\/\/sandzakpress.net\/arhiva\/#\/schema\/person\/image\/\",\"url\":\"https:\/\/secure.gravatar.com\/avatar\/42263f39aa27ac04c43cab85c280eb2e?s=96&d=mm&r=pg\",\"contentUrl\":\"https:\/\/secure.gravatar.com\/avatar\/42263f39aa27ac04c43cab85c280eb2e?s=96&d=mm&r=pg\",\"caption\":\"Kul\"},\"logo\":{\"@id\":\"https:\/\/sandzakpress.net\/arhiva\/#\/schema\/person\/image\/\"}},{\"@type\":\"Person\",\"@id\":\"\",\"url\":\"https:\/\/sandzakpress.net\/arhiva\/author\/\"}]}<\/script>\n<!-- \/ Yoast SEO Premium plugin. -->","yoast_head_json":{"title":"Delegacija Ambasade SAD posjetila Novi Pazar","robots":{"index":"index","follow":"follow","max-snippet":"max-snippet:-1","max-image-preview":"max-image-preview:large","max-video-preview":"max-video-preview:-1"},"canonical":"https:\/\/sandzakpress.net\/arhiva\/delegacija-ambasade-sad-posjetila-novi-pazar\/","og_locale":"bs_BA","og_type":"article","og_title":"Delegacija Ambasade SAD posjetila Novi Pazar","og_description":"Novi Pazar &#8211; Predstavnici Ambasade SAD posjetili su Novi Pazar. Oni su sa gradskim \u010delnicima razgovarali o ekonomskim problemima ovog kraja, kao i o ekonomskoj situaciji. Delegaciju iz Ameri\u010dke ambasade primili su \u0161ef kabineta gradona\u010delnika Mirsad Jusufovi\u0107 i \u010dlan gradskog ve\u0107a Re\u0161ad Hod\u017ei\u0107. \u201eNa sastanku je bilo rije\u010di o politi\u010dkoj i privrednoj situaciji u Novom [&hellip;]","og_url":"https:\/\/sandzakpress.net\/arhiva\/delegacija-ambasade-sad-posjetila-novi-pazar\/","og_site_name":"Sand\u017eak PRESS","article_published_time":"2011-12-15T18:48:32+00:00","og_image":[{"width":380,"height":252,"url":"https:\/\/sandzakpress.net\/arhiva\/wp-content\/uploads\/2011\/12\/delegacija-ambasade_thumb_medium380_0.jpg","type":"image\/jpeg"}],"twitter_card":"summary_large_image","twitter_misc":{"Written by":"","Est. reading time":"1 minuta"},"schema":{"@context":"https:\/\/schema.org","@graph":[{"@type":"Article","@id":"https:\/\/sandzakpress.net\/arhiva\/delegacija-ambasade-sad-posjetila-novi-pazar\/#article","isPartOf":{"@id":"https:\/\/sandzakpress.net\/arhiva\/delegacija-ambasade-sad-posjetila-novi-pazar\/"},"author":{"name":"","@id":""},"headline":"Delegacija Ambasade SAD posjetila Novi Pazar","datePublished":"2011-12-15T18:48:32+00:00","mainEntityOfPage":{"@id":"https:\/\/sandzakpress.net\/arhiva\/delegacija-ambasade-sad-posjetila-novi-pazar\/"},"wordCount":274,"commentCount":0,"publisher":{"@id":"https:\/\/sandzakpress.net\/arhiva\/#\/schema\/person\/6e72b67d6e51910a1117b3b483ba20bd"},"image":{"@id":"https:\/\/sandzakpress.net\/arhiva\/delegacija-ambasade-sad-posjetila-novi-pazar\/#primaryimage"},"thumbnailUrl":"https:\/\/sandzakpress.net\/arhiva\/wp-content\/uploads\/2011\/12\/delegacija-ambasade_thumb_medium380_0.jpg","articleSection":["Novi Pazar","Dru\u0161tvo"],"inLanguage":"bs-BA","potentialAction":[{"@type":"CommentAction","name":"Comment","target":["https:\/\/sandzakpress.net\/arhiva\/delegacija-ambasade-sad-posjetila-novi-pazar\/#respond"]}]},{"@type":"WebPage","@id":"https:\/\/sandzakpress.net\/arhiva\/delegacija-ambasade-sad-posjetila-novi-pazar\/","url":"https:\/\/sandzakpress.net\/arhiva\/delegacija-ambasade-sad-posjetila-novi-pazar\/","name":"Delegacija Ambasade SAD posjetila Novi Pazar","isPartOf":{"@id":"https:\/\/sandzakpress.net\/arhiva\/#website"},"primaryImageOfPage":{"@id":"https:\/\/sandzakpress.net\/arhiva\/delegacija-ambasade-sad-posjetila-novi-pazar\/#primaryimage"},"image":{"@id":"https:\/\/sandzakpress.net\/arhiva\/delegacija-ambasade-sad-posjetila-novi-pazar\/#primaryimage"},"thumbnailUrl":"https:\/\/sandzakpress.net\/arhiva\/wp-content\/uploads\/2011\/12\/delegacija-ambasade_thumb_medium380_0.jpg","datePublished":"2011-12-15T18:48:32+00:00","breadcrumb":{"@id":"https:\/\/sandzakpress.net\/arhiva\/delegacija-ambasade-sad-posjetila-novi-pazar\/#breadcrumb"},"inLanguage":"bs-BA","potentialAction":[{"@type":"ReadAction","target":["https:\/\/sandzakpress.net\/arhiva\/delegacija-ambasade-sad-posjetila-novi-pazar\/"]}]},{"@type":"ImageObject","inLanguage":"bs-BA","@id":"https:\/\/sandzakpress.net\/arhiva\/delegacija-ambasade-sad-posjetila-novi-pazar\/#primaryimage","url":"https:\/\/sandzakpress.net\/arhiva\/wp-content\/uploads\/2011\/12\/delegacija-ambasade_thumb_medium380_0.jpg","contentUrl":"https:\/\/sandzakpress.net\/arhiva\/wp-content\/uploads\/2011\/12\/delegacija-ambasade_thumb_medium380_0.jpg","width":380,"height":252},{"@type":"BreadcrumbList","@id":"https:\/\/sandzakpress.net\/arhiva\/delegacija-ambasade-sad-posjetila-novi-pazar\/#breadcrumb","itemListElement":[{"@type":"ListItem","position":1,"name":"Home","item":"https:\/\/sandzakpress.net\/arhiva\/"},{"@type":"ListItem","position":2,"name":"Delegacija Ambasade SAD posjetila Novi Pazar"}]},{"@type":"WebSite","@id":"https:\/\/sandzakpress.net\/arhiva\/#website","url":"https:\/\/sandzakpress.net\/arhiva\/","name":"Sand\u017eak PRESS","description":"Prve elektronske novine u Sand\u017eaku","publisher":{"@id":"https:\/\/sandzakpress.net\/arhiva\/#\/schema\/person\/6e72b67d6e51910a1117b3b483ba20bd"},"potentialAction":[{"@type":"SearchAction","target":{"@type":"EntryPoint","urlTemplate":"https:\/\/sandzakpress.net\/arhiva\/?s={search_term_string}"},"query-input":{"@type":"PropertyValueSpecification","valueRequired":true,"valueName":"search_term_string"}}],"inLanguage":"bs-BA"},{"@type":["Person","Organization"],"@id":"https:\/\/sandzakpress.net\/arhiva\/#\/schema\/person\/6e72b67d6e51910a1117b3b483ba20bd","name":"Kul","image":{"@type":"ImageObject","inLanguage":"bs-BA","@id":"https:\/\/sandzakpress.net\/arhiva\/#\/schema\/person\/image\/","url":"https:\/\/secure.gravatar.com\/avatar\/42263f39aa27ac04c43cab85c280eb2e?s=96&d=mm&r=pg","contentUrl":"https:\/\/secure.gravatar.com\/avatar\/42263f39aa27ac04c43cab85c280eb2e?s=96&d=mm&r=pg","caption":"Kul"},"logo":{"@id":"https:\/\/sandzakpress.net\/arhiva\/#\/schema\/person\/image\/"}},{"@type":"Person","@id":"","url":"https:\/\/sandzakpress.net\/arhiva\/author\/"}]}},"_links":{"self":[{"href":"https:\/\/sandzakpress.net\/arhiva\/wp-json\/wp\/v2\/posts\/26423"}],"collection":[{"href":"https:\/\/sandzakpress.net\/arhiva\/wp-json\/wp\/v2\/posts"}],"about":[{"href":"https:\/\/sandzakpress.net\/arhiva\/wp-json\/wp\/v2\/types\/post"}],"author":[{"embeddable":true,"href":"https:\/\/sandzakpress.net\/arhiva\/wp-json\/wp\/v2\/users\/13"}],"replies":[{"embeddable":true,"href":"https:\/\/sandzakpress.net\/arhiva\/wp-json\/wp\/v2\/comments?post=26423"}],"version-history":[{"count":0,"href":"https:\/\/sandzakpress.net\/arhiva\/wp-json\/wp\/v2\/posts\/26423\/revisions"}],"wp:featuredmedia":[{"embeddable":true,"href":"https:\/\/sandzakpress.net\/arhiva\/wp-json\/wp\/v2\/media\/26424"}],"wp:attachment":[{"href":"https:\/\/sandzakpress.net\/arhiva\/wp-json\/wp\/v2\/media?parent=26423"}],"wp:term":[{"taxonomy":"category","embeddable":true,"href":"https:\/\/sandzakpress.net\/arhiva\/wp-json\/wp\/v2\/categories?post=26423"},{"taxonomy":"post_tag","embeddable":true,"href":"https:\/\/sandzakpress.net\/arhiva\/wp-json\/wp\/v2\/tags?post=26423"}],"curies":[{"name":"wp","href":"https:\/\/api.w.org\/{rel}","templated":true}]}}