{"id":26389,"date":"2011-12-15T16:43:04","date_gmt":"2011-12-15T15:43:04","guid":{"rendered":"https:\/\/sandzakpress.net\/arhiva\/?p=26389"},"modified":"2011-12-16T02:04:03","modified_gmt":"2011-12-16T01:04:03","slug":"osude-na-racun-rezima-borisa-tadica","status":"publish","type":"post","link":"https:\/\/sandzakpress.net\/arhiva\/osude-na-racun-rezima-borisa-tadica\/","title":{"rendered":"Osude na ra\u010dun re\u017eima Borisa Tadi\u0107a"},"content":{"rendered":"<p><a href=\"https:\/\/sandzakpress.net\/arhiva\/wp-content\/uploads\/2011\/12\/internacionalni-univerzitet-u-novom-pazaru.jpg\"><img loading=\"lazy\" decoding=\"async\" class=\"aligncenter size-full wp-image-26391\" title=\"internacionalni-univerzitet-u-novom-pazaru\" src=\"https:\/\/sandzakpress.net\/arhiva\/wp-content\/uploads\/2011\/12\/internacionalni-univerzitet-u-novom-pazaru.jpg\" alt=\"\" width=\"616\" height=\"352\" srcset=\"https:\/\/sandzakpress.net\/arhiva\/wp-content\/uploads\/2011\/12\/internacionalni-univerzitet-u-novom-pazaru.jpg 616w, https:\/\/sandzakpress.net\/arhiva\/wp-content\/uploads\/2011\/12\/internacionalni-univerzitet-u-novom-pazaru-350x200.jpg 350w\" sizes=\"(max-width: 616px) 100vw, 616px\" \/><\/a><\/p>\n<p><strong>Novi Pazar -Povodom najave o ukidanju akreditacije od strane Vlade Srbije pristigle su sljede\u0107a osude:<br \/>\n<\/strong><\/p>\n<h3><strong>Vlada Sand\u017eaka: &#8220;Cilj ukidanja akreditacije je unijeti pometnju me\u0111u sand\u017ea\u010dkim studentima&#8221;<\/strong><\/h3>\n<p><img loading=\"lazy\" decoding=\"async\" class=\"alignleft\" src=\"http:\/\/upload.wikimedia.org\/wikipedia\/commons\/thumb\/f\/f4\/Coat_of_Arms-Sandzak.jpg\/150px-Coat_of_Arms-Sandzak.jpg\" alt=\"\" width=\"150\" height=\"180\" \/>Izvr\u0161no vije\u0107e Sand\u017eaka (IVS) najo\u0161trije je osudilo osporavanje akreditacije Internacionalnom univerzitetu u Novom Pazaru (IUNP). Kako se navodi u saop\u0161tenju ove institucije, ovo predstavlja: \u201e\u2026ispolitizirani napad na Internacionalni univerzitet u Novom Pazaru od strane Akreditacione komisije Republike Srbije koja je svojevrsno leglo korupcije i kriminala, i batina u rukama Borisa Tadi\u0107a koji se na ovakav na\u010din \u017eeli svetiti onima koji ne prihvataju da budu njegovi poslu\u0161nici i podanici.\u201c<\/p>\n<p>U saop\u0161tenju se dalje ka\u017ee da tvrdnja da IUNP ne zadovoljava standarde Akreditacione komisije ima za cilj da unese pometnju me\u0111u gra\u0111ane Sand\u017eaka, posebno me\u0111u studentskom populacijom,\u00a0 kao i da je ovo atak na sve stanovnike Sand\u017eaka sa ciljem da se oni \u201evrate u mrak neznanja i podani\u0161tva volji Tadi\u0107evog re\u017eima.\u201c<\/p>\n<p>\u201eOvim kukavi\u010dkim napadom na visokoobrazovnu ustanovu re\u017eim Borisa Tadi\u0107a samo nastavlja podmukle i perfidne napade na slobodu, \u010dast i dostojanstvo sand\u017ea\u010dkog \u010dovjeka, \u010dime na svoj na\u010din izra\u017eava zahvalnost za pobjedu koju je u dva navrata dobio zahvaljuju\u0107i Bo\u0161njacima.\u201c \u2013 ka\u017ee se u saop\u0161tenju.<\/p>\n<h3>BKZ:&#8221;Atak na Univerzitet je atak na jedan od stubova Bo\u0161nja\u010dkog naroda u Sand\u017eaku&#8221;<\/h3>\n<p><img loading=\"lazy\" decoding=\"async\" class=\"alignleft\" src=\"http:\/\/www.bkz.org.rs\/wp-content\/uploads\/2010\/02\/logo_bkz.jpg\" alt=\"\" width=\"151\" height=\"113\" \/>Bo\u0161nja\u010dka kulturna zajednica najo\u0161trije osu\u0111uje politi\u010dki atak na Internacionalni univerzitet u Novom Pazaru koji je ovog puta do\u0161ao kroz Akreditacionu komisiju Republike Srbije kao direktnu ekspozituru re\u017eima Borisa Tadi\u0107a.<\/p>\n<p>Akreditaciona komisija je, mimo svih rokova terorizirala IUNP, kroz razne oblike birokratskih smicalica i nakon 33 mjeseca kazala, pozivaju\u0107i se na tehni\u010dke i periferne stvari, da IUNP ne zadovoljava akreditacione standarde, iako ova ustanova posjeduje najbolje kadrovske, prostorne, tehni\u010dke i sve ostale uvjete za rad u Republici Srbiji. Za\u0161to ta Akreditaciona komisija nije u zakonom predvi\u0111enom roku odradila svoj posao? I za\u0161to u trenutku zapinjanja turske incijative ba\u0161 pred vratima re\u017eima Borisa Tadi\u0107a i zahuktavanja izborne atmosfere dolazi ova politi\u010dka odluka kojom se \u017eeli na\u0161tetiti pokretu bo\u0161nja\u010dkoga bu\u0111enja?<\/p>\n<p>IUNP je jedan od temeljnih stubova opstanka bo\u0161nja\u010dkoga naroda. Kvalitet, snaga i intelektualni pogon koji na ovom univerzitetu iz dana u dan nastaje ni u jednom trenutku nije upitan, \u0161to dokazuje i dozvola za izdavanje diploma ameri\u010dkog Heritrage univerziteta, kao i najrespektabilniji profesorski kadar na Balkanu.<\/p>\n<h3>LDP: &#8220;Odbijanje akreditacije je lo\u0161a poruka gra\u0111anima Sand\u017eaka&#8221;<\/h3>\n<p><img loading=\"lazy\" decoding=\"async\" class=\"alignleft\" src=\"http:\/\/www.bor030.net\/www3\/wp-content\/slike\/ldp-logo.jpg\" alt=\"\" width=\"150\" height=\"75\" \/>Izjava Kenana Hajdarevi\u0107a, narodnog poslanika LDP-a, data povodom odbijanja akreditacije IU od strane Komisije za akreditaciju.<\/p>\n<p>Jo\u0161 jednom nepromi\u0161ljenom odlukom predstavnika vlasti u Srbiji da odbiju akreditaciju Internacionalnog univerziteta, vlast pokazuje da ne \u017eeli da se mijenja i da i dalje nastavlja sa lo\u0161im potezima i lo\u0161im odnosom prema\u00a0gra\u0111anima Sand\u017eaka. Jedina ispravna odluka jeste omogu\u0107avanje jednakih uslova za sve univerzitete i da se u fer utakmici znanja istaknu oni najbolji.<\/p>\n<p>Svakim danom je sve jasnije da vlast ne \u017eeli da napravi preko potreban iskorak i PREOKRET! \u00a0u Sand\u017eaku! Nevjerovatno je da ispravne stvari vlast \u010dini samo onda kad mora! Ovakvim potezima se potpuno bespotrebno stvara nepovjerenje i nezadovoljstvo na \u010dijim krilima napreduje ekstremizam!<\/p>\n<h3 id=\"watch-headline-title\">Muftija o posljedicama poku\u0161aja dr\u017eave da ukine Univerzitet u Novom Pazaru<\/h3>\n<div class=\"youtube-embed\" data-video_id=\"bPmtaTyLTnY\"><iframe loading=\"lazy\" title=\"Muftija o posljedicama poku\u0161aja dr\u017eave da ukine Univerzitet u Novom Pazaru\" width=\"696\" height=\"522\" src=\"https:\/\/www.youtube.com\/embed\/bPmtaTyLTnY?feature=oembed&#038;enablejsapi=1\" frameborder=\"0\" allow=\"accelerometer; autoplay; encrypted-media; gyroscope; picture-in-picture\" allowfullscreen><\/iframe><\/div>\n<p>Izvor: <strong>Agenicije<\/strong><\/p>\n","protected":false},"excerpt":{"rendered":"<p>Novi Pazar -Povodom najave o ukidanju akreditacije od strane Vlade Srbije pristigle su sljede\u0107a osude: Vlada Sand\u017eaka: &#8220;Cilj ukidanja akreditacije je unijeti pometnju me\u0111u sand\u017ea\u010dkim studentima&#8221; Izvr\u0161no vije\u0107e Sand\u017eaka (IVS) najo\u0161trije je osudilo osporavanje akreditacije Internacionalnom univerzitetu u Novom Pazaru (IUNP). Kako se navodi u saop\u0161tenju ove institucije, ovo predstavlja: \u201e\u2026ispolitizirani napad na Internacionalni univerzitet [&hellip;]<\/p>\n","protected":false},"author":83,"featured_media":26391,"comment_status":"open","ping_status":"open","sticky":false,"template":"","format":"standard","meta":{"footnotes":""},"categories":[72,800],"tags":[],"class_list":{"0":"post-26389","1":"post","2":"type-post","3":"status-publish","4":"format-standard","5":"has-post-thumbnail","7":"category-novi-pazar","8":"category-nacija"},"yoast_head":"<!-- This site is optimized with the Yoast SEO Premium plugin v23.1 (Yoast SEO v24.9) - https:\/\/yoast.com\/wordpress\/plugins\/seo\/ -->\n<title>Osude na ra\u010dun re\u017eima Borisa Tadi\u0107a<\/title>\n<meta name=\"robots\" content=\"index, follow, max-snippet:-1, max-image-preview:large, max-video-preview:-1\" \/>\n<link rel=\"canonical\" href=\"https:\/\/sandzakpress.net\/arhiva\/osude-na-racun-rezima-borisa-tadica\/\" \/>\n<meta property=\"og:locale\" content=\"bs_BA\" \/>\n<meta property=\"og:type\" content=\"article\" \/>\n<meta property=\"og:title\" content=\"Osude na ra\u010dun re\u017eima Borisa Tadi\u0107a\" \/>\n<meta property=\"og:description\" content=\"Novi Pazar -Povodom najave o ukidanju akreditacije od strane Vlade Srbije pristigle su sljede\u0107a osude: Vlada Sand\u017eaka: &#8220;Cilj ukidanja akreditacije je unijeti pometnju me\u0111u sand\u017ea\u010dkim studentima&#8221; Izvr\u0161no vije\u0107e Sand\u017eaka (IVS) najo\u0161trije je osudilo osporavanje akreditacije Internacionalnom univerzitetu u Novom Pazaru (IUNP). Kako se navodi u saop\u0161tenju ove institucije, ovo predstavlja: \u201e\u2026ispolitizirani napad na Internacionalni univerzitet [&hellip;]\" \/>\n<meta property=\"og:url\" content=\"https:\/\/sandzakpress.net\/arhiva\/osude-na-racun-rezima-borisa-tadica\/\" \/>\n<meta property=\"og:site_name\" content=\"Sand\u017eak PRESS\" \/>\n<meta property=\"article:published_time\" content=\"2011-12-15T15:43:04+00:00\" \/>\n<meta property=\"article:modified_time\" content=\"2011-12-16T01:04:03+00:00\" \/>\n<meta property=\"og:image\" content=\"https:\/\/sandzakpress.net\/arhiva\/wp-content\/uploads\/2011\/12\/internacionalni-univerzitet-u-novom-pazaru.jpg\" \/>\n\t<meta property=\"og:image:width\" content=\"616\" \/>\n\t<meta property=\"og:image:height\" content=\"352\" \/>\n\t<meta property=\"og:image:type\" content=\"image\/jpeg\" \/>\n<meta name=\"author\" content=\"bosniak\" \/>\n<meta name=\"twitter:card\" content=\"summary_large_image\" \/>\n<meta name=\"twitter:label1\" content=\"Written by\" \/>\n\t<meta name=\"twitter:data1\" content=\"bosniak\" \/>\n\t<meta name=\"twitter:label2\" content=\"Est. reading time\" \/>\n\t<meta name=\"twitter:data2\" content=\"3 minute\" \/>\n<script type=\"application\/ld+json\" class=\"yoast-schema-graph\">{\"@context\":\"https:\/\/schema.org\",\"@graph\":[{\"@type\":\"Article\",\"@id\":\"https:\/\/sandzakpress.net\/arhiva\/osude-na-racun-rezima-borisa-tadica\/#article\",\"isPartOf\":{\"@id\":\"https:\/\/sandzakpress.net\/arhiva\/osude-na-racun-rezima-borisa-tadica\/\"},\"author\":{\"name\":\"bosniak\",\"@id\":\"https:\/\/sandzakpress.net\/arhiva\/#\/schema\/person\/c8baee722073534b583ea7bdb2e36c02\"},\"headline\":\"Osude na ra\u010dun re\u017eima Borisa Tadi\u0107a\",\"datePublished\":\"2011-12-15T15:43:04+00:00\",\"dateModified\":\"2011-12-16T01:04:03+00:00\",\"mainEntityOfPage\":{\"@id\":\"https:\/\/sandzakpress.net\/arhiva\/osude-na-racun-rezima-borisa-tadica\/\"},\"wordCount\":592,\"commentCount\":8,\"publisher\":{\"@id\":\"https:\/\/sandzakpress.net\/arhiva\/#\/schema\/person\/6e72b67d6e51910a1117b3b483ba20bd\"},\"image\":{\"@id\":\"https:\/\/sandzakpress.net\/arhiva\/osude-na-racun-rezima-borisa-tadica\/#primaryimage\"},\"thumbnailUrl\":\"https:\/\/sandzakpress.net\/arhiva\/wp-content\/uploads\/2011\/12\/internacionalni-univerzitet-u-novom-pazaru.jpg\",\"articleSection\":[\"Novi Pazar\",\"Nacija\"],\"inLanguage\":\"bs-BA\",\"potentialAction\":[{\"@type\":\"CommentAction\",\"name\":\"Comment\",\"target\":[\"https:\/\/sandzakpress.net\/arhiva\/osude-na-racun-rezima-borisa-tadica\/#respond\"]}]},{\"@type\":\"WebPage\",\"@id\":\"https:\/\/sandzakpress.net\/arhiva\/osude-na-racun-rezima-borisa-tadica\/\",\"url\":\"https:\/\/sandzakpress.net\/arhiva\/osude-na-racun-rezima-borisa-tadica\/\",\"name\":\"Osude na ra\u010dun re\u017eima Borisa Tadi\u0107a\",\"isPartOf\":{\"@id\":\"https:\/\/sandzakpress.net\/arhiva\/#website\"},\"primaryImageOfPage\":{\"@id\":\"https:\/\/sandzakpress.net\/arhiva\/osude-na-racun-rezima-borisa-tadica\/#primaryimage\"},\"image\":{\"@id\":\"https:\/\/sandzakpress.net\/arhiva\/osude-na-racun-rezima-borisa-tadica\/#primaryimage\"},\"thumbnailUrl\":\"https:\/\/sandzakpress.net\/arhiva\/wp-content\/uploads\/2011\/12\/internacionalni-univerzitet-u-novom-pazaru.jpg\",\"datePublished\":\"2011-12-15T15:43:04+00:00\",\"dateModified\":\"2011-12-16T01:04:03+00:00\",\"breadcrumb\":{\"@id\":\"https:\/\/sandzakpress.net\/arhiva\/osude-na-racun-rezima-borisa-tadica\/#breadcrumb\"},\"inLanguage\":\"bs-BA\",\"potentialAction\":[{\"@type\":\"ReadAction\",\"target\":[\"https:\/\/sandzakpress.net\/arhiva\/osude-na-racun-rezima-borisa-tadica\/\"]}]},{\"@type\":\"ImageObject\",\"inLanguage\":\"bs-BA\",\"@id\":\"https:\/\/sandzakpress.net\/arhiva\/osude-na-racun-rezima-borisa-tadica\/#primaryimage\",\"url\":\"https:\/\/sandzakpress.net\/arhiva\/wp-content\/uploads\/2011\/12\/internacionalni-univerzitet-u-novom-pazaru.jpg\",\"contentUrl\":\"https:\/\/sandzakpress.net\/arhiva\/wp-content\/uploads\/2011\/12\/internacionalni-univerzitet-u-novom-pazaru.jpg\",\"width\":616,\"height\":352},{\"@type\":\"BreadcrumbList\",\"@id\":\"https:\/\/sandzakpress.net\/arhiva\/osude-na-racun-rezima-borisa-tadica\/#breadcrumb\",\"itemListElement\":[{\"@type\":\"ListItem\",\"position\":1,\"name\":\"Home\",\"item\":\"https:\/\/sandzakpress.net\/arhiva\/\"},{\"@type\":\"ListItem\",\"position\":2,\"name\":\"Osude na ra\u010dun re\u017eima Borisa Tadi\u0107a\"}]},{\"@type\":\"WebSite\",\"@id\":\"https:\/\/sandzakpress.net\/arhiva\/#website\",\"url\":\"https:\/\/sandzakpress.net\/arhiva\/\",\"name\":\"Sand\u017eak PRESS\",\"description\":\"Prve elektronske novine u Sand\u017eaku\",\"publisher\":{\"@id\":\"https:\/\/sandzakpress.net\/arhiva\/#\/schema\/person\/6e72b67d6e51910a1117b3b483ba20bd\"},\"potentialAction\":[{\"@type\":\"SearchAction\",\"target\":{\"@type\":\"EntryPoint\",\"urlTemplate\":\"https:\/\/sandzakpress.net\/arhiva\/?s={search_term_string}\"},\"query-input\":{\"@type\":\"PropertyValueSpecification\",\"valueRequired\":true,\"valueName\":\"search_term_string\"}}],\"inLanguage\":\"bs-BA\"},{\"@type\":[\"Person\",\"Organization\"],\"@id\":\"https:\/\/sandzakpress.net\/arhiva\/#\/schema\/person\/6e72b67d6e51910a1117b3b483ba20bd\",\"name\":\"Kul\",\"image\":{\"@type\":\"ImageObject\",\"inLanguage\":\"bs-BA\",\"@id\":\"https:\/\/sandzakpress.net\/arhiva\/#\/schema\/person\/image\/\",\"url\":\"https:\/\/secure.gravatar.com\/avatar\/42263f39aa27ac04c43cab85c280eb2e?s=96&d=mm&r=pg\",\"contentUrl\":\"https:\/\/secure.gravatar.com\/avatar\/42263f39aa27ac04c43cab85c280eb2e?s=96&d=mm&r=pg\",\"caption\":\"Kul\"},\"logo\":{\"@id\":\"https:\/\/sandzakpress.net\/arhiva\/#\/schema\/person\/image\/\"}},{\"@type\":\"Person\",\"@id\":\"https:\/\/sandzakpress.net\/arhiva\/#\/schema\/person\/c8baee722073534b583ea7bdb2e36c02\",\"name\":\"bosniak\",\"image\":{\"@type\":\"ImageObject\",\"inLanguage\":\"bs-BA\",\"@id\":\"https:\/\/sandzakpress.net\/arhiva\/#\/schema\/person\/image\/\",\"url\":\"https:\/\/secure.gravatar.com\/avatar\/a04fd330bfe3a36a72a0ad4a6d89fca7?s=96&d=mm&r=pg\",\"contentUrl\":\"https:\/\/secure.gravatar.com\/avatar\/a04fd330bfe3a36a72a0ad4a6d89fca7?s=96&d=mm&r=pg\",\"caption\":\"bosniak\"},\"url\":\"https:\/\/sandzakpress.net\/arhiva\/author\/bosniak\/\"}]}<\/script>\n<!-- \/ Yoast SEO Premium plugin. -->","yoast_head_json":{"title":"Osude na ra\u010dun re\u017eima Borisa Tadi\u0107a","robots":{"index":"index","follow":"follow","max-snippet":"max-snippet:-1","max-image-preview":"max-image-preview:large","max-video-preview":"max-video-preview:-1"},"canonical":"https:\/\/sandzakpress.net\/arhiva\/osude-na-racun-rezima-borisa-tadica\/","og_locale":"bs_BA","og_type":"article","og_title":"Osude na ra\u010dun re\u017eima Borisa Tadi\u0107a","og_description":"Novi Pazar -Povodom najave o ukidanju akreditacije od strane Vlade Srbije pristigle su sljede\u0107a osude: Vlada Sand\u017eaka: &#8220;Cilj ukidanja akreditacije je unijeti pometnju me\u0111u sand\u017ea\u010dkim studentima&#8221; Izvr\u0161no vije\u0107e Sand\u017eaka (IVS) najo\u0161trije je osudilo osporavanje akreditacije Internacionalnom univerzitetu u Novom Pazaru (IUNP). Kako se navodi u saop\u0161tenju ove institucije, ovo predstavlja: \u201e\u2026ispolitizirani napad na Internacionalni univerzitet [&hellip;]","og_url":"https:\/\/sandzakpress.net\/arhiva\/osude-na-racun-rezima-borisa-tadica\/","og_site_name":"Sand\u017eak PRESS","article_published_time":"2011-12-15T15:43:04+00:00","article_modified_time":"2011-12-16T01:04:03+00:00","og_image":[{"width":616,"height":352,"url":"https:\/\/sandzakpress.net\/arhiva\/wp-content\/uploads\/2011\/12\/internacionalni-univerzitet-u-novom-pazaru.jpg","type":"image\/jpeg"}],"author":"bosniak","twitter_card":"summary_large_image","twitter_misc":{"Written by":"bosniak","Est. reading time":"3 minute"},"schema":{"@context":"https:\/\/schema.org","@graph":[{"@type":"Article","@id":"https:\/\/sandzakpress.net\/arhiva\/osude-na-racun-rezima-borisa-tadica\/#article","isPartOf":{"@id":"https:\/\/sandzakpress.net\/arhiva\/osude-na-racun-rezima-borisa-tadica\/"},"author":{"name":"bosniak","@id":"https:\/\/sandzakpress.net\/arhiva\/#\/schema\/person\/c8baee722073534b583ea7bdb2e36c02"},"headline":"Osude na ra\u010dun re\u017eima Borisa Tadi\u0107a","datePublished":"2011-12-15T15:43:04+00:00","dateModified":"2011-12-16T01:04:03+00:00","mainEntityOfPage":{"@id":"https:\/\/sandzakpress.net\/arhiva\/osude-na-racun-rezima-borisa-tadica\/"},"wordCount":592,"commentCount":8,"publisher":{"@id":"https:\/\/sandzakpress.net\/arhiva\/#\/schema\/person\/6e72b67d6e51910a1117b3b483ba20bd"},"image":{"@id":"https:\/\/sandzakpress.net\/arhiva\/osude-na-racun-rezima-borisa-tadica\/#primaryimage"},"thumbnailUrl":"https:\/\/sandzakpress.net\/arhiva\/wp-content\/uploads\/2011\/12\/internacionalni-univerzitet-u-novom-pazaru.jpg","articleSection":["Novi Pazar","Nacija"],"inLanguage":"bs-BA","potentialAction":[{"@type":"CommentAction","name":"Comment","target":["https:\/\/sandzakpress.net\/arhiva\/osude-na-racun-rezima-borisa-tadica\/#respond"]}]},{"@type":"WebPage","@id":"https:\/\/sandzakpress.net\/arhiva\/osude-na-racun-rezima-borisa-tadica\/","url":"https:\/\/sandzakpress.net\/arhiva\/osude-na-racun-rezima-borisa-tadica\/","name":"Osude na ra\u010dun re\u017eima Borisa Tadi\u0107a","isPartOf":{"@id":"https:\/\/sandzakpress.net\/arhiva\/#website"},"primaryImageOfPage":{"@id":"https:\/\/sandzakpress.net\/arhiva\/osude-na-racun-rezima-borisa-tadica\/#primaryimage"},"image":{"@id":"https:\/\/sandzakpress.net\/arhiva\/osude-na-racun-rezima-borisa-tadica\/#primaryimage"},"thumbnailUrl":"https:\/\/sandzakpress.net\/arhiva\/wp-content\/uploads\/2011\/12\/internacionalni-univerzitet-u-novom-pazaru.jpg","datePublished":"2011-12-15T15:43:04+00:00","dateModified":"2011-12-16T01:04:03+00:00","breadcrumb":{"@id":"https:\/\/sandzakpress.net\/arhiva\/osude-na-racun-rezima-borisa-tadica\/#breadcrumb"},"inLanguage":"bs-BA","potentialAction":[{"@type":"ReadAction","target":["https:\/\/sandzakpress.net\/arhiva\/osude-na-racun-rezima-borisa-tadica\/"]}]},{"@type":"ImageObject","inLanguage":"bs-BA","@id":"https:\/\/sandzakpress.net\/arhiva\/osude-na-racun-rezima-borisa-tadica\/#primaryimage","url":"https:\/\/sandzakpress.net\/arhiva\/wp-content\/uploads\/2011\/12\/internacionalni-univerzitet-u-novom-pazaru.jpg","contentUrl":"https:\/\/sandzakpress.net\/arhiva\/wp-content\/uploads\/2011\/12\/internacionalni-univerzitet-u-novom-pazaru.jpg","width":616,"height":352},{"@type":"BreadcrumbList","@id":"https:\/\/sandzakpress.net\/arhiva\/osude-na-racun-rezima-borisa-tadica\/#breadcrumb","itemListElement":[{"@type":"ListItem","position":1,"name":"Home","item":"https:\/\/sandzakpress.net\/arhiva\/"},{"@type":"ListItem","position":2,"name":"Osude na ra\u010dun re\u017eima Borisa Tadi\u0107a"}]},{"@type":"WebSite","@id":"https:\/\/sandzakpress.net\/arhiva\/#website","url":"https:\/\/sandzakpress.net\/arhiva\/","name":"Sand\u017eak PRESS","description":"Prve elektronske novine u Sand\u017eaku","publisher":{"@id":"https:\/\/sandzakpress.net\/arhiva\/#\/schema\/person\/6e72b67d6e51910a1117b3b483ba20bd"},"potentialAction":[{"@type":"SearchAction","target":{"@type":"EntryPoint","urlTemplate":"https:\/\/sandzakpress.net\/arhiva\/?s={search_term_string}"},"query-input":{"@type":"PropertyValueSpecification","valueRequired":true,"valueName":"search_term_string"}}],"inLanguage":"bs-BA"},{"@type":["Person","Organization"],"@id":"https:\/\/sandzakpress.net\/arhiva\/#\/schema\/person\/6e72b67d6e51910a1117b3b483ba20bd","name":"Kul","image":{"@type":"ImageObject","inLanguage":"bs-BA","@id":"https:\/\/sandzakpress.net\/arhiva\/#\/schema\/person\/image\/","url":"https:\/\/secure.gravatar.com\/avatar\/42263f39aa27ac04c43cab85c280eb2e?s=96&d=mm&r=pg","contentUrl":"https:\/\/secure.gravatar.com\/avatar\/42263f39aa27ac04c43cab85c280eb2e?s=96&d=mm&r=pg","caption":"Kul"},"logo":{"@id":"https:\/\/sandzakpress.net\/arhiva\/#\/schema\/person\/image\/"}},{"@type":"Person","@id":"https:\/\/sandzakpress.net\/arhiva\/#\/schema\/person\/c8baee722073534b583ea7bdb2e36c02","name":"bosniak","image":{"@type":"ImageObject","inLanguage":"bs-BA","@id":"https:\/\/sandzakpress.net\/arhiva\/#\/schema\/person\/image\/","url":"https:\/\/secure.gravatar.com\/avatar\/a04fd330bfe3a36a72a0ad4a6d89fca7?s=96&d=mm&r=pg","contentUrl":"https:\/\/secure.gravatar.com\/avatar\/a04fd330bfe3a36a72a0ad4a6d89fca7?s=96&d=mm&r=pg","caption":"bosniak"},"url":"https:\/\/sandzakpress.net\/arhiva\/author\/bosniak\/"}]}},"_links":{"self":[{"href":"https:\/\/sandzakpress.net\/arhiva\/wp-json\/wp\/v2\/posts\/26389"}],"collection":[{"href":"https:\/\/sandzakpress.net\/arhiva\/wp-json\/wp\/v2\/posts"}],"about":[{"href":"https:\/\/sandzakpress.net\/arhiva\/wp-json\/wp\/v2\/types\/post"}],"author":[{"embeddable":true,"href":"https:\/\/sandzakpress.net\/arhiva\/wp-json\/wp\/v2\/users\/83"}],"replies":[{"embeddable":true,"href":"https:\/\/sandzakpress.net\/arhiva\/wp-json\/wp\/v2\/comments?post=26389"}],"version-history":[{"count":0,"href":"https:\/\/sandzakpress.net\/arhiva\/wp-json\/wp\/v2\/posts\/26389\/revisions"}],"wp:featuredmedia":[{"embeddable":true,"href":"https:\/\/sandzakpress.net\/arhiva\/wp-json\/wp\/v2\/media\/26391"}],"wp:attachment":[{"href":"https:\/\/sandzakpress.net\/arhiva\/wp-json\/wp\/v2\/media?parent=26389"}],"wp:term":[{"taxonomy":"category","embeddable":true,"href":"https:\/\/sandzakpress.net\/arhiva\/wp-json\/wp\/v2\/categories?post=26389"},{"taxonomy":"post_tag","embeddable":true,"href":"https:\/\/sandzakpress.net\/arhiva\/wp-json\/wp\/v2\/tags?post=26389"}],"curies":[{"name":"wp","href":"https:\/\/api.w.org\/{rel}","templated":true}]}}