{"id":26266,"date":"2011-12-13T18:45:25","date_gmt":"2011-12-13T17:45:25","guid":{"rendered":"https:\/\/sandzakpress.net\/arhiva\/?p=26266"},"modified":"2011-12-15T17:18:03","modified_gmt":"2011-12-15T16:18:03","slug":"stradanje-sjenice-1809","status":"publish","type":"post","link":"https:\/\/sandzakpress.net\/arhiva\/stradanje-sjenice-1809\/","title":{"rendered":"Stradanje Sjenice 1809."},"content":{"rendered":"<p><a href=\"https:\/\/sandzakpress.net\/arhiva\/wp-content\/uploads\/2011\/12\/kara.jpg\"><img loading=\"lazy\" decoding=\"async\" class=\"aligncenter size-full wp-image-26268\" title=\"kara\" src=\"https:\/\/sandzakpress.net\/arhiva\/wp-content\/uploads\/2011\/12\/kara.jpg\" alt=\"\" width=\"616\" height=\"461\" \/><\/a><\/p>\n<p><strong>Sand\u017eak &#8211; Jedan od najte\u017eih genocida Bo\u0161njaci su do\u017eivjeli tokom Prvog srpskog ustanka, pod vo\u0111stvom Kara\u0111or\u0111a Petrovi\u0107a. Tom prilikom je u Sjenici ubijeno preko 2.500 Bo\u0161njaka, \u0161to je predstavljalo dvije tre\u0107ine ukupnog broja sjeni\u010dkog stanovni\u0161tva, a Novi Pazar iznova spaljen. <\/strong><\/p>\n<p>Tom prilikom je ubijeno na stotine Bo\u0161njaka. Po\u0161to smo u nekim od pro\u0161lih brojeva revije \u201eSand\u017eak\u201c podrobnije pisali o ovom genocidu, ovog puta \u0107emo se zadovoljiti ponovnim podsje\u0107anjem da je sjeni\u010dki genocid bio planiran, a kasnije i zvani\u010dno promoviran kao veliki uspjeh za svetu srpsku stvar.<\/p>\n<p>O tome svjedo\u010di podatak da, predsjednik vlade Kne\u017eevine Srbije, Ilija Gara\u0161anin, u svom kontraverznom Na\u010dartaniju pi\u0161e sljede\u0107e:<\/p>\n<blockquote><p><strong>Kara\u0111or\u0111e je bio vojeni predvoditelj od prirode bogato obdaren i vrlo iskusan; on nije mogao predvideti onu preveliku vojnu va\u017enost koju Crna Gora za Srbiju ima i koju \u0107e svagdar imati kad god se o tome stane raditi da se Bosna i Hercegovina od Turske odjele i Srbiji prisajedine. Pohod ovog vojvode na Sjenicu i Novi Pazar jo\u0161 svi Srbi dobro pamte i nije potrebno da mi sleduju\u0107i predlog novim dovodima podkrepljujemo.<\/strong><\/p><\/blockquote>\n<p>I ovaj genocid dana\u0161nji srpski histori\u010dari, prije svih Predrag Markovi\u0107 \u017eele predstaviti kao borbu protiv Turaka, negiraju\u0107i da su tada ubijeni Bo\u0161njaci.<\/p>\n<p>U Sjenici su 1809. ubijeni Bo\u0161njaci. Stradale su porodice: \u0160abanovi\u0107, Ordagi\u0107, Ibrovi\u0107, Pra\u0161ovi\u0107, Ljuca i mnoge druge, dok je Kladni\u010dka d\u017eamija, najstarija u sjeni\u010dkom srezu, potpuno spaljena. Ovu d\u017eamiju je sagradio Juso Ibrovi\u0107, Bo\u0161njak iz Kladnice, 150 godina prije nego \u0161to je Kara\u0111or\u0111e spalio.<\/p>\n<p>Autor: <strong>dr. Admir Muratovi\u0107<\/strong><\/p>\n","protected":false},"excerpt":{"rendered":"<p>Sand\u017eak &#8211; Jedan od najte\u017eih genocida Bo\u0161njaci su do\u017eivjeli tokom Prvog srpskog ustanka, pod vo\u0111stvom Kara\u0111or\u0111a Petrovi\u0107a. Tom prilikom je u Sjenici ubijeno preko 2.500 Bo\u0161njaka, \u0161to je predstavljalo dvije tre\u0107ine ukupnog broja sjeni\u010dkog stanovni\u0161tva, a Novi Pazar iznova spaljen. Tom prilikom je ubijeno na stotine Bo\u0161njaka. Po\u0161to smo u nekim od pro\u0161lih brojeva revije [&hellip;]<\/p>\n","protected":false},"author":83,"featured_media":26268,"comment_status":"open","ping_status":"open","sticky":false,"template":"","format":"standard","meta":{"footnotes":""},"categories":[14,52],"tags":[],"class_list":{"0":"post-26266","1":"post","2":"type-post","3":"status-publish","4":"format-standard","5":"has-post-thumbnail","7":"category-sandzak-historija","8":"category-sjenica"},"yoast_head":"<!-- This site is optimized with the Yoast SEO Premium plugin v23.1 (Yoast SEO v24.9) - https:\/\/yoast.com\/wordpress\/plugins\/seo\/ -->\n<title>Stradanje Sjenice 1809.<\/title>\n<meta name=\"robots\" content=\"index, follow, max-snippet:-1, max-image-preview:large, max-video-preview:-1\" \/>\n<link rel=\"canonical\" href=\"https:\/\/sandzakpress.net\/arhiva\/stradanje-sjenice-1809\/\" \/>\n<meta property=\"og:locale\" content=\"bs_BA\" \/>\n<meta property=\"og:type\" content=\"article\" \/>\n<meta property=\"og:title\" content=\"Stradanje Sjenice 1809.\" \/>\n<meta property=\"og:description\" content=\"Sand\u017eak &#8211; Jedan od najte\u017eih genocida Bo\u0161njaci su do\u017eivjeli tokom Prvog srpskog ustanka, pod vo\u0111stvom Kara\u0111or\u0111a Petrovi\u0107a. Tom prilikom je u Sjenici ubijeno preko 2.500 Bo\u0161njaka, \u0161to je predstavljalo dvije tre\u0107ine ukupnog broja sjeni\u010dkog stanovni\u0161tva, a Novi Pazar iznova spaljen. Tom prilikom je ubijeno na stotine Bo\u0161njaka. Po\u0161to smo u nekim od pro\u0161lih brojeva revije [&hellip;]\" \/>\n<meta property=\"og:url\" content=\"https:\/\/sandzakpress.net\/arhiva\/stradanje-sjenice-1809\/\" \/>\n<meta property=\"og:site_name\" content=\"Sand\u017eak PRESS\" \/>\n<meta property=\"article:published_time\" content=\"2011-12-13T17:45:25+00:00\" \/>\n<meta property=\"article:modified_time\" content=\"2011-12-15T16:18:03+00:00\" \/>\n<meta property=\"og:image\" content=\"https:\/\/sandzakpress.net\/arhiva\/wp-content\/uploads\/2011\/12\/kara.jpg\" \/>\n\t<meta property=\"og:image:width\" content=\"400\" \/>\n\t<meta property=\"og:image:height\" content=\"300\" \/>\n\t<meta property=\"og:image:type\" content=\"image\/jpeg\" \/>\n<meta name=\"author\" content=\"bosniak\" \/>\n<meta name=\"twitter:card\" content=\"summary_large_image\" \/>\n<meta name=\"twitter:label1\" content=\"Written by\" \/>\n\t<meta name=\"twitter:data1\" content=\"bosniak\" \/>\n\t<meta name=\"twitter:label2\" content=\"Est. reading time\" \/>\n\t<meta name=\"twitter:data2\" content=\"1 minuta\" \/>\n<script type=\"application\/ld+json\" class=\"yoast-schema-graph\">{\"@context\":\"https:\/\/schema.org\",\"@graph\":[{\"@type\":\"Article\",\"@id\":\"https:\/\/sandzakpress.net\/arhiva\/stradanje-sjenice-1809\/#article\",\"isPartOf\":{\"@id\":\"https:\/\/sandzakpress.net\/arhiva\/stradanje-sjenice-1809\/\"},\"author\":{\"name\":\"bosniak\",\"@id\":\"https:\/\/sandzakpress.net\/arhiva\/#\/schema\/person\/c8baee722073534b583ea7bdb2e36c02\"},\"headline\":\"Stradanje Sjenice 1809.\",\"datePublished\":\"2011-12-13T17:45:25+00:00\",\"dateModified\":\"2011-12-15T16:18:03+00:00\",\"mainEntityOfPage\":{\"@id\":\"https:\/\/sandzakpress.net\/arhiva\/stradanje-sjenice-1809\/\"},\"wordCount\":286,\"commentCount\":7,\"publisher\":{\"@id\":\"https:\/\/sandzakpress.net\/arhiva\/#\/schema\/person\/6e72b67d6e51910a1117b3b483ba20bd\"},\"image\":{\"@id\":\"https:\/\/sandzakpress.net\/arhiva\/stradanje-sjenice-1809\/#primaryimage\"},\"thumbnailUrl\":\"https:\/\/sandzakpress.net\/arhiva\/wp-content\/uploads\/2011\/12\/kara.jpg\",\"articleSection\":[\"Sand\u017eak HISTORIJA\",\"Sjenica\"],\"inLanguage\":\"bs-BA\",\"potentialAction\":[{\"@type\":\"CommentAction\",\"name\":\"Comment\",\"target\":[\"https:\/\/sandzakpress.net\/arhiva\/stradanje-sjenice-1809\/#respond\"]}]},{\"@type\":\"WebPage\",\"@id\":\"https:\/\/sandzakpress.net\/arhiva\/stradanje-sjenice-1809\/\",\"url\":\"https:\/\/sandzakpress.net\/arhiva\/stradanje-sjenice-1809\/\",\"name\":\"Stradanje Sjenice 1809.\",\"isPartOf\":{\"@id\":\"https:\/\/sandzakpress.net\/arhiva\/#website\"},\"primaryImageOfPage\":{\"@id\":\"https:\/\/sandzakpress.net\/arhiva\/stradanje-sjenice-1809\/#primaryimage\"},\"image\":{\"@id\":\"https:\/\/sandzakpress.net\/arhiva\/stradanje-sjenice-1809\/#primaryimage\"},\"thumbnailUrl\":\"https:\/\/sandzakpress.net\/arhiva\/wp-content\/uploads\/2011\/12\/kara.jpg\",\"datePublished\":\"2011-12-13T17:45:25+00:00\",\"dateModified\":\"2011-12-15T16:18:03+00:00\",\"breadcrumb\":{\"@id\":\"https:\/\/sandzakpress.net\/arhiva\/stradanje-sjenice-1809\/#breadcrumb\"},\"inLanguage\":\"bs-BA\",\"potentialAction\":[{\"@type\":\"ReadAction\",\"target\":[\"https:\/\/sandzakpress.net\/arhiva\/stradanje-sjenice-1809\/\"]}]},{\"@type\":\"ImageObject\",\"inLanguage\":\"bs-BA\",\"@id\":\"https:\/\/sandzakpress.net\/arhiva\/stradanje-sjenice-1809\/#primaryimage\",\"url\":\"https:\/\/sandzakpress.net\/arhiva\/wp-content\/uploads\/2011\/12\/kara.jpg\",\"contentUrl\":\"https:\/\/sandzakpress.net\/arhiva\/wp-content\/uploads\/2011\/12\/kara.jpg\",\"width\":400,\"height\":300},{\"@type\":\"BreadcrumbList\",\"@id\":\"https:\/\/sandzakpress.net\/arhiva\/stradanje-sjenice-1809\/#breadcrumb\",\"itemListElement\":[{\"@type\":\"ListItem\",\"position\":1,\"name\":\"Home\",\"item\":\"https:\/\/sandzakpress.net\/arhiva\/\"},{\"@type\":\"ListItem\",\"position\":2,\"name\":\"Stradanje Sjenice 1809.\"}]},{\"@type\":\"WebSite\",\"@id\":\"https:\/\/sandzakpress.net\/arhiva\/#website\",\"url\":\"https:\/\/sandzakpress.net\/arhiva\/\",\"name\":\"Sand\u017eak PRESS\",\"description\":\"Prve elektronske novine u Sand\u017eaku\",\"publisher\":{\"@id\":\"https:\/\/sandzakpress.net\/arhiva\/#\/schema\/person\/6e72b67d6e51910a1117b3b483ba20bd\"},\"potentialAction\":[{\"@type\":\"SearchAction\",\"target\":{\"@type\":\"EntryPoint\",\"urlTemplate\":\"https:\/\/sandzakpress.net\/arhiva\/?s={search_term_string}\"},\"query-input\":{\"@type\":\"PropertyValueSpecification\",\"valueRequired\":true,\"valueName\":\"search_term_string\"}}],\"inLanguage\":\"bs-BA\"},{\"@type\":[\"Person\",\"Organization\"],\"@id\":\"https:\/\/sandzakpress.net\/arhiva\/#\/schema\/person\/6e72b67d6e51910a1117b3b483ba20bd\",\"name\":\"Kul\",\"image\":{\"@type\":\"ImageObject\",\"inLanguage\":\"bs-BA\",\"@id\":\"https:\/\/sandzakpress.net\/arhiva\/#\/schema\/person\/image\/\",\"url\":\"https:\/\/secure.gravatar.com\/avatar\/42263f39aa27ac04c43cab85c280eb2e?s=96&d=mm&r=pg\",\"contentUrl\":\"https:\/\/secure.gravatar.com\/avatar\/42263f39aa27ac04c43cab85c280eb2e?s=96&d=mm&r=pg\",\"caption\":\"Kul\"},\"logo\":{\"@id\":\"https:\/\/sandzakpress.net\/arhiva\/#\/schema\/person\/image\/\"}},{\"@type\":\"Person\",\"@id\":\"https:\/\/sandzakpress.net\/arhiva\/#\/schema\/person\/c8baee722073534b583ea7bdb2e36c02\",\"name\":\"bosniak\",\"image\":{\"@type\":\"ImageObject\",\"inLanguage\":\"bs-BA\",\"@id\":\"https:\/\/sandzakpress.net\/arhiva\/#\/schema\/person\/image\/\",\"url\":\"https:\/\/secure.gravatar.com\/avatar\/a04fd330bfe3a36a72a0ad4a6d89fca7?s=96&d=mm&r=pg\",\"contentUrl\":\"https:\/\/secure.gravatar.com\/avatar\/a04fd330bfe3a36a72a0ad4a6d89fca7?s=96&d=mm&r=pg\",\"caption\":\"bosniak\"},\"url\":\"https:\/\/sandzakpress.net\/arhiva\/author\/bosniak\/\"}]}<\/script>\n<!-- \/ Yoast SEO Premium plugin. -->","yoast_head_json":{"title":"Stradanje Sjenice 1809.","robots":{"index":"index","follow":"follow","max-snippet":"max-snippet:-1","max-image-preview":"max-image-preview:large","max-video-preview":"max-video-preview:-1"},"canonical":"https:\/\/sandzakpress.net\/arhiva\/stradanje-sjenice-1809\/","og_locale":"bs_BA","og_type":"article","og_title":"Stradanje Sjenice 1809.","og_description":"Sand\u017eak &#8211; Jedan od najte\u017eih genocida Bo\u0161njaci su do\u017eivjeli tokom Prvog srpskog ustanka, pod vo\u0111stvom Kara\u0111or\u0111a Petrovi\u0107a. Tom prilikom je u Sjenici ubijeno preko 2.500 Bo\u0161njaka, \u0161to je predstavljalo dvije tre\u0107ine ukupnog broja sjeni\u010dkog stanovni\u0161tva, a Novi Pazar iznova spaljen. Tom prilikom je ubijeno na stotine Bo\u0161njaka. Po\u0161to smo u nekim od pro\u0161lih brojeva revije [&hellip;]","og_url":"https:\/\/sandzakpress.net\/arhiva\/stradanje-sjenice-1809\/","og_site_name":"Sand\u017eak PRESS","article_published_time":"2011-12-13T17:45:25+00:00","article_modified_time":"2011-12-15T16:18:03+00:00","og_image":[{"width":400,"height":300,"url":"https:\/\/sandzakpress.net\/arhiva\/wp-content\/uploads\/2011\/12\/kara.jpg","type":"image\/jpeg"}],"author":"bosniak","twitter_card":"summary_large_image","twitter_misc":{"Written by":"bosniak","Est. reading time":"1 minuta"},"schema":{"@context":"https:\/\/schema.org","@graph":[{"@type":"Article","@id":"https:\/\/sandzakpress.net\/arhiva\/stradanje-sjenice-1809\/#article","isPartOf":{"@id":"https:\/\/sandzakpress.net\/arhiva\/stradanje-sjenice-1809\/"},"author":{"name":"bosniak","@id":"https:\/\/sandzakpress.net\/arhiva\/#\/schema\/person\/c8baee722073534b583ea7bdb2e36c02"},"headline":"Stradanje Sjenice 1809.","datePublished":"2011-12-13T17:45:25+00:00","dateModified":"2011-12-15T16:18:03+00:00","mainEntityOfPage":{"@id":"https:\/\/sandzakpress.net\/arhiva\/stradanje-sjenice-1809\/"},"wordCount":286,"commentCount":7,"publisher":{"@id":"https:\/\/sandzakpress.net\/arhiva\/#\/schema\/person\/6e72b67d6e51910a1117b3b483ba20bd"},"image":{"@id":"https:\/\/sandzakpress.net\/arhiva\/stradanje-sjenice-1809\/#primaryimage"},"thumbnailUrl":"https:\/\/sandzakpress.net\/arhiva\/wp-content\/uploads\/2011\/12\/kara.jpg","articleSection":["Sand\u017eak HISTORIJA","Sjenica"],"inLanguage":"bs-BA","potentialAction":[{"@type":"CommentAction","name":"Comment","target":["https:\/\/sandzakpress.net\/arhiva\/stradanje-sjenice-1809\/#respond"]}]},{"@type":"WebPage","@id":"https:\/\/sandzakpress.net\/arhiva\/stradanje-sjenice-1809\/","url":"https:\/\/sandzakpress.net\/arhiva\/stradanje-sjenice-1809\/","name":"Stradanje Sjenice 1809.","isPartOf":{"@id":"https:\/\/sandzakpress.net\/arhiva\/#website"},"primaryImageOfPage":{"@id":"https:\/\/sandzakpress.net\/arhiva\/stradanje-sjenice-1809\/#primaryimage"},"image":{"@id":"https:\/\/sandzakpress.net\/arhiva\/stradanje-sjenice-1809\/#primaryimage"},"thumbnailUrl":"https:\/\/sandzakpress.net\/arhiva\/wp-content\/uploads\/2011\/12\/kara.jpg","datePublished":"2011-12-13T17:45:25+00:00","dateModified":"2011-12-15T16:18:03+00:00","breadcrumb":{"@id":"https:\/\/sandzakpress.net\/arhiva\/stradanje-sjenice-1809\/#breadcrumb"},"inLanguage":"bs-BA","potentialAction":[{"@type":"ReadAction","target":["https:\/\/sandzakpress.net\/arhiva\/stradanje-sjenice-1809\/"]}]},{"@type":"ImageObject","inLanguage":"bs-BA","@id":"https:\/\/sandzakpress.net\/arhiva\/stradanje-sjenice-1809\/#primaryimage","url":"https:\/\/sandzakpress.net\/arhiva\/wp-content\/uploads\/2011\/12\/kara.jpg","contentUrl":"https:\/\/sandzakpress.net\/arhiva\/wp-content\/uploads\/2011\/12\/kara.jpg","width":400,"height":300},{"@type":"BreadcrumbList","@id":"https:\/\/sandzakpress.net\/arhiva\/stradanje-sjenice-1809\/#breadcrumb","itemListElement":[{"@type":"ListItem","position":1,"name":"Home","item":"https:\/\/sandzakpress.net\/arhiva\/"},{"@type":"ListItem","position":2,"name":"Stradanje Sjenice 1809."}]},{"@type":"WebSite","@id":"https:\/\/sandzakpress.net\/arhiva\/#website","url":"https:\/\/sandzakpress.net\/arhiva\/","name":"Sand\u017eak PRESS","description":"Prve elektronske novine u Sand\u017eaku","publisher":{"@id":"https:\/\/sandzakpress.net\/arhiva\/#\/schema\/person\/6e72b67d6e51910a1117b3b483ba20bd"},"potentialAction":[{"@type":"SearchAction","target":{"@type":"EntryPoint","urlTemplate":"https:\/\/sandzakpress.net\/arhiva\/?s={search_term_string}"},"query-input":{"@type":"PropertyValueSpecification","valueRequired":true,"valueName":"search_term_string"}}],"inLanguage":"bs-BA"},{"@type":["Person","Organization"],"@id":"https:\/\/sandzakpress.net\/arhiva\/#\/schema\/person\/6e72b67d6e51910a1117b3b483ba20bd","name":"Kul","image":{"@type":"ImageObject","inLanguage":"bs-BA","@id":"https:\/\/sandzakpress.net\/arhiva\/#\/schema\/person\/image\/","url":"https:\/\/secure.gravatar.com\/avatar\/42263f39aa27ac04c43cab85c280eb2e?s=96&d=mm&r=pg","contentUrl":"https:\/\/secure.gravatar.com\/avatar\/42263f39aa27ac04c43cab85c280eb2e?s=96&d=mm&r=pg","caption":"Kul"},"logo":{"@id":"https:\/\/sandzakpress.net\/arhiva\/#\/schema\/person\/image\/"}},{"@type":"Person","@id":"https:\/\/sandzakpress.net\/arhiva\/#\/schema\/person\/c8baee722073534b583ea7bdb2e36c02","name":"bosniak","image":{"@type":"ImageObject","inLanguage":"bs-BA","@id":"https:\/\/sandzakpress.net\/arhiva\/#\/schema\/person\/image\/","url":"https:\/\/secure.gravatar.com\/avatar\/a04fd330bfe3a36a72a0ad4a6d89fca7?s=96&d=mm&r=pg","contentUrl":"https:\/\/secure.gravatar.com\/avatar\/a04fd330bfe3a36a72a0ad4a6d89fca7?s=96&d=mm&r=pg","caption":"bosniak"},"url":"https:\/\/sandzakpress.net\/arhiva\/author\/bosniak\/"}]}},"_links":{"self":[{"href":"https:\/\/sandzakpress.net\/arhiva\/wp-json\/wp\/v2\/posts\/26266"}],"collection":[{"href":"https:\/\/sandzakpress.net\/arhiva\/wp-json\/wp\/v2\/posts"}],"about":[{"href":"https:\/\/sandzakpress.net\/arhiva\/wp-json\/wp\/v2\/types\/post"}],"author":[{"embeddable":true,"href":"https:\/\/sandzakpress.net\/arhiva\/wp-json\/wp\/v2\/users\/83"}],"replies":[{"embeddable":true,"href":"https:\/\/sandzakpress.net\/arhiva\/wp-json\/wp\/v2\/comments?post=26266"}],"version-history":[{"count":0,"href":"https:\/\/sandzakpress.net\/arhiva\/wp-json\/wp\/v2\/posts\/26266\/revisions"}],"wp:featuredmedia":[{"embeddable":true,"href":"https:\/\/sandzakpress.net\/arhiva\/wp-json\/wp\/v2\/media\/26268"}],"wp:attachment":[{"href":"https:\/\/sandzakpress.net\/arhiva\/wp-json\/wp\/v2\/media?parent=26266"}],"wp:term":[{"taxonomy":"category","embeddable":true,"href":"https:\/\/sandzakpress.net\/arhiva\/wp-json\/wp\/v2\/categories?post=26266"},{"taxonomy":"post_tag","embeddable":true,"href":"https:\/\/sandzakpress.net\/arhiva\/wp-json\/wp\/v2\/tags?post=26266"}],"curies":[{"name":"wp","href":"https:\/\/api.w.org\/{rel}","templated":true}]}}