{"id":26074,"date":"2011-12-12T20:58:55","date_gmt":"2011-12-12T19:58:55","guid":{"rendered":"https:\/\/sandzakpress.net\/arhiva\/?p=26074"},"modified":"2011-12-12T22:20:45","modified_gmt":"2011-12-12T21:20:45","slug":"prijepolje-protest-zbog-rusenja-30-ak-lokala-dvojica-pokusala-samoubistvo","status":"publish","type":"post","link":"https:\/\/sandzakpress.net\/arhiva\/prijepolje-protest-zbog-rusenja-30-ak-lokala-dvojica-pokusala-samoubistvo\/","title":{"rendered":"Prijepolje: Protest zbog ru\u0161enja 30-ak lokala, dvojica poku\u0161ala samoubistvo"},"content":{"rendered":"<p><a href=\"https:\/\/sandzakpress.net\/arhiva\/wp-content\/uploads\/2011\/12\/385029_2613211922027_1006894522_2847822_1149254896_n.jpg\"><img loading=\"lazy\" decoding=\"async\" class=\"aligncenter size-full wp-image-26124\" title=\"385029_2613211922027_1006894522_2847822_1149254896_n\" src=\"https:\/\/sandzakpress.net\/arhiva\/wp-content\/uploads\/2011\/12\/385029_2613211922027_1006894522_2847822_1149254896_n.jpg\" alt=\"\" width=\"616\" height=\"356\" \/><\/a><\/p>\n<p><strong>Prijepolje &#8211; Vi\u0161e od 100 gradjana Prijepolja protestvovalo je danas zbog odluke lokalne samouprave da \u00a0sru\u0161i 30-tak lokala u centru grada. Naime, iako imaju uredne dozvole za rad, prema novom urbanisti\u010dkom planu koji je usvojila skup\u0161tina Prijepolja, na mjestu gdje se nalaze lokali predvi\u0111eno je da pro\u0111e put. <\/strong><\/p>\n<p>Po\u0161to niko iz lokalne samouprave ne \u017eeli da im iza\u0111e u susret, vlasnici lokala su se obratili i nadle\u017enima u dr\u017eavi. Kako su najavili, ukoliko im se niko ne obrati, \u017eali\u0107e se i Evropskom sudu za ljudska prava u Strazburu.<\/p>\n<p><strong>Poku\u0161ao samozapaljivanje, drugi da se objesi<br \/>\n<\/strong><\/p>\n<p>Pored vi\u0161e\u010dasovnog protesta vlasnika lokala i gra\u0111ana Prijepolja, lokalna vlast u Prijepolju,bez prethodne najave po\u010dela je sa ru\u0161enjem 30-ak lokala u centru grada. Kako saznaje Sanapress, jedan od vlasnika lokala se polio benzinom u namjeri da se zapali a drugi je poku\u0161ao da se objesi sve u cilju za\u0161tite svoje imovine za koju imaju uredne dozvole.<\/p>\n<p><img loading=\"lazy\" decoding=\"async\" class=\"alignleft\" src=\"http:\/\/mesihat.org\/images\/stories\/izvrsni%20odor%20bnv%20-%20samir%20tandir.jpg\" alt=\"\" width=\"211\" height=\"141\" \/><strong>BNV stao uz gra\u0111ane<\/strong><\/p>\n<p>U saop\u0161tenju koje je potpisao Samir Tandir, predsjednik Izvr\u0161nog odbora BNV-a izme\u0111u ostalog se ka\u017ee:<\/p>\n<p>\u201eOvaj \u010din najbolji je dokaz samovolje i bahatosti prijepoljskih vlasti koju \u010dini koalicija Sand\u017ea\u010dke demokratske partije Rasima Ljaji\u0107a i srpskih stranaka.\u201c<\/p>\n<p><img loading=\"lazy\" decoding=\"async\" src=\"http:\/\/rtvnp.rs\/images\/stories\/hronika\/rusenje.jpg\" alt=\"\" width=\"601\" height=\"451\" \/><\/p>\n<p style=\"text-align: center;\"><img loading=\"lazy\" decoding=\"async\" class=\"aligncenter\" src=\"http:\/\/rtvnp.rs\/images\/stories\/hronika\/suze%20boa%20trmia.jpg\" alt=\"\" width=\"601\" height=\"451\" \/><\/p>\n<p>Izvor: <strong>SANA<\/strong><\/p>\n","protected":false},"excerpt":{"rendered":"<p>Prijepolje &#8211; Vi\u0161e od 100 gradjana Prijepolja protestvovalo je danas zbog odluke lokalne samouprave da \u00a0sru\u0161i 30-tak lokala u centru grada. Naime, iako imaju uredne dozvole za rad, prema novom urbanisti\u010dkom planu koji je usvojila skup\u0161tina Prijepolja, na mjestu gdje se nalaze lokali predvi\u0111eno je da pro\u0111e put. Po\u0161to niko iz lokalne samouprave ne \u017eeli [&hellip;]<\/p>\n","protected":false},"author":83,"featured_media":26124,"comment_status":"open","ping_status":"open","sticky":false,"template":"","format":"standard","meta":{"footnotes":""},"categories":[392],"tags":[],"class_list":{"0":"post-26074","1":"post","2":"type-post","3":"status-publish","4":"format-standard","5":"has-post-thumbnail","7":"category-prijepolje_"},"yoast_head":"<!-- This site is optimized with the Yoast SEO Premium plugin v23.1 (Yoast SEO v24.9) - https:\/\/yoast.com\/wordpress\/plugins\/seo\/ -->\n<title>Prijepolje: Protest zbog ru\u0161enja 30-ak lokala, dvojica poku\u0161ala samoubistvo<\/title>\n<meta name=\"robots\" content=\"index, follow, max-snippet:-1, max-image-preview:large, max-video-preview:-1\" \/>\n<link rel=\"canonical\" href=\"https:\/\/sandzakpress.net\/arhiva\/prijepolje-protest-zbog-rusenja-30-ak-lokala-dvojica-pokusala-samoubistvo\/\" \/>\n<meta property=\"og:locale\" content=\"bs_BA\" \/>\n<meta property=\"og:type\" content=\"article\" \/>\n<meta property=\"og:title\" content=\"Prijepolje: Protest zbog ru\u0161enja 30-ak lokala, dvojica poku\u0161ala samoubistvo\" \/>\n<meta property=\"og:description\" content=\"Prijepolje &#8211; Vi\u0161e od 100 gradjana Prijepolja protestvovalo je danas zbog odluke lokalne samouprave da \u00a0sru\u0161i 30-tak lokala u centru grada. Naime, iako imaju uredne dozvole za rad, prema novom urbanisti\u010dkom planu koji je usvojila skup\u0161tina Prijepolja, na mjestu gdje se nalaze lokali predvi\u0111eno je da pro\u0111e put. Po\u0161to niko iz lokalne samouprave ne \u017eeli [&hellip;]\" \/>\n<meta property=\"og:url\" content=\"https:\/\/sandzakpress.net\/arhiva\/prijepolje-protest-zbog-rusenja-30-ak-lokala-dvojica-pokusala-samoubistvo\/\" \/>\n<meta property=\"og:site_name\" content=\"Sand\u017eak PRESS\" \/>\n<meta property=\"article:published_time\" content=\"2011-12-12T19:58:55+00:00\" \/>\n<meta property=\"article:modified_time\" content=\"2011-12-12T21:20:45+00:00\" \/>\n<meta property=\"og:image\" content=\"https:\/\/sandzakpress.net\/arhiva\/wp-content\/uploads\/2011\/12\/385029_2613211922027_1006894522_2847822_1149254896_n.jpg\" \/>\n\t<meta property=\"og:image:width\" content=\"616\" \/>\n\t<meta property=\"og:image:height\" content=\"356\" \/>\n\t<meta property=\"og:image:type\" content=\"image\/jpeg\" \/>\n<meta name=\"author\" content=\"bosniak\" \/>\n<meta name=\"twitter:card\" content=\"summary_large_image\" \/>\n<meta name=\"twitter:label1\" content=\"Written by\" \/>\n\t<meta name=\"twitter:data1\" content=\"bosniak\" \/>\n\t<meta name=\"twitter:label2\" content=\"Est. reading time\" \/>\n\t<meta name=\"twitter:data2\" content=\"1 minuta\" \/>\n<script type=\"application\/ld+json\" class=\"yoast-schema-graph\">{\"@context\":\"https:\/\/schema.org\",\"@graph\":[{\"@type\":\"Article\",\"@id\":\"https:\/\/sandzakpress.net\/arhiva\/prijepolje-protest-zbog-rusenja-30-ak-lokala-dvojica-pokusala-samoubistvo\/#article\",\"isPartOf\":{\"@id\":\"https:\/\/sandzakpress.net\/arhiva\/prijepolje-protest-zbog-rusenja-30-ak-lokala-dvojica-pokusala-samoubistvo\/\"},\"author\":{\"name\":\"bosniak\",\"@id\":\"https:\/\/sandzakpress.net\/arhiva\/#\/schema\/person\/c8baee722073534b583ea7bdb2e36c02\"},\"headline\":\"Prijepolje: Protest zbog ru\u0161enja 30-ak lokala, dvojica poku\u0161ala samoubistvo\",\"datePublished\":\"2011-12-12T19:58:55+00:00\",\"dateModified\":\"2011-12-12T21:20:45+00:00\",\"mainEntityOfPage\":{\"@id\":\"https:\/\/sandzakpress.net\/arhiva\/prijepolje-protest-zbog-rusenja-30-ak-lokala-dvojica-pokusala-samoubistvo\/\"},\"wordCount\":230,\"commentCount\":13,\"publisher\":{\"@id\":\"https:\/\/sandzakpress.net\/arhiva\/#\/schema\/person\/6e72b67d6e51910a1117b3b483ba20bd\"},\"image\":{\"@id\":\"https:\/\/sandzakpress.net\/arhiva\/prijepolje-protest-zbog-rusenja-30-ak-lokala-dvojica-pokusala-samoubistvo\/#primaryimage\"},\"thumbnailUrl\":\"https:\/\/sandzakpress.net\/arhiva\/wp-content\/uploads\/2011\/12\/385029_2613211922027_1006894522_2847822_1149254896_n.jpg\",\"articleSection\":[\"Prijepolje\"],\"inLanguage\":\"bs-BA\",\"potentialAction\":[{\"@type\":\"CommentAction\",\"name\":\"Comment\",\"target\":[\"https:\/\/sandzakpress.net\/arhiva\/prijepolje-protest-zbog-rusenja-30-ak-lokala-dvojica-pokusala-samoubistvo\/#respond\"]}]},{\"@type\":\"WebPage\",\"@id\":\"https:\/\/sandzakpress.net\/arhiva\/prijepolje-protest-zbog-rusenja-30-ak-lokala-dvojica-pokusala-samoubistvo\/\",\"url\":\"https:\/\/sandzakpress.net\/arhiva\/prijepolje-protest-zbog-rusenja-30-ak-lokala-dvojica-pokusala-samoubistvo\/\",\"name\":\"Prijepolje: Protest zbog ru\u0161enja 30-ak lokala, dvojica poku\u0161ala samoubistvo\",\"isPartOf\":{\"@id\":\"https:\/\/sandzakpress.net\/arhiva\/#website\"},\"primaryImageOfPage\":{\"@id\":\"https:\/\/sandzakpress.net\/arhiva\/prijepolje-protest-zbog-rusenja-30-ak-lokala-dvojica-pokusala-samoubistvo\/#primaryimage\"},\"image\":{\"@id\":\"https:\/\/sandzakpress.net\/arhiva\/prijepolje-protest-zbog-rusenja-30-ak-lokala-dvojica-pokusala-samoubistvo\/#primaryimage\"},\"thumbnailUrl\":\"https:\/\/sandzakpress.net\/arhiva\/wp-content\/uploads\/2011\/12\/385029_2613211922027_1006894522_2847822_1149254896_n.jpg\",\"datePublished\":\"2011-12-12T19:58:55+00:00\",\"dateModified\":\"2011-12-12T21:20:45+00:00\",\"breadcrumb\":{\"@id\":\"https:\/\/sandzakpress.net\/arhiva\/prijepolje-protest-zbog-rusenja-30-ak-lokala-dvojica-pokusala-samoubistvo\/#breadcrumb\"},\"inLanguage\":\"bs-BA\",\"potentialAction\":[{\"@type\":\"ReadAction\",\"target\":[\"https:\/\/sandzakpress.net\/arhiva\/prijepolje-protest-zbog-rusenja-30-ak-lokala-dvojica-pokusala-samoubistvo\/\"]}]},{\"@type\":\"ImageObject\",\"inLanguage\":\"bs-BA\",\"@id\":\"https:\/\/sandzakpress.net\/arhiva\/prijepolje-protest-zbog-rusenja-30-ak-lokala-dvojica-pokusala-samoubistvo\/#primaryimage\",\"url\":\"https:\/\/sandzakpress.net\/arhiva\/wp-content\/uploads\/2011\/12\/385029_2613211922027_1006894522_2847822_1149254896_n.jpg\",\"contentUrl\":\"https:\/\/sandzakpress.net\/arhiva\/wp-content\/uploads\/2011\/12\/385029_2613211922027_1006894522_2847822_1149254896_n.jpg\",\"width\":616,\"height\":356},{\"@type\":\"BreadcrumbList\",\"@id\":\"https:\/\/sandzakpress.net\/arhiva\/prijepolje-protest-zbog-rusenja-30-ak-lokala-dvojica-pokusala-samoubistvo\/#breadcrumb\",\"itemListElement\":[{\"@type\":\"ListItem\",\"position\":1,\"name\":\"Home\",\"item\":\"https:\/\/sandzakpress.net\/arhiva\/\"},{\"@type\":\"ListItem\",\"position\":2,\"name\":\"Prijepolje: Protest zbog ru\u0161enja 30-ak lokala, dvojica poku\u0161ala samoubistvo\"}]},{\"@type\":\"WebSite\",\"@id\":\"https:\/\/sandzakpress.net\/arhiva\/#website\",\"url\":\"https:\/\/sandzakpress.net\/arhiva\/\",\"name\":\"Sand\u017eak PRESS\",\"description\":\"Prve elektronske novine u Sand\u017eaku\",\"publisher\":{\"@id\":\"https:\/\/sandzakpress.net\/arhiva\/#\/schema\/person\/6e72b67d6e51910a1117b3b483ba20bd\"},\"potentialAction\":[{\"@type\":\"SearchAction\",\"target\":{\"@type\":\"EntryPoint\",\"urlTemplate\":\"https:\/\/sandzakpress.net\/arhiva\/?s={search_term_string}\"},\"query-input\":{\"@type\":\"PropertyValueSpecification\",\"valueRequired\":true,\"valueName\":\"search_term_string\"}}],\"inLanguage\":\"bs-BA\"},{\"@type\":[\"Person\",\"Organization\"],\"@id\":\"https:\/\/sandzakpress.net\/arhiva\/#\/schema\/person\/6e72b67d6e51910a1117b3b483ba20bd\",\"name\":\"Kul\",\"image\":{\"@type\":\"ImageObject\",\"inLanguage\":\"bs-BA\",\"@id\":\"https:\/\/sandzakpress.net\/arhiva\/#\/schema\/person\/image\/\",\"url\":\"https:\/\/secure.gravatar.com\/avatar\/42263f39aa27ac04c43cab85c280eb2e?s=96&d=mm&r=pg\",\"contentUrl\":\"https:\/\/secure.gravatar.com\/avatar\/42263f39aa27ac04c43cab85c280eb2e?s=96&d=mm&r=pg\",\"caption\":\"Kul\"},\"logo\":{\"@id\":\"https:\/\/sandzakpress.net\/arhiva\/#\/schema\/person\/image\/\"}},{\"@type\":\"Person\",\"@id\":\"https:\/\/sandzakpress.net\/arhiva\/#\/schema\/person\/c8baee722073534b583ea7bdb2e36c02\",\"name\":\"bosniak\",\"image\":{\"@type\":\"ImageObject\",\"inLanguage\":\"bs-BA\",\"@id\":\"https:\/\/sandzakpress.net\/arhiva\/#\/schema\/person\/image\/\",\"url\":\"https:\/\/secure.gravatar.com\/avatar\/a04fd330bfe3a36a72a0ad4a6d89fca7?s=96&d=mm&r=pg\",\"contentUrl\":\"https:\/\/secure.gravatar.com\/avatar\/a04fd330bfe3a36a72a0ad4a6d89fca7?s=96&d=mm&r=pg\",\"caption\":\"bosniak\"},\"url\":\"https:\/\/sandzakpress.net\/arhiva\/author\/bosniak\/\"}]}<\/script>\n<!-- \/ Yoast SEO Premium plugin. -->","yoast_head_json":{"title":"Prijepolje: Protest zbog ru\u0161enja 30-ak lokala, dvojica poku\u0161ala samoubistvo","robots":{"index":"index","follow":"follow","max-snippet":"max-snippet:-1","max-image-preview":"max-image-preview:large","max-video-preview":"max-video-preview:-1"},"canonical":"https:\/\/sandzakpress.net\/arhiva\/prijepolje-protest-zbog-rusenja-30-ak-lokala-dvojica-pokusala-samoubistvo\/","og_locale":"bs_BA","og_type":"article","og_title":"Prijepolje: Protest zbog ru\u0161enja 30-ak lokala, dvojica poku\u0161ala samoubistvo","og_description":"Prijepolje &#8211; Vi\u0161e od 100 gradjana Prijepolja protestvovalo je danas zbog odluke lokalne samouprave da \u00a0sru\u0161i 30-tak lokala u centru grada. Naime, iako imaju uredne dozvole za rad, prema novom urbanisti\u010dkom planu koji je usvojila skup\u0161tina Prijepolja, na mjestu gdje se nalaze lokali predvi\u0111eno je da pro\u0111e put. Po\u0161to niko iz lokalne samouprave ne \u017eeli [&hellip;]","og_url":"https:\/\/sandzakpress.net\/arhiva\/prijepolje-protest-zbog-rusenja-30-ak-lokala-dvojica-pokusala-samoubistvo\/","og_site_name":"Sand\u017eak PRESS","article_published_time":"2011-12-12T19:58:55+00:00","article_modified_time":"2011-12-12T21:20:45+00:00","og_image":[{"width":616,"height":356,"url":"https:\/\/sandzakpress.net\/arhiva\/wp-content\/uploads\/2011\/12\/385029_2613211922027_1006894522_2847822_1149254896_n.jpg","type":"image\/jpeg"}],"author":"bosniak","twitter_card":"summary_large_image","twitter_misc":{"Written by":"bosniak","Est. reading time":"1 minuta"},"schema":{"@context":"https:\/\/schema.org","@graph":[{"@type":"Article","@id":"https:\/\/sandzakpress.net\/arhiva\/prijepolje-protest-zbog-rusenja-30-ak-lokala-dvojica-pokusala-samoubistvo\/#article","isPartOf":{"@id":"https:\/\/sandzakpress.net\/arhiva\/prijepolje-protest-zbog-rusenja-30-ak-lokala-dvojica-pokusala-samoubistvo\/"},"author":{"name":"bosniak","@id":"https:\/\/sandzakpress.net\/arhiva\/#\/schema\/person\/c8baee722073534b583ea7bdb2e36c02"},"headline":"Prijepolje: Protest zbog ru\u0161enja 30-ak lokala, dvojica poku\u0161ala samoubistvo","datePublished":"2011-12-12T19:58:55+00:00","dateModified":"2011-12-12T21:20:45+00:00","mainEntityOfPage":{"@id":"https:\/\/sandzakpress.net\/arhiva\/prijepolje-protest-zbog-rusenja-30-ak-lokala-dvojica-pokusala-samoubistvo\/"},"wordCount":230,"commentCount":13,"publisher":{"@id":"https:\/\/sandzakpress.net\/arhiva\/#\/schema\/person\/6e72b67d6e51910a1117b3b483ba20bd"},"image":{"@id":"https:\/\/sandzakpress.net\/arhiva\/prijepolje-protest-zbog-rusenja-30-ak-lokala-dvojica-pokusala-samoubistvo\/#primaryimage"},"thumbnailUrl":"https:\/\/sandzakpress.net\/arhiva\/wp-content\/uploads\/2011\/12\/385029_2613211922027_1006894522_2847822_1149254896_n.jpg","articleSection":["Prijepolje"],"inLanguage":"bs-BA","potentialAction":[{"@type":"CommentAction","name":"Comment","target":["https:\/\/sandzakpress.net\/arhiva\/prijepolje-protest-zbog-rusenja-30-ak-lokala-dvojica-pokusala-samoubistvo\/#respond"]}]},{"@type":"WebPage","@id":"https:\/\/sandzakpress.net\/arhiva\/prijepolje-protest-zbog-rusenja-30-ak-lokala-dvojica-pokusala-samoubistvo\/","url":"https:\/\/sandzakpress.net\/arhiva\/prijepolje-protest-zbog-rusenja-30-ak-lokala-dvojica-pokusala-samoubistvo\/","name":"Prijepolje: Protest zbog ru\u0161enja 30-ak lokala, dvojica poku\u0161ala samoubistvo","isPartOf":{"@id":"https:\/\/sandzakpress.net\/arhiva\/#website"},"primaryImageOfPage":{"@id":"https:\/\/sandzakpress.net\/arhiva\/prijepolje-protest-zbog-rusenja-30-ak-lokala-dvojica-pokusala-samoubistvo\/#primaryimage"},"image":{"@id":"https:\/\/sandzakpress.net\/arhiva\/prijepolje-protest-zbog-rusenja-30-ak-lokala-dvojica-pokusala-samoubistvo\/#primaryimage"},"thumbnailUrl":"https:\/\/sandzakpress.net\/arhiva\/wp-content\/uploads\/2011\/12\/385029_2613211922027_1006894522_2847822_1149254896_n.jpg","datePublished":"2011-12-12T19:58:55+00:00","dateModified":"2011-12-12T21:20:45+00:00","breadcrumb":{"@id":"https:\/\/sandzakpress.net\/arhiva\/prijepolje-protest-zbog-rusenja-30-ak-lokala-dvojica-pokusala-samoubistvo\/#breadcrumb"},"inLanguage":"bs-BA","potentialAction":[{"@type":"ReadAction","target":["https:\/\/sandzakpress.net\/arhiva\/prijepolje-protest-zbog-rusenja-30-ak-lokala-dvojica-pokusala-samoubistvo\/"]}]},{"@type":"ImageObject","inLanguage":"bs-BA","@id":"https:\/\/sandzakpress.net\/arhiva\/prijepolje-protest-zbog-rusenja-30-ak-lokala-dvojica-pokusala-samoubistvo\/#primaryimage","url":"https:\/\/sandzakpress.net\/arhiva\/wp-content\/uploads\/2011\/12\/385029_2613211922027_1006894522_2847822_1149254896_n.jpg","contentUrl":"https:\/\/sandzakpress.net\/arhiva\/wp-content\/uploads\/2011\/12\/385029_2613211922027_1006894522_2847822_1149254896_n.jpg","width":616,"height":356},{"@type":"BreadcrumbList","@id":"https:\/\/sandzakpress.net\/arhiva\/prijepolje-protest-zbog-rusenja-30-ak-lokala-dvojica-pokusala-samoubistvo\/#breadcrumb","itemListElement":[{"@type":"ListItem","position":1,"name":"Home","item":"https:\/\/sandzakpress.net\/arhiva\/"},{"@type":"ListItem","position":2,"name":"Prijepolje: Protest zbog ru\u0161enja 30-ak lokala, dvojica poku\u0161ala samoubistvo"}]},{"@type":"WebSite","@id":"https:\/\/sandzakpress.net\/arhiva\/#website","url":"https:\/\/sandzakpress.net\/arhiva\/","name":"Sand\u017eak PRESS","description":"Prve elektronske novine u Sand\u017eaku","publisher":{"@id":"https:\/\/sandzakpress.net\/arhiva\/#\/schema\/person\/6e72b67d6e51910a1117b3b483ba20bd"},"potentialAction":[{"@type":"SearchAction","target":{"@type":"EntryPoint","urlTemplate":"https:\/\/sandzakpress.net\/arhiva\/?s={search_term_string}"},"query-input":{"@type":"PropertyValueSpecification","valueRequired":true,"valueName":"search_term_string"}}],"inLanguage":"bs-BA"},{"@type":["Person","Organization"],"@id":"https:\/\/sandzakpress.net\/arhiva\/#\/schema\/person\/6e72b67d6e51910a1117b3b483ba20bd","name":"Kul","image":{"@type":"ImageObject","inLanguage":"bs-BA","@id":"https:\/\/sandzakpress.net\/arhiva\/#\/schema\/person\/image\/","url":"https:\/\/secure.gravatar.com\/avatar\/42263f39aa27ac04c43cab85c280eb2e?s=96&d=mm&r=pg","contentUrl":"https:\/\/secure.gravatar.com\/avatar\/42263f39aa27ac04c43cab85c280eb2e?s=96&d=mm&r=pg","caption":"Kul"},"logo":{"@id":"https:\/\/sandzakpress.net\/arhiva\/#\/schema\/person\/image\/"}},{"@type":"Person","@id":"https:\/\/sandzakpress.net\/arhiva\/#\/schema\/person\/c8baee722073534b583ea7bdb2e36c02","name":"bosniak","image":{"@type":"ImageObject","inLanguage":"bs-BA","@id":"https:\/\/sandzakpress.net\/arhiva\/#\/schema\/person\/image\/","url":"https:\/\/secure.gravatar.com\/avatar\/a04fd330bfe3a36a72a0ad4a6d89fca7?s=96&d=mm&r=pg","contentUrl":"https:\/\/secure.gravatar.com\/avatar\/a04fd330bfe3a36a72a0ad4a6d89fca7?s=96&d=mm&r=pg","caption":"bosniak"},"url":"https:\/\/sandzakpress.net\/arhiva\/author\/bosniak\/"}]}},"_links":{"self":[{"href":"https:\/\/sandzakpress.net\/arhiva\/wp-json\/wp\/v2\/posts\/26074"}],"collection":[{"href":"https:\/\/sandzakpress.net\/arhiva\/wp-json\/wp\/v2\/posts"}],"about":[{"href":"https:\/\/sandzakpress.net\/arhiva\/wp-json\/wp\/v2\/types\/post"}],"author":[{"embeddable":true,"href":"https:\/\/sandzakpress.net\/arhiva\/wp-json\/wp\/v2\/users\/83"}],"replies":[{"embeddable":true,"href":"https:\/\/sandzakpress.net\/arhiva\/wp-json\/wp\/v2\/comments?post=26074"}],"version-history":[{"count":0,"href":"https:\/\/sandzakpress.net\/arhiva\/wp-json\/wp\/v2\/posts\/26074\/revisions"}],"wp:featuredmedia":[{"embeddable":true,"href":"https:\/\/sandzakpress.net\/arhiva\/wp-json\/wp\/v2\/media\/26124"}],"wp:attachment":[{"href":"https:\/\/sandzakpress.net\/arhiva\/wp-json\/wp\/v2\/media?parent=26074"}],"wp:term":[{"taxonomy":"category","embeddable":true,"href":"https:\/\/sandzakpress.net\/arhiva\/wp-json\/wp\/v2\/categories?post=26074"},{"taxonomy":"post_tag","embeddable":true,"href":"https:\/\/sandzakpress.net\/arhiva\/wp-json\/wp\/v2\/tags?post=26074"}],"curies":[{"name":"wp","href":"https:\/\/api.w.org\/{rel}","templated":true}]}}