{"id":25673,"date":"2011-12-06T12:47:14","date_gmt":"2011-12-06T11:47:14","guid":{"rendered":"https:\/\/sandzakpress.net\/arhiva\/?p=25673"},"modified":"2011-12-06T12:47:14","modified_gmt":"2011-12-06T11:47:14","slug":"durdina-ivanovic-listing-%e2%80%9eprocurio%e2%80%9c-iz-uprave-policije-pa-dopisan","status":"publish","type":"post","link":"https:\/\/sandzakpress.net\/arhiva\/durdina-ivanovic-listing-%e2%80%9eprocurio%e2%80%9c-iz-uprave-policije-pa-dopisan\/","title":{"rendered":"\u0110ur\u0111ina Ivanovi\u0107: Listing \u201eprocurio\u201c iz Uprave policije, pa dopisan"},"content":{"rendered":"<p><strong> <a href=\"https:\/\/sandzakpress.net\/arhiva\/wp-content\/uploads\/2011\/12\/konferencija-za-medije-djurdjina-ivanovic-2011-12-05-300x199.gif\"><img loading=\"lazy\" decoding=\"async\" class=\"alignleft size-full wp-image-25674\" title=\"konferencija-za-medije-djurdjina-ivanovic-2011-12-05-300x199\" src=\"https:\/\/sandzakpress.net\/arhiva\/wp-content\/uploads\/2011\/12\/konferencija-za-medije-djurdjina-ivanovic-2011-12-05-300x199.gif\" alt=\"\" width=\"300\" height=\"199\" \/><\/a>Ro\u017eaje &#8211; Specijalna dr\u017eavna tu\u017eiteljka za  borbu protiv organizovanog kriminala \u0110ur\u0111ina Ivanovi\u0107 kazala je da je na  osnovu dokaza koji su ju\u010der dostavljeni tu\u017eila\u0161tvu nesporno utvr\u0111eno da  premijer Igor Luk\u0161i\u0107 i ministar vanjskih poslova i evropskih integracija  Milan Ro\u0107en nijesu, kako je to objavio dnevni list Dan, bili u  telefonskoj komunikaciji sa odbjeglim Darkom \u0160ari\u0107em, optu\u017eenim za \u0161verc  kokaina.<\/strong><\/p>\n<p>&#8211; Specijalno tu\u017eila\u0161tvo je, na osnovu  dokaza koje smo dobili od Telekoma, Telenora i Uprave policije, nesporno  utvrdilo da nije bilo telefonskih komunikacija izme\u0111u Luk\u0161i\u0107a i Ro\u0107ena  sa \u0160ari\u0107em \u2013 kazala je Ivanovi\u0107 na konferenciji za novinare. Ona je  navela da je format spornog listinga napravljen u policiji, a da je neko  naknadno u njega upisao imena Luk\u0161i\u0107a i Ro\u0107ena.<\/p>\n<p>&#8211; Tu\u017eila\u0161tvo \u0107e u daljem postupku  tra\u017eiti od policije da utvrdi identitet osobe u Upravi policije, koja  je, s obzirom na svoja slu\u017ebena ovla\u0161\u0107enja, bila u posjedu formata  listinga koji je sa\u010dinila Uprava policije. Tako\u0111e, tu\u017eila\u0161tvo \u0107e od  policije tra\u017eiti da se utvrdi identitet osobe koja je u listing unijela  neistinite podatke o telefonskoj komunikaciji premijera Igora Luk\u0161i\u0107a i  ministra Milana Ro\u0107ena sa Darkom \u0160ari\u0107em \u2013 navodi se u saop\u0161tenju koje  potpisuje vrhovna dr\u017eavna tu\u017eiteljka Ranka \u0106arapi\u0107, a koje je novinarima  prezentovala Ivanovi\u0107.<\/p>\n<p>&#8211; Nakon utvr\u0111ivanja ovih \u010dinjenica,  tu\u017eila\u0161tvo \u0107e cijeniti postojanje uslova za odgovornost autora teksta \u2013  kazala je specijalna tu\u017eiteljka.<\/p>\n<p>Na ju\u010dera\u0161njoj konferenciji za novinare,  ona nije \u017eeljela da saop\u0161ti \u010dije je listinge poziva tu\u017eila\u0161tvo  provjeravalo, da li Luk\u0161i\u0107eve, Ro\u0107enove ili \u0160ari\u0107eve, kako bi do\u0161lo do  dokaza da dvojica visokih zvani\u010dnika nijesu bili u kontaktu sa optu\u017eenim  Pljevljakom.<\/p>\n<p>Ivanovi\u0107 je u nedjelju ve\u010de, kako je  kazala, odr\u017eala sastanak sa predstavnicima nadle\u017enih institucija radi  rasvjetljavanja okolnosti vezanih za navode teksta u listu \u201eDan\u201c.<\/p>\n<p>Po nalogu tu\u017eila\u0161tva, nadle\u017ene ustanove  su ju\u010de ujutro dostavile listinge a, osim \u0160ari\u0107evih, stigli su i  listinzi kosovskog biznismena koji \u017eivi u Bosni i Hercegovini Nasera  Keljmendija, koje je ovaj list tako\u0111e objavio prije nepune dvije  sedmice.<\/p>\n<p>Svoje listinge tu\u017eila\u0161tvu je dostavila i  redakcija \u201eDana\u201c. Pomo\u0107nik glavnog urednika ovog lista Nikola Markovi\u0107  kazao je kako je za njih bitno da se slu\u010daj \u0161to prije razrije\u0161i.<\/p>\n<p>&#8211; Na\u0161a namjera nije bila nikoga da  blatimo. Imali smo razloga da vjerujemo u vjerodostojnost listinga. Da  li su oni istiniti ili ne, rano je govoriti. Pojedini policijski  slu\u017ebenici prerano su se oglasili, ali to je ve\u0107 stvar tu\u017eila\u0161tva i  nadle\u017enih organa \u2013 rekao je Markovi\u0107.<\/p>\n<p>On je naglasio da su imali korektnu saradnju sa tu\u017eiteljkom Ivanovi\u0107 i da \u0107e u\u010diniti sve da se slu\u010daj dovede do kraja.<\/p>\n<p>Prije nepune dvije sedmice, isti list  objavio je listing poziva Nasera Keljmendija koji je navodno imao  telefonsku komunikaciju sa \u0161efom ulcinjskog DPS-a i poslanikom Mehmetom  Zenkom, funkcionerom ANB-a Du\u0161kom Golubovi\u0107em, \u0161efom ulcinjske policije  Rudolfom Elezovi\u0107em i biv\u0161im predsjednikom op\u0107ine Ulcinj Gzimom  Hajdinagom.<\/p>\n<p>Ivanovi\u0107 je kazala da se i o listingu  Nasera Keljmendija sprovodi istraga, a da je tu\u017eila\u0161tvo tra\u017eilo da se  \u201eprikupe odre\u0111ene informacije od drugih organa i institucija\u201c.<\/p>\n<p>Ona nije mogla da odgovori na pitanje novinara da li su listinzi Nasera Keljmendija autenti\u010dni, isti\u010du\u0107i da su provjere u toku.<\/p>\n<p>Nakon objavljivanja navodnih  Keljmendijevih listinga niko od dr\u017eavnih organa nije reagovao. Kada je u  nedjelju \u201eDan\u201c objavio navodne listinge poziva Darka \u0160ari\u0107a oglasila se  Uprava policije i saop\u0161tila kako su ti listinzi falsifikati.<\/p>\n<p>&#8211; Uprava policije je utvrdila da je  dokument, koji je nazvan listingom, a koji je objavljen u dnevnim listu  \u201eDan\u201c, gdje se pominju imena predsjednika Vlade i ministra vanjskih  poslova, grubi falsifikat i nije dokument Uprave policije \u2013 navedeno je u  saop\u0161tenju koje je potpisao pomo\u0107nik direktora Milan Tomi\u0107.<\/p>\n<p><strong>Podaci iz navodnog listinga neistiniti, jo\u0161 se ne zna da li se radi o falsifikatu<\/strong><\/p>\n<p>&#8211; Formati koji su objavljeni u \u201eDanu\u201c nijesu isti kao oni koji su u upotrebi \u2013 kazala je Ivanovi\u0107.<\/p>\n<p>Na pitanje novinara \u201eDana\u201c, autora  spornog teksta, da li se sa sigurno\u0161\u0107u mo\u017ee tvrditi da je materijal koji  su objavili falsifikat, Ivanovi\u0107 je kazala da se za sada jedino  pouzdano zna da podaci nijesu istiniti.<\/p>\n<p>&#8211; Po tom pitanju radimo i to \u0107emo  utvrditi u daljoj fazi postupka. Ono \u0161to smo utvrdili jeste da su podaci  neistiniti \u2013 objasnila je ona.<\/p>\n<p><strong>Ko je policajac koji posjeduje formate listinga<\/strong><\/p>\n<p>&#8211; Predmet na\u0161eg budu\u0107eg interesovanja  bi\u0107e ko je u policiji bio u posjedu takvih formata koje radi Uprava  policije \u2013 naglasila je Ivanovi\u0107.<\/p>\n<p>Na pitanje da li su dobili listing Darka  \u0160ari\u0107a i da li su ga upore\u0111ivali, odgovorila je da je sve u fazi  sljede\u0107e istrage i o tome \u0107e javnost biti informisana kada budu imali  neke podatke, uz konstataciju da \u0107e se potruditi da na\u0111u original  listinga \u0160ari\u0107a iz 2008. godine.<\/p>\n<div>Izvor: <strong>Pobjeda.me<\/strong><\/div>\n","protected":false},"excerpt":{"rendered":"<p>Ro\u017eaje &#8211; Specijalna dr\u017eavna tu\u017eiteljka za borbu protiv organizovanog kriminala \u0110ur\u0111ina Ivanovi\u0107 kazala je da je na osnovu dokaza koji su ju\u010der dostavljeni tu\u017eila\u0161tvu nesporno utvr\u0111eno da premijer Igor Luk\u0161i\u0107 i ministar vanjskih poslova i evropskih integracija Milan Ro\u0107en nijesu, kako je to objavio dnevni list Dan, bili u telefonskoj komunikaciji sa odbjeglim Darkom \u0160ari\u0107em, [&hellip;]<\/p>\n","protected":false},"author":13,"featured_media":25674,"comment_status":"open","ping_status":"open","sticky":false,"template":"","format":"standard","meta":{"footnotes":""},"categories":[398,801],"tags":[],"class_list":{"0":"post-25673","1":"post","2":"type-post","3":"status-publish","4":"format-standard","5":"has-post-thumbnail","7":"category-rozaje","8":"category-crna_hronika"},"yoast_head":"<!-- This site is optimized with the Yoast SEO Premium plugin v23.1 (Yoast SEO v24.9) - https:\/\/yoast.com\/wordpress\/plugins\/seo\/ -->\n<title>\u0110ur\u0111ina Ivanovi\u0107: Listing \u201eprocurio\u201c iz Uprave policije, pa dopisan<\/title>\n<meta name=\"robots\" content=\"index, follow, max-snippet:-1, max-image-preview:large, max-video-preview:-1\" \/>\n<link rel=\"canonical\" href=\"https:\/\/sandzakpress.net\/arhiva\/durdina-ivanovic-listing-\u201eprocurio\u201c-iz-uprave-policije-pa-dopisan\/\" \/>\n<meta property=\"og:locale\" content=\"bs_BA\" \/>\n<meta property=\"og:type\" content=\"article\" \/>\n<meta property=\"og:title\" content=\"\u0110ur\u0111ina Ivanovi\u0107: Listing \u201eprocurio\u201c iz Uprave policije, pa dopisan\" \/>\n<meta property=\"og:description\" content=\"Ro\u017eaje &#8211; Specijalna dr\u017eavna tu\u017eiteljka za borbu protiv organizovanog kriminala \u0110ur\u0111ina Ivanovi\u0107 kazala je da je na osnovu dokaza koji su ju\u010der dostavljeni tu\u017eila\u0161tvu nesporno utvr\u0111eno da premijer Igor Luk\u0161i\u0107 i ministar vanjskih poslova i evropskih integracija Milan Ro\u0107en nijesu, kako je to objavio dnevni list Dan, bili u telefonskoj komunikaciji sa odbjeglim Darkom \u0160ari\u0107em, [&hellip;]\" \/>\n<meta property=\"og:url\" content=\"https:\/\/sandzakpress.net\/arhiva\/durdina-ivanovic-listing-\u201eprocurio\u201c-iz-uprave-policije-pa-dopisan\/\" \/>\n<meta property=\"og:site_name\" content=\"Sand\u017eak PRESS\" \/>\n<meta property=\"article:published_time\" content=\"2011-12-06T11:47:14+00:00\" \/>\n<meta property=\"og:image\" content=\"https:\/\/sandzakpress.net\/arhiva\/wp-content\/uploads\/2011\/12\/konferencija-za-medije-djurdjina-ivanovic-2011-12-05-300x199.gif\" \/>\n\t<meta property=\"og:image:width\" content=\"300\" \/>\n\t<meta property=\"og:image:height\" content=\"199\" \/>\n\t<meta property=\"og:image:type\" content=\"image\/gif\" \/>\n<meta name=\"twitter:card\" content=\"summary_large_image\" \/>\n<meta name=\"twitter:label1\" content=\"Written by\" \/>\n\t<meta name=\"twitter:data1\" content=\"\" \/>\n\t<meta name=\"twitter:label2\" content=\"Est. reading time\" \/>\n\t<meta name=\"twitter:data2\" content=\"4 minute\" \/>\n<script type=\"application\/ld+json\" class=\"yoast-schema-graph\">{\"@context\":\"https:\/\/schema.org\",\"@graph\":[{\"@type\":\"Article\",\"@id\":\"https:\/\/sandzakpress.net\/arhiva\/durdina-ivanovic-listing-%e2%80%9eprocurio%e2%80%9c-iz-uprave-policije-pa-dopisan\/#article\",\"isPartOf\":{\"@id\":\"https:\/\/sandzakpress.net\/arhiva\/durdina-ivanovic-listing-%e2%80%9eprocurio%e2%80%9c-iz-uprave-policije-pa-dopisan\/\"},\"author\":{\"name\":\"\",\"@id\":\"\"},\"headline\":\"\u0110ur\u0111ina Ivanovi\u0107: Listing \u201eprocurio\u201c iz Uprave policije, pa dopisan\",\"datePublished\":\"2011-12-06T11:47:14+00:00\",\"mainEntityOfPage\":{\"@id\":\"https:\/\/sandzakpress.net\/arhiva\/durdina-ivanovic-listing-%e2%80%9eprocurio%e2%80%9c-iz-uprave-policije-pa-dopisan\/\"},\"wordCount\":871,\"commentCount\":0,\"publisher\":{\"@id\":\"https:\/\/sandzakpress.net\/arhiva\/#\/schema\/person\/6e72b67d6e51910a1117b3b483ba20bd\"},\"image\":{\"@id\":\"https:\/\/sandzakpress.net\/arhiva\/durdina-ivanovic-listing-%e2%80%9eprocurio%e2%80%9c-iz-uprave-policije-pa-dopisan\/#primaryimage\"},\"thumbnailUrl\":\"https:\/\/sandzakpress.net\/arhiva\/wp-content\/uploads\/2011\/12\/konferencija-za-medije-djurdjina-ivanovic-2011-12-05-300x199.gif\",\"articleSection\":[\"Ro\u017eaje\",\"Hronika\"],\"inLanguage\":\"bs-BA\",\"potentialAction\":[{\"@type\":\"CommentAction\",\"name\":\"Comment\",\"target\":[\"https:\/\/sandzakpress.net\/arhiva\/durdina-ivanovic-listing-%e2%80%9eprocurio%e2%80%9c-iz-uprave-policije-pa-dopisan\/#respond\"]}]},{\"@type\":\"WebPage\",\"@id\":\"https:\/\/sandzakpress.net\/arhiva\/durdina-ivanovic-listing-%e2%80%9eprocurio%e2%80%9c-iz-uprave-policije-pa-dopisan\/\",\"url\":\"https:\/\/sandzakpress.net\/arhiva\/durdina-ivanovic-listing-%e2%80%9eprocurio%e2%80%9c-iz-uprave-policije-pa-dopisan\/\",\"name\":\"\u0110ur\u0111ina Ivanovi\u0107: Listing \u201eprocurio\u201c iz Uprave policije, pa dopisan\",\"isPartOf\":{\"@id\":\"https:\/\/sandzakpress.net\/arhiva\/#website\"},\"primaryImageOfPage\":{\"@id\":\"https:\/\/sandzakpress.net\/arhiva\/durdina-ivanovic-listing-%e2%80%9eprocurio%e2%80%9c-iz-uprave-policije-pa-dopisan\/#primaryimage\"},\"image\":{\"@id\":\"https:\/\/sandzakpress.net\/arhiva\/durdina-ivanovic-listing-%e2%80%9eprocurio%e2%80%9c-iz-uprave-policije-pa-dopisan\/#primaryimage\"},\"thumbnailUrl\":\"https:\/\/sandzakpress.net\/arhiva\/wp-content\/uploads\/2011\/12\/konferencija-za-medije-djurdjina-ivanovic-2011-12-05-300x199.gif\",\"datePublished\":\"2011-12-06T11:47:14+00:00\",\"breadcrumb\":{\"@id\":\"https:\/\/sandzakpress.net\/arhiva\/durdina-ivanovic-listing-%e2%80%9eprocurio%e2%80%9c-iz-uprave-policije-pa-dopisan\/#breadcrumb\"},\"inLanguage\":\"bs-BA\",\"potentialAction\":[{\"@type\":\"ReadAction\",\"target\":[\"https:\/\/sandzakpress.net\/arhiva\/durdina-ivanovic-listing-%e2%80%9eprocurio%e2%80%9c-iz-uprave-policije-pa-dopisan\/\"]}]},{\"@type\":\"ImageObject\",\"inLanguage\":\"bs-BA\",\"@id\":\"https:\/\/sandzakpress.net\/arhiva\/durdina-ivanovic-listing-%e2%80%9eprocurio%e2%80%9c-iz-uprave-policije-pa-dopisan\/#primaryimage\",\"url\":\"https:\/\/sandzakpress.net\/arhiva\/wp-content\/uploads\/2011\/12\/konferencija-za-medije-djurdjina-ivanovic-2011-12-05-300x199.gif\",\"contentUrl\":\"https:\/\/sandzakpress.net\/arhiva\/wp-content\/uploads\/2011\/12\/konferencija-za-medije-djurdjina-ivanovic-2011-12-05-300x199.gif\",\"width\":300,\"height\":199},{\"@type\":\"BreadcrumbList\",\"@id\":\"https:\/\/sandzakpress.net\/arhiva\/durdina-ivanovic-listing-%e2%80%9eprocurio%e2%80%9c-iz-uprave-policije-pa-dopisan\/#breadcrumb\",\"itemListElement\":[{\"@type\":\"ListItem\",\"position\":1,\"name\":\"Home\",\"item\":\"https:\/\/sandzakpress.net\/arhiva\/\"},{\"@type\":\"ListItem\",\"position\":2,\"name\":\"\u0110ur\u0111ina Ivanovi\u0107: Listing \u201eprocurio\u201c iz Uprave policije, pa dopisan\"}]},{\"@type\":\"WebSite\",\"@id\":\"https:\/\/sandzakpress.net\/arhiva\/#website\",\"url\":\"https:\/\/sandzakpress.net\/arhiva\/\",\"name\":\"Sand\u017eak PRESS\",\"description\":\"Prve elektronske novine u Sand\u017eaku\",\"publisher\":{\"@id\":\"https:\/\/sandzakpress.net\/arhiva\/#\/schema\/person\/6e72b67d6e51910a1117b3b483ba20bd\"},\"potentialAction\":[{\"@type\":\"SearchAction\",\"target\":{\"@type\":\"EntryPoint\",\"urlTemplate\":\"https:\/\/sandzakpress.net\/arhiva\/?s={search_term_string}\"},\"query-input\":{\"@type\":\"PropertyValueSpecification\",\"valueRequired\":true,\"valueName\":\"search_term_string\"}}],\"inLanguage\":\"bs-BA\"},{\"@type\":[\"Person\",\"Organization\"],\"@id\":\"https:\/\/sandzakpress.net\/arhiva\/#\/schema\/person\/6e72b67d6e51910a1117b3b483ba20bd\",\"name\":\"Kul\",\"image\":{\"@type\":\"ImageObject\",\"inLanguage\":\"bs-BA\",\"@id\":\"https:\/\/sandzakpress.net\/arhiva\/#\/schema\/person\/image\/\",\"url\":\"https:\/\/secure.gravatar.com\/avatar\/42263f39aa27ac04c43cab85c280eb2e?s=96&d=mm&r=pg\",\"contentUrl\":\"https:\/\/secure.gravatar.com\/avatar\/42263f39aa27ac04c43cab85c280eb2e?s=96&d=mm&r=pg\",\"caption\":\"Kul\"},\"logo\":{\"@id\":\"https:\/\/sandzakpress.net\/arhiva\/#\/schema\/person\/image\/\"}},{\"@type\":\"Person\",\"@id\":\"\",\"url\":\"https:\/\/sandzakpress.net\/arhiva\/author\/\"}]}<\/script>\n<!-- \/ Yoast SEO Premium plugin. -->","yoast_head_json":{"title":"\u0110ur\u0111ina Ivanovi\u0107: Listing \u201eprocurio\u201c iz Uprave policije, pa dopisan","robots":{"index":"index","follow":"follow","max-snippet":"max-snippet:-1","max-image-preview":"max-image-preview:large","max-video-preview":"max-video-preview:-1"},"canonical":"https:\/\/sandzakpress.net\/arhiva\/durdina-ivanovic-listing-\u201eprocurio\u201c-iz-uprave-policije-pa-dopisan\/","og_locale":"bs_BA","og_type":"article","og_title":"\u0110ur\u0111ina Ivanovi\u0107: Listing \u201eprocurio\u201c iz Uprave policije, pa dopisan","og_description":"Ro\u017eaje &#8211; Specijalna dr\u017eavna tu\u017eiteljka za borbu protiv organizovanog kriminala \u0110ur\u0111ina Ivanovi\u0107 kazala je da je na osnovu dokaza koji su ju\u010der dostavljeni tu\u017eila\u0161tvu nesporno utvr\u0111eno da premijer Igor Luk\u0161i\u0107 i ministar vanjskih poslova i evropskih integracija Milan Ro\u0107en nijesu, kako je to objavio dnevni list Dan, bili u telefonskoj komunikaciji sa odbjeglim Darkom \u0160ari\u0107em, [&hellip;]","og_url":"https:\/\/sandzakpress.net\/arhiva\/durdina-ivanovic-listing-\u201eprocurio\u201c-iz-uprave-policije-pa-dopisan\/","og_site_name":"Sand\u017eak PRESS","article_published_time":"2011-12-06T11:47:14+00:00","og_image":[{"width":300,"height":199,"url":"https:\/\/sandzakpress.net\/arhiva\/wp-content\/uploads\/2011\/12\/konferencija-za-medije-djurdjina-ivanovic-2011-12-05-300x199.gif","type":"image\/gif"}],"twitter_card":"summary_large_image","twitter_misc":{"Written by":"","Est. reading time":"4 minute"},"schema":{"@context":"https:\/\/schema.org","@graph":[{"@type":"Article","@id":"https:\/\/sandzakpress.net\/arhiva\/durdina-ivanovic-listing-%e2%80%9eprocurio%e2%80%9c-iz-uprave-policije-pa-dopisan\/#article","isPartOf":{"@id":"https:\/\/sandzakpress.net\/arhiva\/durdina-ivanovic-listing-%e2%80%9eprocurio%e2%80%9c-iz-uprave-policije-pa-dopisan\/"},"author":{"name":"","@id":""},"headline":"\u0110ur\u0111ina Ivanovi\u0107: Listing \u201eprocurio\u201c iz Uprave policije, pa dopisan","datePublished":"2011-12-06T11:47:14+00:00","mainEntityOfPage":{"@id":"https:\/\/sandzakpress.net\/arhiva\/durdina-ivanovic-listing-%e2%80%9eprocurio%e2%80%9c-iz-uprave-policije-pa-dopisan\/"},"wordCount":871,"commentCount":0,"publisher":{"@id":"https:\/\/sandzakpress.net\/arhiva\/#\/schema\/person\/6e72b67d6e51910a1117b3b483ba20bd"},"image":{"@id":"https:\/\/sandzakpress.net\/arhiva\/durdina-ivanovic-listing-%e2%80%9eprocurio%e2%80%9c-iz-uprave-policije-pa-dopisan\/#primaryimage"},"thumbnailUrl":"https:\/\/sandzakpress.net\/arhiva\/wp-content\/uploads\/2011\/12\/konferencija-za-medije-djurdjina-ivanovic-2011-12-05-300x199.gif","articleSection":["Ro\u017eaje","Hronika"],"inLanguage":"bs-BA","potentialAction":[{"@type":"CommentAction","name":"Comment","target":["https:\/\/sandzakpress.net\/arhiva\/durdina-ivanovic-listing-%e2%80%9eprocurio%e2%80%9c-iz-uprave-policije-pa-dopisan\/#respond"]}]},{"@type":"WebPage","@id":"https:\/\/sandzakpress.net\/arhiva\/durdina-ivanovic-listing-%e2%80%9eprocurio%e2%80%9c-iz-uprave-policije-pa-dopisan\/","url":"https:\/\/sandzakpress.net\/arhiva\/durdina-ivanovic-listing-%e2%80%9eprocurio%e2%80%9c-iz-uprave-policije-pa-dopisan\/","name":"\u0110ur\u0111ina Ivanovi\u0107: Listing \u201eprocurio\u201c iz Uprave policije, pa dopisan","isPartOf":{"@id":"https:\/\/sandzakpress.net\/arhiva\/#website"},"primaryImageOfPage":{"@id":"https:\/\/sandzakpress.net\/arhiva\/durdina-ivanovic-listing-%e2%80%9eprocurio%e2%80%9c-iz-uprave-policije-pa-dopisan\/#primaryimage"},"image":{"@id":"https:\/\/sandzakpress.net\/arhiva\/durdina-ivanovic-listing-%e2%80%9eprocurio%e2%80%9c-iz-uprave-policije-pa-dopisan\/#primaryimage"},"thumbnailUrl":"https:\/\/sandzakpress.net\/arhiva\/wp-content\/uploads\/2011\/12\/konferencija-za-medije-djurdjina-ivanovic-2011-12-05-300x199.gif","datePublished":"2011-12-06T11:47:14+00:00","breadcrumb":{"@id":"https:\/\/sandzakpress.net\/arhiva\/durdina-ivanovic-listing-%e2%80%9eprocurio%e2%80%9c-iz-uprave-policije-pa-dopisan\/#breadcrumb"},"inLanguage":"bs-BA","potentialAction":[{"@type":"ReadAction","target":["https:\/\/sandzakpress.net\/arhiva\/durdina-ivanovic-listing-%e2%80%9eprocurio%e2%80%9c-iz-uprave-policije-pa-dopisan\/"]}]},{"@type":"ImageObject","inLanguage":"bs-BA","@id":"https:\/\/sandzakpress.net\/arhiva\/durdina-ivanovic-listing-%e2%80%9eprocurio%e2%80%9c-iz-uprave-policije-pa-dopisan\/#primaryimage","url":"https:\/\/sandzakpress.net\/arhiva\/wp-content\/uploads\/2011\/12\/konferencija-za-medije-djurdjina-ivanovic-2011-12-05-300x199.gif","contentUrl":"https:\/\/sandzakpress.net\/arhiva\/wp-content\/uploads\/2011\/12\/konferencija-za-medije-djurdjina-ivanovic-2011-12-05-300x199.gif","width":300,"height":199},{"@type":"BreadcrumbList","@id":"https:\/\/sandzakpress.net\/arhiva\/durdina-ivanovic-listing-%e2%80%9eprocurio%e2%80%9c-iz-uprave-policije-pa-dopisan\/#breadcrumb","itemListElement":[{"@type":"ListItem","position":1,"name":"Home","item":"https:\/\/sandzakpress.net\/arhiva\/"},{"@type":"ListItem","position":2,"name":"\u0110ur\u0111ina Ivanovi\u0107: Listing \u201eprocurio\u201c iz Uprave policije, pa dopisan"}]},{"@type":"WebSite","@id":"https:\/\/sandzakpress.net\/arhiva\/#website","url":"https:\/\/sandzakpress.net\/arhiva\/","name":"Sand\u017eak PRESS","description":"Prve elektronske novine u Sand\u017eaku","publisher":{"@id":"https:\/\/sandzakpress.net\/arhiva\/#\/schema\/person\/6e72b67d6e51910a1117b3b483ba20bd"},"potentialAction":[{"@type":"SearchAction","target":{"@type":"EntryPoint","urlTemplate":"https:\/\/sandzakpress.net\/arhiva\/?s={search_term_string}"},"query-input":{"@type":"PropertyValueSpecification","valueRequired":true,"valueName":"search_term_string"}}],"inLanguage":"bs-BA"},{"@type":["Person","Organization"],"@id":"https:\/\/sandzakpress.net\/arhiva\/#\/schema\/person\/6e72b67d6e51910a1117b3b483ba20bd","name":"Kul","image":{"@type":"ImageObject","inLanguage":"bs-BA","@id":"https:\/\/sandzakpress.net\/arhiva\/#\/schema\/person\/image\/","url":"https:\/\/secure.gravatar.com\/avatar\/42263f39aa27ac04c43cab85c280eb2e?s=96&d=mm&r=pg","contentUrl":"https:\/\/secure.gravatar.com\/avatar\/42263f39aa27ac04c43cab85c280eb2e?s=96&d=mm&r=pg","caption":"Kul"},"logo":{"@id":"https:\/\/sandzakpress.net\/arhiva\/#\/schema\/person\/image\/"}},{"@type":"Person","@id":"","url":"https:\/\/sandzakpress.net\/arhiva\/author\/"}]}},"_links":{"self":[{"href":"https:\/\/sandzakpress.net\/arhiva\/wp-json\/wp\/v2\/posts\/25673"}],"collection":[{"href":"https:\/\/sandzakpress.net\/arhiva\/wp-json\/wp\/v2\/posts"}],"about":[{"href":"https:\/\/sandzakpress.net\/arhiva\/wp-json\/wp\/v2\/types\/post"}],"author":[{"embeddable":true,"href":"https:\/\/sandzakpress.net\/arhiva\/wp-json\/wp\/v2\/users\/13"}],"replies":[{"embeddable":true,"href":"https:\/\/sandzakpress.net\/arhiva\/wp-json\/wp\/v2\/comments?post=25673"}],"version-history":[{"count":0,"href":"https:\/\/sandzakpress.net\/arhiva\/wp-json\/wp\/v2\/posts\/25673\/revisions"}],"wp:featuredmedia":[{"embeddable":true,"href":"https:\/\/sandzakpress.net\/arhiva\/wp-json\/wp\/v2\/media\/25674"}],"wp:attachment":[{"href":"https:\/\/sandzakpress.net\/arhiva\/wp-json\/wp\/v2\/media?parent=25673"}],"wp:term":[{"taxonomy":"category","embeddable":true,"href":"https:\/\/sandzakpress.net\/arhiva\/wp-json\/wp\/v2\/categories?post=25673"},{"taxonomy":"post_tag","embeddable":true,"href":"https:\/\/sandzakpress.net\/arhiva\/wp-json\/wp\/v2\/tags?post=25673"}],"curies":[{"name":"wp","href":"https:\/\/api.w.org\/{rel}","templated":true}]}}