{"id":25657,"date":"2011-12-06T09:38:21","date_gmt":"2011-12-06T08:38:21","guid":{"rendered":"https:\/\/sandzakpress.net\/arhiva\/?p=25657"},"modified":"2011-12-06T09:38:21","modified_gmt":"2011-12-06T08:38:21","slug":"studentski-parlament-univerziteta-crne-gore-zakazao-je-danas-%e2%80%9cveliki-studentsko-%e2%80%93-radnicki-protest%e2%80%9d-za-15-decembar","status":"publish","type":"post","link":"https:\/\/sandzakpress.net\/arhiva\/studentski-parlament-univerziteta-crne-gore-zakazao-je-danas-%e2%80%9cveliki-studentsko-%e2%80%93-radnicki-protest%e2%80%9d-za-15-decembar\/","title":{"rendered":"Studentski parlament Univerziteta Crne Gore zakazao je danas \u201cveliki studentsko \u2013 radni\u010dki protest\u201d za 15.decembar."},"content":{"rendered":"<p><strong><a href=\"https:\/\/sandzakpress.net\/arhiva\/wp-content\/uploads\/2011\/12\/Protest-studenata-1711-20111-300x199.jpg\"><img loading=\"lazy\" decoding=\"async\" class=\"alignleft size-full wp-image-25658\" title=\"Protest-studenata-1711-20111-300x199\" src=\"https:\/\/sandzakpress.net\/arhiva\/wp-content\/uploads\/2011\/12\/Protest-studenata-1711-20111-300x199.jpg\" alt=\"\" width=\"300\" height=\"199\" \/><\/a>Ju\u017eni Sand\u017eak &#8211; U saop\u0161tenju dostavljenom Pobjedi, povod za novi protest visoko\u0161kolaca  je, kako se navodi,\u00a0 nezainteresovanosti dr\u017eave u rje\u0161avanju njihovih  probema, kao i ukupno stanje u crnogorskom dru\u0161tvu.<\/strong><br \/>\nSP UCG saop\u0161tio je da je \u201estudentima, radnicima i slobodnim gra\u0111anima  dosta praznih obe\u0107anja, prora\u010dunatih la\u017ei i podlih manipulacija od  re\u017eima i pasivne opozicije\u201d.<br \/>\n&#8211; Ohrabreni energijom i svije\u0161\u0107u koju su pokazali studenti 17. novembra,  poru\u010dujemo svima koji osje\u0107aju duh slobode i gra\u0111anske odgovornosti, da  \u0107e nas biti jo\u0161 vi\u0161e, da \u0107emo biti istrajni i da je ovo novi po\u010detak \u2013  navodi se u saop\u0161tenju.<br \/>\nPodsjetimo da su klju\u010dni zahtjevi vi\u0161e hiljada akademaca okupljenih na  protestnom skupu ispred Skup\u0161tine Crne Gore 17. novenbra bili \u2013  pove\u0107anje bu\u017eeta za Univerzitet Crne Gore, spre\u010davanje nepravednog  izjedna\u010davanja privatnih i dr\u017eavnog univerziteta, manje \u0161kolarine,  zapo\u0161ljavanje svr\u0161enih studenata\u2026<\/p>\n<div>\nIzor: Pobjeda.me<\/div>\n","protected":false},"excerpt":{"rendered":"<p>Ju\u017eni Sand\u017eak &#8211; U saop\u0161tenju dostavljenom Pobjedi, povod za novi protest visoko\u0161kolaca je, kako se navodi,\u00a0 nezainteresovanosti dr\u017eave u rje\u0161avanju njihovih probema, kao i ukupno stanje u crnogorskom dru\u0161tvu. SP UCG saop\u0161tio je da je \u201estudentima, radnicima i slobodnim gra\u0111anima dosta praznih obe\u0107anja, prora\u010dunatih la\u017ei i podlih manipulacija od re\u017eima i pasivne opozicije\u201d. &#8211; Ohrabreni [&hellip;]<\/p>\n","protected":false},"author":13,"featured_media":25658,"comment_status":"open","ping_status":"open","sticky":false,"template":"","format":"standard","meta":{"footnotes":""},"categories":[398,397,396,395,4,399],"tags":[],"class_list":{"0":"post-25657","1":"post","2":"type-post","3":"status-publish","4":"format-standard","5":"has-post-thumbnail","7":"category-rozaje","8":"category-berane","9":"category-bijelo_polje","10":"category-pljevlja_","11":"category-obrazovanje","12":"category-plav_"},"yoast_head":"<!-- This site is optimized with the Yoast SEO Premium plugin v23.1 (Yoast SEO v24.9) - https:\/\/yoast.com\/wordpress\/plugins\/seo\/ -->\n<title>Studentski parlament Univerziteta Crne Gore zakazao je danas \u201cveliki studentsko \u2013 radni\u010dki protest\u201d za 15.decembar.<\/title>\n<meta name=\"robots\" content=\"index, follow, max-snippet:-1, max-image-preview:large, max-video-preview:-1\" \/>\n<link rel=\"canonical\" href=\"https:\/\/sandzakpress.net\/arhiva\/studentski-parlament-univerziteta-crne-gore-zakazao-je-danas-\u201cveliki-studentsko-\u2013-radnicki-protest\u201d-za-15-decembar\/\" \/>\n<meta property=\"og:locale\" content=\"bs_BA\" \/>\n<meta property=\"og:type\" content=\"article\" \/>\n<meta property=\"og:title\" content=\"Studentski parlament Univerziteta Crne Gore zakazao je danas \u201cveliki studentsko \u2013 radni\u010dki protest\u201d za 15.decembar.\" \/>\n<meta property=\"og:description\" content=\"Ju\u017eni Sand\u017eak &#8211; U saop\u0161tenju dostavljenom Pobjedi, povod za novi protest visoko\u0161kolaca je, kako se navodi,\u00a0 nezainteresovanosti dr\u017eave u rje\u0161avanju njihovih probema, kao i ukupno stanje u crnogorskom dru\u0161tvu. SP UCG saop\u0161tio je da je \u201estudentima, radnicima i slobodnim gra\u0111anima dosta praznih obe\u0107anja, prora\u010dunatih la\u017ei i podlih manipulacija od re\u017eima i pasivne opozicije\u201d. &#8211; Ohrabreni [&hellip;]\" \/>\n<meta property=\"og:url\" content=\"https:\/\/sandzakpress.net\/arhiva\/studentski-parlament-univerziteta-crne-gore-zakazao-je-danas-\u201cveliki-studentsko-\u2013-radnicki-protest\u201d-za-15-decembar\/\" \/>\n<meta property=\"og:site_name\" content=\"Sand\u017eak PRESS\" \/>\n<meta property=\"article:published_time\" content=\"2011-12-06T08:38:21+00:00\" \/>\n<meta property=\"og:image\" content=\"https:\/\/sandzakpress.net\/arhiva\/wp-content\/uploads\/2011\/12\/Protest-studenata-1711-20111-300x199.jpg\" \/>\n\t<meta property=\"og:image:width\" content=\"300\" \/>\n\t<meta property=\"og:image:height\" content=\"199\" \/>\n\t<meta property=\"og:image:type\" content=\"image\/jpeg\" \/>\n<meta name=\"twitter:card\" content=\"summary_large_image\" \/>\n<meta name=\"twitter:label1\" content=\"Written by\" \/>\n\t<meta name=\"twitter:data1\" content=\"\" \/>\n\t<meta name=\"twitter:label2\" content=\"Est. reading time\" \/>\n\t<meta name=\"twitter:data2\" content=\"1 minuta\" \/>\n<script type=\"application\/ld+json\" class=\"yoast-schema-graph\">{\"@context\":\"https:\/\/schema.org\",\"@graph\":[{\"@type\":\"Article\",\"@id\":\"https:\/\/sandzakpress.net\/arhiva\/studentski-parlament-univerziteta-crne-gore-zakazao-je-danas-%e2%80%9cveliki-studentsko-%e2%80%93-radnicki-protest%e2%80%9d-za-15-decembar\/#article\",\"isPartOf\":{\"@id\":\"https:\/\/sandzakpress.net\/arhiva\/studentski-parlament-univerziteta-crne-gore-zakazao-je-danas-%e2%80%9cveliki-studentsko-%e2%80%93-radnicki-protest%e2%80%9d-za-15-decembar\/\"},\"author\":{\"name\":\"\",\"@id\":\"\"},\"headline\":\"Studentski parlament Univerziteta Crne Gore zakazao je danas \u201cveliki studentsko \u2013 radni\u010dki protest\u201d za 15.decembar.\",\"datePublished\":\"2011-12-06T08:38:21+00:00\",\"mainEntityOfPage\":{\"@id\":\"https:\/\/sandzakpress.net\/arhiva\/studentski-parlament-univerziteta-crne-gore-zakazao-je-danas-%e2%80%9cveliki-studentsko-%e2%80%93-radnicki-protest%e2%80%9d-za-15-decembar\/\"},\"wordCount\":176,\"commentCount\":0,\"publisher\":{\"@id\":\"https:\/\/sandzakpress.net\/arhiva\/#\/schema\/person\/6e72b67d6e51910a1117b3b483ba20bd\"},\"image\":{\"@id\":\"https:\/\/sandzakpress.net\/arhiva\/studentski-parlament-univerziteta-crne-gore-zakazao-je-danas-%e2%80%9cveliki-studentsko-%e2%80%93-radnicki-protest%e2%80%9d-za-15-decembar\/#primaryimage\"},\"thumbnailUrl\":\"https:\/\/sandzakpress.net\/arhiva\/wp-content\/uploads\/2011\/12\/Protest-studenata-1711-20111-300x199.jpg\",\"articleSection\":[\"Ro\u017eaje\",\"Berane\",\"Bijelo Polje\",\"Pljevlja\",\"Obrazovanje\",\"Plav\"],\"inLanguage\":\"bs-BA\",\"potentialAction\":[{\"@type\":\"CommentAction\",\"name\":\"Comment\",\"target\":[\"https:\/\/sandzakpress.net\/arhiva\/studentski-parlament-univerziteta-crne-gore-zakazao-je-danas-%e2%80%9cveliki-studentsko-%e2%80%93-radnicki-protest%e2%80%9d-za-15-decembar\/#respond\"]}]},{\"@type\":\"WebPage\",\"@id\":\"https:\/\/sandzakpress.net\/arhiva\/studentski-parlament-univerziteta-crne-gore-zakazao-je-danas-%e2%80%9cveliki-studentsko-%e2%80%93-radnicki-protest%e2%80%9d-za-15-decembar\/\",\"url\":\"https:\/\/sandzakpress.net\/arhiva\/studentski-parlament-univerziteta-crne-gore-zakazao-je-danas-%e2%80%9cveliki-studentsko-%e2%80%93-radnicki-protest%e2%80%9d-za-15-decembar\/\",\"name\":\"Studentski parlament Univerziteta Crne Gore zakazao je danas \u201cveliki studentsko \u2013 radni\u010dki protest\u201d za 15.decembar.\",\"isPartOf\":{\"@id\":\"https:\/\/sandzakpress.net\/arhiva\/#website\"},\"primaryImageOfPage\":{\"@id\":\"https:\/\/sandzakpress.net\/arhiva\/studentski-parlament-univerziteta-crne-gore-zakazao-je-danas-%e2%80%9cveliki-studentsko-%e2%80%93-radnicki-protest%e2%80%9d-za-15-decembar\/#primaryimage\"},\"image\":{\"@id\":\"https:\/\/sandzakpress.net\/arhiva\/studentski-parlament-univerziteta-crne-gore-zakazao-je-danas-%e2%80%9cveliki-studentsko-%e2%80%93-radnicki-protest%e2%80%9d-za-15-decembar\/#primaryimage\"},\"thumbnailUrl\":\"https:\/\/sandzakpress.net\/arhiva\/wp-content\/uploads\/2011\/12\/Protest-studenata-1711-20111-300x199.jpg\",\"datePublished\":\"2011-12-06T08:38:21+00:00\",\"breadcrumb\":{\"@id\":\"https:\/\/sandzakpress.net\/arhiva\/studentski-parlament-univerziteta-crne-gore-zakazao-je-danas-%e2%80%9cveliki-studentsko-%e2%80%93-radnicki-protest%e2%80%9d-za-15-decembar\/#breadcrumb\"},\"inLanguage\":\"bs-BA\",\"potentialAction\":[{\"@type\":\"ReadAction\",\"target\":[\"https:\/\/sandzakpress.net\/arhiva\/studentski-parlament-univerziteta-crne-gore-zakazao-je-danas-%e2%80%9cveliki-studentsko-%e2%80%93-radnicki-protest%e2%80%9d-za-15-decembar\/\"]}]},{\"@type\":\"ImageObject\",\"inLanguage\":\"bs-BA\",\"@id\":\"https:\/\/sandzakpress.net\/arhiva\/studentski-parlament-univerziteta-crne-gore-zakazao-je-danas-%e2%80%9cveliki-studentsko-%e2%80%93-radnicki-protest%e2%80%9d-za-15-decembar\/#primaryimage\",\"url\":\"https:\/\/sandzakpress.net\/arhiva\/wp-content\/uploads\/2011\/12\/Protest-studenata-1711-20111-300x199.jpg\",\"contentUrl\":\"https:\/\/sandzakpress.net\/arhiva\/wp-content\/uploads\/2011\/12\/Protest-studenata-1711-20111-300x199.jpg\",\"width\":300,\"height\":199},{\"@type\":\"BreadcrumbList\",\"@id\":\"https:\/\/sandzakpress.net\/arhiva\/studentski-parlament-univerziteta-crne-gore-zakazao-je-danas-%e2%80%9cveliki-studentsko-%e2%80%93-radnicki-protest%e2%80%9d-za-15-decembar\/#breadcrumb\",\"itemListElement\":[{\"@type\":\"ListItem\",\"position\":1,\"name\":\"Home\",\"item\":\"https:\/\/sandzakpress.net\/arhiva\/\"},{\"@type\":\"ListItem\",\"position\":2,\"name\":\"Studentski parlament Univerziteta Crne Gore zakazao je danas \u201cveliki studentsko \u2013 radni\u010dki protest\u201d za 15.decembar.\"}]},{\"@type\":\"WebSite\",\"@id\":\"https:\/\/sandzakpress.net\/arhiva\/#website\",\"url\":\"https:\/\/sandzakpress.net\/arhiva\/\",\"name\":\"Sand\u017eak PRESS\",\"description\":\"Prve elektronske novine u Sand\u017eaku\",\"publisher\":{\"@id\":\"https:\/\/sandzakpress.net\/arhiva\/#\/schema\/person\/6e72b67d6e51910a1117b3b483ba20bd\"},\"potentialAction\":[{\"@type\":\"SearchAction\",\"target\":{\"@type\":\"EntryPoint\",\"urlTemplate\":\"https:\/\/sandzakpress.net\/arhiva\/?s={search_term_string}\"},\"query-input\":{\"@type\":\"PropertyValueSpecification\",\"valueRequired\":true,\"valueName\":\"search_term_string\"}}],\"inLanguage\":\"bs-BA\"},{\"@type\":[\"Person\",\"Organization\"],\"@id\":\"https:\/\/sandzakpress.net\/arhiva\/#\/schema\/person\/6e72b67d6e51910a1117b3b483ba20bd\",\"name\":\"Kul\",\"image\":{\"@type\":\"ImageObject\",\"inLanguage\":\"bs-BA\",\"@id\":\"https:\/\/sandzakpress.net\/arhiva\/#\/schema\/person\/image\/\",\"url\":\"https:\/\/secure.gravatar.com\/avatar\/42263f39aa27ac04c43cab85c280eb2e?s=96&d=mm&r=pg\",\"contentUrl\":\"https:\/\/secure.gravatar.com\/avatar\/42263f39aa27ac04c43cab85c280eb2e?s=96&d=mm&r=pg\",\"caption\":\"Kul\"},\"logo\":{\"@id\":\"https:\/\/sandzakpress.net\/arhiva\/#\/schema\/person\/image\/\"}},{\"@type\":\"Person\",\"@id\":\"\",\"url\":\"https:\/\/sandzakpress.net\/arhiva\/author\/\"}]}<\/script>\n<!-- \/ Yoast SEO Premium plugin. -->","yoast_head_json":{"title":"Studentski parlament Univerziteta Crne Gore zakazao je danas \u201cveliki studentsko \u2013 radni\u010dki protest\u201d za 15.decembar.","robots":{"index":"index","follow":"follow","max-snippet":"max-snippet:-1","max-image-preview":"max-image-preview:large","max-video-preview":"max-video-preview:-1"},"canonical":"https:\/\/sandzakpress.net\/arhiva\/studentski-parlament-univerziteta-crne-gore-zakazao-je-danas-\u201cveliki-studentsko-\u2013-radnicki-protest\u201d-za-15-decembar\/","og_locale":"bs_BA","og_type":"article","og_title":"Studentski parlament Univerziteta Crne Gore zakazao je danas \u201cveliki studentsko \u2013 radni\u010dki protest\u201d za 15.decembar.","og_description":"Ju\u017eni Sand\u017eak &#8211; U saop\u0161tenju dostavljenom Pobjedi, povod za novi protest visoko\u0161kolaca je, kako se navodi,\u00a0 nezainteresovanosti dr\u017eave u rje\u0161avanju njihovih probema, kao i ukupno stanje u crnogorskom dru\u0161tvu. SP UCG saop\u0161tio je da je \u201estudentima, radnicima i slobodnim gra\u0111anima dosta praznih obe\u0107anja, prora\u010dunatih la\u017ei i podlih manipulacija od re\u017eima i pasivne opozicije\u201d. &#8211; Ohrabreni [&hellip;]","og_url":"https:\/\/sandzakpress.net\/arhiva\/studentski-parlament-univerziteta-crne-gore-zakazao-je-danas-\u201cveliki-studentsko-\u2013-radnicki-protest\u201d-za-15-decembar\/","og_site_name":"Sand\u017eak PRESS","article_published_time":"2011-12-06T08:38:21+00:00","og_image":[{"width":300,"height":199,"url":"https:\/\/sandzakpress.net\/arhiva\/wp-content\/uploads\/2011\/12\/Protest-studenata-1711-20111-300x199.jpg","type":"image\/jpeg"}],"twitter_card":"summary_large_image","twitter_misc":{"Written by":"","Est. reading time":"1 minuta"},"schema":{"@context":"https:\/\/schema.org","@graph":[{"@type":"Article","@id":"https:\/\/sandzakpress.net\/arhiva\/studentski-parlament-univerziteta-crne-gore-zakazao-je-danas-%e2%80%9cveliki-studentsko-%e2%80%93-radnicki-protest%e2%80%9d-za-15-decembar\/#article","isPartOf":{"@id":"https:\/\/sandzakpress.net\/arhiva\/studentski-parlament-univerziteta-crne-gore-zakazao-je-danas-%e2%80%9cveliki-studentsko-%e2%80%93-radnicki-protest%e2%80%9d-za-15-decembar\/"},"author":{"name":"","@id":""},"headline":"Studentski parlament Univerziteta Crne Gore zakazao je danas \u201cveliki studentsko \u2013 radni\u010dki protest\u201d za 15.decembar.","datePublished":"2011-12-06T08:38:21+00:00","mainEntityOfPage":{"@id":"https:\/\/sandzakpress.net\/arhiva\/studentski-parlament-univerziteta-crne-gore-zakazao-je-danas-%e2%80%9cveliki-studentsko-%e2%80%93-radnicki-protest%e2%80%9d-za-15-decembar\/"},"wordCount":176,"commentCount":0,"publisher":{"@id":"https:\/\/sandzakpress.net\/arhiva\/#\/schema\/person\/6e72b67d6e51910a1117b3b483ba20bd"},"image":{"@id":"https:\/\/sandzakpress.net\/arhiva\/studentski-parlament-univerziteta-crne-gore-zakazao-je-danas-%e2%80%9cveliki-studentsko-%e2%80%93-radnicki-protest%e2%80%9d-za-15-decembar\/#primaryimage"},"thumbnailUrl":"https:\/\/sandzakpress.net\/arhiva\/wp-content\/uploads\/2011\/12\/Protest-studenata-1711-20111-300x199.jpg","articleSection":["Ro\u017eaje","Berane","Bijelo Polje","Pljevlja","Obrazovanje","Plav"],"inLanguage":"bs-BA","potentialAction":[{"@type":"CommentAction","name":"Comment","target":["https:\/\/sandzakpress.net\/arhiva\/studentski-parlament-univerziteta-crne-gore-zakazao-je-danas-%e2%80%9cveliki-studentsko-%e2%80%93-radnicki-protest%e2%80%9d-za-15-decembar\/#respond"]}]},{"@type":"WebPage","@id":"https:\/\/sandzakpress.net\/arhiva\/studentski-parlament-univerziteta-crne-gore-zakazao-je-danas-%e2%80%9cveliki-studentsko-%e2%80%93-radnicki-protest%e2%80%9d-za-15-decembar\/","url":"https:\/\/sandzakpress.net\/arhiva\/studentski-parlament-univerziteta-crne-gore-zakazao-je-danas-%e2%80%9cveliki-studentsko-%e2%80%93-radnicki-protest%e2%80%9d-za-15-decembar\/","name":"Studentski parlament Univerziteta Crne Gore zakazao je danas \u201cveliki studentsko \u2013 radni\u010dki protest\u201d za 15.decembar.","isPartOf":{"@id":"https:\/\/sandzakpress.net\/arhiva\/#website"},"primaryImageOfPage":{"@id":"https:\/\/sandzakpress.net\/arhiva\/studentski-parlament-univerziteta-crne-gore-zakazao-je-danas-%e2%80%9cveliki-studentsko-%e2%80%93-radnicki-protest%e2%80%9d-za-15-decembar\/#primaryimage"},"image":{"@id":"https:\/\/sandzakpress.net\/arhiva\/studentski-parlament-univerziteta-crne-gore-zakazao-je-danas-%e2%80%9cveliki-studentsko-%e2%80%93-radnicki-protest%e2%80%9d-za-15-decembar\/#primaryimage"},"thumbnailUrl":"https:\/\/sandzakpress.net\/arhiva\/wp-content\/uploads\/2011\/12\/Protest-studenata-1711-20111-300x199.jpg","datePublished":"2011-12-06T08:38:21+00:00","breadcrumb":{"@id":"https:\/\/sandzakpress.net\/arhiva\/studentski-parlament-univerziteta-crne-gore-zakazao-je-danas-%e2%80%9cveliki-studentsko-%e2%80%93-radnicki-protest%e2%80%9d-za-15-decembar\/#breadcrumb"},"inLanguage":"bs-BA","potentialAction":[{"@type":"ReadAction","target":["https:\/\/sandzakpress.net\/arhiva\/studentski-parlament-univerziteta-crne-gore-zakazao-je-danas-%e2%80%9cveliki-studentsko-%e2%80%93-radnicki-protest%e2%80%9d-za-15-decembar\/"]}]},{"@type":"ImageObject","inLanguage":"bs-BA","@id":"https:\/\/sandzakpress.net\/arhiva\/studentski-parlament-univerziteta-crne-gore-zakazao-je-danas-%e2%80%9cveliki-studentsko-%e2%80%93-radnicki-protest%e2%80%9d-za-15-decembar\/#primaryimage","url":"https:\/\/sandzakpress.net\/arhiva\/wp-content\/uploads\/2011\/12\/Protest-studenata-1711-20111-300x199.jpg","contentUrl":"https:\/\/sandzakpress.net\/arhiva\/wp-content\/uploads\/2011\/12\/Protest-studenata-1711-20111-300x199.jpg","width":300,"height":199},{"@type":"BreadcrumbList","@id":"https:\/\/sandzakpress.net\/arhiva\/studentski-parlament-univerziteta-crne-gore-zakazao-je-danas-%e2%80%9cveliki-studentsko-%e2%80%93-radnicki-protest%e2%80%9d-za-15-decembar\/#breadcrumb","itemListElement":[{"@type":"ListItem","position":1,"name":"Home","item":"https:\/\/sandzakpress.net\/arhiva\/"},{"@type":"ListItem","position":2,"name":"Studentski parlament Univerziteta Crne Gore zakazao je danas \u201cveliki studentsko \u2013 radni\u010dki protest\u201d za 15.decembar."}]},{"@type":"WebSite","@id":"https:\/\/sandzakpress.net\/arhiva\/#website","url":"https:\/\/sandzakpress.net\/arhiva\/","name":"Sand\u017eak PRESS","description":"Prve elektronske novine u Sand\u017eaku","publisher":{"@id":"https:\/\/sandzakpress.net\/arhiva\/#\/schema\/person\/6e72b67d6e51910a1117b3b483ba20bd"},"potentialAction":[{"@type":"SearchAction","target":{"@type":"EntryPoint","urlTemplate":"https:\/\/sandzakpress.net\/arhiva\/?s={search_term_string}"},"query-input":{"@type":"PropertyValueSpecification","valueRequired":true,"valueName":"search_term_string"}}],"inLanguage":"bs-BA"},{"@type":["Person","Organization"],"@id":"https:\/\/sandzakpress.net\/arhiva\/#\/schema\/person\/6e72b67d6e51910a1117b3b483ba20bd","name":"Kul","image":{"@type":"ImageObject","inLanguage":"bs-BA","@id":"https:\/\/sandzakpress.net\/arhiva\/#\/schema\/person\/image\/","url":"https:\/\/secure.gravatar.com\/avatar\/42263f39aa27ac04c43cab85c280eb2e?s=96&d=mm&r=pg","contentUrl":"https:\/\/secure.gravatar.com\/avatar\/42263f39aa27ac04c43cab85c280eb2e?s=96&d=mm&r=pg","caption":"Kul"},"logo":{"@id":"https:\/\/sandzakpress.net\/arhiva\/#\/schema\/person\/image\/"}},{"@type":"Person","@id":"","url":"https:\/\/sandzakpress.net\/arhiva\/author\/"}]}},"_links":{"self":[{"href":"https:\/\/sandzakpress.net\/arhiva\/wp-json\/wp\/v2\/posts\/25657"}],"collection":[{"href":"https:\/\/sandzakpress.net\/arhiva\/wp-json\/wp\/v2\/posts"}],"about":[{"href":"https:\/\/sandzakpress.net\/arhiva\/wp-json\/wp\/v2\/types\/post"}],"author":[{"embeddable":true,"href":"https:\/\/sandzakpress.net\/arhiva\/wp-json\/wp\/v2\/users\/13"}],"replies":[{"embeddable":true,"href":"https:\/\/sandzakpress.net\/arhiva\/wp-json\/wp\/v2\/comments?post=25657"}],"version-history":[{"count":0,"href":"https:\/\/sandzakpress.net\/arhiva\/wp-json\/wp\/v2\/posts\/25657\/revisions"}],"wp:featuredmedia":[{"embeddable":true,"href":"https:\/\/sandzakpress.net\/arhiva\/wp-json\/wp\/v2\/media\/25658"}],"wp:attachment":[{"href":"https:\/\/sandzakpress.net\/arhiva\/wp-json\/wp\/v2\/media?parent=25657"}],"wp:term":[{"taxonomy":"category","embeddable":true,"href":"https:\/\/sandzakpress.net\/arhiva\/wp-json\/wp\/v2\/categories?post=25657"},{"taxonomy":"post_tag","embeddable":true,"href":"https:\/\/sandzakpress.net\/arhiva\/wp-json\/wp\/v2\/tags?post=25657"}],"curies":[{"name":"wp","href":"https:\/\/api.w.org\/{rel}","templated":true}]}}