{"id":25573,"date":"2011-12-04T18:57:22","date_gmt":"2011-12-04T17:57:22","guid":{"rendered":"https:\/\/sandzakpress.net\/arhiva\/?p=25573"},"modified":"2011-12-04T18:57:22","modified_gmt":"2011-12-04T17:57:22","slug":"petnjica-opcina-da-ili-ne","status":"publish","type":"post","link":"https:\/\/sandzakpress.net\/arhiva\/petnjica-opcina-da-ili-ne\/","title":{"rendered":"Petnjica op\u0107ina &#8211; da ili ne?"},"content":{"rendered":"<p><a href=\"https:\/\/sandzakpress.net\/arhiva\/wp-content\/uploads\/2011\/12\/308675_268109543212262_100000396559289_857586_2035994402_n.jpg\"><img loading=\"lazy\" decoding=\"async\" class=\"aligncenter size-full wp-image-25574\" title=\"308675_268109543212262_100000396559289_857586_2035994402_n\" src=\"https:\/\/sandzakpress.net\/arhiva\/wp-content\/uploads\/2011\/12\/308675_268109543212262_100000396559289_857586_2035994402_n.jpg\" alt=\"\" width=\"616\" height=\"324\" \/><\/a><\/p>\n<p><strong>Sand\u017eak &#8211; Ovih dana smo svjedoci jo\u0161 jedne prepri\u010dane bajke o vra\u0107anju otetog statusa op\u0107ine Petnjici.\u00a0 Proteklih godina, kako u ovom, tako i u pro\u0161lom vijeku, slu\u0161amo i gledamo predstavnike dr\u017eavne vlasti kako od Bihora tra\u017ee da ih samo \u201ejo\u0161 ovaj put\u201c podr\u017ei pa \u0107e, kona\u010dno, \u201eba\u0161 u ovom mandatu\u201c ispuniti obe\u0107anje.<\/strong><\/p>\n<p>Sabiraju\u0107i sva do sada data obe\u0107anja u vezi s vra\u0107anjem statusa op\u0107ine Petnjici, sakupljenom \u201epodr\u0161kom\u201c od sva tri vladaju\u0107a politi\u010dka subjekta, dolazi se do zaklju\u010dka da \u0107e na ovom zasjedanju dr\u017eavnog Parlamenta \u201eglatko\u201c biti usvojen Zakon o teritorijalnoj podjeli CG sa ponu\u0111enim amandmanima i op\u0107ini Petnjici, kona\u010dno, nakon 54 godine traju\u0107e nepravde, vra\u0107anjem statusa op\u0107ine\u00a0 biti udovoljeno. No, ipak, kona\u010dno moramo prestati da sanjamo, jer od vra\u0107anja statusa op\u0107ine, o\u010digledno je, ne\u0107e biti ni\u0161ta.<\/p>\n<p>Dr\u017eavna vlast a\u017eurno radi na tome da kriteriji budu skoro nesavladivi, \u010dak stro\u017eiji i od kriterija koji se Crnoj Gori propisuju za pristupanje u EU. Pojedini zvani\u010dnici vlasti govore kako ne valja da se stvaraju jednonacionalne op\u0107ine, zanemaruju\u0107i historijsku \u010dinjenicu da je bo\u0161nja\u010dki narod, pored ostalog, i teritorijom utkan u ovu dr\u017eavu. Nije bilo tako davno kada istima nije smetalo jednonacionalno etni\u010dko \u010di\u0161\u0107enje, kada su Bo\u0161njaci, pred dr\u017eavnim terorom, masovno napu\u0161tali svoja vjekovna ognji\u0161ta.<\/p>\n<p>Podsje\u0107amo da oni koji brigom za ekonomski opstanak op\u0107ine Petnjica, kao glavnim argumentom oponiranja ovom legitimnom zahtjevu, zaboravljaju na \u010dinjenicu kako su Petnji\u010dani, nakon gubitka op\u0107ine, bili prinu\u0111eni da \u201etrbuhom za kruhom\u201c peku zanat opstanka. U nevolji smo se na\u0161li rasuti po Evropi u\u010de\u0107i zanate, biznis i ovladavaju\u0107i \u201estandarde\u201c koje Crna Gora tek sada u\u010di.<\/p>\n<p>Bihorci su iz tog razloga u stanju ekonomski odr\u017eati op\u0107inu i svoj Bihor u\u010diniti prosperitetnim za povratak njegovih raseljenih stanovnika. Briga za ekonomskim opstankom Petnjice kao samostalne op\u0107ine otkriva politi\u010dko licemjerstvo i namjeru da se narodu ovog kraja \u201eomogu\u0107i\u201c da se i dalje raseljava i na taj na\u010din izmijeni etni\u010dka slika ovog kraja. Sveop\u0107a diskriminacija Bo\u0161njaka u ovom kraju, izra\u017eena kroz \u0161kolski, obrazovni sistem, politiku zapo\u0161ljavanja, politiku investiranja i razvoja ovog podru\u010dja, jasno pokazuju da \u201ebriga\u201c da bihorski Bo\u0161njaci ne mogu odr\u017eati op\u0107inu samostalno, samo otkriva namjeru nastavljanja devedesetih godina zapo\u010detog procesa promjene etni\u010dke strukture stanovni\u0161tva na ovom podru\u010dju.<\/p>\n<p>Zato, vladaju\u0107a gospodo, mislimo da je vakat da uva\u017eite nas Bihorce, da kona\u010dno shvatite da je \u201eistekao zakup\u201c obe\u0107anjima da se Petnjici vrati oduzeta teritorija, da kona\u010dno uradite ne\u0161to konkretno i date taj dugo o\u010dekuju\u0107i evropski signal za ovaj narod, kako obe\u0107anja tipa \u201ejo\u0161 samo ovaj put\u201c ne bi postala paradigma za dobro smi\u0161ljenu politi\u010dku prevaru cijelog jednog naroda.<\/p>\n<p>Autor: <strong>Almir Muratovi\u0107<\/strong><\/p>\n","protected":false},"excerpt":{"rendered":"<p>Sand\u017eak &#8211; Ovih dana smo svjedoci jo\u0161 jedne prepri\u010dane bajke o vra\u0107anju otetog statusa op\u0107ine Petnjici.\u00a0 Proteklih godina, kako u ovom, tako i u pro\u0161lom vijeku, slu\u0161amo i gledamo predstavnike dr\u017eavne vlasti kako od Bihora tra\u017ee da ih samo \u201ejo\u0161 ovaj put\u201c podr\u017ei pa \u0107e, kona\u010dno, \u201eba\u0161 u ovom mandatu\u201c ispuniti obe\u0107anje. Sabiraju\u0107i sva do [&hellip;]<\/p>\n","protected":false},"author":83,"featured_media":25574,"comment_status":"open","ping_status":"open","sticky":false,"template":"","format":"standard","meta":{"footnotes":""},"categories":[397],"tags":[],"class_list":{"0":"post-25573","1":"post","2":"type-post","3":"status-publish","4":"format-standard","5":"has-post-thumbnail","7":"category-berane"},"yoast_head":"<!-- This site is optimized with the Yoast SEO Premium plugin v23.1 (Yoast SEO v24.9) - https:\/\/yoast.com\/wordpress\/plugins\/seo\/ -->\n<title>Petnjica op\u0107ina - da ili ne?<\/title>\n<meta name=\"robots\" content=\"index, follow, max-snippet:-1, max-image-preview:large, max-video-preview:-1\" \/>\n<link rel=\"canonical\" href=\"https:\/\/sandzakpress.net\/arhiva\/petnjica-opcina-da-ili-ne\/\" \/>\n<meta property=\"og:locale\" content=\"bs_BA\" \/>\n<meta property=\"og:type\" content=\"article\" \/>\n<meta property=\"og:title\" content=\"Petnjica op\u0107ina - da ili ne?\" \/>\n<meta property=\"og:description\" content=\"Sand\u017eak &#8211; Ovih dana smo svjedoci jo\u0161 jedne prepri\u010dane bajke o vra\u0107anju otetog statusa op\u0107ine Petnjici.\u00a0 Proteklih godina, kako u ovom, tako i u pro\u0161lom vijeku, slu\u0161amo i gledamo predstavnike dr\u017eavne vlasti kako od Bihora tra\u017ee da ih samo \u201ejo\u0161 ovaj put\u201c podr\u017ei pa \u0107e, kona\u010dno, \u201eba\u0161 u ovom mandatu\u201c ispuniti obe\u0107anje. Sabiraju\u0107i sva do [&hellip;]\" \/>\n<meta property=\"og:url\" content=\"https:\/\/sandzakpress.net\/arhiva\/petnjica-opcina-da-ili-ne\/\" \/>\n<meta property=\"og:site_name\" content=\"Sand\u017eak PRESS\" \/>\n<meta property=\"article:published_time\" content=\"2011-12-04T17:57:22+00:00\" \/>\n<meta property=\"og:image\" content=\"https:\/\/sandzakpress.net\/arhiva\/wp-content\/uploads\/2011\/12\/308675_268109543212262_100000396559289_857586_2035994402_n.jpg\" \/>\n\t<meta property=\"og:image:width\" content=\"616\" \/>\n\t<meta property=\"og:image:height\" content=\"324\" \/>\n\t<meta property=\"og:image:type\" content=\"image\/jpeg\" \/>\n<meta name=\"author\" content=\"bosniak\" \/>\n<meta name=\"twitter:card\" content=\"summary_large_image\" \/>\n<meta name=\"twitter:label1\" content=\"Written by\" \/>\n\t<meta name=\"twitter:data1\" content=\"bosniak\" \/>\n\t<meta name=\"twitter:label2\" content=\"Est. reading time\" \/>\n\t<meta name=\"twitter:data2\" content=\"3 minute\" \/>\n<script type=\"application\/ld+json\" class=\"yoast-schema-graph\">{\"@context\":\"https:\/\/schema.org\",\"@graph\":[{\"@type\":\"Article\",\"@id\":\"https:\/\/sandzakpress.net\/arhiva\/petnjica-opcina-da-ili-ne\/#article\",\"isPartOf\":{\"@id\":\"https:\/\/sandzakpress.net\/arhiva\/petnjica-opcina-da-ili-ne\/\"},\"author\":{\"name\":\"bosniak\",\"@id\":\"https:\/\/sandzakpress.net\/arhiva\/#\/schema\/person\/c8baee722073534b583ea7bdb2e36c02\"},\"headline\":\"Petnjica op\u0107ina &#8211; da ili ne?\",\"datePublished\":\"2011-12-04T17:57:22+00:00\",\"mainEntityOfPage\":{\"@id\":\"https:\/\/sandzakpress.net\/arhiva\/petnjica-opcina-da-ili-ne\/\"},\"wordCount\":510,\"commentCount\":8,\"publisher\":{\"@id\":\"https:\/\/sandzakpress.net\/arhiva\/#\/schema\/person\/6e72b67d6e51910a1117b3b483ba20bd\"},\"image\":{\"@id\":\"https:\/\/sandzakpress.net\/arhiva\/petnjica-opcina-da-ili-ne\/#primaryimage\"},\"thumbnailUrl\":\"https:\/\/sandzakpress.net\/arhiva\/wp-content\/uploads\/2011\/12\/308675_268109543212262_100000396559289_857586_2035994402_n.jpg\",\"articleSection\":[\"Berane\"],\"inLanguage\":\"bs-BA\",\"potentialAction\":[{\"@type\":\"CommentAction\",\"name\":\"Comment\",\"target\":[\"https:\/\/sandzakpress.net\/arhiva\/petnjica-opcina-da-ili-ne\/#respond\"]}]},{\"@type\":\"WebPage\",\"@id\":\"https:\/\/sandzakpress.net\/arhiva\/petnjica-opcina-da-ili-ne\/\",\"url\":\"https:\/\/sandzakpress.net\/arhiva\/petnjica-opcina-da-ili-ne\/\",\"name\":\"Petnjica op\u0107ina - da ili ne?\",\"isPartOf\":{\"@id\":\"https:\/\/sandzakpress.net\/arhiva\/#website\"},\"primaryImageOfPage\":{\"@id\":\"https:\/\/sandzakpress.net\/arhiva\/petnjica-opcina-da-ili-ne\/#primaryimage\"},\"image\":{\"@id\":\"https:\/\/sandzakpress.net\/arhiva\/petnjica-opcina-da-ili-ne\/#primaryimage\"},\"thumbnailUrl\":\"https:\/\/sandzakpress.net\/arhiva\/wp-content\/uploads\/2011\/12\/308675_268109543212262_100000396559289_857586_2035994402_n.jpg\",\"datePublished\":\"2011-12-04T17:57:22+00:00\",\"breadcrumb\":{\"@id\":\"https:\/\/sandzakpress.net\/arhiva\/petnjica-opcina-da-ili-ne\/#breadcrumb\"},\"inLanguage\":\"bs-BA\",\"potentialAction\":[{\"@type\":\"ReadAction\",\"target\":[\"https:\/\/sandzakpress.net\/arhiva\/petnjica-opcina-da-ili-ne\/\"]}]},{\"@type\":\"ImageObject\",\"inLanguage\":\"bs-BA\",\"@id\":\"https:\/\/sandzakpress.net\/arhiva\/petnjica-opcina-da-ili-ne\/#primaryimage\",\"url\":\"https:\/\/sandzakpress.net\/arhiva\/wp-content\/uploads\/2011\/12\/308675_268109543212262_100000396559289_857586_2035994402_n.jpg\",\"contentUrl\":\"https:\/\/sandzakpress.net\/arhiva\/wp-content\/uploads\/2011\/12\/308675_268109543212262_100000396559289_857586_2035994402_n.jpg\",\"width\":616,\"height\":324},{\"@type\":\"BreadcrumbList\",\"@id\":\"https:\/\/sandzakpress.net\/arhiva\/petnjica-opcina-da-ili-ne\/#breadcrumb\",\"itemListElement\":[{\"@type\":\"ListItem\",\"position\":1,\"name\":\"Home\",\"item\":\"https:\/\/sandzakpress.net\/arhiva\/\"},{\"@type\":\"ListItem\",\"position\":2,\"name\":\"Petnjica op\u0107ina &#8211; da ili ne?\"}]},{\"@type\":\"WebSite\",\"@id\":\"https:\/\/sandzakpress.net\/arhiva\/#website\",\"url\":\"https:\/\/sandzakpress.net\/arhiva\/\",\"name\":\"Sand\u017eak PRESS\",\"description\":\"Prve elektronske novine u Sand\u017eaku\",\"publisher\":{\"@id\":\"https:\/\/sandzakpress.net\/arhiva\/#\/schema\/person\/6e72b67d6e51910a1117b3b483ba20bd\"},\"potentialAction\":[{\"@type\":\"SearchAction\",\"target\":{\"@type\":\"EntryPoint\",\"urlTemplate\":\"https:\/\/sandzakpress.net\/arhiva\/?s={search_term_string}\"},\"query-input\":{\"@type\":\"PropertyValueSpecification\",\"valueRequired\":true,\"valueName\":\"search_term_string\"}}],\"inLanguage\":\"bs-BA\"},{\"@type\":[\"Person\",\"Organization\"],\"@id\":\"https:\/\/sandzakpress.net\/arhiva\/#\/schema\/person\/6e72b67d6e51910a1117b3b483ba20bd\",\"name\":\"Kul\",\"image\":{\"@type\":\"ImageObject\",\"inLanguage\":\"bs-BA\",\"@id\":\"https:\/\/sandzakpress.net\/arhiva\/#\/schema\/person\/image\/\",\"url\":\"https:\/\/secure.gravatar.com\/avatar\/42263f39aa27ac04c43cab85c280eb2e?s=96&d=mm&r=pg\",\"contentUrl\":\"https:\/\/secure.gravatar.com\/avatar\/42263f39aa27ac04c43cab85c280eb2e?s=96&d=mm&r=pg\",\"caption\":\"Kul\"},\"logo\":{\"@id\":\"https:\/\/sandzakpress.net\/arhiva\/#\/schema\/person\/image\/\"}},{\"@type\":\"Person\",\"@id\":\"https:\/\/sandzakpress.net\/arhiva\/#\/schema\/person\/c8baee722073534b583ea7bdb2e36c02\",\"name\":\"bosniak\",\"image\":{\"@type\":\"ImageObject\",\"inLanguage\":\"bs-BA\",\"@id\":\"https:\/\/sandzakpress.net\/arhiva\/#\/schema\/person\/image\/\",\"url\":\"https:\/\/secure.gravatar.com\/avatar\/a04fd330bfe3a36a72a0ad4a6d89fca7?s=96&d=mm&r=pg\",\"contentUrl\":\"https:\/\/secure.gravatar.com\/avatar\/a04fd330bfe3a36a72a0ad4a6d89fca7?s=96&d=mm&r=pg\",\"caption\":\"bosniak\"},\"url\":\"https:\/\/sandzakpress.net\/arhiva\/author\/bosniak\/\"}]}<\/script>\n<!-- \/ Yoast SEO Premium plugin. -->","yoast_head_json":{"title":"Petnjica op\u0107ina - da ili ne?","robots":{"index":"index","follow":"follow","max-snippet":"max-snippet:-1","max-image-preview":"max-image-preview:large","max-video-preview":"max-video-preview:-1"},"canonical":"https:\/\/sandzakpress.net\/arhiva\/petnjica-opcina-da-ili-ne\/","og_locale":"bs_BA","og_type":"article","og_title":"Petnjica op\u0107ina - da ili ne?","og_description":"Sand\u017eak &#8211; Ovih dana smo svjedoci jo\u0161 jedne prepri\u010dane bajke o vra\u0107anju otetog statusa op\u0107ine Petnjici.\u00a0 Proteklih godina, kako u ovom, tako i u pro\u0161lom vijeku, slu\u0161amo i gledamo predstavnike dr\u017eavne vlasti kako od Bihora tra\u017ee da ih samo \u201ejo\u0161 ovaj put\u201c podr\u017ei pa \u0107e, kona\u010dno, \u201eba\u0161 u ovom mandatu\u201c ispuniti obe\u0107anje. Sabiraju\u0107i sva do [&hellip;]","og_url":"https:\/\/sandzakpress.net\/arhiva\/petnjica-opcina-da-ili-ne\/","og_site_name":"Sand\u017eak PRESS","article_published_time":"2011-12-04T17:57:22+00:00","og_image":[{"width":616,"height":324,"url":"https:\/\/sandzakpress.net\/arhiva\/wp-content\/uploads\/2011\/12\/308675_268109543212262_100000396559289_857586_2035994402_n.jpg","type":"image\/jpeg"}],"author":"bosniak","twitter_card":"summary_large_image","twitter_misc":{"Written by":"bosniak","Est. reading time":"3 minute"},"schema":{"@context":"https:\/\/schema.org","@graph":[{"@type":"Article","@id":"https:\/\/sandzakpress.net\/arhiva\/petnjica-opcina-da-ili-ne\/#article","isPartOf":{"@id":"https:\/\/sandzakpress.net\/arhiva\/petnjica-opcina-da-ili-ne\/"},"author":{"name":"bosniak","@id":"https:\/\/sandzakpress.net\/arhiva\/#\/schema\/person\/c8baee722073534b583ea7bdb2e36c02"},"headline":"Petnjica op\u0107ina &#8211; da ili ne?","datePublished":"2011-12-04T17:57:22+00:00","mainEntityOfPage":{"@id":"https:\/\/sandzakpress.net\/arhiva\/petnjica-opcina-da-ili-ne\/"},"wordCount":510,"commentCount":8,"publisher":{"@id":"https:\/\/sandzakpress.net\/arhiva\/#\/schema\/person\/6e72b67d6e51910a1117b3b483ba20bd"},"image":{"@id":"https:\/\/sandzakpress.net\/arhiva\/petnjica-opcina-da-ili-ne\/#primaryimage"},"thumbnailUrl":"https:\/\/sandzakpress.net\/arhiva\/wp-content\/uploads\/2011\/12\/308675_268109543212262_100000396559289_857586_2035994402_n.jpg","articleSection":["Berane"],"inLanguage":"bs-BA","potentialAction":[{"@type":"CommentAction","name":"Comment","target":["https:\/\/sandzakpress.net\/arhiva\/petnjica-opcina-da-ili-ne\/#respond"]}]},{"@type":"WebPage","@id":"https:\/\/sandzakpress.net\/arhiva\/petnjica-opcina-da-ili-ne\/","url":"https:\/\/sandzakpress.net\/arhiva\/petnjica-opcina-da-ili-ne\/","name":"Petnjica op\u0107ina - da ili ne?","isPartOf":{"@id":"https:\/\/sandzakpress.net\/arhiva\/#website"},"primaryImageOfPage":{"@id":"https:\/\/sandzakpress.net\/arhiva\/petnjica-opcina-da-ili-ne\/#primaryimage"},"image":{"@id":"https:\/\/sandzakpress.net\/arhiva\/petnjica-opcina-da-ili-ne\/#primaryimage"},"thumbnailUrl":"https:\/\/sandzakpress.net\/arhiva\/wp-content\/uploads\/2011\/12\/308675_268109543212262_100000396559289_857586_2035994402_n.jpg","datePublished":"2011-12-04T17:57:22+00:00","breadcrumb":{"@id":"https:\/\/sandzakpress.net\/arhiva\/petnjica-opcina-da-ili-ne\/#breadcrumb"},"inLanguage":"bs-BA","potentialAction":[{"@type":"ReadAction","target":["https:\/\/sandzakpress.net\/arhiva\/petnjica-opcina-da-ili-ne\/"]}]},{"@type":"ImageObject","inLanguage":"bs-BA","@id":"https:\/\/sandzakpress.net\/arhiva\/petnjica-opcina-da-ili-ne\/#primaryimage","url":"https:\/\/sandzakpress.net\/arhiva\/wp-content\/uploads\/2011\/12\/308675_268109543212262_100000396559289_857586_2035994402_n.jpg","contentUrl":"https:\/\/sandzakpress.net\/arhiva\/wp-content\/uploads\/2011\/12\/308675_268109543212262_100000396559289_857586_2035994402_n.jpg","width":616,"height":324},{"@type":"BreadcrumbList","@id":"https:\/\/sandzakpress.net\/arhiva\/petnjica-opcina-da-ili-ne\/#breadcrumb","itemListElement":[{"@type":"ListItem","position":1,"name":"Home","item":"https:\/\/sandzakpress.net\/arhiva\/"},{"@type":"ListItem","position":2,"name":"Petnjica op\u0107ina &#8211; da ili ne?"}]},{"@type":"WebSite","@id":"https:\/\/sandzakpress.net\/arhiva\/#website","url":"https:\/\/sandzakpress.net\/arhiva\/","name":"Sand\u017eak PRESS","description":"Prve elektronske novine u Sand\u017eaku","publisher":{"@id":"https:\/\/sandzakpress.net\/arhiva\/#\/schema\/person\/6e72b67d6e51910a1117b3b483ba20bd"},"potentialAction":[{"@type":"SearchAction","target":{"@type":"EntryPoint","urlTemplate":"https:\/\/sandzakpress.net\/arhiva\/?s={search_term_string}"},"query-input":{"@type":"PropertyValueSpecification","valueRequired":true,"valueName":"search_term_string"}}],"inLanguage":"bs-BA"},{"@type":["Person","Organization"],"@id":"https:\/\/sandzakpress.net\/arhiva\/#\/schema\/person\/6e72b67d6e51910a1117b3b483ba20bd","name":"Kul","image":{"@type":"ImageObject","inLanguage":"bs-BA","@id":"https:\/\/sandzakpress.net\/arhiva\/#\/schema\/person\/image\/","url":"https:\/\/secure.gravatar.com\/avatar\/42263f39aa27ac04c43cab85c280eb2e?s=96&d=mm&r=pg","contentUrl":"https:\/\/secure.gravatar.com\/avatar\/42263f39aa27ac04c43cab85c280eb2e?s=96&d=mm&r=pg","caption":"Kul"},"logo":{"@id":"https:\/\/sandzakpress.net\/arhiva\/#\/schema\/person\/image\/"}},{"@type":"Person","@id":"https:\/\/sandzakpress.net\/arhiva\/#\/schema\/person\/c8baee722073534b583ea7bdb2e36c02","name":"bosniak","image":{"@type":"ImageObject","inLanguage":"bs-BA","@id":"https:\/\/sandzakpress.net\/arhiva\/#\/schema\/person\/image\/","url":"https:\/\/secure.gravatar.com\/avatar\/a04fd330bfe3a36a72a0ad4a6d89fca7?s=96&d=mm&r=pg","contentUrl":"https:\/\/secure.gravatar.com\/avatar\/a04fd330bfe3a36a72a0ad4a6d89fca7?s=96&d=mm&r=pg","caption":"bosniak"},"url":"https:\/\/sandzakpress.net\/arhiva\/author\/bosniak\/"}]}},"_links":{"self":[{"href":"https:\/\/sandzakpress.net\/arhiva\/wp-json\/wp\/v2\/posts\/25573"}],"collection":[{"href":"https:\/\/sandzakpress.net\/arhiva\/wp-json\/wp\/v2\/posts"}],"about":[{"href":"https:\/\/sandzakpress.net\/arhiva\/wp-json\/wp\/v2\/types\/post"}],"author":[{"embeddable":true,"href":"https:\/\/sandzakpress.net\/arhiva\/wp-json\/wp\/v2\/users\/83"}],"replies":[{"embeddable":true,"href":"https:\/\/sandzakpress.net\/arhiva\/wp-json\/wp\/v2\/comments?post=25573"}],"version-history":[{"count":0,"href":"https:\/\/sandzakpress.net\/arhiva\/wp-json\/wp\/v2\/posts\/25573\/revisions"}],"wp:featuredmedia":[{"embeddable":true,"href":"https:\/\/sandzakpress.net\/arhiva\/wp-json\/wp\/v2\/media\/25574"}],"wp:attachment":[{"href":"https:\/\/sandzakpress.net\/arhiva\/wp-json\/wp\/v2\/media?parent=25573"}],"wp:term":[{"taxonomy":"category","embeddable":true,"href":"https:\/\/sandzakpress.net\/arhiva\/wp-json\/wp\/v2\/categories?post=25573"},{"taxonomy":"post_tag","embeddable":true,"href":"https:\/\/sandzakpress.net\/arhiva\/wp-json\/wp\/v2\/tags?post=25573"}],"curies":[{"name":"wp","href":"https:\/\/api.w.org\/{rel}","templated":true}]}}