{"id":2542,"date":"2010-03-09T20:56:19","date_gmt":"2010-03-09T19:56:19","guid":{"rendered":"https:\/\/sandzakpress.net\/arhiva\/?p=2542"},"modified":"2010-03-09T20:56:19","modified_gmt":"2010-03-09T19:56:19","slug":"napad-na-dzamiju-tekija-u-bosanskoj-gradisci","status":"publish","type":"post","link":"https:\/\/sandzakpress.net\/arhiva\/napad-na-dzamiju-tekija-u-bosanskoj-gradisci\/","title":{"rendered":"Napad na d\u017eamiju Tekija u Bosanskoj Gradi\u0161ci"},"content":{"rendered":"<p><strong><a href=\"https:\/\/sandzakpress.net\/arhiva\/wp-content\/uploads\/2010\/03\/dzamija-tekija.jpg\"><img loading=\"lazy\" decoding=\"async\" class=\"alignleft size-medium wp-image-2543\" title=\"dzamija tekija\" src=\"https:\/\/sandzakpress.net\/arhiva\/wp-content\/uploads\/2010\/03\/dzamija-tekija-300x168.jpg\" alt=\"\" width=\"300\" height=\"168\" \/><\/a>BiH &#8211; U protekloj no\u0107i\u00a0 nepoznati po\u010dinioc razbio je prozor na d\u017eamiji Tekija u Bosanskoj Gradi\u0161ci i o\u0161tetio fasadu na samoj d\u017eamiji.<\/strong><\/p>\n<p>Nakon dojave mjesnog imama, Feriz-ef. Maki\u0107a slu\u017ebenici policije izvr\u0161ili su uvi\u0111aj i slu\u010daj dali u dalju proceduru. Prema informacijama CJB Gradi\u0161ka istraga je u toku.<\/p>\n<p>Ovim ne\u010dasnim \u010dinom muslimani Bosanske Gradi\u0161ke, posebno naselja Tekija su uznemireni i du\u0161evno povrije\u0111eni. Napominjemo da je ovo tre\u0107i napad na ovu d\u017eamiju od kako je pu\u0161tena u funkciju.<\/p>\n<p>Pored ovoga i ostali vjerski objekti su \u010desto meta napada pogotovo d\u017eamija u Rovinama, gdje skoro pa redovno imamo provokacije i vrije\u0111anje imama te uriniranje na kapiji pomenute d\u017eamije.<\/p>\n<p>Izvor: <strong>MIZBosanskaGradiska.com, Rijaset.ba<\/strong><\/p>\n","protected":false},"excerpt":{"rendered":"<p>BiH &#8211; U protekloj no\u0107i\u00a0 nepoznati po\u010dinioc razbio je prozor na d\u017eamiji Tekija u Bosanskoj Gradi\u0161ci i o\u0161tetio fasadu na samoj d\u017eamiji. Nakon dojave mjesnog imama, Feriz-ef. Maki\u0107a slu\u017ebenici policije izvr\u0161ili su uvi\u0111aj i slu\u010daj dali u dalju proceduru. Prema informacijama CJB Gradi\u0161ka istraga je u toku. Ovim ne\u010dasnim \u010dinom muslimani Bosanske Gradi\u0161ke, posebno naselja [&hellip;]<\/p>\n","protected":false},"author":83,"featured_media":2543,"comment_status":"open","ping_status":"open","sticky":false,"template":"","format":"standard","meta":{"footnotes":""},"categories":[16],"tags":[],"class_list":{"0":"post-2542","1":"post","2":"type-post","3":"status-publish","4":"format-standard","5":"has-post-thumbnail","7":"category-novine"},"yoast_head":"<!-- This site is optimized with the Yoast SEO Premium plugin v23.1 (Yoast SEO v24.9) - https:\/\/yoast.com\/wordpress\/plugins\/seo\/ -->\n<title>Napad na d\u017eamiju Tekija u Bosanskoj Gradi\u0161ci<\/title>\n<meta name=\"robots\" content=\"index, follow, max-snippet:-1, max-image-preview:large, max-video-preview:-1\" \/>\n<link rel=\"canonical\" href=\"https:\/\/sandzakpress.net\/arhiva\/napad-na-dzamiju-tekija-u-bosanskoj-gradisci\/\" \/>\n<meta property=\"og:locale\" content=\"bs_BA\" \/>\n<meta property=\"og:type\" content=\"article\" \/>\n<meta property=\"og:title\" content=\"Napad na d\u017eamiju Tekija u Bosanskoj Gradi\u0161ci\" \/>\n<meta property=\"og:description\" content=\"BiH &#8211; U protekloj no\u0107i\u00a0 nepoznati po\u010dinioc razbio je prozor na d\u017eamiji Tekija u Bosanskoj Gradi\u0161ci i o\u0161tetio fasadu na samoj d\u017eamiji. Nakon dojave mjesnog imama, Feriz-ef. Maki\u0107a slu\u017ebenici policije izvr\u0161ili su uvi\u0111aj i slu\u010daj dali u dalju proceduru. Prema informacijama CJB Gradi\u0161ka istraga je u toku. Ovim ne\u010dasnim \u010dinom muslimani Bosanske Gradi\u0161ke, posebno naselja [&hellip;]\" \/>\n<meta property=\"og:url\" content=\"https:\/\/sandzakpress.net\/arhiva\/napad-na-dzamiju-tekija-u-bosanskoj-gradisci\/\" \/>\n<meta property=\"og:site_name\" content=\"Sand\u017eak PRESS\" \/>\n<meta property=\"article:published_time\" content=\"2010-03-09T19:56:19+00:00\" \/>\n<meta property=\"og:image\" content=\"https:\/\/sandzakpress.net\/arhiva\/wp-content\/uploads\/2010\/03\/dzamija-tekija.jpg\" \/>\n\t<meta property=\"og:image:width\" content=\"450\" \/>\n\t<meta property=\"og:image:height\" content=\"253\" \/>\n\t<meta property=\"og:image:type\" content=\"image\/jpeg\" \/>\n<meta name=\"author\" content=\"bosniak\" \/>\n<meta name=\"twitter:card\" content=\"summary_large_image\" \/>\n<meta name=\"twitter:label1\" content=\"Written by\" \/>\n\t<meta name=\"twitter:data1\" content=\"bosniak\" \/>\n\t<meta name=\"twitter:label2\" content=\"Est. reading time\" \/>\n\t<meta name=\"twitter:data2\" content=\"1 minuta\" \/>\n<script type=\"application\/ld+json\" class=\"yoast-schema-graph\">{\"@context\":\"https:\/\/schema.org\",\"@graph\":[{\"@type\":\"Article\",\"@id\":\"https:\/\/sandzakpress.net\/arhiva\/napad-na-dzamiju-tekija-u-bosanskoj-gradisci\/#article\",\"isPartOf\":{\"@id\":\"https:\/\/sandzakpress.net\/arhiva\/napad-na-dzamiju-tekija-u-bosanskoj-gradisci\/\"},\"author\":{\"name\":\"bosniak\",\"@id\":\"https:\/\/sandzakpress.net\/arhiva\/#\/schema\/person\/c8baee722073534b583ea7bdb2e36c02\"},\"headline\":\"Napad na d\u017eamiju Tekija u Bosanskoj Gradi\u0161ci\",\"datePublished\":\"2010-03-09T19:56:19+00:00\",\"mainEntityOfPage\":{\"@id\":\"https:\/\/sandzakpress.net\/arhiva\/napad-na-dzamiju-tekija-u-bosanskoj-gradisci\/\"},\"wordCount\":141,\"commentCount\":1,\"publisher\":{\"@id\":\"https:\/\/sandzakpress.net\/arhiva\/#\/schema\/person\/6e72b67d6e51910a1117b3b483ba20bd\"},\"image\":{\"@id\":\"https:\/\/sandzakpress.net\/arhiva\/napad-na-dzamiju-tekija-u-bosanskoj-gradisci\/#primaryimage\"},\"thumbnailUrl\":\"https:\/\/sandzakpress.net\/arhiva\/wp-content\/uploads\/2010\/03\/dzamija-tekija.jpg\",\"articleSection\":[\"Novine\"],\"inLanguage\":\"bs-BA\",\"potentialAction\":[{\"@type\":\"CommentAction\",\"name\":\"Comment\",\"target\":[\"https:\/\/sandzakpress.net\/arhiva\/napad-na-dzamiju-tekija-u-bosanskoj-gradisci\/#respond\"]}]},{\"@type\":\"WebPage\",\"@id\":\"https:\/\/sandzakpress.net\/arhiva\/napad-na-dzamiju-tekija-u-bosanskoj-gradisci\/\",\"url\":\"https:\/\/sandzakpress.net\/arhiva\/napad-na-dzamiju-tekija-u-bosanskoj-gradisci\/\",\"name\":\"Napad na d\u017eamiju Tekija u Bosanskoj Gradi\u0161ci\",\"isPartOf\":{\"@id\":\"https:\/\/sandzakpress.net\/arhiva\/#website\"},\"primaryImageOfPage\":{\"@id\":\"https:\/\/sandzakpress.net\/arhiva\/napad-na-dzamiju-tekija-u-bosanskoj-gradisci\/#primaryimage\"},\"image\":{\"@id\":\"https:\/\/sandzakpress.net\/arhiva\/napad-na-dzamiju-tekija-u-bosanskoj-gradisci\/#primaryimage\"},\"thumbnailUrl\":\"https:\/\/sandzakpress.net\/arhiva\/wp-content\/uploads\/2010\/03\/dzamija-tekija.jpg\",\"datePublished\":\"2010-03-09T19:56:19+00:00\",\"breadcrumb\":{\"@id\":\"https:\/\/sandzakpress.net\/arhiva\/napad-na-dzamiju-tekija-u-bosanskoj-gradisci\/#breadcrumb\"},\"inLanguage\":\"bs-BA\",\"potentialAction\":[{\"@type\":\"ReadAction\",\"target\":[\"https:\/\/sandzakpress.net\/arhiva\/napad-na-dzamiju-tekija-u-bosanskoj-gradisci\/\"]}]},{\"@type\":\"ImageObject\",\"inLanguage\":\"bs-BA\",\"@id\":\"https:\/\/sandzakpress.net\/arhiva\/napad-na-dzamiju-tekija-u-bosanskoj-gradisci\/#primaryimage\",\"url\":\"https:\/\/sandzakpress.net\/arhiva\/wp-content\/uploads\/2010\/03\/dzamija-tekija.jpg\",\"contentUrl\":\"https:\/\/sandzakpress.net\/arhiva\/wp-content\/uploads\/2010\/03\/dzamija-tekija.jpg\",\"width\":450,\"height\":253},{\"@type\":\"BreadcrumbList\",\"@id\":\"https:\/\/sandzakpress.net\/arhiva\/napad-na-dzamiju-tekija-u-bosanskoj-gradisci\/#breadcrumb\",\"itemListElement\":[{\"@type\":\"ListItem\",\"position\":1,\"name\":\"Home\",\"item\":\"https:\/\/sandzakpress.net\/arhiva\/\"},{\"@type\":\"ListItem\",\"position\":2,\"name\":\"Napad na d\u017eamiju Tekija u Bosanskoj Gradi\u0161ci\"}]},{\"@type\":\"WebSite\",\"@id\":\"https:\/\/sandzakpress.net\/arhiva\/#website\",\"url\":\"https:\/\/sandzakpress.net\/arhiva\/\",\"name\":\"Sand\u017eak PRESS\",\"description\":\"Prve elektronske novine u Sand\u017eaku\",\"publisher\":{\"@id\":\"https:\/\/sandzakpress.net\/arhiva\/#\/schema\/person\/6e72b67d6e51910a1117b3b483ba20bd\"},\"potentialAction\":[{\"@type\":\"SearchAction\",\"target\":{\"@type\":\"EntryPoint\",\"urlTemplate\":\"https:\/\/sandzakpress.net\/arhiva\/?s={search_term_string}\"},\"query-input\":{\"@type\":\"PropertyValueSpecification\",\"valueRequired\":true,\"valueName\":\"search_term_string\"}}],\"inLanguage\":\"bs-BA\"},{\"@type\":[\"Person\",\"Organization\"],\"@id\":\"https:\/\/sandzakpress.net\/arhiva\/#\/schema\/person\/6e72b67d6e51910a1117b3b483ba20bd\",\"name\":\"Kul\",\"image\":{\"@type\":\"ImageObject\",\"inLanguage\":\"bs-BA\",\"@id\":\"https:\/\/sandzakpress.net\/arhiva\/#\/schema\/person\/image\/\",\"url\":\"https:\/\/secure.gravatar.com\/avatar\/42263f39aa27ac04c43cab85c280eb2e?s=96&d=mm&r=pg\",\"contentUrl\":\"https:\/\/secure.gravatar.com\/avatar\/42263f39aa27ac04c43cab85c280eb2e?s=96&d=mm&r=pg\",\"caption\":\"Kul\"},\"logo\":{\"@id\":\"https:\/\/sandzakpress.net\/arhiva\/#\/schema\/person\/image\/\"}},{\"@type\":\"Person\",\"@id\":\"https:\/\/sandzakpress.net\/arhiva\/#\/schema\/person\/c8baee722073534b583ea7bdb2e36c02\",\"name\":\"bosniak\",\"image\":{\"@type\":\"ImageObject\",\"inLanguage\":\"bs-BA\",\"@id\":\"https:\/\/sandzakpress.net\/arhiva\/#\/schema\/person\/image\/\",\"url\":\"https:\/\/secure.gravatar.com\/avatar\/a04fd330bfe3a36a72a0ad4a6d89fca7?s=96&d=mm&r=pg\",\"contentUrl\":\"https:\/\/secure.gravatar.com\/avatar\/a04fd330bfe3a36a72a0ad4a6d89fca7?s=96&d=mm&r=pg\",\"caption\":\"bosniak\"},\"url\":\"https:\/\/sandzakpress.net\/arhiva\/author\/bosniak\/\"}]}<\/script>\n<!-- \/ Yoast SEO Premium plugin. -->","yoast_head_json":{"title":"Napad na d\u017eamiju Tekija u Bosanskoj Gradi\u0161ci","robots":{"index":"index","follow":"follow","max-snippet":"max-snippet:-1","max-image-preview":"max-image-preview:large","max-video-preview":"max-video-preview:-1"},"canonical":"https:\/\/sandzakpress.net\/arhiva\/napad-na-dzamiju-tekija-u-bosanskoj-gradisci\/","og_locale":"bs_BA","og_type":"article","og_title":"Napad na d\u017eamiju Tekija u Bosanskoj Gradi\u0161ci","og_description":"BiH &#8211; U protekloj no\u0107i\u00a0 nepoznati po\u010dinioc razbio je prozor na d\u017eamiji Tekija u Bosanskoj Gradi\u0161ci i o\u0161tetio fasadu na samoj d\u017eamiji. Nakon dojave mjesnog imama, Feriz-ef. Maki\u0107a slu\u017ebenici policije izvr\u0161ili su uvi\u0111aj i slu\u010daj dali u dalju proceduru. Prema informacijama CJB Gradi\u0161ka istraga je u toku. Ovim ne\u010dasnim \u010dinom muslimani Bosanske Gradi\u0161ke, posebno naselja [&hellip;]","og_url":"https:\/\/sandzakpress.net\/arhiva\/napad-na-dzamiju-tekija-u-bosanskoj-gradisci\/","og_site_name":"Sand\u017eak PRESS","article_published_time":"2010-03-09T19:56:19+00:00","og_image":[{"width":450,"height":253,"url":"https:\/\/sandzakpress.net\/arhiva\/wp-content\/uploads\/2010\/03\/dzamija-tekija.jpg","type":"image\/jpeg"}],"author":"bosniak","twitter_card":"summary_large_image","twitter_misc":{"Written by":"bosniak","Est. reading time":"1 minuta"},"schema":{"@context":"https:\/\/schema.org","@graph":[{"@type":"Article","@id":"https:\/\/sandzakpress.net\/arhiva\/napad-na-dzamiju-tekija-u-bosanskoj-gradisci\/#article","isPartOf":{"@id":"https:\/\/sandzakpress.net\/arhiva\/napad-na-dzamiju-tekija-u-bosanskoj-gradisci\/"},"author":{"name":"bosniak","@id":"https:\/\/sandzakpress.net\/arhiva\/#\/schema\/person\/c8baee722073534b583ea7bdb2e36c02"},"headline":"Napad na d\u017eamiju Tekija u Bosanskoj Gradi\u0161ci","datePublished":"2010-03-09T19:56:19+00:00","mainEntityOfPage":{"@id":"https:\/\/sandzakpress.net\/arhiva\/napad-na-dzamiju-tekija-u-bosanskoj-gradisci\/"},"wordCount":141,"commentCount":1,"publisher":{"@id":"https:\/\/sandzakpress.net\/arhiva\/#\/schema\/person\/6e72b67d6e51910a1117b3b483ba20bd"},"image":{"@id":"https:\/\/sandzakpress.net\/arhiva\/napad-na-dzamiju-tekija-u-bosanskoj-gradisci\/#primaryimage"},"thumbnailUrl":"https:\/\/sandzakpress.net\/arhiva\/wp-content\/uploads\/2010\/03\/dzamija-tekija.jpg","articleSection":["Novine"],"inLanguage":"bs-BA","potentialAction":[{"@type":"CommentAction","name":"Comment","target":["https:\/\/sandzakpress.net\/arhiva\/napad-na-dzamiju-tekija-u-bosanskoj-gradisci\/#respond"]}]},{"@type":"WebPage","@id":"https:\/\/sandzakpress.net\/arhiva\/napad-na-dzamiju-tekija-u-bosanskoj-gradisci\/","url":"https:\/\/sandzakpress.net\/arhiva\/napad-na-dzamiju-tekija-u-bosanskoj-gradisci\/","name":"Napad na d\u017eamiju Tekija u Bosanskoj Gradi\u0161ci","isPartOf":{"@id":"https:\/\/sandzakpress.net\/arhiva\/#website"},"primaryImageOfPage":{"@id":"https:\/\/sandzakpress.net\/arhiva\/napad-na-dzamiju-tekija-u-bosanskoj-gradisci\/#primaryimage"},"image":{"@id":"https:\/\/sandzakpress.net\/arhiva\/napad-na-dzamiju-tekija-u-bosanskoj-gradisci\/#primaryimage"},"thumbnailUrl":"https:\/\/sandzakpress.net\/arhiva\/wp-content\/uploads\/2010\/03\/dzamija-tekija.jpg","datePublished":"2010-03-09T19:56:19+00:00","breadcrumb":{"@id":"https:\/\/sandzakpress.net\/arhiva\/napad-na-dzamiju-tekija-u-bosanskoj-gradisci\/#breadcrumb"},"inLanguage":"bs-BA","potentialAction":[{"@type":"ReadAction","target":["https:\/\/sandzakpress.net\/arhiva\/napad-na-dzamiju-tekija-u-bosanskoj-gradisci\/"]}]},{"@type":"ImageObject","inLanguage":"bs-BA","@id":"https:\/\/sandzakpress.net\/arhiva\/napad-na-dzamiju-tekija-u-bosanskoj-gradisci\/#primaryimage","url":"https:\/\/sandzakpress.net\/arhiva\/wp-content\/uploads\/2010\/03\/dzamija-tekija.jpg","contentUrl":"https:\/\/sandzakpress.net\/arhiva\/wp-content\/uploads\/2010\/03\/dzamija-tekija.jpg","width":450,"height":253},{"@type":"BreadcrumbList","@id":"https:\/\/sandzakpress.net\/arhiva\/napad-na-dzamiju-tekija-u-bosanskoj-gradisci\/#breadcrumb","itemListElement":[{"@type":"ListItem","position":1,"name":"Home","item":"https:\/\/sandzakpress.net\/arhiva\/"},{"@type":"ListItem","position":2,"name":"Napad na d\u017eamiju Tekija u Bosanskoj Gradi\u0161ci"}]},{"@type":"WebSite","@id":"https:\/\/sandzakpress.net\/arhiva\/#website","url":"https:\/\/sandzakpress.net\/arhiva\/","name":"Sand\u017eak PRESS","description":"Prve elektronske novine u Sand\u017eaku","publisher":{"@id":"https:\/\/sandzakpress.net\/arhiva\/#\/schema\/person\/6e72b67d6e51910a1117b3b483ba20bd"},"potentialAction":[{"@type":"SearchAction","target":{"@type":"EntryPoint","urlTemplate":"https:\/\/sandzakpress.net\/arhiva\/?s={search_term_string}"},"query-input":{"@type":"PropertyValueSpecification","valueRequired":true,"valueName":"search_term_string"}}],"inLanguage":"bs-BA"},{"@type":["Person","Organization"],"@id":"https:\/\/sandzakpress.net\/arhiva\/#\/schema\/person\/6e72b67d6e51910a1117b3b483ba20bd","name":"Kul","image":{"@type":"ImageObject","inLanguage":"bs-BA","@id":"https:\/\/sandzakpress.net\/arhiva\/#\/schema\/person\/image\/","url":"https:\/\/secure.gravatar.com\/avatar\/42263f39aa27ac04c43cab85c280eb2e?s=96&d=mm&r=pg","contentUrl":"https:\/\/secure.gravatar.com\/avatar\/42263f39aa27ac04c43cab85c280eb2e?s=96&d=mm&r=pg","caption":"Kul"},"logo":{"@id":"https:\/\/sandzakpress.net\/arhiva\/#\/schema\/person\/image\/"}},{"@type":"Person","@id":"https:\/\/sandzakpress.net\/arhiva\/#\/schema\/person\/c8baee722073534b583ea7bdb2e36c02","name":"bosniak","image":{"@type":"ImageObject","inLanguage":"bs-BA","@id":"https:\/\/sandzakpress.net\/arhiva\/#\/schema\/person\/image\/","url":"https:\/\/secure.gravatar.com\/avatar\/a04fd330bfe3a36a72a0ad4a6d89fca7?s=96&d=mm&r=pg","contentUrl":"https:\/\/secure.gravatar.com\/avatar\/a04fd330bfe3a36a72a0ad4a6d89fca7?s=96&d=mm&r=pg","caption":"bosniak"},"url":"https:\/\/sandzakpress.net\/arhiva\/author\/bosniak\/"}]}},"_links":{"self":[{"href":"https:\/\/sandzakpress.net\/arhiva\/wp-json\/wp\/v2\/posts\/2542"}],"collection":[{"href":"https:\/\/sandzakpress.net\/arhiva\/wp-json\/wp\/v2\/posts"}],"about":[{"href":"https:\/\/sandzakpress.net\/arhiva\/wp-json\/wp\/v2\/types\/post"}],"author":[{"embeddable":true,"href":"https:\/\/sandzakpress.net\/arhiva\/wp-json\/wp\/v2\/users\/83"}],"replies":[{"embeddable":true,"href":"https:\/\/sandzakpress.net\/arhiva\/wp-json\/wp\/v2\/comments?post=2542"}],"version-history":[{"count":0,"href":"https:\/\/sandzakpress.net\/arhiva\/wp-json\/wp\/v2\/posts\/2542\/revisions"}],"wp:featuredmedia":[{"embeddable":true,"href":"https:\/\/sandzakpress.net\/arhiva\/wp-json\/wp\/v2\/media\/2543"}],"wp:attachment":[{"href":"https:\/\/sandzakpress.net\/arhiva\/wp-json\/wp\/v2\/media?parent=2542"}],"wp:term":[{"taxonomy":"category","embeddable":true,"href":"https:\/\/sandzakpress.net\/arhiva\/wp-json\/wp\/v2\/categories?post=2542"},{"taxonomy":"post_tag","embeddable":true,"href":"https:\/\/sandzakpress.net\/arhiva\/wp-json\/wp\/v2\/tags?post=2542"}],"curies":[{"name":"wp","href":"https:\/\/api.w.org\/{rel}","templated":true}]}}