{"id":25404,"date":"2011-12-02T18:20:05","date_gmt":"2011-12-02T17:20:05","guid":{"rendered":"https:\/\/sandzakpress.net\/arhiva\/?p=25404"},"modified":"2011-12-02T22:40:49","modified_gmt":"2011-12-02T21:40:49","slug":"zasjedala-skupstina-novog-pazara","status":"publish","type":"post","link":"https:\/\/sandzakpress.net\/arhiva\/zasjedala-skupstina-novog-pazara\/","title":{"rendered":"Zasjedala Skup\u0161tina Novog Pazara"},"content":{"rendered":"<p><strong><a href=\"https:\/\/sandzakpress.net\/arhiva\/wp-content\/uploads\/2011\/12\/skupstina-grada001.jpg\"><img loading=\"lazy\" decoding=\"async\" class=\"alignleft size-medium wp-image-25405\" title=\"skupstina grada001\" src=\"https:\/\/sandzakpress.net\/arhiva\/wp-content\/uploads\/2011\/12\/skupstina-grada001-300x199.jpg\" alt=\"\" width=\"300\" height=\"199\" \/><\/a><\/strong><\/p>\n<p><strong>Novi Pazar &#8211; Na dana\u0161njoj sednici Skup\u0161tine grada Novog Pazara usvojen je lokalni plan za unapre\u0111enje polo\u017eaja izbeglih i interno raseljenih lica i povratnika po sporazumu o readmisiji.<\/strong><\/p>\n<p>Odbornici gradskog parlamenta doneli su odluke o merama za\u0161tite stanovni\u0161tva od buke i odre\u0111ivanju akusti\u010dnih zona na teritoriji grada i o izradi lokalnog plana o upravljanju otpadom.<\/p>\n<p>Odluka o gra\u0111evinskom zemlji\u0161u uskla\u0111ena je sa novim odredbama Zakona o planiranju.<\/p>\n<p>Ve\u0107inom glasova usvojen je izvje\u0161taj o radu za ovu i plan rada za narednu godinu Pred\u0161kolske ustanove &#8220;Mladost&#8221; i odluka o raspisivanju javnog oglasa za prodaju placeva na lokaciji Erozija.<\/p>\n<p>Na li\u010dni zahtjev, odbornici su danas razrije\u0161ili du\u017enosti predsjednika Upravnog odbora Komunalnog preduze\u0107a &#8220;\u010cisto\u0107a&#8221; Demira Murtezi\u0107a i novi predsjednik \u0107e biti imenovat na jednom od sljede\u0107ih zasejdanja Skup\u0161tine grada.<\/p>\n<p>Skup\u0161tinska ve\u0107ina danas nije prihvatila prijedlog odborni\u010dkog kluba Bo\u0161nja\u010dke liste za evropski Sand\u017eak da se u dnevni red uvrste njihova tri predloga o dono\u0161enju odluka za pokretanje inicijativa za deblokadu ostvarivanja Ustavom i zakonom garantovanih prava Bo\u0161njaka u Republici Srbiji, za preduzimanje mjera u cilju uskla\u0111ivanja rada dr\u017eavnih organa sa Ustavom i zakonom i za dono\u0161enje odluke o uskla\u0111ivanju nacionalnog sastava zaposlenih u policiji, sudstvu i tu\u017eila\u0161tvu u Novom Pazaru.<\/p>\n<p>Za ove predloge opozicione Bo\u0161nja\u010dke liste za evropski Sand\u017eak glaso je i jedan odbornik vladaju\u0107e koalicije Za evropski Novi Pazar, ali nisu dobili dovoljan broj glasova da budu uvr\u0161teni u dnevni red.<\/p>\n<p>Izvor: <strong>RadioStoPlus.com<\/strong><\/p>\n","protected":false},"excerpt":{"rendered":"<p>Novi Pazar &#8211; Na dana\u0161njoj sednici Skup\u0161tine grada Novog Pazara usvojen je lokalni plan za unapre\u0111enje polo\u017eaja izbeglih i interno raseljenih lica i povratnika po sporazumu o readmisiji. Odbornici gradskog parlamenta doneli su odluke o merama za\u0161tite stanovni\u0161tva od buke i odre\u0111ivanju akusti\u010dnih zona na teritoriji grada i o izradi lokalnog plana o upravljanju otpadom. [&hellip;]<\/p>\n","protected":false},"author":14,"featured_media":25405,"comment_status":"open","ping_status":"open","sticky":false,"template":"","format":"standard","meta":{"footnotes":""},"categories":[72,1],"tags":[],"class_list":{"0":"post-25404","1":"post","2":"type-post","3":"status-publish","4":"format-standard","5":"has-post-thumbnail","7":"category-novi-pazar","8":"category-politika"},"yoast_head":"<!-- This site is optimized with the Yoast SEO Premium plugin v23.1 (Yoast SEO v24.9) - https:\/\/yoast.com\/wordpress\/plugins\/seo\/ -->\n<title>Zasjedala Skup\u0161tina Novog Pazara<\/title>\n<meta name=\"robots\" content=\"index, follow, max-snippet:-1, max-image-preview:large, max-video-preview:-1\" \/>\n<link rel=\"canonical\" href=\"https:\/\/sandzakpress.net\/arhiva\/zasjedala-skupstina-novog-pazara\/\" \/>\n<meta property=\"og:locale\" content=\"bs_BA\" \/>\n<meta property=\"og:type\" content=\"article\" \/>\n<meta property=\"og:title\" content=\"Zasjedala Skup\u0161tina Novog Pazara\" \/>\n<meta property=\"og:description\" content=\"Novi Pazar &#8211; Na dana\u0161njoj sednici Skup\u0161tine grada Novog Pazara usvojen je lokalni plan za unapre\u0111enje polo\u017eaja izbeglih i interno raseljenih lica i povratnika po sporazumu o readmisiji. Odbornici gradskog parlamenta doneli su odluke o merama za\u0161tite stanovni\u0161tva od buke i odre\u0111ivanju akusti\u010dnih zona na teritoriji grada i o izradi lokalnog plana o upravljanju otpadom. [&hellip;]\" \/>\n<meta property=\"og:url\" content=\"https:\/\/sandzakpress.net\/arhiva\/zasjedala-skupstina-novog-pazara\/\" \/>\n<meta property=\"og:site_name\" content=\"Sand\u017eak PRESS\" \/>\n<meta property=\"article:published_time\" content=\"2011-12-02T17:20:05+00:00\" \/>\n<meta property=\"article:modified_time\" content=\"2011-12-02T21:40:49+00:00\" \/>\n<meta property=\"og:image\" content=\"https:\/\/sandzakpress.net\/arhiva\/wp-content\/uploads\/2011\/12\/skupstina-grada001.jpg\" \/>\n\t<meta property=\"og:image:width\" content=\"616\" \/>\n\t<meta property=\"og:image:height\" content=\"409\" \/>\n\t<meta property=\"og:image:type\" content=\"image\/jpeg\" \/>\n<meta name=\"twitter:card\" content=\"summary_large_image\" \/>\n<meta name=\"twitter:label1\" content=\"Written by\" \/>\n\t<meta name=\"twitter:data1\" content=\"\" \/>\n\t<meta name=\"twitter:label2\" content=\"Est. reading time\" \/>\n\t<meta name=\"twitter:data2\" content=\"1 minuta\" \/>\n<script type=\"application\/ld+json\" class=\"yoast-schema-graph\">{\"@context\":\"https:\/\/schema.org\",\"@graph\":[{\"@type\":\"Article\",\"@id\":\"https:\/\/sandzakpress.net\/arhiva\/zasjedala-skupstina-novog-pazara\/#article\",\"isPartOf\":{\"@id\":\"https:\/\/sandzakpress.net\/arhiva\/zasjedala-skupstina-novog-pazara\/\"},\"author\":{\"name\":\"\",\"@id\":\"\"},\"headline\":\"Zasjedala Skup\u0161tina Novog Pazara\",\"datePublished\":\"2011-12-02T17:20:05+00:00\",\"dateModified\":\"2011-12-02T21:40:49+00:00\",\"mainEntityOfPage\":{\"@id\":\"https:\/\/sandzakpress.net\/arhiva\/zasjedala-skupstina-novog-pazara\/\"},\"wordCount\":277,\"commentCount\":0,\"publisher\":{\"@id\":\"https:\/\/sandzakpress.net\/arhiva\/#\/schema\/person\/6e72b67d6e51910a1117b3b483ba20bd\"},\"image\":{\"@id\":\"https:\/\/sandzakpress.net\/arhiva\/zasjedala-skupstina-novog-pazara\/#primaryimage\"},\"thumbnailUrl\":\"https:\/\/sandzakpress.net\/arhiva\/wp-content\/uploads\/2011\/12\/skupstina-grada001.jpg\",\"articleSection\":[\"Novi Pazar\",\"Politika\"],\"inLanguage\":\"bs-BA\",\"potentialAction\":[{\"@type\":\"CommentAction\",\"name\":\"Comment\",\"target\":[\"https:\/\/sandzakpress.net\/arhiva\/zasjedala-skupstina-novog-pazara\/#respond\"]}]},{\"@type\":\"WebPage\",\"@id\":\"https:\/\/sandzakpress.net\/arhiva\/zasjedala-skupstina-novog-pazara\/\",\"url\":\"https:\/\/sandzakpress.net\/arhiva\/zasjedala-skupstina-novog-pazara\/\",\"name\":\"Zasjedala Skup\u0161tina Novog Pazara\",\"isPartOf\":{\"@id\":\"https:\/\/sandzakpress.net\/arhiva\/#website\"},\"primaryImageOfPage\":{\"@id\":\"https:\/\/sandzakpress.net\/arhiva\/zasjedala-skupstina-novog-pazara\/#primaryimage\"},\"image\":{\"@id\":\"https:\/\/sandzakpress.net\/arhiva\/zasjedala-skupstina-novog-pazara\/#primaryimage\"},\"thumbnailUrl\":\"https:\/\/sandzakpress.net\/arhiva\/wp-content\/uploads\/2011\/12\/skupstina-grada001.jpg\",\"datePublished\":\"2011-12-02T17:20:05+00:00\",\"dateModified\":\"2011-12-02T21:40:49+00:00\",\"breadcrumb\":{\"@id\":\"https:\/\/sandzakpress.net\/arhiva\/zasjedala-skupstina-novog-pazara\/#breadcrumb\"},\"inLanguage\":\"bs-BA\",\"potentialAction\":[{\"@type\":\"ReadAction\",\"target\":[\"https:\/\/sandzakpress.net\/arhiva\/zasjedala-skupstina-novog-pazara\/\"]}]},{\"@type\":\"ImageObject\",\"inLanguage\":\"bs-BA\",\"@id\":\"https:\/\/sandzakpress.net\/arhiva\/zasjedala-skupstina-novog-pazara\/#primaryimage\",\"url\":\"https:\/\/sandzakpress.net\/arhiva\/wp-content\/uploads\/2011\/12\/skupstina-grada001.jpg\",\"contentUrl\":\"https:\/\/sandzakpress.net\/arhiva\/wp-content\/uploads\/2011\/12\/skupstina-grada001.jpg\",\"width\":616,\"height\":409},{\"@type\":\"BreadcrumbList\",\"@id\":\"https:\/\/sandzakpress.net\/arhiva\/zasjedala-skupstina-novog-pazara\/#breadcrumb\",\"itemListElement\":[{\"@type\":\"ListItem\",\"position\":1,\"name\":\"Home\",\"item\":\"https:\/\/sandzakpress.net\/arhiva\/\"},{\"@type\":\"ListItem\",\"position\":2,\"name\":\"Zasjedala Skup\u0161tina Novog Pazara\"}]},{\"@type\":\"WebSite\",\"@id\":\"https:\/\/sandzakpress.net\/arhiva\/#website\",\"url\":\"https:\/\/sandzakpress.net\/arhiva\/\",\"name\":\"Sand\u017eak PRESS\",\"description\":\"Prve elektronske novine u Sand\u017eaku\",\"publisher\":{\"@id\":\"https:\/\/sandzakpress.net\/arhiva\/#\/schema\/person\/6e72b67d6e51910a1117b3b483ba20bd\"},\"potentialAction\":[{\"@type\":\"SearchAction\",\"target\":{\"@type\":\"EntryPoint\",\"urlTemplate\":\"https:\/\/sandzakpress.net\/arhiva\/?s={search_term_string}\"},\"query-input\":{\"@type\":\"PropertyValueSpecification\",\"valueRequired\":true,\"valueName\":\"search_term_string\"}}],\"inLanguage\":\"bs-BA\"},{\"@type\":[\"Person\",\"Organization\"],\"@id\":\"https:\/\/sandzakpress.net\/arhiva\/#\/schema\/person\/6e72b67d6e51910a1117b3b483ba20bd\",\"name\":\"Kul\",\"image\":{\"@type\":\"ImageObject\",\"inLanguage\":\"bs-BA\",\"@id\":\"https:\/\/sandzakpress.net\/arhiva\/#\/schema\/person\/image\/\",\"url\":\"https:\/\/secure.gravatar.com\/avatar\/42263f39aa27ac04c43cab85c280eb2e?s=96&d=mm&r=pg\",\"contentUrl\":\"https:\/\/secure.gravatar.com\/avatar\/42263f39aa27ac04c43cab85c280eb2e?s=96&d=mm&r=pg\",\"caption\":\"Kul\"},\"logo\":{\"@id\":\"https:\/\/sandzakpress.net\/arhiva\/#\/schema\/person\/image\/\"}},{\"@type\":\"Person\",\"@id\":\"\",\"url\":\"https:\/\/sandzakpress.net\/arhiva\/author\/\"}]}<\/script>\n<!-- \/ Yoast SEO Premium plugin. -->","yoast_head_json":{"title":"Zasjedala Skup\u0161tina Novog Pazara","robots":{"index":"index","follow":"follow","max-snippet":"max-snippet:-1","max-image-preview":"max-image-preview:large","max-video-preview":"max-video-preview:-1"},"canonical":"https:\/\/sandzakpress.net\/arhiva\/zasjedala-skupstina-novog-pazara\/","og_locale":"bs_BA","og_type":"article","og_title":"Zasjedala Skup\u0161tina Novog Pazara","og_description":"Novi Pazar &#8211; Na dana\u0161njoj sednici Skup\u0161tine grada Novog Pazara usvojen je lokalni plan za unapre\u0111enje polo\u017eaja izbeglih i interno raseljenih lica i povratnika po sporazumu o readmisiji. Odbornici gradskog parlamenta doneli su odluke o merama za\u0161tite stanovni\u0161tva od buke i odre\u0111ivanju akusti\u010dnih zona na teritoriji grada i o izradi lokalnog plana o upravljanju otpadom. [&hellip;]","og_url":"https:\/\/sandzakpress.net\/arhiva\/zasjedala-skupstina-novog-pazara\/","og_site_name":"Sand\u017eak PRESS","article_published_time":"2011-12-02T17:20:05+00:00","article_modified_time":"2011-12-02T21:40:49+00:00","og_image":[{"width":616,"height":409,"url":"https:\/\/sandzakpress.net\/arhiva\/wp-content\/uploads\/2011\/12\/skupstina-grada001.jpg","type":"image\/jpeg"}],"twitter_card":"summary_large_image","twitter_misc":{"Written by":"","Est. reading time":"1 minuta"},"schema":{"@context":"https:\/\/schema.org","@graph":[{"@type":"Article","@id":"https:\/\/sandzakpress.net\/arhiva\/zasjedala-skupstina-novog-pazara\/#article","isPartOf":{"@id":"https:\/\/sandzakpress.net\/arhiva\/zasjedala-skupstina-novog-pazara\/"},"author":{"name":"","@id":""},"headline":"Zasjedala Skup\u0161tina Novog Pazara","datePublished":"2011-12-02T17:20:05+00:00","dateModified":"2011-12-02T21:40:49+00:00","mainEntityOfPage":{"@id":"https:\/\/sandzakpress.net\/arhiva\/zasjedala-skupstina-novog-pazara\/"},"wordCount":277,"commentCount":0,"publisher":{"@id":"https:\/\/sandzakpress.net\/arhiva\/#\/schema\/person\/6e72b67d6e51910a1117b3b483ba20bd"},"image":{"@id":"https:\/\/sandzakpress.net\/arhiva\/zasjedala-skupstina-novog-pazara\/#primaryimage"},"thumbnailUrl":"https:\/\/sandzakpress.net\/arhiva\/wp-content\/uploads\/2011\/12\/skupstina-grada001.jpg","articleSection":["Novi Pazar","Politika"],"inLanguage":"bs-BA","potentialAction":[{"@type":"CommentAction","name":"Comment","target":["https:\/\/sandzakpress.net\/arhiva\/zasjedala-skupstina-novog-pazara\/#respond"]}]},{"@type":"WebPage","@id":"https:\/\/sandzakpress.net\/arhiva\/zasjedala-skupstina-novog-pazara\/","url":"https:\/\/sandzakpress.net\/arhiva\/zasjedala-skupstina-novog-pazara\/","name":"Zasjedala Skup\u0161tina Novog Pazara","isPartOf":{"@id":"https:\/\/sandzakpress.net\/arhiva\/#website"},"primaryImageOfPage":{"@id":"https:\/\/sandzakpress.net\/arhiva\/zasjedala-skupstina-novog-pazara\/#primaryimage"},"image":{"@id":"https:\/\/sandzakpress.net\/arhiva\/zasjedala-skupstina-novog-pazara\/#primaryimage"},"thumbnailUrl":"https:\/\/sandzakpress.net\/arhiva\/wp-content\/uploads\/2011\/12\/skupstina-grada001.jpg","datePublished":"2011-12-02T17:20:05+00:00","dateModified":"2011-12-02T21:40:49+00:00","breadcrumb":{"@id":"https:\/\/sandzakpress.net\/arhiva\/zasjedala-skupstina-novog-pazara\/#breadcrumb"},"inLanguage":"bs-BA","potentialAction":[{"@type":"ReadAction","target":["https:\/\/sandzakpress.net\/arhiva\/zasjedala-skupstina-novog-pazara\/"]}]},{"@type":"ImageObject","inLanguage":"bs-BA","@id":"https:\/\/sandzakpress.net\/arhiva\/zasjedala-skupstina-novog-pazara\/#primaryimage","url":"https:\/\/sandzakpress.net\/arhiva\/wp-content\/uploads\/2011\/12\/skupstina-grada001.jpg","contentUrl":"https:\/\/sandzakpress.net\/arhiva\/wp-content\/uploads\/2011\/12\/skupstina-grada001.jpg","width":616,"height":409},{"@type":"BreadcrumbList","@id":"https:\/\/sandzakpress.net\/arhiva\/zasjedala-skupstina-novog-pazara\/#breadcrumb","itemListElement":[{"@type":"ListItem","position":1,"name":"Home","item":"https:\/\/sandzakpress.net\/arhiva\/"},{"@type":"ListItem","position":2,"name":"Zasjedala Skup\u0161tina Novog Pazara"}]},{"@type":"WebSite","@id":"https:\/\/sandzakpress.net\/arhiva\/#website","url":"https:\/\/sandzakpress.net\/arhiva\/","name":"Sand\u017eak PRESS","description":"Prve elektronske novine u Sand\u017eaku","publisher":{"@id":"https:\/\/sandzakpress.net\/arhiva\/#\/schema\/person\/6e72b67d6e51910a1117b3b483ba20bd"},"potentialAction":[{"@type":"SearchAction","target":{"@type":"EntryPoint","urlTemplate":"https:\/\/sandzakpress.net\/arhiva\/?s={search_term_string}"},"query-input":{"@type":"PropertyValueSpecification","valueRequired":true,"valueName":"search_term_string"}}],"inLanguage":"bs-BA"},{"@type":["Person","Organization"],"@id":"https:\/\/sandzakpress.net\/arhiva\/#\/schema\/person\/6e72b67d6e51910a1117b3b483ba20bd","name":"Kul","image":{"@type":"ImageObject","inLanguage":"bs-BA","@id":"https:\/\/sandzakpress.net\/arhiva\/#\/schema\/person\/image\/","url":"https:\/\/secure.gravatar.com\/avatar\/42263f39aa27ac04c43cab85c280eb2e?s=96&d=mm&r=pg","contentUrl":"https:\/\/secure.gravatar.com\/avatar\/42263f39aa27ac04c43cab85c280eb2e?s=96&d=mm&r=pg","caption":"Kul"},"logo":{"@id":"https:\/\/sandzakpress.net\/arhiva\/#\/schema\/person\/image\/"}},{"@type":"Person","@id":"","url":"https:\/\/sandzakpress.net\/arhiva\/author\/"}]}},"_links":{"self":[{"href":"https:\/\/sandzakpress.net\/arhiva\/wp-json\/wp\/v2\/posts\/25404"}],"collection":[{"href":"https:\/\/sandzakpress.net\/arhiva\/wp-json\/wp\/v2\/posts"}],"about":[{"href":"https:\/\/sandzakpress.net\/arhiva\/wp-json\/wp\/v2\/types\/post"}],"author":[{"embeddable":true,"href":"https:\/\/sandzakpress.net\/arhiva\/wp-json\/wp\/v2\/users\/14"}],"replies":[{"embeddable":true,"href":"https:\/\/sandzakpress.net\/arhiva\/wp-json\/wp\/v2\/comments?post=25404"}],"version-history":[{"count":0,"href":"https:\/\/sandzakpress.net\/arhiva\/wp-json\/wp\/v2\/posts\/25404\/revisions"}],"wp:featuredmedia":[{"embeddable":true,"href":"https:\/\/sandzakpress.net\/arhiva\/wp-json\/wp\/v2\/media\/25405"}],"wp:attachment":[{"href":"https:\/\/sandzakpress.net\/arhiva\/wp-json\/wp\/v2\/media?parent=25404"}],"wp:term":[{"taxonomy":"category","embeddable":true,"href":"https:\/\/sandzakpress.net\/arhiva\/wp-json\/wp\/v2\/categories?post=25404"},{"taxonomy":"post_tag","embeddable":true,"href":"https:\/\/sandzakpress.net\/arhiva\/wp-json\/wp\/v2\/tags?post=25404"}],"curies":[{"name":"wp","href":"https:\/\/api.w.org\/{rel}","templated":true}]}}