{"id":2531,"date":"2010-03-07T00:05:26","date_gmt":"2010-03-06T23:05:26","guid":{"rendered":"https:\/\/sandzakpress.net\/arhiva\/?p=2531"},"modified":"2010-03-09T21:35:21","modified_gmt":"2010-03-09T20:35:21","slug":"islam-i-globalizacija","status":"publish","type":"post","link":"https:\/\/sandzakpress.net\/arhiva\/islam-i-globalizacija\/","title":{"rendered":"Islam i globalizacija"},"content":{"rendered":"<p><a href=\"https:\/\/sandzakpress.net\/arhiva\/wp-content\/uploads\/2010\/03\/globalizacija1.jpg\"><img loading=\"lazy\" decoding=\"async\" class=\"aligncenter size-full wp-image-2568\" title=\"globalizacija\" src=\"https:\/\/sandzakpress.net\/arhiva\/wp-content\/uploads\/2010\/03\/globalizacija1.jpg\" alt=\"\" width=\"620\" height=\"283\" \/><\/a><\/p>\n<p><strong>Dva su koncepta koja se danas uo\u010davaju u mo\u0107nim medijima, kako Zapada tako i Istoka &#8211; koncept globalizacije i koncept sukoba civilizacija. <\/strong><\/p>\n<p>Ako ne prihvatimo duhovne vrijednosti na\u0161ih religija, kao sastavne dijelove globalizacije, ako ne prihvatimo Boga za Spasitelja, spa\u0161avat \u0107e nas ne znam ko.<\/p>\n<p>Islamska misao se kroz povijest susretala sa mnogim tendencijama i izazovima, kao \u0161to je pitanje nacije, sekularizma. Jedan od aktuelnih problema islama u svijetu jeste njegov odnos prema globalizaciji. Pojam globalnog sela, ina\u010de, prvi je upotrijebio kanadski znanstvenik Marshal Mackluhan. Globalizacija je, prije svega, sihronoizovana ideolo\u0161ka, politi\u010dka, ekonomska, informacijsko-medijska, kulturna&#8230; pojava i pokret planetarnog unificiranja svijeta.<\/p>\n<p>Dva toka mi\u0161ljenja mijenjaju i odre\u0111uju socijalni, politi\u010dki, kulturni i religijski reljef savremenog svijeta: globalizam, s jedne, te individualizam i pluralizam, s druge strane. Dva su koncepta koja se danas uo\u010davaju u mo\u0107nim medijima, kako Zapada tako i Istoka &#8211; koncept globalizacije i koncept sukoba civilizacija. Mnogo toga je re\u010deno o avanturama \u010dovjeka 20. stolje\u0107a, koje je poznato po upotrebi atomske energije i leta u svemir. Me\u0111utim, postoji jedno novo iskustvo od stvarnog zna\u010daja sa kojim se suo\u010dava \u010dovjek 20. i 21. stolje\u0107a, iskustvo s kojim se njegovi preci nisu suo\u010davali. To nije iskustvo putovanja iz jednog kontinenta u drugi, ve\u0107 putovanja iz jednog religijskog prostora u drugi. Danas svi vjernici u Boga posjeduju sve te bombe: i kr\u0161\u0107ani, i Jevreji i muslimani. Stoga, proces dana\u0161njeg talasa globalizacije trebao bi biti u kontekstu ra\u0111anja planetarne ideologije sporazumijevanja i dijaloga koji bi nudio perspektivu ra\u0111anja spasonosnog. Name\u0107u su mnoga pitanja i dileme: Kakva je uloga Boga u globalnom svijetu? Mogu li religije projektovati sistem svjetskog morala?<\/p>\n<p>Da li religija gubi svoju autoritativnost? Da li globalizacija vodi slabljenju vjerskog identiteta? Posebno je va\u017eno i da li postoji \u0161ansa dobijanja prilike za promociju ideje globalizacije iz perspektive religije?<\/p>\n<p>Postoji vi\u0161e vrsta globalizacije, a me\u0111u najva\u017enijim su: ekonomska, kulturna, politi\u010dka, medijska, obrazovna&#8230; U svim aspektima globalizacije prisutna je ideologija globalizacije, ali i globalizacija ideologije. Stoga, ideolo\u0161ki aspekt globalizacije je najva\u017eniji, on je odre\u0111uju\u0107i, sabire i ujedinjava sve druge aspekte globalizacije. Vr\u0161i se homogenizacija ukusa. Kulturni identitet i do\u017eivljaj svijeta se preoblikuju pod tim uticajima. Internet otvara prozore svijetu, \u0161to daje osje\u0107aj pripadnosti tom globalnom svijetu. Tako globalizacija zna\u010di rasprostiranje istovjetnih formi.<br \/>\nGlobalizacija je, stoga, i politi\u010dki problem jer se bavi procesom ure\u0111enja svijeta i svjetske zajednice iz samo jednog sredi\u0161ta, koji vi\u0161e nije na stadijumu metropolisa i megalopolisa, ve\u0107 sve vi\u0161e na nivou globalopolisa.<\/p>\n<p>Ustvari, jedna od etapa globalizacije dijeljenja svijeta jeste i\u0161\u010da\u0161ivanje dijelova svijeta iz njihove tradicionalne cjeline koja je nastajala tokom hiljadu i vi\u0161e godina. Potom, globalizacijski proces tako izdijeljeni svijet spaja u novu vje\u0161ta\u010dku, hibridnu cjelinu, dizajniranu sada po projektu i naumu globalizacije. Postoji bojazan gubitka vlastitih kulturnih osobenosti, ali to je vi\u0161e posljedica psiholo\u0161kog stanja sa\u017eetog u rije\u010dima: \u201ePobije\u0111eni voli opona\u0161ati pobjednika.\u201c Muslimanski svijet se pred zapadnim uglavnom povla\u010dio u sebe, u stanje koje je Hegel nazvao orijentalni mir.<\/p>\n<p>Odnos muslimana prema globalizaciji mo\u017ee biti:<br \/>\n&#8211;\u00a0\u00a0\u00a0 U izolaciji \u2013 \u0161to ne vodi dobru, jer je globalizacija op\u0161ti tok<br \/>\n&#8211;\u00a0\u00a0\u00a0 U asimilaciji \u2013 \u0161to, isto tako, ne vodi dobru i<br \/>\n&#8211;\u00a0\u00a0\u00a0 Integraciji koju islam afirmi\u0161e.<\/p>\n<p><strong>Suodnos globalizacije i sekularizma<\/strong><\/p>\n<p>Va\u017ean momenat je usiljeno promovisanje globalizacije, \u0161to mnoge muslimane podsje\u0107a na vesternizaciju. Problem je sekularizam. Ukoliko se globalizacija opredijeli za sekularizaciju samo \u0107e biti pratilac duhovne eksploatacije. Takva se globalizacija ne razlikuje od kolonijalizma, s tim \u0161to globalizacija name\u0107e sekularizam koji ne nagovje\u0161tava vjeru u Boga. Zato je potrebno raditi na oduhovljenju procesa globalizacije. Globalizacija ne\u0107e nigdje uspjeti bude li zaboravila na Boga, jer samo nas Bog mo\u017ee spasiti. To poru\u010duje i Hajdeger. Ako ne prihvatimo duhovne vrijednosti na\u0161ih religija, kao sastavne dijelove globalizacije, ako ne prihvatimo Boga za Spasitelja, spa\u0161avat \u0107e nas ne znam ko. Proces globalizacije ne\u0107e uspjeti ukoliko ga ne prati istinsko duhovno u\u010denje.<\/p>\n<p>Sekularizam projektuje zatvoren pogled na svijet i apsolutan sistem vrijednosti. Komponente sekularizacije su otre\u017enjenje prirode, desakralizacija politike i dekonsekracija vrijednosti. Pod pojmom otre\u017enjenje prirode (termin preuzet od njema\u010dkog sociologa Maxa Webera) podrazumijeva se osloba\u0111anje prirode od prizvuka religioznog. Tako \u010dovjek prirodu ne mo\u017ee satrati Bo\u017ejim djelom. Pod pojmom desakralizacija politike smatra se ukidanje sakralne legitimnosti politi\u010dke mo\u0107i i vlasti, \u0161to je preduslov politi\u010dke, pa i socijalne promjene. Termin dekonsekracija vrijednosti podrazumijeva vra\u0107anje prolaznog i relativnog, svih djela kulture i svakog sistema vrijednosti koji obuhvata religiju.<\/p>\n<p>Ovakav odnos prema vrijednostima zahtijeva da \u010dovjek bude svjestan relativnosti svojih vlastitih pogleda i vjerovanja. On mora \u017eivjeti sa spoznajom da \u0107e principi i eti\u010dki kodeksi pona\u0161anja vremenom i kroz generacije biti promijenjeni.<\/p>\n<p>Nastavit \u0107e se\u2026<\/p>\n<p>Autor: <strong>prof. dr. hfz. Almir Pramenkovi\u0107<\/strong><\/p>\n<p>Izvor: <strong>GlasIslama.info<\/strong><\/p>\n","protected":false},"excerpt":{"rendered":"<p>Dva su koncepta koja se danas uo\u010davaju u mo\u0107nim medijima, kako Zapada tako i Istoka &#8211; koncept globalizacije i koncept sukoba civilizacija. Ako ne prihvatimo duhovne vrijednosti na\u0161ih religija, kao sastavne dijelove globalizacije, ako ne prihvatimo Boga za Spasitelja, spa\u0161avat \u0107e nas ne znam ko. Islamska misao se kroz povijest susretala sa mnogim tendencijama i [&hellip;]<\/p>\n","protected":false},"author":83,"featured_media":2568,"comment_status":"open","ping_status":"open","sticky":false,"template":"","format":"standard","meta":{"footnotes":""},"categories":[16],"tags":[],"class_list":{"0":"post-2531","1":"post","2":"type-post","3":"status-publish","4":"format-standard","5":"has-post-thumbnail","7":"category-novine"},"yoast_head":"<!-- This site is optimized with the Yoast SEO Premium plugin v23.1 (Yoast SEO v24.9) - https:\/\/yoast.com\/wordpress\/plugins\/seo\/ -->\n<title>Islam i globalizacija<\/title>\n<meta name=\"robots\" content=\"index, follow, max-snippet:-1, max-image-preview:large, max-video-preview:-1\" \/>\n<link rel=\"canonical\" href=\"https:\/\/sandzakpress.net\/arhiva\/islam-i-globalizacija\/\" \/>\n<meta property=\"og:locale\" content=\"bs_BA\" \/>\n<meta property=\"og:type\" content=\"article\" \/>\n<meta property=\"og:title\" content=\"Islam i globalizacija\" \/>\n<meta property=\"og:description\" content=\"Dva su koncepta koja se danas uo\u010davaju u mo\u0107nim medijima, kako Zapada tako i Istoka &#8211; koncept globalizacije i koncept sukoba civilizacija. Ako ne prihvatimo duhovne vrijednosti na\u0161ih religija, kao sastavne dijelove globalizacije, ako ne prihvatimo Boga za Spasitelja, spa\u0161avat \u0107e nas ne znam ko. Islamska misao se kroz povijest susretala sa mnogim tendencijama i [&hellip;]\" \/>\n<meta property=\"og:url\" content=\"https:\/\/sandzakpress.net\/arhiva\/islam-i-globalizacija\/\" \/>\n<meta property=\"og:site_name\" content=\"Sand\u017eak PRESS\" \/>\n<meta property=\"article:published_time\" content=\"2010-03-06T23:05:26+00:00\" \/>\n<meta property=\"article:modified_time\" content=\"2010-03-09T20:35:21+00:00\" \/>\n<meta property=\"og:image\" content=\"https:\/\/sandzakpress.net\/arhiva\/wp-content\/uploads\/2010\/03\/globalizacija1.jpg\" \/>\n\t<meta property=\"og:image:width\" content=\"616\" \/>\n\t<meta property=\"og:image:height\" content=\"281\" \/>\n\t<meta property=\"og:image:type\" content=\"image\/jpeg\" \/>\n<meta name=\"author\" content=\"bosniak\" \/>\n<meta name=\"twitter:card\" content=\"summary_large_image\" \/>\n<meta name=\"twitter:label1\" content=\"Written by\" \/>\n\t<meta name=\"twitter:data1\" content=\"bosniak\" \/>\n\t<meta name=\"twitter:label2\" content=\"Est. reading time\" \/>\n\t<meta name=\"twitter:data2\" content=\"4 minute\" \/>\n<script type=\"application\/ld+json\" class=\"yoast-schema-graph\">{\"@context\":\"https:\/\/schema.org\",\"@graph\":[{\"@type\":\"Article\",\"@id\":\"https:\/\/sandzakpress.net\/arhiva\/islam-i-globalizacija\/#article\",\"isPartOf\":{\"@id\":\"https:\/\/sandzakpress.net\/arhiva\/islam-i-globalizacija\/\"},\"author\":{\"name\":\"bosniak\",\"@id\":\"https:\/\/sandzakpress.net\/arhiva\/#\/schema\/person\/c8baee722073534b583ea7bdb2e36c02\"},\"headline\":\"Islam i globalizacija\",\"datePublished\":\"2010-03-06T23:05:26+00:00\",\"dateModified\":\"2010-03-09T20:35:21+00:00\",\"mainEntityOfPage\":{\"@id\":\"https:\/\/sandzakpress.net\/arhiva\/islam-i-globalizacija\/\"},\"wordCount\":834,\"commentCount\":0,\"publisher\":{\"@id\":\"https:\/\/sandzakpress.net\/arhiva\/#\/schema\/person\/6e72b67d6e51910a1117b3b483ba20bd\"},\"image\":{\"@id\":\"https:\/\/sandzakpress.net\/arhiva\/islam-i-globalizacija\/#primaryimage\"},\"thumbnailUrl\":\"https:\/\/sandzakpress.net\/arhiva\/wp-content\/uploads\/2010\/03\/globalizacija1.jpg\",\"articleSection\":[\"Novine\"],\"inLanguage\":\"bs-BA\",\"potentialAction\":[{\"@type\":\"CommentAction\",\"name\":\"Comment\",\"target\":[\"https:\/\/sandzakpress.net\/arhiva\/islam-i-globalizacija\/#respond\"]}]},{\"@type\":\"WebPage\",\"@id\":\"https:\/\/sandzakpress.net\/arhiva\/islam-i-globalizacija\/\",\"url\":\"https:\/\/sandzakpress.net\/arhiva\/islam-i-globalizacija\/\",\"name\":\"Islam i globalizacija\",\"isPartOf\":{\"@id\":\"https:\/\/sandzakpress.net\/arhiva\/#website\"},\"primaryImageOfPage\":{\"@id\":\"https:\/\/sandzakpress.net\/arhiva\/islam-i-globalizacija\/#primaryimage\"},\"image\":{\"@id\":\"https:\/\/sandzakpress.net\/arhiva\/islam-i-globalizacija\/#primaryimage\"},\"thumbnailUrl\":\"https:\/\/sandzakpress.net\/arhiva\/wp-content\/uploads\/2010\/03\/globalizacija1.jpg\",\"datePublished\":\"2010-03-06T23:05:26+00:00\",\"dateModified\":\"2010-03-09T20:35:21+00:00\",\"breadcrumb\":{\"@id\":\"https:\/\/sandzakpress.net\/arhiva\/islam-i-globalizacija\/#breadcrumb\"},\"inLanguage\":\"bs-BA\",\"potentialAction\":[{\"@type\":\"ReadAction\",\"target\":[\"https:\/\/sandzakpress.net\/arhiva\/islam-i-globalizacija\/\"]}]},{\"@type\":\"ImageObject\",\"inLanguage\":\"bs-BA\",\"@id\":\"https:\/\/sandzakpress.net\/arhiva\/islam-i-globalizacija\/#primaryimage\",\"url\":\"https:\/\/sandzakpress.net\/arhiva\/wp-content\/uploads\/2010\/03\/globalizacija1.jpg\",\"contentUrl\":\"https:\/\/sandzakpress.net\/arhiva\/wp-content\/uploads\/2010\/03\/globalizacija1.jpg\",\"width\":616,\"height\":281},{\"@type\":\"BreadcrumbList\",\"@id\":\"https:\/\/sandzakpress.net\/arhiva\/islam-i-globalizacija\/#breadcrumb\",\"itemListElement\":[{\"@type\":\"ListItem\",\"position\":1,\"name\":\"Home\",\"item\":\"https:\/\/sandzakpress.net\/arhiva\/\"},{\"@type\":\"ListItem\",\"position\":2,\"name\":\"Islam i globalizacija\"}]},{\"@type\":\"WebSite\",\"@id\":\"https:\/\/sandzakpress.net\/arhiva\/#website\",\"url\":\"https:\/\/sandzakpress.net\/arhiva\/\",\"name\":\"Sand\u017eak PRESS\",\"description\":\"Prve elektronske novine u Sand\u017eaku\",\"publisher\":{\"@id\":\"https:\/\/sandzakpress.net\/arhiva\/#\/schema\/person\/6e72b67d6e51910a1117b3b483ba20bd\"},\"potentialAction\":[{\"@type\":\"SearchAction\",\"target\":{\"@type\":\"EntryPoint\",\"urlTemplate\":\"https:\/\/sandzakpress.net\/arhiva\/?s={search_term_string}\"},\"query-input\":{\"@type\":\"PropertyValueSpecification\",\"valueRequired\":true,\"valueName\":\"search_term_string\"}}],\"inLanguage\":\"bs-BA\"},{\"@type\":[\"Person\",\"Organization\"],\"@id\":\"https:\/\/sandzakpress.net\/arhiva\/#\/schema\/person\/6e72b67d6e51910a1117b3b483ba20bd\",\"name\":\"Kul\",\"image\":{\"@type\":\"ImageObject\",\"inLanguage\":\"bs-BA\",\"@id\":\"https:\/\/sandzakpress.net\/arhiva\/#\/schema\/person\/image\/\",\"url\":\"https:\/\/secure.gravatar.com\/avatar\/42263f39aa27ac04c43cab85c280eb2e?s=96&d=mm&r=pg\",\"contentUrl\":\"https:\/\/secure.gravatar.com\/avatar\/42263f39aa27ac04c43cab85c280eb2e?s=96&d=mm&r=pg\",\"caption\":\"Kul\"},\"logo\":{\"@id\":\"https:\/\/sandzakpress.net\/arhiva\/#\/schema\/person\/image\/\"}},{\"@type\":\"Person\",\"@id\":\"https:\/\/sandzakpress.net\/arhiva\/#\/schema\/person\/c8baee722073534b583ea7bdb2e36c02\",\"name\":\"bosniak\",\"image\":{\"@type\":\"ImageObject\",\"inLanguage\":\"bs-BA\",\"@id\":\"https:\/\/sandzakpress.net\/arhiva\/#\/schema\/person\/image\/\",\"url\":\"https:\/\/secure.gravatar.com\/avatar\/a04fd330bfe3a36a72a0ad4a6d89fca7?s=96&d=mm&r=pg\",\"contentUrl\":\"https:\/\/secure.gravatar.com\/avatar\/a04fd330bfe3a36a72a0ad4a6d89fca7?s=96&d=mm&r=pg\",\"caption\":\"bosniak\"},\"url\":\"https:\/\/sandzakpress.net\/arhiva\/author\/bosniak\/\"}]}<\/script>\n<!-- \/ Yoast SEO Premium plugin. -->","yoast_head_json":{"title":"Islam i globalizacija","robots":{"index":"index","follow":"follow","max-snippet":"max-snippet:-1","max-image-preview":"max-image-preview:large","max-video-preview":"max-video-preview:-1"},"canonical":"https:\/\/sandzakpress.net\/arhiva\/islam-i-globalizacija\/","og_locale":"bs_BA","og_type":"article","og_title":"Islam i globalizacija","og_description":"Dva su koncepta koja se danas uo\u010davaju u mo\u0107nim medijima, kako Zapada tako i Istoka &#8211; koncept globalizacije i koncept sukoba civilizacija. Ako ne prihvatimo duhovne vrijednosti na\u0161ih religija, kao sastavne dijelove globalizacije, ako ne prihvatimo Boga za Spasitelja, spa\u0161avat \u0107e nas ne znam ko. Islamska misao se kroz povijest susretala sa mnogim tendencijama i [&hellip;]","og_url":"https:\/\/sandzakpress.net\/arhiva\/islam-i-globalizacija\/","og_site_name":"Sand\u017eak PRESS","article_published_time":"2010-03-06T23:05:26+00:00","article_modified_time":"2010-03-09T20:35:21+00:00","og_image":[{"width":616,"height":281,"url":"https:\/\/sandzakpress.net\/arhiva\/wp-content\/uploads\/2010\/03\/globalizacija1.jpg","type":"image\/jpeg"}],"author":"bosniak","twitter_card":"summary_large_image","twitter_misc":{"Written by":"bosniak","Est. reading time":"4 minute"},"schema":{"@context":"https:\/\/schema.org","@graph":[{"@type":"Article","@id":"https:\/\/sandzakpress.net\/arhiva\/islam-i-globalizacija\/#article","isPartOf":{"@id":"https:\/\/sandzakpress.net\/arhiva\/islam-i-globalizacija\/"},"author":{"name":"bosniak","@id":"https:\/\/sandzakpress.net\/arhiva\/#\/schema\/person\/c8baee722073534b583ea7bdb2e36c02"},"headline":"Islam i globalizacija","datePublished":"2010-03-06T23:05:26+00:00","dateModified":"2010-03-09T20:35:21+00:00","mainEntityOfPage":{"@id":"https:\/\/sandzakpress.net\/arhiva\/islam-i-globalizacija\/"},"wordCount":834,"commentCount":0,"publisher":{"@id":"https:\/\/sandzakpress.net\/arhiva\/#\/schema\/person\/6e72b67d6e51910a1117b3b483ba20bd"},"image":{"@id":"https:\/\/sandzakpress.net\/arhiva\/islam-i-globalizacija\/#primaryimage"},"thumbnailUrl":"https:\/\/sandzakpress.net\/arhiva\/wp-content\/uploads\/2010\/03\/globalizacija1.jpg","articleSection":["Novine"],"inLanguage":"bs-BA","potentialAction":[{"@type":"CommentAction","name":"Comment","target":["https:\/\/sandzakpress.net\/arhiva\/islam-i-globalizacija\/#respond"]}]},{"@type":"WebPage","@id":"https:\/\/sandzakpress.net\/arhiva\/islam-i-globalizacija\/","url":"https:\/\/sandzakpress.net\/arhiva\/islam-i-globalizacija\/","name":"Islam i globalizacija","isPartOf":{"@id":"https:\/\/sandzakpress.net\/arhiva\/#website"},"primaryImageOfPage":{"@id":"https:\/\/sandzakpress.net\/arhiva\/islam-i-globalizacija\/#primaryimage"},"image":{"@id":"https:\/\/sandzakpress.net\/arhiva\/islam-i-globalizacija\/#primaryimage"},"thumbnailUrl":"https:\/\/sandzakpress.net\/arhiva\/wp-content\/uploads\/2010\/03\/globalizacija1.jpg","datePublished":"2010-03-06T23:05:26+00:00","dateModified":"2010-03-09T20:35:21+00:00","breadcrumb":{"@id":"https:\/\/sandzakpress.net\/arhiva\/islam-i-globalizacija\/#breadcrumb"},"inLanguage":"bs-BA","potentialAction":[{"@type":"ReadAction","target":["https:\/\/sandzakpress.net\/arhiva\/islam-i-globalizacija\/"]}]},{"@type":"ImageObject","inLanguage":"bs-BA","@id":"https:\/\/sandzakpress.net\/arhiva\/islam-i-globalizacija\/#primaryimage","url":"https:\/\/sandzakpress.net\/arhiva\/wp-content\/uploads\/2010\/03\/globalizacija1.jpg","contentUrl":"https:\/\/sandzakpress.net\/arhiva\/wp-content\/uploads\/2010\/03\/globalizacija1.jpg","width":616,"height":281},{"@type":"BreadcrumbList","@id":"https:\/\/sandzakpress.net\/arhiva\/islam-i-globalizacija\/#breadcrumb","itemListElement":[{"@type":"ListItem","position":1,"name":"Home","item":"https:\/\/sandzakpress.net\/arhiva\/"},{"@type":"ListItem","position":2,"name":"Islam i globalizacija"}]},{"@type":"WebSite","@id":"https:\/\/sandzakpress.net\/arhiva\/#website","url":"https:\/\/sandzakpress.net\/arhiva\/","name":"Sand\u017eak PRESS","description":"Prve elektronske novine u Sand\u017eaku","publisher":{"@id":"https:\/\/sandzakpress.net\/arhiva\/#\/schema\/person\/6e72b67d6e51910a1117b3b483ba20bd"},"potentialAction":[{"@type":"SearchAction","target":{"@type":"EntryPoint","urlTemplate":"https:\/\/sandzakpress.net\/arhiva\/?s={search_term_string}"},"query-input":{"@type":"PropertyValueSpecification","valueRequired":true,"valueName":"search_term_string"}}],"inLanguage":"bs-BA"},{"@type":["Person","Organization"],"@id":"https:\/\/sandzakpress.net\/arhiva\/#\/schema\/person\/6e72b67d6e51910a1117b3b483ba20bd","name":"Kul","image":{"@type":"ImageObject","inLanguage":"bs-BA","@id":"https:\/\/sandzakpress.net\/arhiva\/#\/schema\/person\/image\/","url":"https:\/\/secure.gravatar.com\/avatar\/42263f39aa27ac04c43cab85c280eb2e?s=96&d=mm&r=pg","contentUrl":"https:\/\/secure.gravatar.com\/avatar\/42263f39aa27ac04c43cab85c280eb2e?s=96&d=mm&r=pg","caption":"Kul"},"logo":{"@id":"https:\/\/sandzakpress.net\/arhiva\/#\/schema\/person\/image\/"}},{"@type":"Person","@id":"https:\/\/sandzakpress.net\/arhiva\/#\/schema\/person\/c8baee722073534b583ea7bdb2e36c02","name":"bosniak","image":{"@type":"ImageObject","inLanguage":"bs-BA","@id":"https:\/\/sandzakpress.net\/arhiva\/#\/schema\/person\/image\/","url":"https:\/\/secure.gravatar.com\/avatar\/a04fd330bfe3a36a72a0ad4a6d89fca7?s=96&d=mm&r=pg","contentUrl":"https:\/\/secure.gravatar.com\/avatar\/a04fd330bfe3a36a72a0ad4a6d89fca7?s=96&d=mm&r=pg","caption":"bosniak"},"url":"https:\/\/sandzakpress.net\/arhiva\/author\/bosniak\/"}]}},"_links":{"self":[{"href":"https:\/\/sandzakpress.net\/arhiva\/wp-json\/wp\/v2\/posts\/2531"}],"collection":[{"href":"https:\/\/sandzakpress.net\/arhiva\/wp-json\/wp\/v2\/posts"}],"about":[{"href":"https:\/\/sandzakpress.net\/arhiva\/wp-json\/wp\/v2\/types\/post"}],"author":[{"embeddable":true,"href":"https:\/\/sandzakpress.net\/arhiva\/wp-json\/wp\/v2\/users\/83"}],"replies":[{"embeddable":true,"href":"https:\/\/sandzakpress.net\/arhiva\/wp-json\/wp\/v2\/comments?post=2531"}],"version-history":[{"count":0,"href":"https:\/\/sandzakpress.net\/arhiva\/wp-json\/wp\/v2\/posts\/2531\/revisions"}],"wp:featuredmedia":[{"embeddable":true,"href":"https:\/\/sandzakpress.net\/arhiva\/wp-json\/wp\/v2\/media\/2568"}],"wp:attachment":[{"href":"https:\/\/sandzakpress.net\/arhiva\/wp-json\/wp\/v2\/media?parent=2531"}],"wp:term":[{"taxonomy":"category","embeddable":true,"href":"https:\/\/sandzakpress.net\/arhiva\/wp-json\/wp\/v2\/categories?post=2531"},{"taxonomy":"post_tag","embeddable":true,"href":"https:\/\/sandzakpress.net\/arhiva\/wp-json\/wp\/v2\/tags?post=2531"}],"curies":[{"name":"wp","href":"https:\/\/api.w.org\/{rel}","templated":true}]}}