{"id":25263,"date":"2011-12-01T15:09:41","date_gmt":"2011-12-01T14:09:41","guid":{"rendered":"https:\/\/sandzakpress.net\/arhiva\/?p=25263"},"modified":"2011-12-01T15:09:41","modified_gmt":"2011-12-01T14:09:41","slug":"reisu-l-ulema-na-konferenciji-o-afganistanu","status":"publish","type":"post","link":"https:\/\/sandzakpress.net\/arhiva\/reisu-l-ulema-na-konferenciji-o-afganistanu\/","title":{"rendered":"Reisu-l-ulema na konferenciji o Afganistanu"},"content":{"rendered":"<p><strong><a href=\"https:\/\/sandzakpress.net\/arhiva\/wp-content\/uploads\/2011\/12\/reis-istanbul-11-2011.jpg\"><img loading=\"lazy\" decoding=\"async\" class=\"alignleft size-medium wp-image-25267\" title=\"reis-istanbul-11-2011\" src=\"https:\/\/sandzakpress.net\/arhiva\/wp-content\/uploads\/2011\/12\/reis-istanbul-11-2011-300x225.jpg\" alt=\"\" width=\"300\" height=\"225\" \/><\/a>BiH, Afganistan, Turska &#8211; U organizaciji Ameri\u010dkog instituta za afganistanske studije, Marmara univerziteta, D\u017eord\u017e Mejson univerziteta i Svjetske organizacije za razvoj resursa i edukacije (WORDE), u Istanbulu je odr\u017eana trodnevna konferencija pod naslovom &#8220;Projekat za islamsku suradnju za miroljubivu budu\u0107nost Afganistana&#8221;.<\/strong><\/p>\n<p>Glavni cilj\u00a0 istanbulske konferencije o Afganistanu bio je da spoji ulemu iz Afganistana sa ulemom iz muslimanskog svijeta kako bi razmijenili mi\u0161ljenja i na\u0161li na\u010din izlaska iz za\u010daranog kruga afganistanske krize.<\/p>\n<p>&#8220;Afganistan zalu\u017euje mir i stabilnost nakon svih ovih godina nasilja i patnje. Afganistanska ulema je me\u0111u najpozvanijim da se aktivno uklju\u010di u pronalasku pravog puta do mira i sigurnosti u Afganistanu. Stoga smo pozvali na\u0161u bra\u0107u i prijatelje, ulemu iz muslimanskog svijeta, da pomognu afganistanskoj ulemi u njihovom naporu da na\u0161a djeca imaju mirnu i sigurnu budu\u0107nost u Afganistanu&#8221; &#8211; naglasio je biv\u0161i afganistanski mud\u017eahid dr. Mi'amet Nad\u017eumi, \u010dlan Afganistanskog savjetodavnog odbora &#8220;Projekta za islamsku suradnju za miroljubivu budu\u0107nost Afganistana&#8221;.<\/p>\n<p>U Istanbul je doputovala brojna delegacija ugledne afganistanske uleme iz najudaljenijih d\u017eemata Afganistana da bi sa kolegama iz Turske, Egipta, Indonezije, Jordana, Pakistana i, naravno, Bosne i Hercegovine podijelila brigu i nadu za mir i sigurnost u Afgansitanu.<\/p>\n<p>U uvodnom govoru muftija istanbulski Mustafa \u010cagri\u010di je izrazio dobrodo\u0161licu afganistanskoj ulemi i ponudio svaku pomo\u0107 turske uleme u tra\u017eenju pravog rje\u0161enja za unutarmuslimansko razumijevanje i izvanmuslimansko po\u0161tivanje.<\/p>\n<p>&#8220;Turska ulema ima bogato i korisno iskustvo od jednog stolje\u0107a i spremna se aktivno uklju\u010diti u tra\u017eenju pravog rje\u0161enja za unutarmuslimansko razumijevanje u pravcu mira i sigurnosti u Afganistanu. Ako je Turska danas model za mnoge muslimanske zemlje, onda je to zbog toga \u0161to smo svi mi u Turskoj ulo\u017eili maksimum truda da osiguramo po\u0161tivanje ljudskih prava i demokracije, kao dva temeljna principa, koji nisu u sukobu sa islamom, ve\u0107 naprotiv to su osnovni principi islama, koji nas u\u010di da su prava na \u017eivot, vjeru, slobodu, imetak i \u010dast, prirodna prava svakog \u010dovjeka&#8221; &#8211; naglasio je muftija istanbulski Mustafa \u010cagri\u010di.<\/p>\n<p>U svom polusatnom izlaganju pakistanski alim dr. Muhammed Tahir al-Qadri je o\u0161tro osudio nasilje i jasno poru\u010dio da islam nema nikakve veze sa terorizmom, niti sa pojedincima i grupama koje se pozivaju na islam teroriziraju\u0107i ne samo nemuslimane, ve\u0107 prije svih same muslimane.<\/p>\n<p>&#8220;Mi ulema moramo dignuti svoj glas i suprotstaviti se nasilju onih koji na\u0161 muslimanski ummet sramote i nanose mu ogromnu \u0161tetu. Oni koji govore da im samoubila\u010dki napadi na nevine civile na ulici, u hotelu, restoranu, pa \u010dak i d\u017eamijama, osiguravaju raj i hurije u raju, ja im ka\u017eem da ih umjesto raja i hurija \u010deka velika d\u017eehennemska vatra. Takvi su zlo za na\u0161u zajednicu, za na\u0161 ummet i zato im se moramo suprotstaviti. \u017divot hiljade nevinih ljudi, koje smo mi ulema du\u017eni za\u0161titi svojim stavom, svojom fetvom, svojom jasnom osudom, je va\u017eniji od mog jednog \u017eivota, kojeg mi je Allah darovao i kojeg Allah mo\u017ee uzeti kad ho\u0107e i kako ho\u0107e. Zato nemojmo se bojati tih nasilnika, ve\u0107 se bojmo Allaha i uradimo ono \u0161to je do nas, a to je suprotstavimo se nasilju koje se \u010dini u ime na\u0161e vjere i na\u0161eg ummeta&#8221; &#8211; bio je o\u0161tar i jasan pakistanski alim Muhammed Tahid Al-Qadri na istanbulskoj konferenciji.<\/p>\n<p>Reisu-l-ulema dr. Mustafa Ceri\u0107 je imao dva obra\u0107anja na konferenciji o Afganistanu u Istanbulu o temi: &#8220;Uloga \u017eene u islamskom miru i sigurnosti&#8221; i &#8220;Iskustvo drugih u premo\u0161\u0107ivanju religijskih studija sa modernom znano\u0161\u0107u&#8221;. Na sesiji o prvoj temi govorili su jo\u0161 turska knji\u017eevnica Nazife Sisman i afganistanska aktivistica za ljudska prava Nargis Nehan. Gospo\u0111a Sisman je govorila o potrebi da se \u017eene uklju\u010de u javni \u017eivot i da se ne boje izazova u borbi za svoja prava. &#8220;To su prirodna prava svih nas, koja nam\u00a0 je dragi Allah osigurao i zato ih se ne trebamo odricati&#8221; &#8211; kazala je gospo\u0111a Sisman.<\/p>\n<p>U svom obra\u0107anju gospo\u0111a Nehan je govorila o trenutnom polo\u017eaju afganistanske \u017eene, koji nikako nije dobar i zamolila ulemu da svojim odnosom i stavom pomognu da se \u017eenama u Afganistanu osiguraju osnovna prava, koja im islam garantuje, a to je miran i siguran \u017eivot.<\/p>\n<p>&#8220;Najva\u017enije je da \u017eena u afganistanskom dru\u0161tvu ima pravo na edukaciju i samorealizaciju. Svjesni smo pote\u0161ko\u0107a kroz koje prolazi na\u0161a zemlja, ali to nije razlog da se \u017eenama uskra\u0107uju osnovna prava. Mi se kroz na\u0161e udru\u017eenje &#8220;Jednakost za mir i sigurnost&#8221; borimo za ravnopravan polo\u017eaja \u017eene u Afganistanu i zahvalni smo svima koji nam u tome poma\u017eu, posebno svjesnoj i savjesnoj ulemi, koja ima mnoga na\u010dina da na\u0161e stanje promjeni na bolje, ako Bog da&#8221; &#8211; kazala je gospo\u0111a Nehan.<\/p>\n<p>U svom obra\u0107anju na sesiji &#8220;Uloga \u017eene u islamskom miru i sigurnosti&#8221; reisu-l-ulema dr. Ceri\u0107 je kazao da je po\u010da\u0161\u0107en pozivom da sudjeluje na konferenciji u Istanbulu o Afganistanu, koji je tema svjetskih medija nekoliko zadnjih decenija te izme\u0111u ostalog rekao:<\/p>\n<p><em>&#8211;\u00a0Na prvi poziv da prisustvujem ovoj konferenciji nisam se odzvao, jer nisam znao ko su organizatori. Drago mi je \u0161to sam upoznao organizatore ove konferencije, posebno \u0161to sam se upoznao sa brojnom uglednom ulemom iz Afganistana, kojoj iskazujem posebno po\u0161tovanje i suosje\u0107anje za njihovo zalaganje za mir i sigurnost u Afganistanu. Ne znam \u0161ta je rukovodilo organizatore da meni dodijele ovu ulogu da sjedim u dru\u0161tvu dvije muslimanske aktivistkinje za ljudska prava iz Turske i Afganistana, ali sam sretan \u0161to mi je pripala ova \u010dasti i \u0161to mogu da pred ovom uglednom svjetskom ulemom ka\u017eem svoje mi\u0161ljenje o \u017eeni, na\u0161oj majki, \u017eeni na\u0161oj sestri i \u017eeni na\u0161oj supruzi.<\/em><\/p>\n<p><em>Tu\u017ean sam \u0161to smo se kao muslimani doveli u takvu situaciju da se gotovo na svim konferencijama o ljudskim pravima moramo pravdati svijetu za na\u0161 odnos prema \u017eeni iako se zna da je Allahov Poslanik Muhammed, a.s., ve\u0107 u sedmom stolje\u0107u, kao niko dotada, oslobodio \u017eenu ropstva i osigurao joj ravnopravan polo\u017eaj sa mu\u0161karcem. Zamislite \u0161ta bi se dogodilo da hazreti Hatid\u017ea nije podr\u017eala Muhammeda bin Abdullaha kad joj je saop\u0107io da mu se \u010dudne stvari doga\u0111aju, da \u010duje neki glas koji mu nare\u0111uje da &#8220;\u010cita i u\u010di u ime svog Gospodara&#8221;!? Dakle, zahvaljuju\u0107i \u017eeni, hazreti Hatid\u017ei, prvom muslimanu-muslimanki, Muhammed bin Abdullah je shvatio svoju poslani\u010dku misiju. Ima li ve\u0107e \u010dasti i ugleda od ove Hatid\u017eine \u010dasti i ugleda u povijesti islama!? Dakako da nema!<\/em><\/p>\n<p><em>Nadalje, zar ima ve\u0107eg priznanje od toga da Allah Uzvi\u0161eni spu\u0161ta objavu svom Poslaniku zato \u0161to se jedna \u017eena, poimenice Havla bint Sa'labah, po\u017ealila na svog mu\u017ea koji ju je uvrijedio rekav\u0161i joj: &#8220;Ti si meni kao moja majka&#8221;. Pa kad ni sam Poslanik nije odmah razumio \u017ealbu Havle bint Sa'labah, Allah Uzvi\u0161eni podsje\u0107a Poslanika ovim rije\u010dima: &#8220;Allah je \u010duo govor \u017eene s kojom si vodio raspravu oko njezinog mu\u017ea i koja se zatim Allahu po\u017ealila, jer Allah \u010duje va\u0161u raspravu zato \u0161to On sve \u010duje i sve vidi&#8221; (Kur'an, 58:1). Zar ovaj primjer nije putokaz \u017eeni kako da skrene pa\u017enju na svoja prava i podsjeti one koji je ne slu\u0161aju da ima na\u010dina da je slu\u0161aju, a to je njezin jasan i glasan glas protiv onih koji ne po\u0161tuju njezina prava. Stoga koristim se ovom prilikom da izrazim svoje suosje\u0107anje sa svim djevoj\u010dicama svijeta, posebno sa djevoj\u010dicama Afganistana, kojima je uskra\u0107eno pravo na edukaciju. Oni koji to rade \u010dine grijeh prema Bogu i prema ljudima, jer su ljudi jedini \u017eivi organizam na zemlji koji ne mo\u017ee automatski pre\u017eivjeti, kao \u0161to to mogu \u017eivotinje i biljke, ve\u0107 mora sve u\u010diti i nau\u010diti. Prve rije\u010di Poslaniku Muhammedu, a.s., nisu bile: &#8220;Vjeruj&#8221;, ve\u0107 su bile: &#8220;\u010citaj i u\u010di u ime tvog Gospodara&#8221;, pa, stoga, oni koji brane \u017eenskoj djeci da \u010ditaju i u\u010de, oni uskra\u0107uju osnovno pravo \u017eivom ljudskom bi\u0107u da &#8220;\u010dita i u\u010di&#8221; kako \u017eivjeti i pre\u017eivjeti na ovom svijetu, \u0161to je ravno zlo\u010dinu protiv \u010dovje\u010dnosti.<\/em><\/p>\n<p><em>Pozivam, stoga, ulemu, posebno ulemu u Afganistanu, da \u0161tite prava \u017eene i da se pobrinu da se i \u017eenska djeca obrazuju te da vlastitim primjerom poka\u017eu veli\u010dinu islama u promociji odgoja i obrazovanja mlade\u017ei, i mu\u0161ke i \u017eenske. No, uva\u017eavaju\u0107i brigu i pomo\u0107 nas mu\u0161karaca, ja bih savjetovao \u017eenama da se same bore za svoja prava, jer nisam siguran da \u0107e ih imati ako budu \u010dekale na\u0161u mu\u0161ku milost <\/em>&#8211; zaklju\u010dio je reisu-l-ulema Ceri\u0107 svoje izlaganje na konferenciji o Afganistanu u Istanbulu.<\/p>\n<p>Izvor: <strong>MINA<\/strong><\/p>\n","protected":false},"excerpt":{"rendered":"<p>BiH, Afganistan, Turska &#8211; U organizaciji Ameri\u010dkog instituta za afganistanske studije, Marmara univerziteta, D\u017eord\u017e Mejson univerziteta i Svjetske organizacije za razvoj resursa i edukacije (WORDE), u Istanbulu je odr\u017eana trodnevna konferencija pod naslovom &#8220;Projekat za islamsku suradnju za miroljubivu budu\u0107nost Afganistana&#8221;. Glavni cilj\u00a0 istanbulske konferencije o Afganistanu bio je da spoji ulemu iz Afganistana sa [&hellip;]<\/p>\n","protected":false},"author":14,"featured_media":25267,"comment_status":"open","ping_status":"open","sticky":false,"template":"","format":"standard","meta":{"footnotes":""},"categories":[72,2860,802,2692],"tags":[],"class_list":{"0":"post-25263","1":"post","2":"type-post","3":"status-publish","4":"format-standard","5":"has-post-thumbnail","7":"category-novi-pazar","8":"category-bosna-i-hercegovina-gradovi","9":"category-islamska_zajednica","10":"category-turska-gradovi"},"yoast_head":"<!-- This site is optimized with the Yoast SEO Premium plugin v23.1 (Yoast SEO v24.9) - https:\/\/yoast.com\/wordpress\/plugins\/seo\/ -->\n<title>Reisu-l-ulema na konferenciji o Afganistanu<\/title>\n<meta name=\"robots\" content=\"index, follow, max-snippet:-1, max-image-preview:large, max-video-preview:-1\" \/>\n<link rel=\"canonical\" href=\"https:\/\/sandzakpress.net\/arhiva\/reisu-l-ulema-na-konferenciji-o-afganistanu\/\" \/>\n<meta property=\"og:locale\" content=\"bs_BA\" \/>\n<meta property=\"og:type\" content=\"article\" \/>\n<meta property=\"og:title\" content=\"Reisu-l-ulema na konferenciji o Afganistanu\" \/>\n<meta property=\"og:description\" content=\"BiH, Afganistan, Turska &#8211; U organizaciji Ameri\u010dkog instituta za afganistanske studije, Marmara univerziteta, D\u017eord\u017e Mejson univerziteta i Svjetske organizacije za razvoj resursa i edukacije (WORDE), u Istanbulu je odr\u017eana trodnevna konferencija pod naslovom &#8220;Projekat za islamsku suradnju za miroljubivu budu\u0107nost Afganistana&#8221;. Glavni cilj\u00a0 istanbulske konferencije o Afganistanu bio je da spoji ulemu iz Afganistana sa [&hellip;]\" \/>\n<meta property=\"og:url\" content=\"https:\/\/sandzakpress.net\/arhiva\/reisu-l-ulema-na-konferenciji-o-afganistanu\/\" \/>\n<meta property=\"og:site_name\" content=\"Sand\u017eak PRESS\" \/>\n<meta property=\"article:published_time\" content=\"2011-12-01T14:09:41+00:00\" \/>\n<meta property=\"og:image\" content=\"https:\/\/sandzakpress.net\/arhiva\/wp-content\/uploads\/2011\/12\/reis-istanbul-11-2011.jpg\" \/>\n\t<meta property=\"og:image:width\" content=\"500\" \/>\n\t<meta property=\"og:image:height\" content=\"375\" \/>\n\t<meta property=\"og:image:type\" content=\"image\/jpeg\" \/>\n<meta name=\"twitter:card\" content=\"summary_large_image\" \/>\n<meta name=\"twitter:label1\" content=\"Written by\" \/>\n\t<meta name=\"twitter:data1\" content=\"\" \/>\n\t<meta name=\"twitter:label2\" content=\"Est. reading time\" \/>\n\t<meta name=\"twitter:data2\" content=\"7 minuta\" \/>\n<script type=\"application\/ld+json\" class=\"yoast-schema-graph\">{\"@context\":\"https:\/\/schema.org\",\"@graph\":[{\"@type\":\"Article\",\"@id\":\"https:\/\/sandzakpress.net\/arhiva\/reisu-l-ulema-na-konferenciji-o-afganistanu\/#article\",\"isPartOf\":{\"@id\":\"https:\/\/sandzakpress.net\/arhiva\/reisu-l-ulema-na-konferenciji-o-afganistanu\/\"},\"author\":{\"name\":\"\",\"@id\":\"\"},\"headline\":\"Reisu-l-ulema na konferenciji o Afganistanu\",\"datePublished\":\"2011-12-01T14:09:41+00:00\",\"mainEntityOfPage\":{\"@id\":\"https:\/\/sandzakpress.net\/arhiva\/reisu-l-ulema-na-konferenciji-o-afganistanu\/\"},\"wordCount\":1503,\"commentCount\":0,\"publisher\":{\"@id\":\"https:\/\/sandzakpress.net\/arhiva\/#\/schema\/person\/6e72b67d6e51910a1117b3b483ba20bd\"},\"image\":{\"@id\":\"https:\/\/sandzakpress.net\/arhiva\/reisu-l-ulema-na-konferenciji-o-afganistanu\/#primaryimage\"},\"thumbnailUrl\":\"https:\/\/sandzakpress.net\/arhiva\/wp-content\/uploads\/2011\/12\/reis-istanbul-11-2011.jpg\",\"articleSection\":[\"Novi Pazar\",\"Bosna i Hercegovina\",\"Islamska zajednica\",\"Turska\"],\"inLanguage\":\"bs-BA\",\"potentialAction\":[{\"@type\":\"CommentAction\",\"name\":\"Comment\",\"target\":[\"https:\/\/sandzakpress.net\/arhiva\/reisu-l-ulema-na-konferenciji-o-afganistanu\/#respond\"]}]},{\"@type\":\"WebPage\",\"@id\":\"https:\/\/sandzakpress.net\/arhiva\/reisu-l-ulema-na-konferenciji-o-afganistanu\/\",\"url\":\"https:\/\/sandzakpress.net\/arhiva\/reisu-l-ulema-na-konferenciji-o-afganistanu\/\",\"name\":\"Reisu-l-ulema na konferenciji o Afganistanu\",\"isPartOf\":{\"@id\":\"https:\/\/sandzakpress.net\/arhiva\/#website\"},\"primaryImageOfPage\":{\"@id\":\"https:\/\/sandzakpress.net\/arhiva\/reisu-l-ulema-na-konferenciji-o-afganistanu\/#primaryimage\"},\"image\":{\"@id\":\"https:\/\/sandzakpress.net\/arhiva\/reisu-l-ulema-na-konferenciji-o-afganistanu\/#primaryimage\"},\"thumbnailUrl\":\"https:\/\/sandzakpress.net\/arhiva\/wp-content\/uploads\/2011\/12\/reis-istanbul-11-2011.jpg\",\"datePublished\":\"2011-12-01T14:09:41+00:00\",\"breadcrumb\":{\"@id\":\"https:\/\/sandzakpress.net\/arhiva\/reisu-l-ulema-na-konferenciji-o-afganistanu\/#breadcrumb\"},\"inLanguage\":\"bs-BA\",\"potentialAction\":[{\"@type\":\"ReadAction\",\"target\":[\"https:\/\/sandzakpress.net\/arhiva\/reisu-l-ulema-na-konferenciji-o-afganistanu\/\"]}]},{\"@type\":\"ImageObject\",\"inLanguage\":\"bs-BA\",\"@id\":\"https:\/\/sandzakpress.net\/arhiva\/reisu-l-ulema-na-konferenciji-o-afganistanu\/#primaryimage\",\"url\":\"https:\/\/sandzakpress.net\/arhiva\/wp-content\/uploads\/2011\/12\/reis-istanbul-11-2011.jpg\",\"contentUrl\":\"https:\/\/sandzakpress.net\/arhiva\/wp-content\/uploads\/2011\/12\/reis-istanbul-11-2011.jpg\",\"width\":500,\"height\":375},{\"@type\":\"BreadcrumbList\",\"@id\":\"https:\/\/sandzakpress.net\/arhiva\/reisu-l-ulema-na-konferenciji-o-afganistanu\/#breadcrumb\",\"itemListElement\":[{\"@type\":\"ListItem\",\"position\":1,\"name\":\"Home\",\"item\":\"https:\/\/sandzakpress.net\/arhiva\/\"},{\"@type\":\"ListItem\",\"position\":2,\"name\":\"Reisu-l-ulema na konferenciji o Afganistanu\"}]},{\"@type\":\"WebSite\",\"@id\":\"https:\/\/sandzakpress.net\/arhiva\/#website\",\"url\":\"https:\/\/sandzakpress.net\/arhiva\/\",\"name\":\"Sand\u017eak PRESS\",\"description\":\"Prve elektronske novine u Sand\u017eaku\",\"publisher\":{\"@id\":\"https:\/\/sandzakpress.net\/arhiva\/#\/schema\/person\/6e72b67d6e51910a1117b3b483ba20bd\"},\"potentialAction\":[{\"@type\":\"SearchAction\",\"target\":{\"@type\":\"EntryPoint\",\"urlTemplate\":\"https:\/\/sandzakpress.net\/arhiva\/?s={search_term_string}\"},\"query-input\":{\"@type\":\"PropertyValueSpecification\",\"valueRequired\":true,\"valueName\":\"search_term_string\"}}],\"inLanguage\":\"bs-BA\"},{\"@type\":[\"Person\",\"Organization\"],\"@id\":\"https:\/\/sandzakpress.net\/arhiva\/#\/schema\/person\/6e72b67d6e51910a1117b3b483ba20bd\",\"name\":\"Kul\",\"image\":{\"@type\":\"ImageObject\",\"inLanguage\":\"bs-BA\",\"@id\":\"https:\/\/sandzakpress.net\/arhiva\/#\/schema\/person\/image\/\",\"url\":\"https:\/\/secure.gravatar.com\/avatar\/42263f39aa27ac04c43cab85c280eb2e?s=96&d=mm&r=pg\",\"contentUrl\":\"https:\/\/secure.gravatar.com\/avatar\/42263f39aa27ac04c43cab85c280eb2e?s=96&d=mm&r=pg\",\"caption\":\"Kul\"},\"logo\":{\"@id\":\"https:\/\/sandzakpress.net\/arhiva\/#\/schema\/person\/image\/\"}},{\"@type\":\"Person\",\"@id\":\"\",\"url\":\"https:\/\/sandzakpress.net\/arhiva\/author\/\"}]}<\/script>\n<!-- \/ Yoast SEO Premium plugin. -->","yoast_head_json":{"title":"Reisu-l-ulema na konferenciji o Afganistanu","robots":{"index":"index","follow":"follow","max-snippet":"max-snippet:-1","max-image-preview":"max-image-preview:large","max-video-preview":"max-video-preview:-1"},"canonical":"https:\/\/sandzakpress.net\/arhiva\/reisu-l-ulema-na-konferenciji-o-afganistanu\/","og_locale":"bs_BA","og_type":"article","og_title":"Reisu-l-ulema na konferenciji o Afganistanu","og_description":"BiH, Afganistan, Turska &#8211; U organizaciji Ameri\u010dkog instituta za afganistanske studije, Marmara univerziteta, D\u017eord\u017e Mejson univerziteta i Svjetske organizacije za razvoj resursa i edukacije (WORDE), u Istanbulu je odr\u017eana trodnevna konferencija pod naslovom &#8220;Projekat za islamsku suradnju za miroljubivu budu\u0107nost Afganistana&#8221;. Glavni cilj\u00a0 istanbulske konferencije o Afganistanu bio je da spoji ulemu iz Afganistana sa [&hellip;]","og_url":"https:\/\/sandzakpress.net\/arhiva\/reisu-l-ulema-na-konferenciji-o-afganistanu\/","og_site_name":"Sand\u017eak PRESS","article_published_time":"2011-12-01T14:09:41+00:00","og_image":[{"width":500,"height":375,"url":"https:\/\/sandzakpress.net\/arhiva\/wp-content\/uploads\/2011\/12\/reis-istanbul-11-2011.jpg","type":"image\/jpeg"}],"twitter_card":"summary_large_image","twitter_misc":{"Written by":"","Est. reading time":"7 minuta"},"schema":{"@context":"https:\/\/schema.org","@graph":[{"@type":"Article","@id":"https:\/\/sandzakpress.net\/arhiva\/reisu-l-ulema-na-konferenciji-o-afganistanu\/#article","isPartOf":{"@id":"https:\/\/sandzakpress.net\/arhiva\/reisu-l-ulema-na-konferenciji-o-afganistanu\/"},"author":{"name":"","@id":""},"headline":"Reisu-l-ulema na konferenciji o Afganistanu","datePublished":"2011-12-01T14:09:41+00:00","mainEntityOfPage":{"@id":"https:\/\/sandzakpress.net\/arhiva\/reisu-l-ulema-na-konferenciji-o-afganistanu\/"},"wordCount":1503,"commentCount":0,"publisher":{"@id":"https:\/\/sandzakpress.net\/arhiva\/#\/schema\/person\/6e72b67d6e51910a1117b3b483ba20bd"},"image":{"@id":"https:\/\/sandzakpress.net\/arhiva\/reisu-l-ulema-na-konferenciji-o-afganistanu\/#primaryimage"},"thumbnailUrl":"https:\/\/sandzakpress.net\/arhiva\/wp-content\/uploads\/2011\/12\/reis-istanbul-11-2011.jpg","articleSection":["Novi Pazar","Bosna i Hercegovina","Islamska zajednica","Turska"],"inLanguage":"bs-BA","potentialAction":[{"@type":"CommentAction","name":"Comment","target":["https:\/\/sandzakpress.net\/arhiva\/reisu-l-ulema-na-konferenciji-o-afganistanu\/#respond"]}]},{"@type":"WebPage","@id":"https:\/\/sandzakpress.net\/arhiva\/reisu-l-ulema-na-konferenciji-o-afganistanu\/","url":"https:\/\/sandzakpress.net\/arhiva\/reisu-l-ulema-na-konferenciji-o-afganistanu\/","name":"Reisu-l-ulema na konferenciji o Afganistanu","isPartOf":{"@id":"https:\/\/sandzakpress.net\/arhiva\/#website"},"primaryImageOfPage":{"@id":"https:\/\/sandzakpress.net\/arhiva\/reisu-l-ulema-na-konferenciji-o-afganistanu\/#primaryimage"},"image":{"@id":"https:\/\/sandzakpress.net\/arhiva\/reisu-l-ulema-na-konferenciji-o-afganistanu\/#primaryimage"},"thumbnailUrl":"https:\/\/sandzakpress.net\/arhiva\/wp-content\/uploads\/2011\/12\/reis-istanbul-11-2011.jpg","datePublished":"2011-12-01T14:09:41+00:00","breadcrumb":{"@id":"https:\/\/sandzakpress.net\/arhiva\/reisu-l-ulema-na-konferenciji-o-afganistanu\/#breadcrumb"},"inLanguage":"bs-BA","potentialAction":[{"@type":"ReadAction","target":["https:\/\/sandzakpress.net\/arhiva\/reisu-l-ulema-na-konferenciji-o-afganistanu\/"]}]},{"@type":"ImageObject","inLanguage":"bs-BA","@id":"https:\/\/sandzakpress.net\/arhiva\/reisu-l-ulema-na-konferenciji-o-afganistanu\/#primaryimage","url":"https:\/\/sandzakpress.net\/arhiva\/wp-content\/uploads\/2011\/12\/reis-istanbul-11-2011.jpg","contentUrl":"https:\/\/sandzakpress.net\/arhiva\/wp-content\/uploads\/2011\/12\/reis-istanbul-11-2011.jpg","width":500,"height":375},{"@type":"BreadcrumbList","@id":"https:\/\/sandzakpress.net\/arhiva\/reisu-l-ulema-na-konferenciji-o-afganistanu\/#breadcrumb","itemListElement":[{"@type":"ListItem","position":1,"name":"Home","item":"https:\/\/sandzakpress.net\/arhiva\/"},{"@type":"ListItem","position":2,"name":"Reisu-l-ulema na konferenciji o Afganistanu"}]},{"@type":"WebSite","@id":"https:\/\/sandzakpress.net\/arhiva\/#website","url":"https:\/\/sandzakpress.net\/arhiva\/","name":"Sand\u017eak PRESS","description":"Prve elektronske novine u Sand\u017eaku","publisher":{"@id":"https:\/\/sandzakpress.net\/arhiva\/#\/schema\/person\/6e72b67d6e51910a1117b3b483ba20bd"},"potentialAction":[{"@type":"SearchAction","target":{"@type":"EntryPoint","urlTemplate":"https:\/\/sandzakpress.net\/arhiva\/?s={search_term_string}"},"query-input":{"@type":"PropertyValueSpecification","valueRequired":true,"valueName":"search_term_string"}}],"inLanguage":"bs-BA"},{"@type":["Person","Organization"],"@id":"https:\/\/sandzakpress.net\/arhiva\/#\/schema\/person\/6e72b67d6e51910a1117b3b483ba20bd","name":"Kul","image":{"@type":"ImageObject","inLanguage":"bs-BA","@id":"https:\/\/sandzakpress.net\/arhiva\/#\/schema\/person\/image\/","url":"https:\/\/secure.gravatar.com\/avatar\/42263f39aa27ac04c43cab85c280eb2e?s=96&d=mm&r=pg","contentUrl":"https:\/\/secure.gravatar.com\/avatar\/42263f39aa27ac04c43cab85c280eb2e?s=96&d=mm&r=pg","caption":"Kul"},"logo":{"@id":"https:\/\/sandzakpress.net\/arhiva\/#\/schema\/person\/image\/"}},{"@type":"Person","@id":"","url":"https:\/\/sandzakpress.net\/arhiva\/author\/"}]}},"_links":{"self":[{"href":"https:\/\/sandzakpress.net\/arhiva\/wp-json\/wp\/v2\/posts\/25263"}],"collection":[{"href":"https:\/\/sandzakpress.net\/arhiva\/wp-json\/wp\/v2\/posts"}],"about":[{"href":"https:\/\/sandzakpress.net\/arhiva\/wp-json\/wp\/v2\/types\/post"}],"author":[{"embeddable":true,"href":"https:\/\/sandzakpress.net\/arhiva\/wp-json\/wp\/v2\/users\/14"}],"replies":[{"embeddable":true,"href":"https:\/\/sandzakpress.net\/arhiva\/wp-json\/wp\/v2\/comments?post=25263"}],"version-history":[{"count":0,"href":"https:\/\/sandzakpress.net\/arhiva\/wp-json\/wp\/v2\/posts\/25263\/revisions"}],"wp:featuredmedia":[{"embeddable":true,"href":"https:\/\/sandzakpress.net\/arhiva\/wp-json\/wp\/v2\/media\/25267"}],"wp:attachment":[{"href":"https:\/\/sandzakpress.net\/arhiva\/wp-json\/wp\/v2\/media?parent=25263"}],"wp:term":[{"taxonomy":"category","embeddable":true,"href":"https:\/\/sandzakpress.net\/arhiva\/wp-json\/wp\/v2\/categories?post=25263"},{"taxonomy":"post_tag","embeddable":true,"href":"https:\/\/sandzakpress.net\/arhiva\/wp-json\/wp\/v2\/tags?post=25263"}],"curies":[{"name":"wp","href":"https:\/\/api.w.org\/{rel}","templated":true}]}}