{"id":25247,"date":"2011-12-01T14:53:23","date_gmt":"2011-12-01T13:53:23","guid":{"rendered":"https:\/\/sandzakpress.net\/arhiva\/?p=25247"},"modified":"2011-12-01T14:53:23","modified_gmt":"2011-12-01T13:53:23","slug":"pljevlja-u-toku-akcija-solidarnost-na-djelu","status":"publish","type":"post","link":"https:\/\/sandzakpress.net\/arhiva\/pljevlja-u-toku-akcija-solidarnost-na-djelu\/","title":{"rendered":"Pljevlja: U toku akcija Solidarnost na djelu"},"content":{"rendered":"<p><strong><a href=\"https:\/\/sandzakpress.net\/arhiva\/wp-content\/uploads\/2011\/12\/2011-11-30-pljevlja-solidar-300x194.jpg\"><img loading=\"lazy\" decoding=\"async\" class=\"alignleft size-full wp-image-25248\" title=\"2011-11-30-pljevlja-solidar-300x194\" src=\"https:\/\/sandzakpress.net\/arhiva\/wp-content\/uploads\/2011\/12\/2011-11-30-pljevlja-solidar-300x194.jpg\" alt=\"\" width=\"300\" height=\"194\" \/><\/a>Pljevlja &#8211; Dane Crvenog krsta Crne Gore, u  op\u0107inskoj organizaciji Crvenog krsta Pljevlja obilje\u017eavaju sabirnom  akcijom pod nazivom \u201eSolidarnost na djelu\u201c, a pod geslom \u201eVa\u0161e malo,  nekome puno\u201c.<\/strong><\/p>\n<p>Volonteri ove organizacije ovih dana  intenzivirali su obilazak mjesnih zajednica i prikupili dio nov\u010dane  pomo\u0107i, a u organizaciji se nadaju da \u0107e do 6. decembra, do kada traje  sabirna akcija, uspjeti da sakupe nov\u010dani iznos kojim \u0107e obezbijediti  pomo\u0107 u namirnicama za oko pedeset porodica i izvr\u0161iti raspodjelu za one  koji do sada nisu dobili pomo\u0107 od Centra za socijalni rad, Crvenog  krsta i op\u0107ine.<\/p>\n<p>&#8211; Solidarnost u na\u0161em gradu je uvijek  bila izra\u017eena. Me\u0111utim, kriza je u\u010dinila svoje, pa ljudi vi\u0161e nisu  toliko u mogu\u0107nosti da pomognu. Sve u svemu, mo\u017eemo biti djelimi\u010dno  zadovoljni do sada postignutim rezultatima ove akcije, mada smo vi\u0161e  o\u010dekivali od preduze\u0107a i ustanova \u2013 rekao je \u017deljko Mini\u0107 sekretar  op\u0161tinske organizacije Crvenog krsta.<\/p>\n<p>Po njegovim rije\u010dima, sve je ve\u0107i broj  onih koji tra\u017ee pomo\u0107 Crvenog krsta, ali im se te\u0161ko izlazi u susret,  mada je unazad dvije do tri godine organizacija imala dovoljno namirnica  da u svakom momentu svakome pomogne.<\/p>\n<p>&#8211;\u00a0 Ova godina je bila izuzetno te\u0161ka i  jedva \u010dekamo kraj ove akcije kako bi mogli podmiriti bar minimum potreba  korisnika \u2013 rekao je Mini\u0107.<\/p>\n<p>Ono na \u0161ta su ponosni u op\u0161tinskoj  organizaciji Crvenog krsta Pljevlja je sve ve\u0107i broj mladih volontera, a  trenutno njih dvadeset radi program brige o starima koji se sprovodi  preko austrijske organizacije Crvenog krsta i austrijske Agencije za  razvoj.<\/p>\n<p>&#8211; Ukoliko nam op\u0107ina postane partner  oko finansiranja i nastavka\u00a0 ovog programa, na\u0161a organizacija bi\u0107e  jedina u Crnoj Gori koja \u0107e ga i u naredne tri godine nastaviti.  Planiramo i poku\u0161a\u0107emo da program pro\u0161irimo i na seosko podru\u010dje, mada  organizacija djeluje na podru\u010dju cijele op\u0107ine i uvijek se trudimo da  svima pomognemo \u2013 kazao je Mini\u0107<\/p>\n<p>Sabirna akcija \u201eSolidarnost na djelu\u201c bi\u0107e produ\u017eena jo\u0161 nekoliko nedelja i potraja\u0107e sve do kraja decembra.<\/p>\n<div>\nIzvor: <strong>Pobjeda.me<\/strong><\/div>\n","protected":false},"excerpt":{"rendered":"<p>Pljevlja &#8211; Dane Crvenog krsta Crne Gore, u op\u0107inskoj organizaciji Crvenog krsta Pljevlja obilje\u017eavaju sabirnom akcijom pod nazivom \u201eSolidarnost na djelu\u201c, a pod geslom \u201eVa\u0161e malo, nekome puno\u201c. Volonteri ove organizacije ovih dana intenzivirali su obilazak mjesnih zajednica i prikupili dio nov\u010dane pomo\u0107i, a u organizaciji se nadaju da \u0107e do 6. decembra, do kada [&hellip;]<\/p>\n","protected":false},"author":13,"featured_media":25248,"comment_status":"open","ping_status":"open","sticky":false,"template":"","format":"standard","meta":{"footnotes":""},"categories":[395,5],"tags":[],"class_list":{"0":"post-25247","1":"post","2":"type-post","3":"status-publish","4":"format-standard","5":"has-post-thumbnail","7":"category-pljevlja_","8":"category-drustvo"},"yoast_head":"<!-- This site is optimized with the Yoast SEO Premium plugin v23.1 (Yoast SEO v24.9) - https:\/\/yoast.com\/wordpress\/plugins\/seo\/ -->\n<title>Pljevlja: U toku akcija Solidarnost na djelu<\/title>\n<meta name=\"robots\" content=\"index, follow, max-snippet:-1, max-image-preview:large, max-video-preview:-1\" \/>\n<link rel=\"canonical\" href=\"https:\/\/sandzakpress.net\/arhiva\/pljevlja-u-toku-akcija-solidarnost-na-djelu\/\" \/>\n<meta property=\"og:locale\" content=\"bs_BA\" \/>\n<meta property=\"og:type\" content=\"article\" \/>\n<meta property=\"og:title\" content=\"Pljevlja: U toku akcija Solidarnost na djelu\" \/>\n<meta property=\"og:description\" content=\"Pljevlja &#8211; Dane Crvenog krsta Crne Gore, u op\u0107inskoj organizaciji Crvenog krsta Pljevlja obilje\u017eavaju sabirnom akcijom pod nazivom \u201eSolidarnost na djelu\u201c, a pod geslom \u201eVa\u0161e malo, nekome puno\u201c. Volonteri ove organizacije ovih dana intenzivirali su obilazak mjesnih zajednica i prikupili dio nov\u010dane pomo\u0107i, a u organizaciji se nadaju da \u0107e do 6. decembra, do kada [&hellip;]\" \/>\n<meta property=\"og:url\" content=\"https:\/\/sandzakpress.net\/arhiva\/pljevlja-u-toku-akcija-solidarnost-na-djelu\/\" \/>\n<meta property=\"og:site_name\" content=\"Sand\u017eak PRESS\" \/>\n<meta property=\"article:published_time\" content=\"2011-12-01T13:53:23+00:00\" \/>\n<meta property=\"og:image\" content=\"https:\/\/sandzakpress.net\/arhiva\/wp-content\/uploads\/2011\/12\/2011-11-30-pljevlja-solidar-300x194.jpg\" \/>\n\t<meta property=\"og:image:width\" content=\"300\" \/>\n\t<meta property=\"og:image:height\" content=\"194\" \/>\n\t<meta property=\"og:image:type\" content=\"image\/jpeg\" \/>\n<meta name=\"twitter:card\" content=\"summary_large_image\" \/>\n<meta name=\"twitter:label1\" content=\"Written by\" \/>\n\t<meta name=\"twitter:data1\" content=\"\" \/>\n\t<meta name=\"twitter:label2\" content=\"Est. reading time\" \/>\n\t<meta name=\"twitter:data2\" content=\"2 minute\" \/>\n<script type=\"application\/ld+json\" class=\"yoast-schema-graph\">{\"@context\":\"https:\/\/schema.org\",\"@graph\":[{\"@type\":\"Article\",\"@id\":\"https:\/\/sandzakpress.net\/arhiva\/pljevlja-u-toku-akcija-solidarnost-na-djelu\/#article\",\"isPartOf\":{\"@id\":\"https:\/\/sandzakpress.net\/arhiva\/pljevlja-u-toku-akcija-solidarnost-na-djelu\/\"},\"author\":{\"name\":\"\",\"@id\":\"\"},\"headline\":\"Pljevlja: U toku akcija Solidarnost na djelu\",\"datePublished\":\"2011-12-01T13:53:23+00:00\",\"mainEntityOfPage\":{\"@id\":\"https:\/\/sandzakpress.net\/arhiva\/pljevlja-u-toku-akcija-solidarnost-na-djelu\/\"},\"wordCount\":365,\"commentCount\":0,\"publisher\":{\"@id\":\"https:\/\/sandzakpress.net\/arhiva\/#\/schema\/person\/6e72b67d6e51910a1117b3b483ba20bd\"},\"image\":{\"@id\":\"https:\/\/sandzakpress.net\/arhiva\/pljevlja-u-toku-akcija-solidarnost-na-djelu\/#primaryimage\"},\"thumbnailUrl\":\"https:\/\/sandzakpress.net\/arhiva\/wp-content\/uploads\/2011\/12\/2011-11-30-pljevlja-solidar-300x194.jpg\",\"articleSection\":[\"Pljevlja\",\"Dru\u0161tvo\"],\"inLanguage\":\"bs-BA\",\"potentialAction\":[{\"@type\":\"CommentAction\",\"name\":\"Comment\",\"target\":[\"https:\/\/sandzakpress.net\/arhiva\/pljevlja-u-toku-akcija-solidarnost-na-djelu\/#respond\"]}]},{\"@type\":\"WebPage\",\"@id\":\"https:\/\/sandzakpress.net\/arhiva\/pljevlja-u-toku-akcija-solidarnost-na-djelu\/\",\"url\":\"https:\/\/sandzakpress.net\/arhiva\/pljevlja-u-toku-akcija-solidarnost-na-djelu\/\",\"name\":\"Pljevlja: U toku akcija Solidarnost na djelu\",\"isPartOf\":{\"@id\":\"https:\/\/sandzakpress.net\/arhiva\/#website\"},\"primaryImageOfPage\":{\"@id\":\"https:\/\/sandzakpress.net\/arhiva\/pljevlja-u-toku-akcija-solidarnost-na-djelu\/#primaryimage\"},\"image\":{\"@id\":\"https:\/\/sandzakpress.net\/arhiva\/pljevlja-u-toku-akcija-solidarnost-na-djelu\/#primaryimage\"},\"thumbnailUrl\":\"https:\/\/sandzakpress.net\/arhiva\/wp-content\/uploads\/2011\/12\/2011-11-30-pljevlja-solidar-300x194.jpg\",\"datePublished\":\"2011-12-01T13:53:23+00:00\",\"breadcrumb\":{\"@id\":\"https:\/\/sandzakpress.net\/arhiva\/pljevlja-u-toku-akcija-solidarnost-na-djelu\/#breadcrumb\"},\"inLanguage\":\"bs-BA\",\"potentialAction\":[{\"@type\":\"ReadAction\",\"target\":[\"https:\/\/sandzakpress.net\/arhiva\/pljevlja-u-toku-akcija-solidarnost-na-djelu\/\"]}]},{\"@type\":\"ImageObject\",\"inLanguage\":\"bs-BA\",\"@id\":\"https:\/\/sandzakpress.net\/arhiva\/pljevlja-u-toku-akcija-solidarnost-na-djelu\/#primaryimage\",\"url\":\"https:\/\/sandzakpress.net\/arhiva\/wp-content\/uploads\/2011\/12\/2011-11-30-pljevlja-solidar-300x194.jpg\",\"contentUrl\":\"https:\/\/sandzakpress.net\/arhiva\/wp-content\/uploads\/2011\/12\/2011-11-30-pljevlja-solidar-300x194.jpg\",\"width\":300,\"height\":194},{\"@type\":\"BreadcrumbList\",\"@id\":\"https:\/\/sandzakpress.net\/arhiva\/pljevlja-u-toku-akcija-solidarnost-na-djelu\/#breadcrumb\",\"itemListElement\":[{\"@type\":\"ListItem\",\"position\":1,\"name\":\"Home\",\"item\":\"https:\/\/sandzakpress.net\/arhiva\/\"},{\"@type\":\"ListItem\",\"position\":2,\"name\":\"Pljevlja: U toku akcija Solidarnost na djelu\"}]},{\"@type\":\"WebSite\",\"@id\":\"https:\/\/sandzakpress.net\/arhiva\/#website\",\"url\":\"https:\/\/sandzakpress.net\/arhiva\/\",\"name\":\"Sand\u017eak PRESS\",\"description\":\"Prve elektronske novine u Sand\u017eaku\",\"publisher\":{\"@id\":\"https:\/\/sandzakpress.net\/arhiva\/#\/schema\/person\/6e72b67d6e51910a1117b3b483ba20bd\"},\"potentialAction\":[{\"@type\":\"SearchAction\",\"target\":{\"@type\":\"EntryPoint\",\"urlTemplate\":\"https:\/\/sandzakpress.net\/arhiva\/?s={search_term_string}\"},\"query-input\":{\"@type\":\"PropertyValueSpecification\",\"valueRequired\":true,\"valueName\":\"search_term_string\"}}],\"inLanguage\":\"bs-BA\"},{\"@type\":[\"Person\",\"Organization\"],\"@id\":\"https:\/\/sandzakpress.net\/arhiva\/#\/schema\/person\/6e72b67d6e51910a1117b3b483ba20bd\",\"name\":\"Kul\",\"image\":{\"@type\":\"ImageObject\",\"inLanguage\":\"bs-BA\",\"@id\":\"https:\/\/sandzakpress.net\/arhiva\/#\/schema\/person\/image\/\",\"url\":\"https:\/\/secure.gravatar.com\/avatar\/42263f39aa27ac04c43cab85c280eb2e?s=96&d=mm&r=pg\",\"contentUrl\":\"https:\/\/secure.gravatar.com\/avatar\/42263f39aa27ac04c43cab85c280eb2e?s=96&d=mm&r=pg\",\"caption\":\"Kul\"},\"logo\":{\"@id\":\"https:\/\/sandzakpress.net\/arhiva\/#\/schema\/person\/image\/\"}},{\"@type\":\"Person\",\"@id\":\"\",\"url\":\"https:\/\/sandzakpress.net\/arhiva\/author\/\"}]}<\/script>\n<!-- \/ Yoast SEO Premium plugin. -->","yoast_head_json":{"title":"Pljevlja: U toku akcija Solidarnost na djelu","robots":{"index":"index","follow":"follow","max-snippet":"max-snippet:-1","max-image-preview":"max-image-preview:large","max-video-preview":"max-video-preview:-1"},"canonical":"https:\/\/sandzakpress.net\/arhiva\/pljevlja-u-toku-akcija-solidarnost-na-djelu\/","og_locale":"bs_BA","og_type":"article","og_title":"Pljevlja: U toku akcija Solidarnost na djelu","og_description":"Pljevlja &#8211; Dane Crvenog krsta Crne Gore, u op\u0107inskoj organizaciji Crvenog krsta Pljevlja obilje\u017eavaju sabirnom akcijom pod nazivom \u201eSolidarnost na djelu\u201c, a pod geslom \u201eVa\u0161e malo, nekome puno\u201c. Volonteri ove organizacije ovih dana intenzivirali su obilazak mjesnih zajednica i prikupili dio nov\u010dane pomo\u0107i, a u organizaciji se nadaju da \u0107e do 6. decembra, do kada [&hellip;]","og_url":"https:\/\/sandzakpress.net\/arhiva\/pljevlja-u-toku-akcija-solidarnost-na-djelu\/","og_site_name":"Sand\u017eak PRESS","article_published_time":"2011-12-01T13:53:23+00:00","og_image":[{"width":300,"height":194,"url":"https:\/\/sandzakpress.net\/arhiva\/wp-content\/uploads\/2011\/12\/2011-11-30-pljevlja-solidar-300x194.jpg","type":"image\/jpeg"}],"twitter_card":"summary_large_image","twitter_misc":{"Written by":"","Est. reading time":"2 minute"},"schema":{"@context":"https:\/\/schema.org","@graph":[{"@type":"Article","@id":"https:\/\/sandzakpress.net\/arhiva\/pljevlja-u-toku-akcija-solidarnost-na-djelu\/#article","isPartOf":{"@id":"https:\/\/sandzakpress.net\/arhiva\/pljevlja-u-toku-akcija-solidarnost-na-djelu\/"},"author":{"name":"","@id":""},"headline":"Pljevlja: U toku akcija Solidarnost na djelu","datePublished":"2011-12-01T13:53:23+00:00","mainEntityOfPage":{"@id":"https:\/\/sandzakpress.net\/arhiva\/pljevlja-u-toku-akcija-solidarnost-na-djelu\/"},"wordCount":365,"commentCount":0,"publisher":{"@id":"https:\/\/sandzakpress.net\/arhiva\/#\/schema\/person\/6e72b67d6e51910a1117b3b483ba20bd"},"image":{"@id":"https:\/\/sandzakpress.net\/arhiva\/pljevlja-u-toku-akcija-solidarnost-na-djelu\/#primaryimage"},"thumbnailUrl":"https:\/\/sandzakpress.net\/arhiva\/wp-content\/uploads\/2011\/12\/2011-11-30-pljevlja-solidar-300x194.jpg","articleSection":["Pljevlja","Dru\u0161tvo"],"inLanguage":"bs-BA","potentialAction":[{"@type":"CommentAction","name":"Comment","target":["https:\/\/sandzakpress.net\/arhiva\/pljevlja-u-toku-akcija-solidarnost-na-djelu\/#respond"]}]},{"@type":"WebPage","@id":"https:\/\/sandzakpress.net\/arhiva\/pljevlja-u-toku-akcija-solidarnost-na-djelu\/","url":"https:\/\/sandzakpress.net\/arhiva\/pljevlja-u-toku-akcija-solidarnost-na-djelu\/","name":"Pljevlja: U toku akcija Solidarnost na djelu","isPartOf":{"@id":"https:\/\/sandzakpress.net\/arhiva\/#website"},"primaryImageOfPage":{"@id":"https:\/\/sandzakpress.net\/arhiva\/pljevlja-u-toku-akcija-solidarnost-na-djelu\/#primaryimage"},"image":{"@id":"https:\/\/sandzakpress.net\/arhiva\/pljevlja-u-toku-akcija-solidarnost-na-djelu\/#primaryimage"},"thumbnailUrl":"https:\/\/sandzakpress.net\/arhiva\/wp-content\/uploads\/2011\/12\/2011-11-30-pljevlja-solidar-300x194.jpg","datePublished":"2011-12-01T13:53:23+00:00","breadcrumb":{"@id":"https:\/\/sandzakpress.net\/arhiva\/pljevlja-u-toku-akcija-solidarnost-na-djelu\/#breadcrumb"},"inLanguage":"bs-BA","potentialAction":[{"@type":"ReadAction","target":["https:\/\/sandzakpress.net\/arhiva\/pljevlja-u-toku-akcija-solidarnost-na-djelu\/"]}]},{"@type":"ImageObject","inLanguage":"bs-BA","@id":"https:\/\/sandzakpress.net\/arhiva\/pljevlja-u-toku-akcija-solidarnost-na-djelu\/#primaryimage","url":"https:\/\/sandzakpress.net\/arhiva\/wp-content\/uploads\/2011\/12\/2011-11-30-pljevlja-solidar-300x194.jpg","contentUrl":"https:\/\/sandzakpress.net\/arhiva\/wp-content\/uploads\/2011\/12\/2011-11-30-pljevlja-solidar-300x194.jpg","width":300,"height":194},{"@type":"BreadcrumbList","@id":"https:\/\/sandzakpress.net\/arhiva\/pljevlja-u-toku-akcija-solidarnost-na-djelu\/#breadcrumb","itemListElement":[{"@type":"ListItem","position":1,"name":"Home","item":"https:\/\/sandzakpress.net\/arhiva\/"},{"@type":"ListItem","position":2,"name":"Pljevlja: U toku akcija Solidarnost na djelu"}]},{"@type":"WebSite","@id":"https:\/\/sandzakpress.net\/arhiva\/#website","url":"https:\/\/sandzakpress.net\/arhiva\/","name":"Sand\u017eak PRESS","description":"Prve elektronske novine u Sand\u017eaku","publisher":{"@id":"https:\/\/sandzakpress.net\/arhiva\/#\/schema\/person\/6e72b67d6e51910a1117b3b483ba20bd"},"potentialAction":[{"@type":"SearchAction","target":{"@type":"EntryPoint","urlTemplate":"https:\/\/sandzakpress.net\/arhiva\/?s={search_term_string}"},"query-input":{"@type":"PropertyValueSpecification","valueRequired":true,"valueName":"search_term_string"}}],"inLanguage":"bs-BA"},{"@type":["Person","Organization"],"@id":"https:\/\/sandzakpress.net\/arhiva\/#\/schema\/person\/6e72b67d6e51910a1117b3b483ba20bd","name":"Kul","image":{"@type":"ImageObject","inLanguage":"bs-BA","@id":"https:\/\/sandzakpress.net\/arhiva\/#\/schema\/person\/image\/","url":"https:\/\/secure.gravatar.com\/avatar\/42263f39aa27ac04c43cab85c280eb2e?s=96&d=mm&r=pg","contentUrl":"https:\/\/secure.gravatar.com\/avatar\/42263f39aa27ac04c43cab85c280eb2e?s=96&d=mm&r=pg","caption":"Kul"},"logo":{"@id":"https:\/\/sandzakpress.net\/arhiva\/#\/schema\/person\/image\/"}},{"@type":"Person","@id":"","url":"https:\/\/sandzakpress.net\/arhiva\/author\/"}]}},"_links":{"self":[{"href":"https:\/\/sandzakpress.net\/arhiva\/wp-json\/wp\/v2\/posts\/25247"}],"collection":[{"href":"https:\/\/sandzakpress.net\/arhiva\/wp-json\/wp\/v2\/posts"}],"about":[{"href":"https:\/\/sandzakpress.net\/arhiva\/wp-json\/wp\/v2\/types\/post"}],"author":[{"embeddable":true,"href":"https:\/\/sandzakpress.net\/arhiva\/wp-json\/wp\/v2\/users\/13"}],"replies":[{"embeddable":true,"href":"https:\/\/sandzakpress.net\/arhiva\/wp-json\/wp\/v2\/comments?post=25247"}],"version-history":[{"count":0,"href":"https:\/\/sandzakpress.net\/arhiva\/wp-json\/wp\/v2\/posts\/25247\/revisions"}],"wp:featuredmedia":[{"embeddable":true,"href":"https:\/\/sandzakpress.net\/arhiva\/wp-json\/wp\/v2\/media\/25248"}],"wp:attachment":[{"href":"https:\/\/sandzakpress.net\/arhiva\/wp-json\/wp\/v2\/media?parent=25247"}],"wp:term":[{"taxonomy":"category","embeddable":true,"href":"https:\/\/sandzakpress.net\/arhiva\/wp-json\/wp\/v2\/categories?post=25247"},{"taxonomy":"post_tag","embeddable":true,"href":"https:\/\/sandzakpress.net\/arhiva\/wp-json\/wp\/v2\/tags?post=25247"}],"curies":[{"name":"wp","href":"https:\/\/api.w.org\/{rel}","templated":true}]}}