{"id":25192,"date":"2011-11-30T19:00:04","date_gmt":"2011-11-30T18:00:04","guid":{"rendered":"https:\/\/sandzakpress.net\/arhiva\/?p=25192"},"modified":"2011-11-30T19:00:04","modified_gmt":"2011-11-30T18:00:04","slug":"bosnian-hercegovinian-students-support-award-dodijeljen-enidi-suljagic","status":"publish","type":"post","link":"https:\/\/sandzakpress.net\/arhiva\/bosnian-hercegovinian-students-support-award-dodijeljen-enidi-suljagic\/","title":{"rendered":"&#8221; Bosnian-Hercegovinian students support award &#8221; dodijeljen Enidi Suljagi\u0107"},"content":{"rendered":"<p><strong><a href=\"https:\/\/sandzakpress.net\/arhiva\/wp-content\/uploads\/2011\/11\/Ing.Enida_SULJAGIC_Alen_VELAGIC.jpg\"><img loading=\"lazy\" decoding=\"async\" class=\"alignleft size-medium wp-image-25200\" title=\"Ing.Enida_SULJAGIC_Alen_VELAGIC\" src=\"https:\/\/sandzakpress.net\/arhiva\/wp-content\/uploads\/2011\/11\/Ing.Enida_SULJAGIC_Alen_VELAGIC-278x300.jpg\" alt=\"\" width=\"278\" height=\"300\" \/><\/a>BiH &#8211; Austrijski statisti\u010dki ured \u201eStatistik Austria\u201c navodi, kako u Be\u010du  studira vi\u0161e od 1600 mladih ljudi porijeklom iz Bosne i Hercegovine.  \u010cime se ovi studenti bave u svom slobodnom vremenu? Kako su  organizirani, kako se snalaze? No, na ova dobra pitanja dobijamo i dobre  odgovore.<br \/>\nJedina bosansko-hercegova\u010dka organizacija za studentice i studente iz  BiH u Austriji, poznatija pod imenom Collegium Bosniacum, dana 25.  novebra 2011. god. po prvi put je nagradila osobu, koja se dobrovoljno  anga\u017eira za studente porijeklom iz Bosne i Hercegovine.  \u201eBosnian-Herzegovinian Students Support Award\u201c dodijeljen je Enidi  Suljagi\u0107 (27), diplomirani in\u017einjer i predsjedavaju\u0107a studentske unije  na Tehni\u010dkom Univerzitetu, odjel arhitektura, od 2007. do 2009. godine.  Tokom njenog mandata pru\u017eala je pomo\u0107 i podr\u017eavala je sve studente i  studentice ovoga smjera, te sa svojim radom predstavlja izvrstan primjer  za uspjelu integraciju u glavnom gradu Austrije.<br \/>\n<\/strong><br \/>\nEnida je doseljela u Austriju 1993. godine, gdje se \u0161koluje od malih  nogu, a 2005. godine postaje austrijski dr\u017eavljanin. Prije apsolviranja  svojih studija djevojka se odlu\u010duje pomo\u0107i koleginicama i kolegama na  fakultetu bore\u0107i se za njihova prava i zalagaju\u0107i se za pobolj\u0161anje  njihove situacije. Uz to je Enida bila i glavna kontaktna osoba za vi\u0161e  od 800 studenata i studentica iz dr\u017eava biv\u0161e Jugoslavije od kojih je  ca. 300 porijeklom iz Bosne i Hercegovine.<\/p>\n<p>Prvi put od osnivanja udru\u017eenja, a tome ima ve\u0107 17 godina, Collegium  Bosniacum dodjeljuje ovakvu nagradu. Sli\u010dne organizacije kao \u0161to su  \u201eUdru\u017eenje bosansko-hercegova\u010dkih studenata\u201c u Hamburgu, Minhenu i  Berlinu, ili  \u201eUdru\u017eenje bosanskih studenata Ruhrgebiete e.V.\u201c,  Collegium Bosniacum u Be\u010du prvi je svoje vrste u Evropi. Osnivanje i rad  ovakvih organizacija u prvom planu bilo je pru\u017eanje pomo\u0107i studentima  porijeklom iz Bosne i Hercegovine, koji su o ove gradove do\u0161li kao  izbjeglice i zapo\u010deli svoje studije.<br \/>\nPlaketa podr\u0161ke je dodijeljena od predsjednika Collegium Bosniacuma Alena Velagi\u0107a.<\/p>\n<p>Izvor: <strong>Bosnjaci.net<\/strong><\/p>\n","protected":false},"excerpt":{"rendered":"<p>BiH &#8211; Austrijski statisti\u010dki ured \u201eStatistik Austria\u201c navodi, kako u Be\u010du studira vi\u0161e od 1600 mladih ljudi porijeklom iz Bosne i Hercegovine. \u010cime se ovi studenti bave u svom slobodnom vremenu? Kako su organizirani, kako se snalaze? No, na ova dobra pitanja dobijamo i dobre odgovore. Jedina bosansko-hercegova\u010dka organizacija za studentice i studente iz BiH [&hellip;]<\/p>\n","protected":false},"author":13,"featured_media":25200,"comment_status":"open","ping_status":"open","sticky":false,"template":"","format":"standard","meta":{"footnotes":""},"categories":[2860,4],"tags":[],"class_list":{"0":"post-25192","1":"post","2":"type-post","3":"status-publish","4":"format-standard","5":"has-post-thumbnail","7":"category-bosna-i-hercegovina-gradovi","8":"category-obrazovanje"},"yoast_head":"<!-- This site is optimized with the Yoast SEO Premium plugin v23.1 (Yoast SEO v24.9) - https:\/\/yoast.com\/wordpress\/plugins\/seo\/ -->\n<title>&quot; Bosnian-Hercegovinian students support award &quot; dodijeljen Enidi Suljagi\u0107<\/title>\n<meta name=\"robots\" content=\"index, follow, max-snippet:-1, max-image-preview:large, max-video-preview:-1\" \/>\n<link rel=\"canonical\" href=\"https:\/\/sandzakpress.net\/arhiva\/bosnian-hercegovinian-students-support-award-dodijeljen-enidi-suljagic\/\" \/>\n<meta property=\"og:locale\" content=\"bs_BA\" \/>\n<meta property=\"og:type\" content=\"article\" \/>\n<meta property=\"og:title\" content=\"&quot; Bosnian-Hercegovinian students support award &quot; dodijeljen Enidi Suljagi\u0107\" \/>\n<meta property=\"og:description\" content=\"BiH &#8211; Austrijski statisti\u010dki ured \u201eStatistik Austria\u201c navodi, kako u Be\u010du studira vi\u0161e od 1600 mladih ljudi porijeklom iz Bosne i Hercegovine. \u010cime se ovi studenti bave u svom slobodnom vremenu? Kako su organizirani, kako se snalaze? No, na ova dobra pitanja dobijamo i dobre odgovore. Jedina bosansko-hercegova\u010dka organizacija za studentice i studente iz BiH [&hellip;]\" \/>\n<meta property=\"og:url\" content=\"https:\/\/sandzakpress.net\/arhiva\/bosnian-hercegovinian-students-support-award-dodijeljen-enidi-suljagic\/\" \/>\n<meta property=\"og:site_name\" content=\"Sand\u017eak PRESS\" \/>\n<meta property=\"article:published_time\" content=\"2011-11-30T18:00:04+00:00\" \/>\n<meta property=\"og:image\" content=\"https:\/\/sandzakpress.net\/arhiva\/wp-content\/uploads\/2011\/11\/Ing.Enida_SULJAGIC_Alen_VELAGIC.jpg\" \/>\n\t<meta property=\"og:image:width\" content=\"616\" \/>\n\t<meta property=\"og:image:height\" content=\"664\" \/>\n\t<meta property=\"og:image:type\" content=\"image\/jpeg\" \/>\n<meta name=\"twitter:card\" content=\"summary_large_image\" \/>\n<meta name=\"twitter:label1\" content=\"Written by\" \/>\n\t<meta name=\"twitter:data1\" content=\"\" \/>\n\t<meta name=\"twitter:label2\" content=\"Est. reading time\" \/>\n\t<meta name=\"twitter:data2\" content=\"2 minute\" \/>\n<script type=\"application\/ld+json\" class=\"yoast-schema-graph\">{\"@context\":\"https:\/\/schema.org\",\"@graph\":[{\"@type\":\"Article\",\"@id\":\"https:\/\/sandzakpress.net\/arhiva\/bosnian-hercegovinian-students-support-award-dodijeljen-enidi-suljagic\/#article\",\"isPartOf\":{\"@id\":\"https:\/\/sandzakpress.net\/arhiva\/bosnian-hercegovinian-students-support-award-dodijeljen-enidi-suljagic\/\"},\"author\":{\"name\":\"\",\"@id\":\"\"},\"headline\":\"&#8221; Bosnian-Hercegovinian students support award &#8221; dodijeljen Enidi Suljagi\u0107\",\"datePublished\":\"2011-11-30T18:00:04+00:00\",\"mainEntityOfPage\":{\"@id\":\"https:\/\/sandzakpress.net\/arhiva\/bosnian-hercegovinian-students-support-award-dodijeljen-enidi-suljagic\/\"},\"wordCount\":328,\"commentCount\":0,\"publisher\":{\"@id\":\"https:\/\/sandzakpress.net\/arhiva\/#\/schema\/person\/6e72b67d6e51910a1117b3b483ba20bd\"},\"image\":{\"@id\":\"https:\/\/sandzakpress.net\/arhiva\/bosnian-hercegovinian-students-support-award-dodijeljen-enidi-suljagic\/#primaryimage\"},\"thumbnailUrl\":\"https:\/\/sandzakpress.net\/arhiva\/wp-content\/uploads\/2011\/11\/Ing.Enida_SULJAGIC_Alen_VELAGIC.jpg\",\"articleSection\":[\"Bosna i Hercegovina\",\"Obrazovanje\"],\"inLanguage\":\"bs-BA\",\"potentialAction\":[{\"@type\":\"CommentAction\",\"name\":\"Comment\",\"target\":[\"https:\/\/sandzakpress.net\/arhiva\/bosnian-hercegovinian-students-support-award-dodijeljen-enidi-suljagic\/#respond\"]}]},{\"@type\":\"WebPage\",\"@id\":\"https:\/\/sandzakpress.net\/arhiva\/bosnian-hercegovinian-students-support-award-dodijeljen-enidi-suljagic\/\",\"url\":\"https:\/\/sandzakpress.net\/arhiva\/bosnian-hercegovinian-students-support-award-dodijeljen-enidi-suljagic\/\",\"name\":\"\\\" Bosnian-Hercegovinian students support award \\\" dodijeljen Enidi Suljagi\u0107\",\"isPartOf\":{\"@id\":\"https:\/\/sandzakpress.net\/arhiva\/#website\"},\"primaryImageOfPage\":{\"@id\":\"https:\/\/sandzakpress.net\/arhiva\/bosnian-hercegovinian-students-support-award-dodijeljen-enidi-suljagic\/#primaryimage\"},\"image\":{\"@id\":\"https:\/\/sandzakpress.net\/arhiva\/bosnian-hercegovinian-students-support-award-dodijeljen-enidi-suljagic\/#primaryimage\"},\"thumbnailUrl\":\"https:\/\/sandzakpress.net\/arhiva\/wp-content\/uploads\/2011\/11\/Ing.Enida_SULJAGIC_Alen_VELAGIC.jpg\",\"datePublished\":\"2011-11-30T18:00:04+00:00\",\"breadcrumb\":{\"@id\":\"https:\/\/sandzakpress.net\/arhiva\/bosnian-hercegovinian-students-support-award-dodijeljen-enidi-suljagic\/#breadcrumb\"},\"inLanguage\":\"bs-BA\",\"potentialAction\":[{\"@type\":\"ReadAction\",\"target\":[\"https:\/\/sandzakpress.net\/arhiva\/bosnian-hercegovinian-students-support-award-dodijeljen-enidi-suljagic\/\"]}]},{\"@type\":\"ImageObject\",\"inLanguage\":\"bs-BA\",\"@id\":\"https:\/\/sandzakpress.net\/arhiva\/bosnian-hercegovinian-students-support-award-dodijeljen-enidi-suljagic\/#primaryimage\",\"url\":\"https:\/\/sandzakpress.net\/arhiva\/wp-content\/uploads\/2011\/11\/Ing.Enida_SULJAGIC_Alen_VELAGIC.jpg\",\"contentUrl\":\"https:\/\/sandzakpress.net\/arhiva\/wp-content\/uploads\/2011\/11\/Ing.Enida_SULJAGIC_Alen_VELAGIC.jpg\",\"width\":616,\"height\":664},{\"@type\":\"BreadcrumbList\",\"@id\":\"https:\/\/sandzakpress.net\/arhiva\/bosnian-hercegovinian-students-support-award-dodijeljen-enidi-suljagic\/#breadcrumb\",\"itemListElement\":[{\"@type\":\"ListItem\",\"position\":1,\"name\":\"Home\",\"item\":\"https:\/\/sandzakpress.net\/arhiva\/\"},{\"@type\":\"ListItem\",\"position\":2,\"name\":\"&#8221; Bosnian-Hercegovinian students support award &#8221; dodijeljen Enidi Suljagi\u0107\"}]},{\"@type\":\"WebSite\",\"@id\":\"https:\/\/sandzakpress.net\/arhiva\/#website\",\"url\":\"https:\/\/sandzakpress.net\/arhiva\/\",\"name\":\"Sand\u017eak PRESS\",\"description\":\"Prve elektronske novine u Sand\u017eaku\",\"publisher\":{\"@id\":\"https:\/\/sandzakpress.net\/arhiva\/#\/schema\/person\/6e72b67d6e51910a1117b3b483ba20bd\"},\"potentialAction\":[{\"@type\":\"SearchAction\",\"target\":{\"@type\":\"EntryPoint\",\"urlTemplate\":\"https:\/\/sandzakpress.net\/arhiva\/?s={search_term_string}\"},\"query-input\":{\"@type\":\"PropertyValueSpecification\",\"valueRequired\":true,\"valueName\":\"search_term_string\"}}],\"inLanguage\":\"bs-BA\"},{\"@type\":[\"Person\",\"Organization\"],\"@id\":\"https:\/\/sandzakpress.net\/arhiva\/#\/schema\/person\/6e72b67d6e51910a1117b3b483ba20bd\",\"name\":\"Kul\",\"image\":{\"@type\":\"ImageObject\",\"inLanguage\":\"bs-BA\",\"@id\":\"https:\/\/sandzakpress.net\/arhiva\/#\/schema\/person\/image\/\",\"url\":\"https:\/\/secure.gravatar.com\/avatar\/42263f39aa27ac04c43cab85c280eb2e?s=96&d=mm&r=pg\",\"contentUrl\":\"https:\/\/secure.gravatar.com\/avatar\/42263f39aa27ac04c43cab85c280eb2e?s=96&d=mm&r=pg\",\"caption\":\"Kul\"},\"logo\":{\"@id\":\"https:\/\/sandzakpress.net\/arhiva\/#\/schema\/person\/image\/\"}},{\"@type\":\"Person\",\"@id\":\"\",\"url\":\"https:\/\/sandzakpress.net\/arhiva\/author\/\"}]}<\/script>\n<!-- \/ Yoast SEO Premium plugin. -->","yoast_head_json":{"title":"\" Bosnian-Hercegovinian students support award \" dodijeljen Enidi Suljagi\u0107","robots":{"index":"index","follow":"follow","max-snippet":"max-snippet:-1","max-image-preview":"max-image-preview:large","max-video-preview":"max-video-preview:-1"},"canonical":"https:\/\/sandzakpress.net\/arhiva\/bosnian-hercegovinian-students-support-award-dodijeljen-enidi-suljagic\/","og_locale":"bs_BA","og_type":"article","og_title":"\" Bosnian-Hercegovinian students support award \" dodijeljen Enidi Suljagi\u0107","og_description":"BiH &#8211; Austrijski statisti\u010dki ured \u201eStatistik Austria\u201c navodi, kako u Be\u010du studira vi\u0161e od 1600 mladih ljudi porijeklom iz Bosne i Hercegovine. \u010cime se ovi studenti bave u svom slobodnom vremenu? Kako su organizirani, kako se snalaze? No, na ova dobra pitanja dobijamo i dobre odgovore. Jedina bosansko-hercegova\u010dka organizacija za studentice i studente iz BiH [&hellip;]","og_url":"https:\/\/sandzakpress.net\/arhiva\/bosnian-hercegovinian-students-support-award-dodijeljen-enidi-suljagic\/","og_site_name":"Sand\u017eak PRESS","article_published_time":"2011-11-30T18:00:04+00:00","og_image":[{"width":616,"height":664,"url":"https:\/\/sandzakpress.net\/arhiva\/wp-content\/uploads\/2011\/11\/Ing.Enida_SULJAGIC_Alen_VELAGIC.jpg","type":"image\/jpeg"}],"twitter_card":"summary_large_image","twitter_misc":{"Written by":"","Est. reading time":"2 minute"},"schema":{"@context":"https:\/\/schema.org","@graph":[{"@type":"Article","@id":"https:\/\/sandzakpress.net\/arhiva\/bosnian-hercegovinian-students-support-award-dodijeljen-enidi-suljagic\/#article","isPartOf":{"@id":"https:\/\/sandzakpress.net\/arhiva\/bosnian-hercegovinian-students-support-award-dodijeljen-enidi-suljagic\/"},"author":{"name":"","@id":""},"headline":"&#8221; Bosnian-Hercegovinian students support award &#8221; dodijeljen Enidi Suljagi\u0107","datePublished":"2011-11-30T18:00:04+00:00","mainEntityOfPage":{"@id":"https:\/\/sandzakpress.net\/arhiva\/bosnian-hercegovinian-students-support-award-dodijeljen-enidi-suljagic\/"},"wordCount":328,"commentCount":0,"publisher":{"@id":"https:\/\/sandzakpress.net\/arhiva\/#\/schema\/person\/6e72b67d6e51910a1117b3b483ba20bd"},"image":{"@id":"https:\/\/sandzakpress.net\/arhiva\/bosnian-hercegovinian-students-support-award-dodijeljen-enidi-suljagic\/#primaryimage"},"thumbnailUrl":"https:\/\/sandzakpress.net\/arhiva\/wp-content\/uploads\/2011\/11\/Ing.Enida_SULJAGIC_Alen_VELAGIC.jpg","articleSection":["Bosna i Hercegovina","Obrazovanje"],"inLanguage":"bs-BA","potentialAction":[{"@type":"CommentAction","name":"Comment","target":["https:\/\/sandzakpress.net\/arhiva\/bosnian-hercegovinian-students-support-award-dodijeljen-enidi-suljagic\/#respond"]}]},{"@type":"WebPage","@id":"https:\/\/sandzakpress.net\/arhiva\/bosnian-hercegovinian-students-support-award-dodijeljen-enidi-suljagic\/","url":"https:\/\/sandzakpress.net\/arhiva\/bosnian-hercegovinian-students-support-award-dodijeljen-enidi-suljagic\/","name":"\" Bosnian-Hercegovinian students support award \" dodijeljen Enidi Suljagi\u0107","isPartOf":{"@id":"https:\/\/sandzakpress.net\/arhiva\/#website"},"primaryImageOfPage":{"@id":"https:\/\/sandzakpress.net\/arhiva\/bosnian-hercegovinian-students-support-award-dodijeljen-enidi-suljagic\/#primaryimage"},"image":{"@id":"https:\/\/sandzakpress.net\/arhiva\/bosnian-hercegovinian-students-support-award-dodijeljen-enidi-suljagic\/#primaryimage"},"thumbnailUrl":"https:\/\/sandzakpress.net\/arhiva\/wp-content\/uploads\/2011\/11\/Ing.Enida_SULJAGIC_Alen_VELAGIC.jpg","datePublished":"2011-11-30T18:00:04+00:00","breadcrumb":{"@id":"https:\/\/sandzakpress.net\/arhiva\/bosnian-hercegovinian-students-support-award-dodijeljen-enidi-suljagic\/#breadcrumb"},"inLanguage":"bs-BA","potentialAction":[{"@type":"ReadAction","target":["https:\/\/sandzakpress.net\/arhiva\/bosnian-hercegovinian-students-support-award-dodijeljen-enidi-suljagic\/"]}]},{"@type":"ImageObject","inLanguage":"bs-BA","@id":"https:\/\/sandzakpress.net\/arhiva\/bosnian-hercegovinian-students-support-award-dodijeljen-enidi-suljagic\/#primaryimage","url":"https:\/\/sandzakpress.net\/arhiva\/wp-content\/uploads\/2011\/11\/Ing.Enida_SULJAGIC_Alen_VELAGIC.jpg","contentUrl":"https:\/\/sandzakpress.net\/arhiva\/wp-content\/uploads\/2011\/11\/Ing.Enida_SULJAGIC_Alen_VELAGIC.jpg","width":616,"height":664},{"@type":"BreadcrumbList","@id":"https:\/\/sandzakpress.net\/arhiva\/bosnian-hercegovinian-students-support-award-dodijeljen-enidi-suljagic\/#breadcrumb","itemListElement":[{"@type":"ListItem","position":1,"name":"Home","item":"https:\/\/sandzakpress.net\/arhiva\/"},{"@type":"ListItem","position":2,"name":"&#8221; Bosnian-Hercegovinian students support award &#8221; dodijeljen Enidi Suljagi\u0107"}]},{"@type":"WebSite","@id":"https:\/\/sandzakpress.net\/arhiva\/#website","url":"https:\/\/sandzakpress.net\/arhiva\/","name":"Sand\u017eak PRESS","description":"Prve elektronske novine u Sand\u017eaku","publisher":{"@id":"https:\/\/sandzakpress.net\/arhiva\/#\/schema\/person\/6e72b67d6e51910a1117b3b483ba20bd"},"potentialAction":[{"@type":"SearchAction","target":{"@type":"EntryPoint","urlTemplate":"https:\/\/sandzakpress.net\/arhiva\/?s={search_term_string}"},"query-input":{"@type":"PropertyValueSpecification","valueRequired":true,"valueName":"search_term_string"}}],"inLanguage":"bs-BA"},{"@type":["Person","Organization"],"@id":"https:\/\/sandzakpress.net\/arhiva\/#\/schema\/person\/6e72b67d6e51910a1117b3b483ba20bd","name":"Kul","image":{"@type":"ImageObject","inLanguage":"bs-BA","@id":"https:\/\/sandzakpress.net\/arhiva\/#\/schema\/person\/image\/","url":"https:\/\/secure.gravatar.com\/avatar\/42263f39aa27ac04c43cab85c280eb2e?s=96&d=mm&r=pg","contentUrl":"https:\/\/secure.gravatar.com\/avatar\/42263f39aa27ac04c43cab85c280eb2e?s=96&d=mm&r=pg","caption":"Kul"},"logo":{"@id":"https:\/\/sandzakpress.net\/arhiva\/#\/schema\/person\/image\/"}},{"@type":"Person","@id":"","url":"https:\/\/sandzakpress.net\/arhiva\/author\/"}]}},"_links":{"self":[{"href":"https:\/\/sandzakpress.net\/arhiva\/wp-json\/wp\/v2\/posts\/25192"}],"collection":[{"href":"https:\/\/sandzakpress.net\/arhiva\/wp-json\/wp\/v2\/posts"}],"about":[{"href":"https:\/\/sandzakpress.net\/arhiva\/wp-json\/wp\/v2\/types\/post"}],"author":[{"embeddable":true,"href":"https:\/\/sandzakpress.net\/arhiva\/wp-json\/wp\/v2\/users\/13"}],"replies":[{"embeddable":true,"href":"https:\/\/sandzakpress.net\/arhiva\/wp-json\/wp\/v2\/comments?post=25192"}],"version-history":[{"count":0,"href":"https:\/\/sandzakpress.net\/arhiva\/wp-json\/wp\/v2\/posts\/25192\/revisions"}],"wp:featuredmedia":[{"embeddable":true,"href":"https:\/\/sandzakpress.net\/arhiva\/wp-json\/wp\/v2\/media\/25200"}],"wp:attachment":[{"href":"https:\/\/sandzakpress.net\/arhiva\/wp-json\/wp\/v2\/media?parent=25192"}],"wp:term":[{"taxonomy":"category","embeddable":true,"href":"https:\/\/sandzakpress.net\/arhiva\/wp-json\/wp\/v2\/categories?post=25192"},{"taxonomy":"post_tag","embeddable":true,"href":"https:\/\/sandzakpress.net\/arhiva\/wp-json\/wp\/v2\/tags?post=25192"}],"curies":[{"name":"wp","href":"https:\/\/api.w.org\/{rel}","templated":true}]}}