{"id":25180,"date":"2011-11-30T13:50:13","date_gmt":"2011-11-30T12:50:13","guid":{"rendered":"https:\/\/sandzakpress.net\/arhiva\/?p=25180"},"modified":"2011-11-30T13:50:13","modified_gmt":"2011-11-30T12:50:13","slug":"potpisivanje-protokola-izmeduvakufske-direkcije-turske-i-iz-u-bih","status":"publish","type":"post","link":"https:\/\/sandzakpress.net\/arhiva\/potpisivanje-protokola-izmeduvakufske-direkcije-turske-i-iz-u-bih\/","title":{"rendered":"Potpisivanje protokola izme\u0111uvakufske direkcije Turske i IZ u BiH"},"content":{"rendered":"<p><strong><a href=\"https:\/\/sandzakpress.net\/arhiva\/wp-content\/uploads\/2011\/11\/se-v-hm-vd-20111-e1316516230706.jpg\"><img loading=\"lazy\" decoding=\"async\" class=\"alignleft size-full wp-image-25182\" title=\"se-v-hm-vd-20111-e1316516230706\" src=\"https:\/\/sandzakpress.net\/arhiva\/wp-content\/uploads\/2011\/11\/se-v-hm-vd-20111-e1316516230706.jpg\" alt=\"\" width=\"155\" height=\"163\" \/><\/a>BiH, Turska &#8211; U petak, 02. 12. 2011. godine, u prostorijama Kabineta reisu-l-uleme, ulica Obala Isa-bega Ishakovi\u0107a, sa po\u010detkom u 14,00 sati, obavit \u0107e se sve\u010dano potpisivanje Protokola izme\u0111u Generalne Vakufske direkcije Vlade Republike Turske i Vakufske direkcije Islamske zajednice u BiH o realizacije projekta rekonstrukcije Isa-begovog hamama.<\/strong><\/p>\n<p>Protokol \u0107e potpisati zamjenik generalnog direktora Generalne direkcije vakufa Vlade Republike Turske Ali Hurata i direktor Vakufske direkcije Islamske zajednice u BiH Senajid Zaimovi\u0107.<\/p>\n<p>Vakufska direkcija Islamske zajednice u BiH je ve\u0107 ranije obavijestila javnost o planu realizacije projekta rekonstrukcije Isa-begovog hamama, dok je Generalna Vakufska direkcija Vlade Republike Turske u septembru ove godine dala saglasnost na finansiranje projekta rekonstrukcije hamama.<\/p>\n<p>Pozivaju se mediji da u svojim izvje\u0161tajima proprate ovaj doga\u0111aj, stoji u obavijesti za medije Slu\u017ebe za odnose s javno\u0161\u0107u Rijaseta koje je potpisao Ekrem Tucakovi\u0107.<\/p>\n<p>Izvor: <strong>MINA<\/strong><\/p>\n","protected":false},"excerpt":{"rendered":"<p>BiH, Turska &#8211; U petak, 02. 12. 2011. godine, u prostorijama Kabineta reisu-l-uleme, ulica Obala Isa-bega Ishakovi\u0107a, sa po\u010detkom u 14,00 sati, obavit \u0107e se sve\u010dano potpisivanje Protokola izme\u0111u Generalne Vakufske direkcije Vlade Republike Turske i Vakufske direkcije Islamske zajednice u BiH o realizacije projekta rekonstrukcije Isa-begovog hamama. Protokol \u0107e potpisati zamjenik generalnog direktora Generalne [&hellip;]<\/p>\n","protected":false},"author":14,"featured_media":25182,"comment_status":"open","ping_status":"open","sticky":false,"template":"","format":"standard","meta":{"footnotes":""},"categories":[2860,802,2692],"tags":[],"class_list":{"0":"post-25180","1":"post","2":"type-post","3":"status-publish","4":"format-standard","5":"has-post-thumbnail","7":"category-bosna-i-hercegovina-gradovi","8":"category-islamska_zajednica","9":"category-turska-gradovi"},"yoast_head":"<!-- This site is optimized with the Yoast SEO Premium plugin v23.1 (Yoast SEO v24.9) - https:\/\/yoast.com\/wordpress\/plugins\/seo\/ -->\n<title>Potpisivanje protokola izme\u0111uvakufske direkcije Turske i IZ u BiH<\/title>\n<meta name=\"robots\" content=\"index, follow, max-snippet:-1, max-image-preview:large, max-video-preview:-1\" \/>\n<link rel=\"canonical\" href=\"https:\/\/sandzakpress.net\/arhiva\/potpisivanje-protokola-izmeduvakufske-direkcije-turske-i-iz-u-bih\/\" \/>\n<meta property=\"og:locale\" content=\"bs_BA\" \/>\n<meta property=\"og:type\" content=\"article\" \/>\n<meta property=\"og:title\" content=\"Potpisivanje protokola izme\u0111uvakufske direkcije Turske i IZ u BiH\" \/>\n<meta property=\"og:description\" content=\"BiH, Turska &#8211; U petak, 02. 12. 2011. godine, u prostorijama Kabineta reisu-l-uleme, ulica Obala Isa-bega Ishakovi\u0107a, sa po\u010detkom u 14,00 sati, obavit \u0107e se sve\u010dano potpisivanje Protokola izme\u0111u Generalne Vakufske direkcije Vlade Republike Turske i Vakufske direkcije Islamske zajednice u BiH o realizacije projekta rekonstrukcije Isa-begovog hamama. Protokol \u0107e potpisati zamjenik generalnog direktora Generalne [&hellip;]\" \/>\n<meta property=\"og:url\" content=\"https:\/\/sandzakpress.net\/arhiva\/potpisivanje-protokola-izmeduvakufske-direkcije-turske-i-iz-u-bih\/\" \/>\n<meta property=\"og:site_name\" content=\"Sand\u017eak PRESS\" \/>\n<meta property=\"article:published_time\" content=\"2011-11-30T12:50:13+00:00\" \/>\n<meta property=\"og:image\" content=\"https:\/\/sandzakpress.net\/arhiva\/wp-content\/uploads\/2011\/11\/se-v-hm-vd-20111-e1316516230706.jpg\" \/>\n\t<meta property=\"og:image:width\" content=\"155\" \/>\n\t<meta property=\"og:image:height\" content=\"163\" \/>\n\t<meta property=\"og:image:type\" content=\"image\/jpeg\" \/>\n<meta name=\"twitter:card\" content=\"summary_large_image\" \/>\n<meta name=\"twitter:label1\" content=\"Written by\" \/>\n\t<meta name=\"twitter:data1\" content=\"\" \/>\n\t<meta name=\"twitter:label2\" content=\"Est. reading time\" \/>\n\t<meta name=\"twitter:data2\" content=\"1 minuta\" \/>\n<script type=\"application\/ld+json\" class=\"yoast-schema-graph\">{\"@context\":\"https:\/\/schema.org\",\"@graph\":[{\"@type\":\"Article\",\"@id\":\"https:\/\/sandzakpress.net\/arhiva\/potpisivanje-protokola-izmeduvakufske-direkcije-turske-i-iz-u-bih\/#article\",\"isPartOf\":{\"@id\":\"https:\/\/sandzakpress.net\/arhiva\/potpisivanje-protokola-izmeduvakufske-direkcije-turske-i-iz-u-bih\/\"},\"author\":{\"name\":\"\",\"@id\":\"\"},\"headline\":\"Potpisivanje protokola izme\u0111uvakufske direkcije Turske i IZ u BiH\",\"datePublished\":\"2011-11-30T12:50:13+00:00\",\"mainEntityOfPage\":{\"@id\":\"https:\/\/sandzakpress.net\/arhiva\/potpisivanje-protokola-izmeduvakufske-direkcije-turske-i-iz-u-bih\/\"},\"wordCount\":151,\"commentCount\":2,\"publisher\":{\"@id\":\"https:\/\/sandzakpress.net\/arhiva\/#\/schema\/person\/6e72b67d6e51910a1117b3b483ba20bd\"},\"image\":{\"@id\":\"https:\/\/sandzakpress.net\/arhiva\/potpisivanje-protokola-izmeduvakufske-direkcije-turske-i-iz-u-bih\/#primaryimage\"},\"thumbnailUrl\":\"https:\/\/sandzakpress.net\/arhiva\/wp-content\/uploads\/2011\/11\/se-v-hm-vd-20111-e1316516230706.jpg\",\"articleSection\":[\"Bosna i Hercegovina\",\"Islamska zajednica\",\"Turska\"],\"inLanguage\":\"bs-BA\",\"potentialAction\":[{\"@type\":\"CommentAction\",\"name\":\"Comment\",\"target\":[\"https:\/\/sandzakpress.net\/arhiva\/potpisivanje-protokola-izmeduvakufske-direkcije-turske-i-iz-u-bih\/#respond\"]}]},{\"@type\":\"WebPage\",\"@id\":\"https:\/\/sandzakpress.net\/arhiva\/potpisivanje-protokola-izmeduvakufske-direkcije-turske-i-iz-u-bih\/\",\"url\":\"https:\/\/sandzakpress.net\/arhiva\/potpisivanje-protokola-izmeduvakufske-direkcije-turske-i-iz-u-bih\/\",\"name\":\"Potpisivanje protokola izme\u0111uvakufske direkcije Turske i IZ u BiH\",\"isPartOf\":{\"@id\":\"https:\/\/sandzakpress.net\/arhiva\/#website\"},\"primaryImageOfPage\":{\"@id\":\"https:\/\/sandzakpress.net\/arhiva\/potpisivanje-protokola-izmeduvakufske-direkcije-turske-i-iz-u-bih\/#primaryimage\"},\"image\":{\"@id\":\"https:\/\/sandzakpress.net\/arhiva\/potpisivanje-protokola-izmeduvakufske-direkcije-turske-i-iz-u-bih\/#primaryimage\"},\"thumbnailUrl\":\"https:\/\/sandzakpress.net\/arhiva\/wp-content\/uploads\/2011\/11\/se-v-hm-vd-20111-e1316516230706.jpg\",\"datePublished\":\"2011-11-30T12:50:13+00:00\",\"breadcrumb\":{\"@id\":\"https:\/\/sandzakpress.net\/arhiva\/potpisivanje-protokola-izmeduvakufske-direkcije-turske-i-iz-u-bih\/#breadcrumb\"},\"inLanguage\":\"bs-BA\",\"potentialAction\":[{\"@type\":\"ReadAction\",\"target\":[\"https:\/\/sandzakpress.net\/arhiva\/potpisivanje-protokola-izmeduvakufske-direkcije-turske-i-iz-u-bih\/\"]}]},{\"@type\":\"ImageObject\",\"inLanguage\":\"bs-BA\",\"@id\":\"https:\/\/sandzakpress.net\/arhiva\/potpisivanje-protokola-izmeduvakufske-direkcije-turske-i-iz-u-bih\/#primaryimage\",\"url\":\"https:\/\/sandzakpress.net\/arhiva\/wp-content\/uploads\/2011\/11\/se-v-hm-vd-20111-e1316516230706.jpg\",\"contentUrl\":\"https:\/\/sandzakpress.net\/arhiva\/wp-content\/uploads\/2011\/11\/se-v-hm-vd-20111-e1316516230706.jpg\",\"width\":155,\"height\":163},{\"@type\":\"BreadcrumbList\",\"@id\":\"https:\/\/sandzakpress.net\/arhiva\/potpisivanje-protokola-izmeduvakufske-direkcije-turske-i-iz-u-bih\/#breadcrumb\",\"itemListElement\":[{\"@type\":\"ListItem\",\"position\":1,\"name\":\"Home\",\"item\":\"https:\/\/sandzakpress.net\/arhiva\/\"},{\"@type\":\"ListItem\",\"position\":2,\"name\":\"Potpisivanje protokola izme\u0111uvakufske direkcije Turske i IZ u BiH\"}]},{\"@type\":\"WebSite\",\"@id\":\"https:\/\/sandzakpress.net\/arhiva\/#website\",\"url\":\"https:\/\/sandzakpress.net\/arhiva\/\",\"name\":\"Sand\u017eak PRESS\",\"description\":\"Prve elektronske novine u Sand\u017eaku\",\"publisher\":{\"@id\":\"https:\/\/sandzakpress.net\/arhiva\/#\/schema\/person\/6e72b67d6e51910a1117b3b483ba20bd\"},\"potentialAction\":[{\"@type\":\"SearchAction\",\"target\":{\"@type\":\"EntryPoint\",\"urlTemplate\":\"https:\/\/sandzakpress.net\/arhiva\/?s={search_term_string}\"},\"query-input\":{\"@type\":\"PropertyValueSpecification\",\"valueRequired\":true,\"valueName\":\"search_term_string\"}}],\"inLanguage\":\"bs-BA\"},{\"@type\":[\"Person\",\"Organization\"],\"@id\":\"https:\/\/sandzakpress.net\/arhiva\/#\/schema\/person\/6e72b67d6e51910a1117b3b483ba20bd\",\"name\":\"Kul\",\"image\":{\"@type\":\"ImageObject\",\"inLanguage\":\"bs-BA\",\"@id\":\"https:\/\/sandzakpress.net\/arhiva\/#\/schema\/person\/image\/\",\"url\":\"https:\/\/secure.gravatar.com\/avatar\/42263f39aa27ac04c43cab85c280eb2e?s=96&d=mm&r=pg\",\"contentUrl\":\"https:\/\/secure.gravatar.com\/avatar\/42263f39aa27ac04c43cab85c280eb2e?s=96&d=mm&r=pg\",\"caption\":\"Kul\"},\"logo\":{\"@id\":\"https:\/\/sandzakpress.net\/arhiva\/#\/schema\/person\/image\/\"}},{\"@type\":\"Person\",\"@id\":\"\",\"url\":\"https:\/\/sandzakpress.net\/arhiva\/author\/\"}]}<\/script>\n<!-- \/ Yoast SEO Premium plugin. -->","yoast_head_json":{"title":"Potpisivanje protokola izme\u0111uvakufske direkcije Turske i IZ u BiH","robots":{"index":"index","follow":"follow","max-snippet":"max-snippet:-1","max-image-preview":"max-image-preview:large","max-video-preview":"max-video-preview:-1"},"canonical":"https:\/\/sandzakpress.net\/arhiva\/potpisivanje-protokola-izmeduvakufske-direkcije-turske-i-iz-u-bih\/","og_locale":"bs_BA","og_type":"article","og_title":"Potpisivanje protokola izme\u0111uvakufske direkcije Turske i IZ u BiH","og_description":"BiH, Turska &#8211; U petak, 02. 12. 2011. godine, u prostorijama Kabineta reisu-l-uleme, ulica Obala Isa-bega Ishakovi\u0107a, sa po\u010detkom u 14,00 sati, obavit \u0107e se sve\u010dano potpisivanje Protokola izme\u0111u Generalne Vakufske direkcije Vlade Republike Turske i Vakufske direkcije Islamske zajednice u BiH o realizacije projekta rekonstrukcije Isa-begovog hamama. Protokol \u0107e potpisati zamjenik generalnog direktora Generalne [&hellip;]","og_url":"https:\/\/sandzakpress.net\/arhiva\/potpisivanje-protokola-izmeduvakufske-direkcije-turske-i-iz-u-bih\/","og_site_name":"Sand\u017eak PRESS","article_published_time":"2011-11-30T12:50:13+00:00","og_image":[{"width":155,"height":163,"url":"https:\/\/sandzakpress.net\/arhiva\/wp-content\/uploads\/2011\/11\/se-v-hm-vd-20111-e1316516230706.jpg","type":"image\/jpeg"}],"twitter_card":"summary_large_image","twitter_misc":{"Written by":"","Est. reading time":"1 minuta"},"schema":{"@context":"https:\/\/schema.org","@graph":[{"@type":"Article","@id":"https:\/\/sandzakpress.net\/arhiva\/potpisivanje-protokola-izmeduvakufske-direkcije-turske-i-iz-u-bih\/#article","isPartOf":{"@id":"https:\/\/sandzakpress.net\/arhiva\/potpisivanje-protokola-izmeduvakufske-direkcije-turske-i-iz-u-bih\/"},"author":{"name":"","@id":""},"headline":"Potpisivanje protokola izme\u0111uvakufske direkcije Turske i IZ u BiH","datePublished":"2011-11-30T12:50:13+00:00","mainEntityOfPage":{"@id":"https:\/\/sandzakpress.net\/arhiva\/potpisivanje-protokola-izmeduvakufske-direkcije-turske-i-iz-u-bih\/"},"wordCount":151,"commentCount":2,"publisher":{"@id":"https:\/\/sandzakpress.net\/arhiva\/#\/schema\/person\/6e72b67d6e51910a1117b3b483ba20bd"},"image":{"@id":"https:\/\/sandzakpress.net\/arhiva\/potpisivanje-protokola-izmeduvakufske-direkcije-turske-i-iz-u-bih\/#primaryimage"},"thumbnailUrl":"https:\/\/sandzakpress.net\/arhiva\/wp-content\/uploads\/2011\/11\/se-v-hm-vd-20111-e1316516230706.jpg","articleSection":["Bosna i Hercegovina","Islamska zajednica","Turska"],"inLanguage":"bs-BA","potentialAction":[{"@type":"CommentAction","name":"Comment","target":["https:\/\/sandzakpress.net\/arhiva\/potpisivanje-protokola-izmeduvakufske-direkcije-turske-i-iz-u-bih\/#respond"]}]},{"@type":"WebPage","@id":"https:\/\/sandzakpress.net\/arhiva\/potpisivanje-protokola-izmeduvakufske-direkcije-turske-i-iz-u-bih\/","url":"https:\/\/sandzakpress.net\/arhiva\/potpisivanje-protokola-izmeduvakufske-direkcije-turske-i-iz-u-bih\/","name":"Potpisivanje protokola izme\u0111uvakufske direkcije Turske i IZ u BiH","isPartOf":{"@id":"https:\/\/sandzakpress.net\/arhiva\/#website"},"primaryImageOfPage":{"@id":"https:\/\/sandzakpress.net\/arhiva\/potpisivanje-protokola-izmeduvakufske-direkcije-turske-i-iz-u-bih\/#primaryimage"},"image":{"@id":"https:\/\/sandzakpress.net\/arhiva\/potpisivanje-protokola-izmeduvakufske-direkcije-turske-i-iz-u-bih\/#primaryimage"},"thumbnailUrl":"https:\/\/sandzakpress.net\/arhiva\/wp-content\/uploads\/2011\/11\/se-v-hm-vd-20111-e1316516230706.jpg","datePublished":"2011-11-30T12:50:13+00:00","breadcrumb":{"@id":"https:\/\/sandzakpress.net\/arhiva\/potpisivanje-protokola-izmeduvakufske-direkcije-turske-i-iz-u-bih\/#breadcrumb"},"inLanguage":"bs-BA","potentialAction":[{"@type":"ReadAction","target":["https:\/\/sandzakpress.net\/arhiva\/potpisivanje-protokola-izmeduvakufske-direkcije-turske-i-iz-u-bih\/"]}]},{"@type":"ImageObject","inLanguage":"bs-BA","@id":"https:\/\/sandzakpress.net\/arhiva\/potpisivanje-protokola-izmeduvakufske-direkcije-turske-i-iz-u-bih\/#primaryimage","url":"https:\/\/sandzakpress.net\/arhiva\/wp-content\/uploads\/2011\/11\/se-v-hm-vd-20111-e1316516230706.jpg","contentUrl":"https:\/\/sandzakpress.net\/arhiva\/wp-content\/uploads\/2011\/11\/se-v-hm-vd-20111-e1316516230706.jpg","width":155,"height":163},{"@type":"BreadcrumbList","@id":"https:\/\/sandzakpress.net\/arhiva\/potpisivanje-protokola-izmeduvakufske-direkcije-turske-i-iz-u-bih\/#breadcrumb","itemListElement":[{"@type":"ListItem","position":1,"name":"Home","item":"https:\/\/sandzakpress.net\/arhiva\/"},{"@type":"ListItem","position":2,"name":"Potpisivanje protokola izme\u0111uvakufske direkcije Turske i IZ u BiH"}]},{"@type":"WebSite","@id":"https:\/\/sandzakpress.net\/arhiva\/#website","url":"https:\/\/sandzakpress.net\/arhiva\/","name":"Sand\u017eak PRESS","description":"Prve elektronske novine u Sand\u017eaku","publisher":{"@id":"https:\/\/sandzakpress.net\/arhiva\/#\/schema\/person\/6e72b67d6e51910a1117b3b483ba20bd"},"potentialAction":[{"@type":"SearchAction","target":{"@type":"EntryPoint","urlTemplate":"https:\/\/sandzakpress.net\/arhiva\/?s={search_term_string}"},"query-input":{"@type":"PropertyValueSpecification","valueRequired":true,"valueName":"search_term_string"}}],"inLanguage":"bs-BA"},{"@type":["Person","Organization"],"@id":"https:\/\/sandzakpress.net\/arhiva\/#\/schema\/person\/6e72b67d6e51910a1117b3b483ba20bd","name":"Kul","image":{"@type":"ImageObject","inLanguage":"bs-BA","@id":"https:\/\/sandzakpress.net\/arhiva\/#\/schema\/person\/image\/","url":"https:\/\/secure.gravatar.com\/avatar\/42263f39aa27ac04c43cab85c280eb2e?s=96&d=mm&r=pg","contentUrl":"https:\/\/secure.gravatar.com\/avatar\/42263f39aa27ac04c43cab85c280eb2e?s=96&d=mm&r=pg","caption":"Kul"},"logo":{"@id":"https:\/\/sandzakpress.net\/arhiva\/#\/schema\/person\/image\/"}},{"@type":"Person","@id":"","url":"https:\/\/sandzakpress.net\/arhiva\/author\/"}]}},"_links":{"self":[{"href":"https:\/\/sandzakpress.net\/arhiva\/wp-json\/wp\/v2\/posts\/25180"}],"collection":[{"href":"https:\/\/sandzakpress.net\/arhiva\/wp-json\/wp\/v2\/posts"}],"about":[{"href":"https:\/\/sandzakpress.net\/arhiva\/wp-json\/wp\/v2\/types\/post"}],"author":[{"embeddable":true,"href":"https:\/\/sandzakpress.net\/arhiva\/wp-json\/wp\/v2\/users\/14"}],"replies":[{"embeddable":true,"href":"https:\/\/sandzakpress.net\/arhiva\/wp-json\/wp\/v2\/comments?post=25180"}],"version-history":[{"count":0,"href":"https:\/\/sandzakpress.net\/arhiva\/wp-json\/wp\/v2\/posts\/25180\/revisions"}],"wp:featuredmedia":[{"embeddable":true,"href":"https:\/\/sandzakpress.net\/arhiva\/wp-json\/wp\/v2\/media\/25182"}],"wp:attachment":[{"href":"https:\/\/sandzakpress.net\/arhiva\/wp-json\/wp\/v2\/media?parent=25180"}],"wp:term":[{"taxonomy":"category","embeddable":true,"href":"https:\/\/sandzakpress.net\/arhiva\/wp-json\/wp\/v2\/categories?post=25180"},{"taxonomy":"post_tag","embeddable":true,"href":"https:\/\/sandzakpress.net\/arhiva\/wp-json\/wp\/v2\/tags?post=25180"}],"curies":[{"name":"wp","href":"https:\/\/api.w.org\/{rel}","templated":true}]}}