{"id":24861,"date":"2011-11-26T21:06:41","date_gmt":"2011-11-26T20:06:41","guid":{"rendered":"https:\/\/sandzakpress.net\/arhiva\/?p=24861"},"modified":"2011-11-26T21:08:01","modified_gmt":"2011-11-26T20:08:01","slug":"misija-bosnjacke-kulturne-zajednice","status":"publish","type":"post","link":"https:\/\/sandzakpress.net\/arhiva\/misija-bosnjacke-kulturne-zajednice\/","title":{"rendered":"Misija Bo\u0161nja\u010dke kulturne zajednice"},"content":{"rendered":"<p><a href=\"https:\/\/sandzakpress.net\/arhiva\/wp-content\/uploads\/2011\/11\/BKZlogo.jpg\"><img loading=\"lazy\" decoding=\"async\" class=\"aligncenter size-full wp-image-24870\" title=\"BKZlogo\" src=\"https:\/\/sandzakpress.net\/arhiva\/wp-content\/uploads\/2011\/11\/BKZlogo.jpg\" alt=\"\" width=\"616\" height=\"345\" \/><\/a><\/p>\n<p><strong>Sand\u017eak PRESS &#8211; Bo\u0161nja\u010dka kulturna zajednica (BKZ) je institucija kojoj je glavni cilj \u2013 afirmacija i o\u010duvanje bo\u0161nja\u010dkog kulturnog, vjerskog i nacionalnog identiteta. Misija Bo\u0161nja\u010dke kulturne zajednice je misija slobode u afirmaciji ovih vrijednosti kao i uklanjanje prepreka da se one iska\u017eu. <\/strong><\/p>\n<p>Bo\u0161nja\u010dka kulturna ba\u0161tina predstavlja veliko kulturno bogatsvo na ovim prostorima, tako da bo\u0161nja\u010dki narod ima \u0161ta pokazati Evropi i svijetu. On s ponosom \u017eeli predstaviti svoja dostignu\u0107a u svim sferama \u017eivota. Zato Bo\u0161nja\u010dka zajednica (BKZ) djeluje kroz mnoge oblasti, me\u0111u kojima su: prosvjetno \u2013 obrazovna oblast, nau\u010dno \u2013 istra\u017eiva\u010dki rad, izdava\u0161tvo, bibliotekarstvo, etnologija, historija, jezik, knji\u017eevnost, ekologija, zdravstvo, arhitektura, folklor, muzika, likovna umjetnost, primijenjena umjetnost, doma\u0107a radinost, sport, rekreacija, o\u010duvanje kulturno \u2013 historijskih spomenika itd.<\/p>\n<p>U Evropi jedino bo\u0161nja\u010dki narod, kao autohton narod, nema svoju nacionalnu dr\u017eavu, pa Bo\u0161nja\u010dku kulturnu zajednicu do\u017eivljava kao vid zajedni\u0161tva koje \u0107e mu kroz svoje djelovanje omogu\u0107iti ono \u0161to bi mu omogu\u0107ila takva dr\u017eava. Radi toga, osim afirmacije spomenutih vrijednosti BKZ radi i na eliminiranju diskriminacije Bo\u0161njaka. Na ovim prostorima diskriminacija Bo\u0161njaka je evidentna po\u010dev\u0161i od nezaposlenosti, ekonomskog osiroma\u0161enja, obespravljenosti raznih oblika \u00a0\u00a0do re\u017eimsko \u2013 politi\u010dke presije, terorizacije neistomi\u0161ljenika, a u zadnje vrijeme i satanizacije vjerskih slu\u017ebenika. Zato se Bo\u0161nja\u010dka kulturna zajednica svim raspolo\u017eivim legitimnim sredstvima bori da ostvari kulturna, vjerska i politi\u010dka prava i slobode pripadnika bo\u0161nja\u010dkog naroda.<\/p>\n<p>U Sand\u017eaku, Srbiji osnovana je Bo\u0161nja\u010dka kulturna zajednica (BKZ) sa sjedi\u0161tem u Novom Pazaru koja ve\u0107 uveliko djeluje u svojoj plemenitoj misiji. U afirmaciji bo\u0161nja\u010dkih vrijednosti pridru\u017eile su se i BKZ u Makedoniji sa sjedi\u0161tem u Skoplju, kao i BKZ u Crnoj Gori sa sjedi\u0161tem u Ro\u017eajama. Uskoro \u0107e biti formirane i BKZ na Kosovu, u Hrvatskoj, Sloveniji i u Bosni i Hercegovini. U tom pravcu ve\u0107 su osnovani neki inicijativni odbori.<\/p>\n<p>Veliku zaslugu u ovoj plemenitoj misiji imali su mnogi bo\u0161nja\u010dki intelektualci koji su prepoznali vrijednost koordiniranog djelovanja na polju kulture i duhovnosti, prije svih, uva\u017eeni muftija sand\u017ea\u010dki i lider bo\u0161nja\u010dkog naroda Muamer ef. Zukorli\u0107 sa svojim saradnicima. Bo\u0161nja\u010dka kulturna zajednica je bezrezervno na usluzi bo\u0161nja\u010dkom narodu koji je shvatio neophodnost jedinstva na Putu afirmacije svih svojih vrijednosti, i to vrijednosti koje s ponosom mo\u017ee pokazati Evropi i svijetu.<\/p>\n<p>.<\/p>\n<h1><span style=\"text-decoration: underline;\">Podsjetimo!<\/span><\/h1>\n<h3>.<\/h3>\n<h3>Makedonija &#8211; Prva izborna skup\u0161tina BKZ<\/h3>\n<p><strong>Makedonija &#8211; U subotu 1. oktobra u Skoplju je odr\u017eana promocija Bo\u0161nja\u010dke kulturne zajednice za Makedoniju. Pored velikog broja Bo\u0161njaka koji \u017eive u Makedoniji ovoj promociji su prisustvovali i glavni muftija Islamske zajednice u Srbiji Muamer-ef. Zukorli\u0107, predsjednik BNV prof. dr. Mevlud Dudi\u0107, predsjednik BDZ Emir Elfi\u0107, predsjednik BKZ Jahja Fehratovi\u0107, predsjednik BKZ za Crnu Goru Hazbija Kala\u010d i knji\u017eevnik Ned\u017ead Lati\u0107. <\/strong><\/p>\n<p>Nakon kulturno-zabavnog programa promoviran je Izvr\u0161ni odbor BKZ u Republici Makedoniji kojeg \u010dine: prof. dr. D\u017eemil Bektovi\u0107, prof. dr. Fehim Huskovi\u0107, prof. Jusuf \u010colovi\u0107, Almira Papi\u0107, Jasmin Latifovi\u0107, D\u017eevad Hot i Mersiha Smailovi\u0107 Red\u017eepi.<\/p>\n<p><a href=\"https:\/\/sandzakpress.net\/arhiva\/wp-content\/uploads\/2011\/11\/bkz-makedonija-1.jpg\"><img loading=\"lazy\" decoding=\"async\" class=\"aligncenter size-full wp-image-24865\" title=\"bkz makedonija (1)\" src=\"https:\/\/sandzakpress.net\/arhiva\/wp-content\/uploads\/2011\/11\/bkz-makedonija-1.jpg\" alt=\"\" width=\"616\" height=\"410\" \/><\/a><\/p>\n<h3>Crna Gora &#8211; Prva izborna skup\u0161tina BKZ<\/h3>\n<p><strong>Ju\u017eni Sand\u017eak &#8211; Na Dan Sand\u017eaka, u nedjelju 20.novembra 2011. godine, u  Ro\u017eajama je u sali Doma kulture odr\u017eana Promotivna skup\u0161tina Bo\u0161nja\u010dke  kulturne zajednice za Crnu Goru.<\/strong><\/p>\n<p>U prepunoj sali Doma kulture uz prisustvo brojnih delegacija  bo\u0161nja\u010dkih udru\u017eenja sa Balkana i iz dijaspore poslata je poruka mira i  jedinstva Bo\u0161njaka \u0161irom svijeta i jo\u0161 jednom je promovirana ideja  panbo\u0161nja\u010dkog pokreta u svijetu.<\/p>\n<p>Na ranije odr\u017eanoj Izbornoj Skup\u0161tini za predsjednika BKZ za Crnu  Goru izabran je Hazbija Kala\u010d, dugogodi\u0161nji borac za ostvarenje ljudskih  prava Bo\u0161njaka u Sand\u017eaku. U svojem obra\u0107anju prisutnima u Sali Doma  kulture Kala\u010d je istakao da su rijetke prilike da se Bo\u0161njaci sa svih  strana granica okupe i me\u0111usobno izmije\u0161aju i da jedinstveno zastupaju  zajedni\u010dki stav.<\/p>\n<p><a href=\"https:\/\/sandzakpress.net\/arhiva\/wp-content\/uploads\/2011\/11\/DSC_01101.jpg\"><img loading=\"lazy\" decoding=\"async\" class=\"aligncenter size-full wp-image-24866\" title=\"DSC_0110\" src=\"https:\/\/sandzakpress.net\/arhiva\/wp-content\/uploads\/2011\/11\/DSC_01101.jpg\" alt=\"\" width=\"616\" height=\"410\" \/><\/a><\/p>\n<h3>Srbija &#8211; Druga izborna skup\u0161tina BKZ<\/h3>\n<p><strong>Sjeverni Sand\u017eak \u2013 21. 11. 2011. godine odr\u017eana je druga  Izborna skup\u0161tina BKZ-a. Sjednicom je predsjedavao potpredsjednik  Skup\u0161tine BKZ-a Sead \u0160a\u0107irovi\u0107.<\/strong><\/p>\n<p>U radu Skup\u0161tine u\u010destvovali su bajraktari BKZ-a, delegati iz svih gradova Sand\u017eaka te donatori BKZ-a u svojstvu gostiju.<\/p>\n<p>Jednoglasno  je za predsjednika izabran Jahja Fehratovi\u0107, a na njegov prijedlog,  tako\u0111er jednoglasno, za potpredsjednike izabrani su Sead Hasanovi\u0107 i  \u00a0dr. Samina Dazdarevi\u0107, a za generalnog sekretara Enver Bi\u0161evac.<\/p>\n<p>Za predsjednika Suda \u010dasti izabran je Hako Duljevi\u0107.<\/p>\n<p>Potom su izabrani <a href=\"https:\/\/sandzakpress.net\/arhiva\/druga-izborna-skupstina-bkz-a\">predsjednici Odbora i njihovi \u010dlanovi<\/a>.<\/p>\n<p><a href=\"https:\/\/sandzakpress.net\/arhiva\/wp-content\/uploads\/2011\/11\/ii-izborna-skupstina-BKZ-2.jpg\"><img loading=\"lazy\" decoding=\"async\" class=\"aligncenter size-full wp-image-24868\" title=\"ii izborna skupstina BKZ (2)\" src=\"https:\/\/sandzakpress.net\/arhiva\/wp-content\/uploads\/2011\/11\/ii-izborna-skupstina-BKZ-2.jpg\" alt=\"\" width=\"615\" height=\"409\" \/><\/a><\/p>\n<h3>Kosovo &#8211; Formiran inicijativni odbor<\/h3>\n<p><strong>Kosovo &#8211; <\/strong>Inicijativni odbor broji 15 \u010dlanova, a njegovo rukovodstvo \u010dine:<\/p>\n<p><strong>1.<\/strong> <strong>Prof. dr Mehmed Meta<\/strong>, predsjednik Inicijativnog odbora<\/p>\n<p><strong>2. Sahid Kandi\u0107<\/strong>, potpredsjednik Inicijativnog odbora<\/p>\n<p><strong>3.<\/strong> <strong>Adnan Red\u017eeplar<\/strong>, potpredsjednik Inicijativnog odbora\u00a0 i<\/p>\n<p><strong>4.<\/strong> <strong>Edina Elezi<\/strong>, generalni sekretar Inicijativnog odbora.<\/p>\n<p><a href=\"https:\/\/sandzakpress.net\/arhiva\/wp-content\/uploads\/2011\/11\/BKZCG-11.jpg\"><img loading=\"lazy\" decoding=\"async\" class=\"aligncenter size-full wp-image-24869\" title=\"BKZCG (11)\" src=\"https:\/\/sandzakpress.net\/arhiva\/wp-content\/uploads\/2011\/11\/BKZCG-11.jpg\" alt=\"\" width=\"616\" height=\"409\" \/><\/a><\/p>\n<p>Autor: <strong>Mersada Nuruddina Agovi\u0107<\/strong><\/p>\n","protected":false},"excerpt":{"rendered":"<p>Sand\u017eak PRESS &#8211; Bo\u0161nja\u010dka kulturna zajednica (BKZ) je institucija kojoj je glavni cilj \u2013 afirmacija i o\u010duvanje bo\u0161nja\u010dkog kulturnog, vjerskog i nacionalnog identiteta. Misija Bo\u0161nja\u010dke kulturne zajednice je misija slobode u afirmaciji ovih vrijednosti kao i uklanjanje prepreka da se one iska\u017eu. Bo\u0161nja\u010dka kulturna ba\u0161tina predstavlja veliko kulturno bogatsvo na ovim prostorima, tako da bo\u0161nja\u010dki [&hellip;]<\/p>\n","protected":false},"author":83,"featured_media":24870,"comment_status":"open","ping_status":"open","sticky":false,"template":"","format":"standard","meta":{"footnotes":""},"categories":[72,398,52,397,2690,327,392,396,393,395,2691,394,399],"tags":[],"class_list":{"0":"post-24861","1":"post","2":"type-post","3":"status-publish","4":"format-standard","5":"has-post-thumbnail","7":"category-novi-pazar","8":"category-rozaje","9":"category-sjenica","10":"category-berane","11":"category-kosovo-gradovi","12":"category-tutin","13":"category-prijepolje_","14":"category-bijelo_polje","15":"category-priboj","16":"category-pljevlja_","17":"category-makedonija","18":"category-nova-varos","19":"category-plav_"},"yoast_head":"<!-- This site is optimized with the Yoast SEO Premium plugin v23.1 (Yoast SEO v24.9) - https:\/\/yoast.com\/wordpress\/plugins\/seo\/ -->\n<title>Misija Bo\u0161nja\u010dke kulturne zajednice<\/title>\n<meta name=\"robots\" content=\"index, follow, max-snippet:-1, max-image-preview:large, max-video-preview:-1\" \/>\n<link rel=\"canonical\" href=\"https:\/\/sandzakpress.net\/arhiva\/misija-bosnjacke-kulturne-zajednice\/\" \/>\n<meta property=\"og:locale\" content=\"bs_BA\" \/>\n<meta property=\"og:type\" content=\"article\" \/>\n<meta property=\"og:title\" content=\"Misija Bo\u0161nja\u010dke kulturne zajednice\" \/>\n<meta property=\"og:description\" content=\"Sand\u017eak PRESS &#8211; Bo\u0161nja\u010dka kulturna zajednica (BKZ) je institucija kojoj je glavni cilj \u2013 afirmacija i o\u010duvanje bo\u0161nja\u010dkog kulturnog, vjerskog i nacionalnog identiteta. Misija Bo\u0161nja\u010dke kulturne zajednice je misija slobode u afirmaciji ovih vrijednosti kao i uklanjanje prepreka da se one iska\u017eu. Bo\u0161nja\u010dka kulturna ba\u0161tina predstavlja veliko kulturno bogatsvo na ovim prostorima, tako da bo\u0161nja\u010dki [&hellip;]\" \/>\n<meta property=\"og:url\" content=\"https:\/\/sandzakpress.net\/arhiva\/misija-bosnjacke-kulturne-zajednice\/\" \/>\n<meta property=\"og:site_name\" content=\"Sand\u017eak PRESS\" \/>\n<meta property=\"article:published_time\" content=\"2011-11-26T20:06:41+00:00\" \/>\n<meta property=\"article:modified_time\" content=\"2011-11-26T20:08:01+00:00\" \/>\n<meta property=\"og:image\" content=\"https:\/\/sandzakpress.net\/arhiva\/wp-content\/uploads\/2011\/11\/BKZlogo.jpg\" \/>\n\t<meta property=\"og:image:width\" content=\"616\" \/>\n\t<meta property=\"og:image:height\" content=\"345\" \/>\n\t<meta property=\"og:image:type\" content=\"image\/jpeg\" \/>\n<meta name=\"author\" content=\"bosniak\" \/>\n<meta name=\"twitter:card\" content=\"summary_large_image\" \/>\n<meta name=\"twitter:label1\" content=\"Written by\" \/>\n\t<meta name=\"twitter:data1\" content=\"bosniak\" \/>\n\t<meta name=\"twitter:label2\" content=\"Est. reading time\" \/>\n\t<meta name=\"twitter:data2\" content=\"4 minute\" \/>\n<script type=\"application\/ld+json\" class=\"yoast-schema-graph\">{\"@context\":\"https:\/\/schema.org\",\"@graph\":[{\"@type\":\"Article\",\"@id\":\"https:\/\/sandzakpress.net\/arhiva\/misija-bosnjacke-kulturne-zajednice\/#article\",\"isPartOf\":{\"@id\":\"https:\/\/sandzakpress.net\/arhiva\/misija-bosnjacke-kulturne-zajednice\/\"},\"author\":{\"name\":\"bosniak\",\"@id\":\"https:\/\/sandzakpress.net\/arhiva\/#\/schema\/person\/c8baee722073534b583ea7bdb2e36c02\"},\"headline\":\"Misija Bo\u0161nja\u010dke kulturne zajednice\",\"datePublished\":\"2011-11-26T20:06:41+00:00\",\"dateModified\":\"2011-11-26T20:08:01+00:00\",\"mainEntityOfPage\":{\"@id\":\"https:\/\/sandzakpress.net\/arhiva\/misija-bosnjacke-kulturne-zajednice\/\"},\"wordCount\":832,\"commentCount\":4,\"publisher\":{\"@id\":\"https:\/\/sandzakpress.net\/arhiva\/#\/schema\/person\/6e72b67d6e51910a1117b3b483ba20bd\"},\"image\":{\"@id\":\"https:\/\/sandzakpress.net\/arhiva\/misija-bosnjacke-kulturne-zajednice\/#primaryimage\"},\"thumbnailUrl\":\"https:\/\/sandzakpress.net\/arhiva\/wp-content\/uploads\/2011\/11\/BKZlogo.jpg\",\"articleSection\":[\"Novi Pazar\",\"Ro\u017eaje\",\"Sjenica\",\"Berane\",\"Kosovo\",\"Tutin\",\"Prijepolje\",\"Bijelo Polje\",\"Priboj\",\"Pljevlja\",\"Makedonija\",\"Nova Varo\u0161\",\"Plav\"],\"inLanguage\":\"bs-BA\",\"potentialAction\":[{\"@type\":\"CommentAction\",\"name\":\"Comment\",\"target\":[\"https:\/\/sandzakpress.net\/arhiva\/misija-bosnjacke-kulturne-zajednice\/#respond\"]}]},{\"@type\":\"WebPage\",\"@id\":\"https:\/\/sandzakpress.net\/arhiva\/misija-bosnjacke-kulturne-zajednice\/\",\"url\":\"https:\/\/sandzakpress.net\/arhiva\/misija-bosnjacke-kulturne-zajednice\/\",\"name\":\"Misija Bo\u0161nja\u010dke kulturne zajednice\",\"isPartOf\":{\"@id\":\"https:\/\/sandzakpress.net\/arhiva\/#website\"},\"primaryImageOfPage\":{\"@id\":\"https:\/\/sandzakpress.net\/arhiva\/misija-bosnjacke-kulturne-zajednice\/#primaryimage\"},\"image\":{\"@id\":\"https:\/\/sandzakpress.net\/arhiva\/misija-bosnjacke-kulturne-zajednice\/#primaryimage\"},\"thumbnailUrl\":\"https:\/\/sandzakpress.net\/arhiva\/wp-content\/uploads\/2011\/11\/BKZlogo.jpg\",\"datePublished\":\"2011-11-26T20:06:41+00:00\",\"dateModified\":\"2011-11-26T20:08:01+00:00\",\"breadcrumb\":{\"@id\":\"https:\/\/sandzakpress.net\/arhiva\/misija-bosnjacke-kulturne-zajednice\/#breadcrumb\"},\"inLanguage\":\"bs-BA\",\"potentialAction\":[{\"@type\":\"ReadAction\",\"target\":[\"https:\/\/sandzakpress.net\/arhiva\/misija-bosnjacke-kulturne-zajednice\/\"]}]},{\"@type\":\"ImageObject\",\"inLanguage\":\"bs-BA\",\"@id\":\"https:\/\/sandzakpress.net\/arhiva\/misija-bosnjacke-kulturne-zajednice\/#primaryimage\",\"url\":\"https:\/\/sandzakpress.net\/arhiva\/wp-content\/uploads\/2011\/11\/BKZlogo.jpg\",\"contentUrl\":\"https:\/\/sandzakpress.net\/arhiva\/wp-content\/uploads\/2011\/11\/BKZlogo.jpg\",\"width\":616,\"height\":345},{\"@type\":\"BreadcrumbList\",\"@id\":\"https:\/\/sandzakpress.net\/arhiva\/misija-bosnjacke-kulturne-zajednice\/#breadcrumb\",\"itemListElement\":[{\"@type\":\"ListItem\",\"position\":1,\"name\":\"Home\",\"item\":\"https:\/\/sandzakpress.net\/arhiva\/\"},{\"@type\":\"ListItem\",\"position\":2,\"name\":\"Misija Bo\u0161nja\u010dke kulturne zajednice\"}]},{\"@type\":\"WebSite\",\"@id\":\"https:\/\/sandzakpress.net\/arhiva\/#website\",\"url\":\"https:\/\/sandzakpress.net\/arhiva\/\",\"name\":\"Sand\u017eak PRESS\",\"description\":\"Prve elektronske novine u Sand\u017eaku\",\"publisher\":{\"@id\":\"https:\/\/sandzakpress.net\/arhiva\/#\/schema\/person\/6e72b67d6e51910a1117b3b483ba20bd\"},\"potentialAction\":[{\"@type\":\"SearchAction\",\"target\":{\"@type\":\"EntryPoint\",\"urlTemplate\":\"https:\/\/sandzakpress.net\/arhiva\/?s={search_term_string}\"},\"query-input\":{\"@type\":\"PropertyValueSpecification\",\"valueRequired\":true,\"valueName\":\"search_term_string\"}}],\"inLanguage\":\"bs-BA\"},{\"@type\":[\"Person\",\"Organization\"],\"@id\":\"https:\/\/sandzakpress.net\/arhiva\/#\/schema\/person\/6e72b67d6e51910a1117b3b483ba20bd\",\"name\":\"Kul\",\"image\":{\"@type\":\"ImageObject\",\"inLanguage\":\"bs-BA\",\"@id\":\"https:\/\/sandzakpress.net\/arhiva\/#\/schema\/person\/image\/\",\"url\":\"https:\/\/secure.gravatar.com\/avatar\/42263f39aa27ac04c43cab85c280eb2e?s=96&d=mm&r=pg\",\"contentUrl\":\"https:\/\/secure.gravatar.com\/avatar\/42263f39aa27ac04c43cab85c280eb2e?s=96&d=mm&r=pg\",\"caption\":\"Kul\"},\"logo\":{\"@id\":\"https:\/\/sandzakpress.net\/arhiva\/#\/schema\/person\/image\/\"}},{\"@type\":\"Person\",\"@id\":\"https:\/\/sandzakpress.net\/arhiva\/#\/schema\/person\/c8baee722073534b583ea7bdb2e36c02\",\"name\":\"bosniak\",\"image\":{\"@type\":\"ImageObject\",\"inLanguage\":\"bs-BA\",\"@id\":\"https:\/\/sandzakpress.net\/arhiva\/#\/schema\/person\/image\/\",\"url\":\"https:\/\/secure.gravatar.com\/avatar\/a04fd330bfe3a36a72a0ad4a6d89fca7?s=96&d=mm&r=pg\",\"contentUrl\":\"https:\/\/secure.gravatar.com\/avatar\/a04fd330bfe3a36a72a0ad4a6d89fca7?s=96&d=mm&r=pg\",\"caption\":\"bosniak\"},\"url\":\"https:\/\/sandzakpress.net\/arhiva\/author\/bosniak\/\"}]}<\/script>\n<!-- \/ Yoast SEO Premium plugin. -->","yoast_head_json":{"title":"Misija Bo\u0161nja\u010dke kulturne zajednice","robots":{"index":"index","follow":"follow","max-snippet":"max-snippet:-1","max-image-preview":"max-image-preview:large","max-video-preview":"max-video-preview:-1"},"canonical":"https:\/\/sandzakpress.net\/arhiva\/misija-bosnjacke-kulturne-zajednice\/","og_locale":"bs_BA","og_type":"article","og_title":"Misija Bo\u0161nja\u010dke kulturne zajednice","og_description":"Sand\u017eak PRESS &#8211; Bo\u0161nja\u010dka kulturna zajednica (BKZ) je institucija kojoj je glavni cilj \u2013 afirmacija i o\u010duvanje bo\u0161nja\u010dkog kulturnog, vjerskog i nacionalnog identiteta. Misija Bo\u0161nja\u010dke kulturne zajednice je misija slobode u afirmaciji ovih vrijednosti kao i uklanjanje prepreka da se one iska\u017eu. Bo\u0161nja\u010dka kulturna ba\u0161tina predstavlja veliko kulturno bogatsvo na ovim prostorima, tako da bo\u0161nja\u010dki [&hellip;]","og_url":"https:\/\/sandzakpress.net\/arhiva\/misija-bosnjacke-kulturne-zajednice\/","og_site_name":"Sand\u017eak PRESS","article_published_time":"2011-11-26T20:06:41+00:00","article_modified_time":"2011-11-26T20:08:01+00:00","og_image":[{"width":616,"height":345,"url":"https:\/\/sandzakpress.net\/arhiva\/wp-content\/uploads\/2011\/11\/BKZlogo.jpg","type":"image\/jpeg"}],"author":"bosniak","twitter_card":"summary_large_image","twitter_misc":{"Written by":"bosniak","Est. reading time":"4 minute"},"schema":{"@context":"https:\/\/schema.org","@graph":[{"@type":"Article","@id":"https:\/\/sandzakpress.net\/arhiva\/misija-bosnjacke-kulturne-zajednice\/#article","isPartOf":{"@id":"https:\/\/sandzakpress.net\/arhiva\/misija-bosnjacke-kulturne-zajednice\/"},"author":{"name":"bosniak","@id":"https:\/\/sandzakpress.net\/arhiva\/#\/schema\/person\/c8baee722073534b583ea7bdb2e36c02"},"headline":"Misija Bo\u0161nja\u010dke kulturne zajednice","datePublished":"2011-11-26T20:06:41+00:00","dateModified":"2011-11-26T20:08:01+00:00","mainEntityOfPage":{"@id":"https:\/\/sandzakpress.net\/arhiva\/misija-bosnjacke-kulturne-zajednice\/"},"wordCount":832,"commentCount":4,"publisher":{"@id":"https:\/\/sandzakpress.net\/arhiva\/#\/schema\/person\/6e72b67d6e51910a1117b3b483ba20bd"},"image":{"@id":"https:\/\/sandzakpress.net\/arhiva\/misija-bosnjacke-kulturne-zajednice\/#primaryimage"},"thumbnailUrl":"https:\/\/sandzakpress.net\/arhiva\/wp-content\/uploads\/2011\/11\/BKZlogo.jpg","articleSection":["Novi Pazar","Ro\u017eaje","Sjenica","Berane","Kosovo","Tutin","Prijepolje","Bijelo Polje","Priboj","Pljevlja","Makedonija","Nova Varo\u0161","Plav"],"inLanguage":"bs-BA","potentialAction":[{"@type":"CommentAction","name":"Comment","target":["https:\/\/sandzakpress.net\/arhiva\/misija-bosnjacke-kulturne-zajednice\/#respond"]}]},{"@type":"WebPage","@id":"https:\/\/sandzakpress.net\/arhiva\/misija-bosnjacke-kulturne-zajednice\/","url":"https:\/\/sandzakpress.net\/arhiva\/misija-bosnjacke-kulturne-zajednice\/","name":"Misija Bo\u0161nja\u010dke kulturne zajednice","isPartOf":{"@id":"https:\/\/sandzakpress.net\/arhiva\/#website"},"primaryImageOfPage":{"@id":"https:\/\/sandzakpress.net\/arhiva\/misija-bosnjacke-kulturne-zajednice\/#primaryimage"},"image":{"@id":"https:\/\/sandzakpress.net\/arhiva\/misija-bosnjacke-kulturne-zajednice\/#primaryimage"},"thumbnailUrl":"https:\/\/sandzakpress.net\/arhiva\/wp-content\/uploads\/2011\/11\/BKZlogo.jpg","datePublished":"2011-11-26T20:06:41+00:00","dateModified":"2011-11-26T20:08:01+00:00","breadcrumb":{"@id":"https:\/\/sandzakpress.net\/arhiva\/misija-bosnjacke-kulturne-zajednice\/#breadcrumb"},"inLanguage":"bs-BA","potentialAction":[{"@type":"ReadAction","target":["https:\/\/sandzakpress.net\/arhiva\/misija-bosnjacke-kulturne-zajednice\/"]}]},{"@type":"ImageObject","inLanguage":"bs-BA","@id":"https:\/\/sandzakpress.net\/arhiva\/misija-bosnjacke-kulturne-zajednice\/#primaryimage","url":"https:\/\/sandzakpress.net\/arhiva\/wp-content\/uploads\/2011\/11\/BKZlogo.jpg","contentUrl":"https:\/\/sandzakpress.net\/arhiva\/wp-content\/uploads\/2011\/11\/BKZlogo.jpg","width":616,"height":345},{"@type":"BreadcrumbList","@id":"https:\/\/sandzakpress.net\/arhiva\/misija-bosnjacke-kulturne-zajednice\/#breadcrumb","itemListElement":[{"@type":"ListItem","position":1,"name":"Home","item":"https:\/\/sandzakpress.net\/arhiva\/"},{"@type":"ListItem","position":2,"name":"Misija Bo\u0161nja\u010dke kulturne zajednice"}]},{"@type":"WebSite","@id":"https:\/\/sandzakpress.net\/arhiva\/#website","url":"https:\/\/sandzakpress.net\/arhiva\/","name":"Sand\u017eak PRESS","description":"Prve elektronske novine u Sand\u017eaku","publisher":{"@id":"https:\/\/sandzakpress.net\/arhiva\/#\/schema\/person\/6e72b67d6e51910a1117b3b483ba20bd"},"potentialAction":[{"@type":"SearchAction","target":{"@type":"EntryPoint","urlTemplate":"https:\/\/sandzakpress.net\/arhiva\/?s={search_term_string}"},"query-input":{"@type":"PropertyValueSpecification","valueRequired":true,"valueName":"search_term_string"}}],"inLanguage":"bs-BA"},{"@type":["Person","Organization"],"@id":"https:\/\/sandzakpress.net\/arhiva\/#\/schema\/person\/6e72b67d6e51910a1117b3b483ba20bd","name":"Kul","image":{"@type":"ImageObject","inLanguage":"bs-BA","@id":"https:\/\/sandzakpress.net\/arhiva\/#\/schema\/person\/image\/","url":"https:\/\/secure.gravatar.com\/avatar\/42263f39aa27ac04c43cab85c280eb2e?s=96&d=mm&r=pg","contentUrl":"https:\/\/secure.gravatar.com\/avatar\/42263f39aa27ac04c43cab85c280eb2e?s=96&d=mm&r=pg","caption":"Kul"},"logo":{"@id":"https:\/\/sandzakpress.net\/arhiva\/#\/schema\/person\/image\/"}},{"@type":"Person","@id":"https:\/\/sandzakpress.net\/arhiva\/#\/schema\/person\/c8baee722073534b583ea7bdb2e36c02","name":"bosniak","image":{"@type":"ImageObject","inLanguage":"bs-BA","@id":"https:\/\/sandzakpress.net\/arhiva\/#\/schema\/person\/image\/","url":"https:\/\/secure.gravatar.com\/avatar\/a04fd330bfe3a36a72a0ad4a6d89fca7?s=96&d=mm&r=pg","contentUrl":"https:\/\/secure.gravatar.com\/avatar\/a04fd330bfe3a36a72a0ad4a6d89fca7?s=96&d=mm&r=pg","caption":"bosniak"},"url":"https:\/\/sandzakpress.net\/arhiva\/author\/bosniak\/"}]}},"_links":{"self":[{"href":"https:\/\/sandzakpress.net\/arhiva\/wp-json\/wp\/v2\/posts\/24861"}],"collection":[{"href":"https:\/\/sandzakpress.net\/arhiva\/wp-json\/wp\/v2\/posts"}],"about":[{"href":"https:\/\/sandzakpress.net\/arhiva\/wp-json\/wp\/v2\/types\/post"}],"author":[{"embeddable":true,"href":"https:\/\/sandzakpress.net\/arhiva\/wp-json\/wp\/v2\/users\/83"}],"replies":[{"embeddable":true,"href":"https:\/\/sandzakpress.net\/arhiva\/wp-json\/wp\/v2\/comments?post=24861"}],"version-history":[{"count":0,"href":"https:\/\/sandzakpress.net\/arhiva\/wp-json\/wp\/v2\/posts\/24861\/revisions"}],"wp:featuredmedia":[{"embeddable":true,"href":"https:\/\/sandzakpress.net\/arhiva\/wp-json\/wp\/v2\/media\/24870"}],"wp:attachment":[{"href":"https:\/\/sandzakpress.net\/arhiva\/wp-json\/wp\/v2\/media?parent=24861"}],"wp:term":[{"taxonomy":"category","embeddable":true,"href":"https:\/\/sandzakpress.net\/arhiva\/wp-json\/wp\/v2\/categories?post=24861"},{"taxonomy":"post_tag","embeddable":true,"href":"https:\/\/sandzakpress.net\/arhiva\/wp-json\/wp\/v2\/tags?post=24861"}],"curies":[{"name":"wp","href":"https:\/\/api.w.org\/{rel}","templated":true}]}}