{"id":24840,"date":"2011-11-26T20:00:13","date_gmt":"2011-11-26T19:00:13","guid":{"rendered":"https:\/\/sandzakpress.net\/arhiva\/?p=24840"},"modified":"2011-11-26T20:19:17","modified_gmt":"2011-11-26T19:19:17","slug":"beograd-pjevao-sa-merlinom-bosnom-behar-probeharao-i-jel-sarajevo-gdje-je-nekad-bilo","status":"publish","type":"post","link":"https:\/\/sandzakpress.net\/arhiva\/beograd-pjevao-sa-merlinom-bosnom-behar-probeharao-i-jel-sarajevo-gdje-je-nekad-bilo\/","title":{"rendered":"Beograd: &#8220;Bosnom behar probeharao&#8230;&#8221; i &#8220;Jel Sarajevo gdje je nekad bilo&#8230;&#8221;"},"content":{"rendered":"<p style=\"text-align: left;\"><a href=\"https:\/\/sandzakpress.net\/arhiva\/wp-content\/uploads\/2011\/11\/novembar2011_dino_koncert_21_739603595.jpg\"><img loading=\"lazy\" decoding=\"async\" class=\"aligncenter size-full wp-image-24841\" title=\"novembar2011_dino_koncert_21_739603595\" src=\"https:\/\/sandzakpress.net\/arhiva\/wp-content\/uploads\/2011\/11\/novembar2011_dino_koncert_21_739603595.jpg\" alt=\"\" width=\"617\" height=\"402\" \/><\/a><\/p>\n<p style=\"text-align: left;\"><strong>BiH &#8211; Bo\u0161nja\u010dka muzi\u010dka zvijezda Dino Merlin ve\u010deras je odu\u0161evila oko 20.000 posjetilaca u beogradskoj &#8220;Areni&#8221;. Publika je s Dinom, pjevala, ali i plakala.<\/strong><\/p>\n<p style=\"text-align: left;\">Atmosfera je do\u017eivjela usijanje kada je na\u0161 Merlin zapjevo \u201eJel&#8217; Sarajvo gdje je nekad bilo&#8221; i \u201eBosnom behar probeharao&#8221;, a tada je i \u010destitao Dan dr\u017eavnosti Bosne i Hercegovine.<\/p>\n<p style=\"text-align: left;\"><img loading=\"lazy\" decoding=\"async\" class=\"aligncenter\" src=\"http:\/\/www.dnevniavaz.ba\/thumbnail.php?file=novembar2011\/dino_koncert_07_457433379.jpg&amp;size=summary_large\" alt=\"\" width=\"616\" height=\"402\" \/><\/p>\n<p style=\"text-align: left;\">Koncert Dine Merlina po\u010deo je u 21.10 u prepunoj beogradskoj &#8220;Areni&#8221;. \u0160ou je krenuo pjesmom &#8220;Ispo\u010detka&#8221;, naslovnom numerom sa posljednjeg albuma velike bh. zvijezde.<\/p>\n<p style=\"text-align: left;\">Fanovi Dine Merlina sa nestrpljenjem su \u010dekali izlazak na scenu i po\u010detak spektakla. Sve je rezultiralo eksplozijom odu\u0161evljenja, jer je koncert zbog velikih mjera sigurnosti kasnio vi\u0161e od sat vremena.<\/p>\n<p style=\"text-align: left;\"><img loading=\"lazy\" decoding=\"async\" class=\"aligncenter\" src=\"http:\/\/www.dnevniavaz.ba\/thumbnail.php?file=novembar2011\/dino_koncert_20_613732763.jpg&amp;size=summary_large\" alt=\"\" width=\"615\" height=\"401\" \/><\/p>\n<p style=\"text-align: left;\">Ve\u0107 od druge numere publika se horski priklju\u010dila Merlinu i ekstaza je zahvatila posjetioce u &#8220;Areni&#8221;.<\/p>\n<p>http:\/\/www.youtube.com\/watch?v=PUABdNu3Wfc<\/p>\n<p>http:\/\/www.youtube.com\/watch?v=F5xjW9HNbJ8<\/p>\n<p><script type=\"text\/javascript\" language=\"javascript\"\n  src=\"http:\/\/static.polldaddy.com\/p\/5703878.js\"><\/script><br \/>\n<noscript><br \/>\n <a href=\"http:\/\/answers.polldaddy.com\/poll\/5703878\/\">Da li podr\u017eavate Merlinov nastup u Beogradu?<\/a><br \/>\n <span style=\"font:9px;\">(<a href=\"http:\/\/www.polldaddy.com\">polls<\/a>)<\/span><br \/>\n<\/noscript><\/p>\n<p style=\"text-align: left;\">Izvor: <strong>DnevniAvaz.ba<\/strong><\/p>\n","protected":false},"excerpt":{"rendered":"<p>BiH &#8211; Bo\u0161nja\u010dka muzi\u010dka zvijezda Dino Merlin ve\u010deras je odu\u0161evila oko 20.000 posjetilaca u beogradskoj &#8220;Areni&#8221;. Publika je s Dinom, pjevala, ali i plakala. Atmosfera je do\u017eivjela usijanje kada je na\u0161 Merlin zapjevo \u201eJel&#8217; Sarajvo gdje je nekad bilo&#8221; i \u201eBosnom behar probeharao&#8221;, a tada je i \u010destitao Dan dr\u017eavnosti Bosne i Hercegovine. Koncert Dine [&hellip;]<\/p>\n","protected":false},"author":83,"featured_media":24841,"comment_status":"open","ping_status":"open","sticky":false,"template":"","format":"standard","meta":{"footnotes":""},"categories":[72,800,2860],"tags":[],"class_list":{"0":"post-24840","1":"post","2":"type-post","3":"status-publish","4":"format-standard","5":"has-post-thumbnail","7":"category-novi-pazar","8":"category-nacija","9":"category-bosna-i-hercegovina-gradovi"},"yoast_head":"<!-- This site is optimized with the Yoast SEO Premium plugin v23.1 (Yoast SEO v24.9) - https:\/\/yoast.com\/wordpress\/plugins\/seo\/ -->\n<title>Beograd: &quot;Bosnom behar probeharao...&quot; i &quot;Jel Sarajevo gdje je nekad bilo...&quot;<\/title>\n<meta name=\"robots\" content=\"index, follow, max-snippet:-1, max-image-preview:large, max-video-preview:-1\" \/>\n<link rel=\"canonical\" href=\"https:\/\/sandzakpress.net\/arhiva\/beograd-pjevao-sa-merlinom-bosnom-behar-probeharao-i-jel-sarajevo-gdje-je-nekad-bilo\/\" \/>\n<meta property=\"og:locale\" content=\"bs_BA\" \/>\n<meta property=\"og:type\" content=\"article\" \/>\n<meta property=\"og:title\" content=\"Beograd: &quot;Bosnom behar probeharao...&quot; i &quot;Jel Sarajevo gdje je nekad bilo...&quot;\" \/>\n<meta property=\"og:description\" content=\"BiH &#8211; Bo\u0161nja\u010dka muzi\u010dka zvijezda Dino Merlin ve\u010deras je odu\u0161evila oko 20.000 posjetilaca u beogradskoj &#8220;Areni&#8221;. Publika je s Dinom, pjevala, ali i plakala. Atmosfera je do\u017eivjela usijanje kada je na\u0161 Merlin zapjevo \u201eJel&#8217; Sarajvo gdje je nekad bilo&#8221; i \u201eBosnom behar probeharao&#8221;, a tada je i \u010destitao Dan dr\u017eavnosti Bosne i Hercegovine. Koncert Dine [&hellip;]\" \/>\n<meta property=\"og:url\" content=\"https:\/\/sandzakpress.net\/arhiva\/beograd-pjevao-sa-merlinom-bosnom-behar-probeharao-i-jel-sarajevo-gdje-je-nekad-bilo\/\" \/>\n<meta property=\"og:site_name\" content=\"Sand\u017eak PRESS\" \/>\n<meta property=\"article:published_time\" content=\"2011-11-26T19:00:13+00:00\" \/>\n<meta property=\"article:modified_time\" content=\"2011-11-26T19:19:17+00:00\" \/>\n<meta property=\"og:image\" content=\"https:\/\/sandzakpress.net\/arhiva\/wp-content\/uploads\/2011\/11\/novembar2011_dino_koncert_21_739603595.jpg\" \/>\n\t<meta property=\"og:image:width\" content=\"616\" \/>\n\t<meta property=\"og:image:height\" content=\"402\" \/>\n\t<meta property=\"og:image:type\" content=\"image\/jpeg\" \/>\n<meta name=\"author\" content=\"bosniak\" \/>\n<meta name=\"twitter:card\" content=\"summary_large_image\" \/>\n<meta name=\"twitter:label1\" content=\"Written by\" \/>\n\t<meta name=\"twitter:data1\" content=\"bosniak\" \/>\n\t<meta name=\"twitter:label2\" content=\"Est. reading time\" \/>\n\t<meta name=\"twitter:data2\" content=\"1 minuta\" \/>\n<script type=\"application\/ld+json\" class=\"yoast-schema-graph\">{\"@context\":\"https:\/\/schema.org\",\"@graph\":[{\"@type\":\"Article\",\"@id\":\"https:\/\/sandzakpress.net\/arhiva\/beograd-pjevao-sa-merlinom-bosnom-behar-probeharao-i-jel-sarajevo-gdje-je-nekad-bilo\/#article\",\"isPartOf\":{\"@id\":\"https:\/\/sandzakpress.net\/arhiva\/beograd-pjevao-sa-merlinom-bosnom-behar-probeharao-i-jel-sarajevo-gdje-je-nekad-bilo\/\"},\"author\":{\"name\":\"bosniak\",\"@id\":\"https:\/\/sandzakpress.net\/arhiva\/#\/schema\/person\/c8baee722073534b583ea7bdb2e36c02\"},\"headline\":\"Beograd: &#8220;Bosnom behar probeharao&#8230;&#8221; i &#8220;Jel Sarajevo gdje je nekad bilo&#8230;&#8221;\",\"datePublished\":\"2011-11-26T19:00:13+00:00\",\"dateModified\":\"2011-11-26T19:19:17+00:00\",\"mainEntityOfPage\":{\"@id\":\"https:\/\/sandzakpress.net\/arhiva\/beograd-pjevao-sa-merlinom-bosnom-behar-probeharao-i-jel-sarajevo-gdje-je-nekad-bilo\/\"},\"wordCount\":174,\"commentCount\":17,\"publisher\":{\"@id\":\"https:\/\/sandzakpress.net\/arhiva\/#\/schema\/person\/6e72b67d6e51910a1117b3b483ba20bd\"},\"image\":{\"@id\":\"https:\/\/sandzakpress.net\/arhiva\/beograd-pjevao-sa-merlinom-bosnom-behar-probeharao-i-jel-sarajevo-gdje-je-nekad-bilo\/#primaryimage\"},\"thumbnailUrl\":\"https:\/\/sandzakpress.net\/arhiva\/wp-content\/uploads\/2011\/11\/novembar2011_dino_koncert_21_739603595.jpg\",\"articleSection\":[\"Novi Pazar\",\"Nacija\",\"Bosna i Hercegovina\"],\"inLanguage\":\"bs-BA\",\"potentialAction\":[{\"@type\":\"CommentAction\",\"name\":\"Comment\",\"target\":[\"https:\/\/sandzakpress.net\/arhiva\/beograd-pjevao-sa-merlinom-bosnom-behar-probeharao-i-jel-sarajevo-gdje-je-nekad-bilo\/#respond\"]}]},{\"@type\":\"WebPage\",\"@id\":\"https:\/\/sandzakpress.net\/arhiva\/beograd-pjevao-sa-merlinom-bosnom-behar-probeharao-i-jel-sarajevo-gdje-je-nekad-bilo\/\",\"url\":\"https:\/\/sandzakpress.net\/arhiva\/beograd-pjevao-sa-merlinom-bosnom-behar-probeharao-i-jel-sarajevo-gdje-je-nekad-bilo\/\",\"name\":\"Beograd: \\\"Bosnom behar probeharao...\\\" i \\\"Jel Sarajevo gdje je nekad bilo...\\\"\",\"isPartOf\":{\"@id\":\"https:\/\/sandzakpress.net\/arhiva\/#website\"},\"primaryImageOfPage\":{\"@id\":\"https:\/\/sandzakpress.net\/arhiva\/beograd-pjevao-sa-merlinom-bosnom-behar-probeharao-i-jel-sarajevo-gdje-je-nekad-bilo\/#primaryimage\"},\"image\":{\"@id\":\"https:\/\/sandzakpress.net\/arhiva\/beograd-pjevao-sa-merlinom-bosnom-behar-probeharao-i-jel-sarajevo-gdje-je-nekad-bilo\/#primaryimage\"},\"thumbnailUrl\":\"https:\/\/sandzakpress.net\/arhiva\/wp-content\/uploads\/2011\/11\/novembar2011_dino_koncert_21_739603595.jpg\",\"datePublished\":\"2011-11-26T19:00:13+00:00\",\"dateModified\":\"2011-11-26T19:19:17+00:00\",\"breadcrumb\":{\"@id\":\"https:\/\/sandzakpress.net\/arhiva\/beograd-pjevao-sa-merlinom-bosnom-behar-probeharao-i-jel-sarajevo-gdje-je-nekad-bilo\/#breadcrumb\"},\"inLanguage\":\"bs-BA\",\"potentialAction\":[{\"@type\":\"ReadAction\",\"target\":[\"https:\/\/sandzakpress.net\/arhiva\/beograd-pjevao-sa-merlinom-bosnom-behar-probeharao-i-jel-sarajevo-gdje-je-nekad-bilo\/\"]}]},{\"@type\":\"ImageObject\",\"inLanguage\":\"bs-BA\",\"@id\":\"https:\/\/sandzakpress.net\/arhiva\/beograd-pjevao-sa-merlinom-bosnom-behar-probeharao-i-jel-sarajevo-gdje-je-nekad-bilo\/#primaryimage\",\"url\":\"https:\/\/sandzakpress.net\/arhiva\/wp-content\/uploads\/2011\/11\/novembar2011_dino_koncert_21_739603595.jpg\",\"contentUrl\":\"https:\/\/sandzakpress.net\/arhiva\/wp-content\/uploads\/2011\/11\/novembar2011_dino_koncert_21_739603595.jpg\",\"width\":616,\"height\":402},{\"@type\":\"BreadcrumbList\",\"@id\":\"https:\/\/sandzakpress.net\/arhiva\/beograd-pjevao-sa-merlinom-bosnom-behar-probeharao-i-jel-sarajevo-gdje-je-nekad-bilo\/#breadcrumb\",\"itemListElement\":[{\"@type\":\"ListItem\",\"position\":1,\"name\":\"Home\",\"item\":\"https:\/\/sandzakpress.net\/arhiva\/\"},{\"@type\":\"ListItem\",\"position\":2,\"name\":\"Beograd: &#8220;Bosnom behar probeharao&#8230;&#8221; i &#8220;Jel Sarajevo gdje je nekad bilo&#8230;&#8221;\"}]},{\"@type\":\"WebSite\",\"@id\":\"https:\/\/sandzakpress.net\/arhiva\/#website\",\"url\":\"https:\/\/sandzakpress.net\/arhiva\/\",\"name\":\"Sand\u017eak PRESS\",\"description\":\"Prve elektronske novine u Sand\u017eaku\",\"publisher\":{\"@id\":\"https:\/\/sandzakpress.net\/arhiva\/#\/schema\/person\/6e72b67d6e51910a1117b3b483ba20bd\"},\"potentialAction\":[{\"@type\":\"SearchAction\",\"target\":{\"@type\":\"EntryPoint\",\"urlTemplate\":\"https:\/\/sandzakpress.net\/arhiva\/?s={search_term_string}\"},\"query-input\":{\"@type\":\"PropertyValueSpecification\",\"valueRequired\":true,\"valueName\":\"search_term_string\"}}],\"inLanguage\":\"bs-BA\"},{\"@type\":[\"Person\",\"Organization\"],\"@id\":\"https:\/\/sandzakpress.net\/arhiva\/#\/schema\/person\/6e72b67d6e51910a1117b3b483ba20bd\",\"name\":\"Kul\",\"image\":{\"@type\":\"ImageObject\",\"inLanguage\":\"bs-BA\",\"@id\":\"https:\/\/sandzakpress.net\/arhiva\/#\/schema\/person\/image\/\",\"url\":\"https:\/\/secure.gravatar.com\/avatar\/42263f39aa27ac04c43cab85c280eb2e?s=96&d=mm&r=pg\",\"contentUrl\":\"https:\/\/secure.gravatar.com\/avatar\/42263f39aa27ac04c43cab85c280eb2e?s=96&d=mm&r=pg\",\"caption\":\"Kul\"},\"logo\":{\"@id\":\"https:\/\/sandzakpress.net\/arhiva\/#\/schema\/person\/image\/\"}},{\"@type\":\"Person\",\"@id\":\"https:\/\/sandzakpress.net\/arhiva\/#\/schema\/person\/c8baee722073534b583ea7bdb2e36c02\",\"name\":\"bosniak\",\"image\":{\"@type\":\"ImageObject\",\"inLanguage\":\"bs-BA\",\"@id\":\"https:\/\/sandzakpress.net\/arhiva\/#\/schema\/person\/image\/\",\"url\":\"https:\/\/secure.gravatar.com\/avatar\/a04fd330bfe3a36a72a0ad4a6d89fca7?s=96&d=mm&r=pg\",\"contentUrl\":\"https:\/\/secure.gravatar.com\/avatar\/a04fd330bfe3a36a72a0ad4a6d89fca7?s=96&d=mm&r=pg\",\"caption\":\"bosniak\"},\"url\":\"https:\/\/sandzakpress.net\/arhiva\/author\/bosniak\/\"}]}<\/script>\n<!-- \/ Yoast SEO Premium plugin. -->","yoast_head_json":{"title":"Beograd: \"Bosnom behar probeharao...\" i \"Jel Sarajevo gdje je nekad bilo...\"","robots":{"index":"index","follow":"follow","max-snippet":"max-snippet:-1","max-image-preview":"max-image-preview:large","max-video-preview":"max-video-preview:-1"},"canonical":"https:\/\/sandzakpress.net\/arhiva\/beograd-pjevao-sa-merlinom-bosnom-behar-probeharao-i-jel-sarajevo-gdje-je-nekad-bilo\/","og_locale":"bs_BA","og_type":"article","og_title":"Beograd: \"Bosnom behar probeharao...\" i \"Jel Sarajevo gdje je nekad bilo...\"","og_description":"BiH &#8211; Bo\u0161nja\u010dka muzi\u010dka zvijezda Dino Merlin ve\u010deras je odu\u0161evila oko 20.000 posjetilaca u beogradskoj &#8220;Areni&#8221;. Publika je s Dinom, pjevala, ali i plakala. Atmosfera je do\u017eivjela usijanje kada je na\u0161 Merlin zapjevo \u201eJel&#8217; Sarajvo gdje je nekad bilo&#8221; i \u201eBosnom behar probeharao&#8221;, a tada je i \u010destitao Dan dr\u017eavnosti Bosne i Hercegovine. Koncert Dine [&hellip;]","og_url":"https:\/\/sandzakpress.net\/arhiva\/beograd-pjevao-sa-merlinom-bosnom-behar-probeharao-i-jel-sarajevo-gdje-je-nekad-bilo\/","og_site_name":"Sand\u017eak PRESS","article_published_time":"2011-11-26T19:00:13+00:00","article_modified_time":"2011-11-26T19:19:17+00:00","og_image":[{"width":616,"height":402,"url":"https:\/\/sandzakpress.net\/arhiva\/wp-content\/uploads\/2011\/11\/novembar2011_dino_koncert_21_739603595.jpg","type":"image\/jpeg"}],"author":"bosniak","twitter_card":"summary_large_image","twitter_misc":{"Written by":"bosniak","Est. reading time":"1 minuta"},"schema":{"@context":"https:\/\/schema.org","@graph":[{"@type":"Article","@id":"https:\/\/sandzakpress.net\/arhiva\/beograd-pjevao-sa-merlinom-bosnom-behar-probeharao-i-jel-sarajevo-gdje-je-nekad-bilo\/#article","isPartOf":{"@id":"https:\/\/sandzakpress.net\/arhiva\/beograd-pjevao-sa-merlinom-bosnom-behar-probeharao-i-jel-sarajevo-gdje-je-nekad-bilo\/"},"author":{"name":"bosniak","@id":"https:\/\/sandzakpress.net\/arhiva\/#\/schema\/person\/c8baee722073534b583ea7bdb2e36c02"},"headline":"Beograd: &#8220;Bosnom behar probeharao&#8230;&#8221; i &#8220;Jel Sarajevo gdje je nekad bilo&#8230;&#8221;","datePublished":"2011-11-26T19:00:13+00:00","dateModified":"2011-11-26T19:19:17+00:00","mainEntityOfPage":{"@id":"https:\/\/sandzakpress.net\/arhiva\/beograd-pjevao-sa-merlinom-bosnom-behar-probeharao-i-jel-sarajevo-gdje-je-nekad-bilo\/"},"wordCount":174,"commentCount":17,"publisher":{"@id":"https:\/\/sandzakpress.net\/arhiva\/#\/schema\/person\/6e72b67d6e51910a1117b3b483ba20bd"},"image":{"@id":"https:\/\/sandzakpress.net\/arhiva\/beograd-pjevao-sa-merlinom-bosnom-behar-probeharao-i-jel-sarajevo-gdje-je-nekad-bilo\/#primaryimage"},"thumbnailUrl":"https:\/\/sandzakpress.net\/arhiva\/wp-content\/uploads\/2011\/11\/novembar2011_dino_koncert_21_739603595.jpg","articleSection":["Novi Pazar","Nacija","Bosna i Hercegovina"],"inLanguage":"bs-BA","potentialAction":[{"@type":"CommentAction","name":"Comment","target":["https:\/\/sandzakpress.net\/arhiva\/beograd-pjevao-sa-merlinom-bosnom-behar-probeharao-i-jel-sarajevo-gdje-je-nekad-bilo\/#respond"]}]},{"@type":"WebPage","@id":"https:\/\/sandzakpress.net\/arhiva\/beograd-pjevao-sa-merlinom-bosnom-behar-probeharao-i-jel-sarajevo-gdje-je-nekad-bilo\/","url":"https:\/\/sandzakpress.net\/arhiva\/beograd-pjevao-sa-merlinom-bosnom-behar-probeharao-i-jel-sarajevo-gdje-je-nekad-bilo\/","name":"Beograd: \"Bosnom behar probeharao...\" i \"Jel Sarajevo gdje je nekad bilo...\"","isPartOf":{"@id":"https:\/\/sandzakpress.net\/arhiva\/#website"},"primaryImageOfPage":{"@id":"https:\/\/sandzakpress.net\/arhiva\/beograd-pjevao-sa-merlinom-bosnom-behar-probeharao-i-jel-sarajevo-gdje-je-nekad-bilo\/#primaryimage"},"image":{"@id":"https:\/\/sandzakpress.net\/arhiva\/beograd-pjevao-sa-merlinom-bosnom-behar-probeharao-i-jel-sarajevo-gdje-je-nekad-bilo\/#primaryimage"},"thumbnailUrl":"https:\/\/sandzakpress.net\/arhiva\/wp-content\/uploads\/2011\/11\/novembar2011_dino_koncert_21_739603595.jpg","datePublished":"2011-11-26T19:00:13+00:00","dateModified":"2011-11-26T19:19:17+00:00","breadcrumb":{"@id":"https:\/\/sandzakpress.net\/arhiva\/beograd-pjevao-sa-merlinom-bosnom-behar-probeharao-i-jel-sarajevo-gdje-je-nekad-bilo\/#breadcrumb"},"inLanguage":"bs-BA","potentialAction":[{"@type":"ReadAction","target":["https:\/\/sandzakpress.net\/arhiva\/beograd-pjevao-sa-merlinom-bosnom-behar-probeharao-i-jel-sarajevo-gdje-je-nekad-bilo\/"]}]},{"@type":"ImageObject","inLanguage":"bs-BA","@id":"https:\/\/sandzakpress.net\/arhiva\/beograd-pjevao-sa-merlinom-bosnom-behar-probeharao-i-jel-sarajevo-gdje-je-nekad-bilo\/#primaryimage","url":"https:\/\/sandzakpress.net\/arhiva\/wp-content\/uploads\/2011\/11\/novembar2011_dino_koncert_21_739603595.jpg","contentUrl":"https:\/\/sandzakpress.net\/arhiva\/wp-content\/uploads\/2011\/11\/novembar2011_dino_koncert_21_739603595.jpg","width":616,"height":402},{"@type":"BreadcrumbList","@id":"https:\/\/sandzakpress.net\/arhiva\/beograd-pjevao-sa-merlinom-bosnom-behar-probeharao-i-jel-sarajevo-gdje-je-nekad-bilo\/#breadcrumb","itemListElement":[{"@type":"ListItem","position":1,"name":"Home","item":"https:\/\/sandzakpress.net\/arhiva\/"},{"@type":"ListItem","position":2,"name":"Beograd: &#8220;Bosnom behar probeharao&#8230;&#8221; i &#8220;Jel Sarajevo gdje je nekad bilo&#8230;&#8221;"}]},{"@type":"WebSite","@id":"https:\/\/sandzakpress.net\/arhiva\/#website","url":"https:\/\/sandzakpress.net\/arhiva\/","name":"Sand\u017eak PRESS","description":"Prve elektronske novine u Sand\u017eaku","publisher":{"@id":"https:\/\/sandzakpress.net\/arhiva\/#\/schema\/person\/6e72b67d6e51910a1117b3b483ba20bd"},"potentialAction":[{"@type":"SearchAction","target":{"@type":"EntryPoint","urlTemplate":"https:\/\/sandzakpress.net\/arhiva\/?s={search_term_string}"},"query-input":{"@type":"PropertyValueSpecification","valueRequired":true,"valueName":"search_term_string"}}],"inLanguage":"bs-BA"},{"@type":["Person","Organization"],"@id":"https:\/\/sandzakpress.net\/arhiva\/#\/schema\/person\/6e72b67d6e51910a1117b3b483ba20bd","name":"Kul","image":{"@type":"ImageObject","inLanguage":"bs-BA","@id":"https:\/\/sandzakpress.net\/arhiva\/#\/schema\/person\/image\/","url":"https:\/\/secure.gravatar.com\/avatar\/42263f39aa27ac04c43cab85c280eb2e?s=96&d=mm&r=pg","contentUrl":"https:\/\/secure.gravatar.com\/avatar\/42263f39aa27ac04c43cab85c280eb2e?s=96&d=mm&r=pg","caption":"Kul"},"logo":{"@id":"https:\/\/sandzakpress.net\/arhiva\/#\/schema\/person\/image\/"}},{"@type":"Person","@id":"https:\/\/sandzakpress.net\/arhiva\/#\/schema\/person\/c8baee722073534b583ea7bdb2e36c02","name":"bosniak","image":{"@type":"ImageObject","inLanguage":"bs-BA","@id":"https:\/\/sandzakpress.net\/arhiva\/#\/schema\/person\/image\/","url":"https:\/\/secure.gravatar.com\/avatar\/a04fd330bfe3a36a72a0ad4a6d89fca7?s=96&d=mm&r=pg","contentUrl":"https:\/\/secure.gravatar.com\/avatar\/a04fd330bfe3a36a72a0ad4a6d89fca7?s=96&d=mm&r=pg","caption":"bosniak"},"url":"https:\/\/sandzakpress.net\/arhiva\/author\/bosniak\/"}]}},"_links":{"self":[{"href":"https:\/\/sandzakpress.net\/arhiva\/wp-json\/wp\/v2\/posts\/24840"}],"collection":[{"href":"https:\/\/sandzakpress.net\/arhiva\/wp-json\/wp\/v2\/posts"}],"about":[{"href":"https:\/\/sandzakpress.net\/arhiva\/wp-json\/wp\/v2\/types\/post"}],"author":[{"embeddable":true,"href":"https:\/\/sandzakpress.net\/arhiva\/wp-json\/wp\/v2\/users\/83"}],"replies":[{"embeddable":true,"href":"https:\/\/sandzakpress.net\/arhiva\/wp-json\/wp\/v2\/comments?post=24840"}],"version-history":[{"count":0,"href":"https:\/\/sandzakpress.net\/arhiva\/wp-json\/wp\/v2\/posts\/24840\/revisions"}],"wp:featuredmedia":[{"embeddable":true,"href":"https:\/\/sandzakpress.net\/arhiva\/wp-json\/wp\/v2\/media\/24841"}],"wp:attachment":[{"href":"https:\/\/sandzakpress.net\/arhiva\/wp-json\/wp\/v2\/media?parent=24840"}],"wp:term":[{"taxonomy":"category","embeddable":true,"href":"https:\/\/sandzakpress.net\/arhiva\/wp-json\/wp\/v2\/categories?post=24840"},{"taxonomy":"post_tag","embeddable":true,"href":"https:\/\/sandzakpress.net\/arhiva\/wp-json\/wp\/v2\/tags?post=24840"}],"curies":[{"name":"wp","href":"https:\/\/api.w.org\/{rel}","templated":true}]}}