{"id":2483,"date":"2010-03-04T22:29:15","date_gmt":"2010-03-04T21:29:15","guid":{"rendered":"https:\/\/sandzakpress.net\/arhiva\/?p=2483"},"modified":"2010-03-04T22:29:15","modified_gmt":"2010-03-04T21:29:15","slug":"samo-je-nad-srbima-bilo-genocida","status":"publish","type":"post","link":"https:\/\/sandzakpress.net\/arhiva\/samo-je-nad-srbima-bilo-genocida\/","title":{"rendered":"&#8220;Samo je nad Srbima bilo genocida&#8221;"},"content":{"rendered":"<p><strong><a href=\"https:\/\/sandzakpress.net\/arhiva\/wp-content\/uploads\/2010\/03\/vojslav-kostunica.jpg\"><img loading=\"lazy\" decoding=\"async\" class=\"alignleft size-medium wp-image-2484\" title=\"vojslav kostunica\" src=\"https:\/\/sandzakpress.net\/arhiva\/wp-content\/uploads\/2010\/03\/vojslav-kostunica-300x180.jpg\" alt=\"\" width=\"300\" height=\"180\" \/><\/a>Srbija &#8211; Lider Demokratske stranke Srbije Vojislav Ko\u0161tunica ocijenio je danas da bi skup\u0161tine Srbije i Republike Srpske trebalo da usvoje deklaraciju kojom bi bili osu\u0111eni svi zlo\u010dini, prenosi B92. Ako bude usvojena samo Rezolucija o Srebrenici, onda \u0107e to, prema njegovim rije\u010dima, zna\u010diti da su nevine srpske \u017ertve krive \u0161to su Srbi.<\/strong><\/p>\n<p>&#8220;Mi smo jedini narod nad kojim je izvr\u0161en genocid, a \u010dija Skup\u0161tina na silu ho\u0107e da proglasi da su Srbi po\u010dinili genocid. Ko daje pravo da se Srebrenica odvoji od Bratunca, Oluje, Bljeska i raznih drugih strati\u0161ta \u0161irom biv\u0161e Jugoslavije? Bezumno je i duboko nepravedno razdvajati nevine \u017ertve&#8221;, naveo je Ko\u0161tunica u izjavi dostavljenoj agenciji Beta.<\/p>\n<p>Prema njegovim rije\u010dima, ako bude usvojena posebna rezolucija o Srebrenici, to \u0107e zna\u010diti da su nevine srpske \u017ertve ipak krive zbog toga \u0161to su Srbi.<\/p>\n<p>&#8220;Moramo kao narod koji zna \u0161ta je pravda i koji se dr\u017ei moralnih zakona da u jednoj deklaraciji osudimo bez razlike sve zlo\u010dine i da iska\u017eemo po\u0161tovanje prema svim nevinim \u017ertvama. Nema ve\u0107e nepravde od razdvajanja, a time i poni\u017eavanja nevinih \u017ertava&#8221;, izjavio je Ko\u0161tunica.<\/p>\n<p>&#8220;Jedino rje\u0161enje je da se zajedno sa Republikom Srpskom usvoji jedna deklaracija kojom se osu\u0111uju svi zlo\u010dini&#8221;, kazao je on.<\/p>\n<p>Izvor: <strong>Sandzak-x.com<\/strong><\/p>\n","protected":false},"excerpt":{"rendered":"<p>Srbija &#8211; Lider Demokratske stranke Srbije Vojislav Ko\u0161tunica ocijenio je danas da bi skup\u0161tine Srbije i Republike Srpske trebalo da usvoje deklaraciju kojom bi bili osu\u0111eni svi zlo\u010dini, prenosi B92. Ako bude usvojena samo Rezolucija o Srebrenici, onda \u0107e to, prema njegovim rije\u010dima, zna\u010diti da su nevine srpske \u017ertve krive \u0161to su Srbi. &#8220;Mi smo [&hellip;]<\/p>\n","protected":false},"author":83,"featured_media":2484,"comment_status":"open","ping_status":"open","sticky":false,"template":"","format":"standard","meta":{"footnotes":""},"categories":[16],"tags":[],"class_list":{"0":"post-2483","1":"post","2":"type-post","3":"status-publish","4":"format-standard","5":"has-post-thumbnail","7":"category-novine"},"yoast_head":"<!-- This site is optimized with the Yoast SEO Premium plugin v23.1 (Yoast SEO v24.9) - https:\/\/yoast.com\/wordpress\/plugins\/seo\/ -->\n<title>&quot;Samo je nad Srbima bilo genocida&quot;<\/title>\n<meta name=\"robots\" content=\"index, follow, max-snippet:-1, max-image-preview:large, max-video-preview:-1\" \/>\n<link rel=\"canonical\" href=\"https:\/\/sandzakpress.net\/arhiva\/samo-je-nad-srbima-bilo-genocida\/\" \/>\n<meta property=\"og:locale\" content=\"bs_BA\" \/>\n<meta property=\"og:type\" content=\"article\" \/>\n<meta property=\"og:title\" content=\"&quot;Samo je nad Srbima bilo genocida&quot;\" \/>\n<meta property=\"og:description\" content=\"Srbija &#8211; Lider Demokratske stranke Srbije Vojislav Ko\u0161tunica ocijenio je danas da bi skup\u0161tine Srbije i Republike Srpske trebalo da usvoje deklaraciju kojom bi bili osu\u0111eni svi zlo\u010dini, prenosi B92. Ako bude usvojena samo Rezolucija o Srebrenici, onda \u0107e to, prema njegovim rije\u010dima, zna\u010diti da su nevine srpske \u017ertve krive \u0161to su Srbi. &#8220;Mi smo [&hellip;]\" \/>\n<meta property=\"og:url\" content=\"https:\/\/sandzakpress.net\/arhiva\/samo-je-nad-srbima-bilo-genocida\/\" \/>\n<meta property=\"og:site_name\" content=\"Sand\u017eak PRESS\" \/>\n<meta property=\"article:published_time\" content=\"2010-03-04T21:29:15+00:00\" \/>\n<meta property=\"og:image\" content=\"https:\/\/sandzakpress.net\/arhiva\/wp-content\/uploads\/2010\/03\/vojslav-kostunica.jpg\" \/>\n\t<meta property=\"og:image:width\" content=\"616\" \/>\n\t<meta property=\"og:image:height\" content=\"372\" \/>\n\t<meta property=\"og:image:type\" content=\"image\/jpeg\" \/>\n<meta name=\"author\" content=\"bosniak\" \/>\n<meta name=\"twitter:card\" content=\"summary_large_image\" \/>\n<meta name=\"twitter:label1\" content=\"Written by\" \/>\n\t<meta name=\"twitter:data1\" content=\"bosniak\" \/>\n\t<meta name=\"twitter:label2\" content=\"Est. reading time\" \/>\n\t<meta name=\"twitter:data2\" content=\"1 minuta\" \/>\n<script type=\"application\/ld+json\" class=\"yoast-schema-graph\">{\"@context\":\"https:\/\/schema.org\",\"@graph\":[{\"@type\":\"Article\",\"@id\":\"https:\/\/sandzakpress.net\/arhiva\/samo-je-nad-srbima-bilo-genocida\/#article\",\"isPartOf\":{\"@id\":\"https:\/\/sandzakpress.net\/arhiva\/samo-je-nad-srbima-bilo-genocida\/\"},\"author\":{\"name\":\"bosniak\",\"@id\":\"https:\/\/sandzakpress.net\/arhiva\/#\/schema\/person\/c8baee722073534b583ea7bdb2e36c02\"},\"headline\":\"&#8220;Samo je nad Srbima bilo genocida&#8221;\",\"datePublished\":\"2010-03-04T21:29:15+00:00\",\"mainEntityOfPage\":{\"@id\":\"https:\/\/sandzakpress.net\/arhiva\/samo-je-nad-srbima-bilo-genocida\/\"},\"wordCount\":233,\"commentCount\":0,\"publisher\":{\"@id\":\"https:\/\/sandzakpress.net\/arhiva\/#\/schema\/person\/6e72b67d6e51910a1117b3b483ba20bd\"},\"image\":{\"@id\":\"https:\/\/sandzakpress.net\/arhiva\/samo-je-nad-srbima-bilo-genocida\/#primaryimage\"},\"thumbnailUrl\":\"https:\/\/sandzakpress.net\/arhiva\/wp-content\/uploads\/2010\/03\/vojslav-kostunica.jpg\",\"articleSection\":[\"Novine\"],\"inLanguage\":\"bs-BA\",\"potentialAction\":[{\"@type\":\"CommentAction\",\"name\":\"Comment\",\"target\":[\"https:\/\/sandzakpress.net\/arhiva\/samo-je-nad-srbima-bilo-genocida\/#respond\"]}]},{\"@type\":\"WebPage\",\"@id\":\"https:\/\/sandzakpress.net\/arhiva\/samo-je-nad-srbima-bilo-genocida\/\",\"url\":\"https:\/\/sandzakpress.net\/arhiva\/samo-je-nad-srbima-bilo-genocida\/\",\"name\":\"\\\"Samo je nad Srbima bilo genocida\\\"\",\"isPartOf\":{\"@id\":\"https:\/\/sandzakpress.net\/arhiva\/#website\"},\"primaryImageOfPage\":{\"@id\":\"https:\/\/sandzakpress.net\/arhiva\/samo-je-nad-srbima-bilo-genocida\/#primaryimage\"},\"image\":{\"@id\":\"https:\/\/sandzakpress.net\/arhiva\/samo-je-nad-srbima-bilo-genocida\/#primaryimage\"},\"thumbnailUrl\":\"https:\/\/sandzakpress.net\/arhiva\/wp-content\/uploads\/2010\/03\/vojslav-kostunica.jpg\",\"datePublished\":\"2010-03-04T21:29:15+00:00\",\"breadcrumb\":{\"@id\":\"https:\/\/sandzakpress.net\/arhiva\/samo-je-nad-srbima-bilo-genocida\/#breadcrumb\"},\"inLanguage\":\"bs-BA\",\"potentialAction\":[{\"@type\":\"ReadAction\",\"target\":[\"https:\/\/sandzakpress.net\/arhiva\/samo-je-nad-srbima-bilo-genocida\/\"]}]},{\"@type\":\"ImageObject\",\"inLanguage\":\"bs-BA\",\"@id\":\"https:\/\/sandzakpress.net\/arhiva\/samo-je-nad-srbima-bilo-genocida\/#primaryimage\",\"url\":\"https:\/\/sandzakpress.net\/arhiva\/wp-content\/uploads\/2010\/03\/vojslav-kostunica.jpg\",\"contentUrl\":\"https:\/\/sandzakpress.net\/arhiva\/wp-content\/uploads\/2010\/03\/vojslav-kostunica.jpg\",\"width\":616,\"height\":372},{\"@type\":\"BreadcrumbList\",\"@id\":\"https:\/\/sandzakpress.net\/arhiva\/samo-je-nad-srbima-bilo-genocida\/#breadcrumb\",\"itemListElement\":[{\"@type\":\"ListItem\",\"position\":1,\"name\":\"Home\",\"item\":\"https:\/\/sandzakpress.net\/arhiva\/\"},{\"@type\":\"ListItem\",\"position\":2,\"name\":\"&#8220;Samo je nad Srbima bilo genocida&#8221;\"}]},{\"@type\":\"WebSite\",\"@id\":\"https:\/\/sandzakpress.net\/arhiva\/#website\",\"url\":\"https:\/\/sandzakpress.net\/arhiva\/\",\"name\":\"Sand\u017eak PRESS\",\"description\":\"Prve elektronske novine u Sand\u017eaku\",\"publisher\":{\"@id\":\"https:\/\/sandzakpress.net\/arhiva\/#\/schema\/person\/6e72b67d6e51910a1117b3b483ba20bd\"},\"potentialAction\":[{\"@type\":\"SearchAction\",\"target\":{\"@type\":\"EntryPoint\",\"urlTemplate\":\"https:\/\/sandzakpress.net\/arhiva\/?s={search_term_string}\"},\"query-input\":{\"@type\":\"PropertyValueSpecification\",\"valueRequired\":true,\"valueName\":\"search_term_string\"}}],\"inLanguage\":\"bs-BA\"},{\"@type\":[\"Person\",\"Organization\"],\"@id\":\"https:\/\/sandzakpress.net\/arhiva\/#\/schema\/person\/6e72b67d6e51910a1117b3b483ba20bd\",\"name\":\"Kul\",\"image\":{\"@type\":\"ImageObject\",\"inLanguage\":\"bs-BA\",\"@id\":\"https:\/\/sandzakpress.net\/arhiva\/#\/schema\/person\/image\/\",\"url\":\"https:\/\/secure.gravatar.com\/avatar\/42263f39aa27ac04c43cab85c280eb2e?s=96&d=mm&r=pg\",\"contentUrl\":\"https:\/\/secure.gravatar.com\/avatar\/42263f39aa27ac04c43cab85c280eb2e?s=96&d=mm&r=pg\",\"caption\":\"Kul\"},\"logo\":{\"@id\":\"https:\/\/sandzakpress.net\/arhiva\/#\/schema\/person\/image\/\"}},{\"@type\":\"Person\",\"@id\":\"https:\/\/sandzakpress.net\/arhiva\/#\/schema\/person\/c8baee722073534b583ea7bdb2e36c02\",\"name\":\"bosniak\",\"image\":{\"@type\":\"ImageObject\",\"inLanguage\":\"bs-BA\",\"@id\":\"https:\/\/sandzakpress.net\/arhiva\/#\/schema\/person\/image\/\",\"url\":\"https:\/\/secure.gravatar.com\/avatar\/a04fd330bfe3a36a72a0ad4a6d89fca7?s=96&d=mm&r=pg\",\"contentUrl\":\"https:\/\/secure.gravatar.com\/avatar\/a04fd330bfe3a36a72a0ad4a6d89fca7?s=96&d=mm&r=pg\",\"caption\":\"bosniak\"},\"url\":\"https:\/\/sandzakpress.net\/arhiva\/author\/bosniak\/\"}]}<\/script>\n<!-- \/ Yoast SEO Premium plugin. -->","yoast_head_json":{"title":"\"Samo je nad Srbima bilo genocida\"","robots":{"index":"index","follow":"follow","max-snippet":"max-snippet:-1","max-image-preview":"max-image-preview:large","max-video-preview":"max-video-preview:-1"},"canonical":"https:\/\/sandzakpress.net\/arhiva\/samo-je-nad-srbima-bilo-genocida\/","og_locale":"bs_BA","og_type":"article","og_title":"\"Samo je nad Srbima bilo genocida\"","og_description":"Srbija &#8211; Lider Demokratske stranke Srbije Vojislav Ko\u0161tunica ocijenio je danas da bi skup\u0161tine Srbije i Republike Srpske trebalo da usvoje deklaraciju kojom bi bili osu\u0111eni svi zlo\u010dini, prenosi B92. Ako bude usvojena samo Rezolucija o Srebrenici, onda \u0107e to, prema njegovim rije\u010dima, zna\u010diti da su nevine srpske \u017ertve krive \u0161to su Srbi. &#8220;Mi smo [&hellip;]","og_url":"https:\/\/sandzakpress.net\/arhiva\/samo-je-nad-srbima-bilo-genocida\/","og_site_name":"Sand\u017eak PRESS","article_published_time":"2010-03-04T21:29:15+00:00","og_image":[{"width":616,"height":372,"url":"https:\/\/sandzakpress.net\/arhiva\/wp-content\/uploads\/2010\/03\/vojslav-kostunica.jpg","type":"image\/jpeg"}],"author":"bosniak","twitter_card":"summary_large_image","twitter_misc":{"Written by":"bosniak","Est. reading time":"1 minuta"},"schema":{"@context":"https:\/\/schema.org","@graph":[{"@type":"Article","@id":"https:\/\/sandzakpress.net\/arhiva\/samo-je-nad-srbima-bilo-genocida\/#article","isPartOf":{"@id":"https:\/\/sandzakpress.net\/arhiva\/samo-je-nad-srbima-bilo-genocida\/"},"author":{"name":"bosniak","@id":"https:\/\/sandzakpress.net\/arhiva\/#\/schema\/person\/c8baee722073534b583ea7bdb2e36c02"},"headline":"&#8220;Samo je nad Srbima bilo genocida&#8221;","datePublished":"2010-03-04T21:29:15+00:00","mainEntityOfPage":{"@id":"https:\/\/sandzakpress.net\/arhiva\/samo-je-nad-srbima-bilo-genocida\/"},"wordCount":233,"commentCount":0,"publisher":{"@id":"https:\/\/sandzakpress.net\/arhiva\/#\/schema\/person\/6e72b67d6e51910a1117b3b483ba20bd"},"image":{"@id":"https:\/\/sandzakpress.net\/arhiva\/samo-je-nad-srbima-bilo-genocida\/#primaryimage"},"thumbnailUrl":"https:\/\/sandzakpress.net\/arhiva\/wp-content\/uploads\/2010\/03\/vojslav-kostunica.jpg","articleSection":["Novine"],"inLanguage":"bs-BA","potentialAction":[{"@type":"CommentAction","name":"Comment","target":["https:\/\/sandzakpress.net\/arhiva\/samo-je-nad-srbima-bilo-genocida\/#respond"]}]},{"@type":"WebPage","@id":"https:\/\/sandzakpress.net\/arhiva\/samo-je-nad-srbima-bilo-genocida\/","url":"https:\/\/sandzakpress.net\/arhiva\/samo-je-nad-srbima-bilo-genocida\/","name":"\"Samo je nad Srbima bilo genocida\"","isPartOf":{"@id":"https:\/\/sandzakpress.net\/arhiva\/#website"},"primaryImageOfPage":{"@id":"https:\/\/sandzakpress.net\/arhiva\/samo-je-nad-srbima-bilo-genocida\/#primaryimage"},"image":{"@id":"https:\/\/sandzakpress.net\/arhiva\/samo-je-nad-srbima-bilo-genocida\/#primaryimage"},"thumbnailUrl":"https:\/\/sandzakpress.net\/arhiva\/wp-content\/uploads\/2010\/03\/vojslav-kostunica.jpg","datePublished":"2010-03-04T21:29:15+00:00","breadcrumb":{"@id":"https:\/\/sandzakpress.net\/arhiva\/samo-je-nad-srbima-bilo-genocida\/#breadcrumb"},"inLanguage":"bs-BA","potentialAction":[{"@type":"ReadAction","target":["https:\/\/sandzakpress.net\/arhiva\/samo-je-nad-srbima-bilo-genocida\/"]}]},{"@type":"ImageObject","inLanguage":"bs-BA","@id":"https:\/\/sandzakpress.net\/arhiva\/samo-je-nad-srbima-bilo-genocida\/#primaryimage","url":"https:\/\/sandzakpress.net\/arhiva\/wp-content\/uploads\/2010\/03\/vojslav-kostunica.jpg","contentUrl":"https:\/\/sandzakpress.net\/arhiva\/wp-content\/uploads\/2010\/03\/vojslav-kostunica.jpg","width":616,"height":372},{"@type":"BreadcrumbList","@id":"https:\/\/sandzakpress.net\/arhiva\/samo-je-nad-srbima-bilo-genocida\/#breadcrumb","itemListElement":[{"@type":"ListItem","position":1,"name":"Home","item":"https:\/\/sandzakpress.net\/arhiva\/"},{"@type":"ListItem","position":2,"name":"&#8220;Samo je nad Srbima bilo genocida&#8221;"}]},{"@type":"WebSite","@id":"https:\/\/sandzakpress.net\/arhiva\/#website","url":"https:\/\/sandzakpress.net\/arhiva\/","name":"Sand\u017eak PRESS","description":"Prve elektronske novine u Sand\u017eaku","publisher":{"@id":"https:\/\/sandzakpress.net\/arhiva\/#\/schema\/person\/6e72b67d6e51910a1117b3b483ba20bd"},"potentialAction":[{"@type":"SearchAction","target":{"@type":"EntryPoint","urlTemplate":"https:\/\/sandzakpress.net\/arhiva\/?s={search_term_string}"},"query-input":{"@type":"PropertyValueSpecification","valueRequired":true,"valueName":"search_term_string"}}],"inLanguage":"bs-BA"},{"@type":["Person","Organization"],"@id":"https:\/\/sandzakpress.net\/arhiva\/#\/schema\/person\/6e72b67d6e51910a1117b3b483ba20bd","name":"Kul","image":{"@type":"ImageObject","inLanguage":"bs-BA","@id":"https:\/\/sandzakpress.net\/arhiva\/#\/schema\/person\/image\/","url":"https:\/\/secure.gravatar.com\/avatar\/42263f39aa27ac04c43cab85c280eb2e?s=96&d=mm&r=pg","contentUrl":"https:\/\/secure.gravatar.com\/avatar\/42263f39aa27ac04c43cab85c280eb2e?s=96&d=mm&r=pg","caption":"Kul"},"logo":{"@id":"https:\/\/sandzakpress.net\/arhiva\/#\/schema\/person\/image\/"}},{"@type":"Person","@id":"https:\/\/sandzakpress.net\/arhiva\/#\/schema\/person\/c8baee722073534b583ea7bdb2e36c02","name":"bosniak","image":{"@type":"ImageObject","inLanguage":"bs-BA","@id":"https:\/\/sandzakpress.net\/arhiva\/#\/schema\/person\/image\/","url":"https:\/\/secure.gravatar.com\/avatar\/a04fd330bfe3a36a72a0ad4a6d89fca7?s=96&d=mm&r=pg","contentUrl":"https:\/\/secure.gravatar.com\/avatar\/a04fd330bfe3a36a72a0ad4a6d89fca7?s=96&d=mm&r=pg","caption":"bosniak"},"url":"https:\/\/sandzakpress.net\/arhiva\/author\/bosniak\/"}]}},"_links":{"self":[{"href":"https:\/\/sandzakpress.net\/arhiva\/wp-json\/wp\/v2\/posts\/2483"}],"collection":[{"href":"https:\/\/sandzakpress.net\/arhiva\/wp-json\/wp\/v2\/posts"}],"about":[{"href":"https:\/\/sandzakpress.net\/arhiva\/wp-json\/wp\/v2\/types\/post"}],"author":[{"embeddable":true,"href":"https:\/\/sandzakpress.net\/arhiva\/wp-json\/wp\/v2\/users\/83"}],"replies":[{"embeddable":true,"href":"https:\/\/sandzakpress.net\/arhiva\/wp-json\/wp\/v2\/comments?post=2483"}],"version-history":[{"count":0,"href":"https:\/\/sandzakpress.net\/arhiva\/wp-json\/wp\/v2\/posts\/2483\/revisions"}],"wp:featuredmedia":[{"embeddable":true,"href":"https:\/\/sandzakpress.net\/arhiva\/wp-json\/wp\/v2\/media\/2484"}],"wp:attachment":[{"href":"https:\/\/sandzakpress.net\/arhiva\/wp-json\/wp\/v2\/media?parent=2483"}],"wp:term":[{"taxonomy":"category","embeddable":true,"href":"https:\/\/sandzakpress.net\/arhiva\/wp-json\/wp\/v2\/categories?post=2483"},{"taxonomy":"post_tag","embeddable":true,"href":"https:\/\/sandzakpress.net\/arhiva\/wp-json\/wp\/v2\/tags?post=2483"}],"curies":[{"name":"wp","href":"https:\/\/api.w.org\/{rel}","templated":true}]}}