{"id":24777,"date":"2011-11-25T23:29:15","date_gmt":"2011-11-25T22:29:15","guid":{"rendered":"https:\/\/sandzakpress.net\/arhiva\/?p=24777"},"modified":"2011-11-25T23:29:15","modified_gmt":"2011-11-25T22:29:15","slug":"dvije-nove-osnovne-skole-tek-na-proljece","status":"publish","type":"post","link":"https:\/\/sandzakpress.net\/arhiva\/dvije-nove-osnovne-skole-tek-na-proljece\/","title":{"rendered":"Dvije nove osnovne \u0161kole tek na prolje\u0107e"},"content":{"rendered":"<p><strong><a href=\"https:\/\/sandzakpress.net\/arhiva\/wp-content\/uploads\/2011\/11\/index31.jpg\"><img loading=\"lazy\" decoding=\"async\" class=\"alignleft size-full wp-image-24780\" title=\"index\" src=\"https:\/\/sandzakpress.net\/arhiva\/wp-content\/uploads\/2011\/11\/index31.jpg\" alt=\"\" width=\"275\" height=\"183\" \/><\/a>Novi Pazar &#8211; Izgradnja nove osnovne \u0161kole u naselju Postenje i pro\u0161irenje ve\u0107 postoje\u0107e \u201cRifat Burdzovi\u0107 Tr\u0161o\u201d te\u010de ubrzanom dinamikom, a nadle\u017eni o\u010dekuju da \u0107e grubi gra\u0111evinski radovi biti zavr\u0161eni do Nove godine.<\/strong><\/p>\n<p>Zamjenik gradona\u010delnika Novog Pazara Vujica Tiosavljevi\u0107 ocijenio je da \u0107e izgradnjom osnovne \u0161kole u Postenju ovaj grad dobiti najsavremenije opremljenu i jednu od najmodernijih \u0161kola u Srbiji koju \u0107e poha\u0111ati oko 1.000 \u0111aka.<\/p>\n<p>\u201cUkoliko vremenski uslovi budu dozvoljavali \u0161kola \u0107e se raditi i tokom zimskih mjeseci i bi\u0107e opremljena modernim kabinetima i u\u010dionicama, fiskulturnom salom u kojoj \u0107e mo\u0107i da se igraju svi mali sportovi. Sve \u0161to pravimo i gradimo je u cilju rastere\u0107enja \u0161kola, da ne rade u tri smijene ve\u0107 da se po evropskim standardima nastava odvija u jednoj smijeni i da u razredima bude standardan broj u\u010denika\u201d, kazao je Tiosavljevi\u0107 radiju Sto plus.<\/p>\n<p>Direktor Osnovne \u0161kole \u201cRifat Burdzovi\u0107 Tr\u0161o\u201d Nusret Zukovi\u0107 rekao je radiju Sto plus da se ovih dana radovi na pro\u0161irenju \u0161kole intenzivnije odvijaju zbog pove\u0107anog broja radnika na gradili\u0161tu koji trenutno rade na punjenju i postavljanju prve plo\u010de novog objekta.<\/p>\n<p>\u201cNakon ovih radova po\u010de\u0107emo sa zidanjem i drugog sprata, gdje o\u010dekujem da \u0107emo i to brzo zavr\u0161iti. Da je ovakva dinamika radova od po\u010detka bila, do kraja ovog mjeseca bi ve\u0107 imali ukrovljenu zgradu\u201d, kazao je Zukovi\u0107.<\/p>\n<p>On je dodao da \u0107e novoizgra\u0111eni objekat posjedovati osam novih u\u010dionica, kao i \u010detiri specijalizovana kabineta za predmetnu nastavu, kao i da \u0107e se pro\u0161irenjem \u0161kolskog prostora za 1.700 kvadrata delimi\u010dno rije\u0161iti problem rada \u0161kole u tri smijene.<\/p>\n<p>Zavr\u0161etak radova na izgradnji ove dvije osnovne \u0161kole koje finansira Ministarstvo prosvjete preko Evropske investicione banke sa oko tri miliona evra o\u010dekuje se za \u010detiri, odnosno sedam mjeseci.<\/p>\n<p>Izvor:<strong> RadioStoPlus.com<\/strong><\/p>\n","protected":false},"excerpt":{"rendered":"<p>Novi Pazar &#8211; Izgradnja nove osnovne \u0161kole u naselju Postenje i pro\u0161irenje ve\u0107 postoje\u0107e \u201cRifat Burdzovi\u0107 Tr\u0161o\u201d te\u010de ubrzanom dinamikom, a nadle\u017eni o\u010dekuju da \u0107e grubi gra\u0111evinski radovi biti zavr\u0161eni do Nove godine. Zamjenik gradona\u010delnika Novog Pazara Vujica Tiosavljevi\u0107 ocijenio je da \u0107e izgradnjom osnovne \u0161kole u Postenju ovaj grad dobiti najsavremenije opremljenu i jednu [&hellip;]<\/p>\n","protected":false},"author":13,"featured_media":24780,"comment_status":"open","ping_status":"open","sticky":false,"template":"","format":"standard","meta":{"footnotes":""},"categories":[72,4],"tags":[],"class_list":{"0":"post-24777","1":"post","2":"type-post","3":"status-publish","4":"format-standard","5":"has-post-thumbnail","7":"category-novi-pazar","8":"category-obrazovanje"},"yoast_head":"<!-- This site is optimized with the Yoast SEO Premium plugin v23.1 (Yoast SEO v24.9) - https:\/\/yoast.com\/wordpress\/plugins\/seo\/ -->\n<title>Dvije nove osnovne \u0161kole tek na prolje\u0107e<\/title>\n<meta name=\"robots\" content=\"index, follow, max-snippet:-1, max-image-preview:large, max-video-preview:-1\" \/>\n<link rel=\"canonical\" href=\"https:\/\/sandzakpress.net\/arhiva\/dvije-nove-osnovne-skole-tek-na-proljece\/\" \/>\n<meta property=\"og:locale\" content=\"bs_BA\" \/>\n<meta property=\"og:type\" content=\"article\" \/>\n<meta property=\"og:title\" content=\"Dvije nove osnovne \u0161kole tek na prolje\u0107e\" \/>\n<meta property=\"og:description\" content=\"Novi Pazar &#8211; Izgradnja nove osnovne \u0161kole u naselju Postenje i pro\u0161irenje ve\u0107 postoje\u0107e \u201cRifat Burdzovi\u0107 Tr\u0161o\u201d te\u010de ubrzanom dinamikom, a nadle\u017eni o\u010dekuju da \u0107e grubi gra\u0111evinski radovi biti zavr\u0161eni do Nove godine. Zamjenik gradona\u010delnika Novog Pazara Vujica Tiosavljevi\u0107 ocijenio je da \u0107e izgradnjom osnovne \u0161kole u Postenju ovaj grad dobiti najsavremenije opremljenu i jednu [&hellip;]\" \/>\n<meta property=\"og:url\" content=\"https:\/\/sandzakpress.net\/arhiva\/dvije-nove-osnovne-skole-tek-na-proljece\/\" \/>\n<meta property=\"og:site_name\" content=\"Sand\u017eak PRESS\" \/>\n<meta property=\"article:published_time\" content=\"2011-11-25T22:29:15+00:00\" \/>\n<meta property=\"og:image\" content=\"https:\/\/sandzakpress.net\/arhiva\/wp-content\/uploads\/2011\/11\/index31.jpg\" \/>\n\t<meta property=\"og:image:width\" content=\"275\" \/>\n\t<meta property=\"og:image:height\" content=\"183\" \/>\n\t<meta property=\"og:image:type\" content=\"image\/jpeg\" \/>\n<meta name=\"twitter:card\" content=\"summary_large_image\" \/>\n<meta name=\"twitter:label1\" content=\"Written by\" \/>\n\t<meta name=\"twitter:data1\" content=\"\" \/>\n\t<meta name=\"twitter:label2\" content=\"Est. reading time\" \/>\n\t<meta name=\"twitter:data2\" content=\"2 minute\" \/>\n<script type=\"application\/ld+json\" class=\"yoast-schema-graph\">{\"@context\":\"https:\/\/schema.org\",\"@graph\":[{\"@type\":\"Article\",\"@id\":\"https:\/\/sandzakpress.net\/arhiva\/dvije-nove-osnovne-skole-tek-na-proljece\/#article\",\"isPartOf\":{\"@id\":\"https:\/\/sandzakpress.net\/arhiva\/dvije-nove-osnovne-skole-tek-na-proljece\/\"},\"author\":{\"name\":\"\",\"@id\":\"\"},\"headline\":\"Dvije nove osnovne \u0161kole tek na prolje\u0107e\",\"datePublished\":\"2011-11-25T22:29:15+00:00\",\"mainEntityOfPage\":{\"@id\":\"https:\/\/sandzakpress.net\/arhiva\/dvije-nove-osnovne-skole-tek-na-proljece\/\"},\"wordCount\":323,\"commentCount\":6,\"publisher\":{\"@id\":\"https:\/\/sandzakpress.net\/arhiva\/#\/schema\/person\/6e72b67d6e51910a1117b3b483ba20bd\"},\"image\":{\"@id\":\"https:\/\/sandzakpress.net\/arhiva\/dvije-nove-osnovne-skole-tek-na-proljece\/#primaryimage\"},\"thumbnailUrl\":\"https:\/\/sandzakpress.net\/arhiva\/wp-content\/uploads\/2011\/11\/index31.jpg\",\"articleSection\":[\"Novi Pazar\",\"Obrazovanje\"],\"inLanguage\":\"bs-BA\",\"potentialAction\":[{\"@type\":\"CommentAction\",\"name\":\"Comment\",\"target\":[\"https:\/\/sandzakpress.net\/arhiva\/dvije-nove-osnovne-skole-tek-na-proljece\/#respond\"]}]},{\"@type\":\"WebPage\",\"@id\":\"https:\/\/sandzakpress.net\/arhiva\/dvije-nove-osnovne-skole-tek-na-proljece\/\",\"url\":\"https:\/\/sandzakpress.net\/arhiva\/dvije-nove-osnovne-skole-tek-na-proljece\/\",\"name\":\"Dvije nove osnovne \u0161kole tek na prolje\u0107e\",\"isPartOf\":{\"@id\":\"https:\/\/sandzakpress.net\/arhiva\/#website\"},\"primaryImageOfPage\":{\"@id\":\"https:\/\/sandzakpress.net\/arhiva\/dvije-nove-osnovne-skole-tek-na-proljece\/#primaryimage\"},\"image\":{\"@id\":\"https:\/\/sandzakpress.net\/arhiva\/dvije-nove-osnovne-skole-tek-na-proljece\/#primaryimage\"},\"thumbnailUrl\":\"https:\/\/sandzakpress.net\/arhiva\/wp-content\/uploads\/2011\/11\/index31.jpg\",\"datePublished\":\"2011-11-25T22:29:15+00:00\",\"breadcrumb\":{\"@id\":\"https:\/\/sandzakpress.net\/arhiva\/dvije-nove-osnovne-skole-tek-na-proljece\/#breadcrumb\"},\"inLanguage\":\"bs-BA\",\"potentialAction\":[{\"@type\":\"ReadAction\",\"target\":[\"https:\/\/sandzakpress.net\/arhiva\/dvije-nove-osnovne-skole-tek-na-proljece\/\"]}]},{\"@type\":\"ImageObject\",\"inLanguage\":\"bs-BA\",\"@id\":\"https:\/\/sandzakpress.net\/arhiva\/dvije-nove-osnovne-skole-tek-na-proljece\/#primaryimage\",\"url\":\"https:\/\/sandzakpress.net\/arhiva\/wp-content\/uploads\/2011\/11\/index31.jpg\",\"contentUrl\":\"https:\/\/sandzakpress.net\/arhiva\/wp-content\/uploads\/2011\/11\/index31.jpg\",\"width\":275,\"height\":183},{\"@type\":\"BreadcrumbList\",\"@id\":\"https:\/\/sandzakpress.net\/arhiva\/dvije-nove-osnovne-skole-tek-na-proljece\/#breadcrumb\",\"itemListElement\":[{\"@type\":\"ListItem\",\"position\":1,\"name\":\"Home\",\"item\":\"https:\/\/sandzakpress.net\/arhiva\/\"},{\"@type\":\"ListItem\",\"position\":2,\"name\":\"Dvije nove osnovne \u0161kole tek na prolje\u0107e\"}]},{\"@type\":\"WebSite\",\"@id\":\"https:\/\/sandzakpress.net\/arhiva\/#website\",\"url\":\"https:\/\/sandzakpress.net\/arhiva\/\",\"name\":\"Sand\u017eak PRESS\",\"description\":\"Prve elektronske novine u Sand\u017eaku\",\"publisher\":{\"@id\":\"https:\/\/sandzakpress.net\/arhiva\/#\/schema\/person\/6e72b67d6e51910a1117b3b483ba20bd\"},\"potentialAction\":[{\"@type\":\"SearchAction\",\"target\":{\"@type\":\"EntryPoint\",\"urlTemplate\":\"https:\/\/sandzakpress.net\/arhiva\/?s={search_term_string}\"},\"query-input\":{\"@type\":\"PropertyValueSpecification\",\"valueRequired\":true,\"valueName\":\"search_term_string\"}}],\"inLanguage\":\"bs-BA\"},{\"@type\":[\"Person\",\"Organization\"],\"@id\":\"https:\/\/sandzakpress.net\/arhiva\/#\/schema\/person\/6e72b67d6e51910a1117b3b483ba20bd\",\"name\":\"Kul\",\"image\":{\"@type\":\"ImageObject\",\"inLanguage\":\"bs-BA\",\"@id\":\"https:\/\/sandzakpress.net\/arhiva\/#\/schema\/person\/image\/\",\"url\":\"https:\/\/secure.gravatar.com\/avatar\/42263f39aa27ac04c43cab85c280eb2e?s=96&d=mm&r=pg\",\"contentUrl\":\"https:\/\/secure.gravatar.com\/avatar\/42263f39aa27ac04c43cab85c280eb2e?s=96&d=mm&r=pg\",\"caption\":\"Kul\"},\"logo\":{\"@id\":\"https:\/\/sandzakpress.net\/arhiva\/#\/schema\/person\/image\/\"}},{\"@type\":\"Person\",\"@id\":\"\",\"url\":\"https:\/\/sandzakpress.net\/arhiva\/author\/\"}]}<\/script>\n<!-- \/ Yoast SEO Premium plugin. -->","yoast_head_json":{"title":"Dvije nove osnovne \u0161kole tek na prolje\u0107e","robots":{"index":"index","follow":"follow","max-snippet":"max-snippet:-1","max-image-preview":"max-image-preview:large","max-video-preview":"max-video-preview:-1"},"canonical":"https:\/\/sandzakpress.net\/arhiva\/dvije-nove-osnovne-skole-tek-na-proljece\/","og_locale":"bs_BA","og_type":"article","og_title":"Dvije nove osnovne \u0161kole tek na prolje\u0107e","og_description":"Novi Pazar &#8211; Izgradnja nove osnovne \u0161kole u naselju Postenje i pro\u0161irenje ve\u0107 postoje\u0107e \u201cRifat Burdzovi\u0107 Tr\u0161o\u201d te\u010de ubrzanom dinamikom, a nadle\u017eni o\u010dekuju da \u0107e grubi gra\u0111evinski radovi biti zavr\u0161eni do Nove godine. Zamjenik gradona\u010delnika Novog Pazara Vujica Tiosavljevi\u0107 ocijenio je da \u0107e izgradnjom osnovne \u0161kole u Postenju ovaj grad dobiti najsavremenije opremljenu i jednu [&hellip;]","og_url":"https:\/\/sandzakpress.net\/arhiva\/dvije-nove-osnovne-skole-tek-na-proljece\/","og_site_name":"Sand\u017eak PRESS","article_published_time":"2011-11-25T22:29:15+00:00","og_image":[{"width":275,"height":183,"url":"https:\/\/sandzakpress.net\/arhiva\/wp-content\/uploads\/2011\/11\/index31.jpg","type":"image\/jpeg"}],"twitter_card":"summary_large_image","twitter_misc":{"Written by":"","Est. reading time":"2 minute"},"schema":{"@context":"https:\/\/schema.org","@graph":[{"@type":"Article","@id":"https:\/\/sandzakpress.net\/arhiva\/dvije-nove-osnovne-skole-tek-na-proljece\/#article","isPartOf":{"@id":"https:\/\/sandzakpress.net\/arhiva\/dvije-nove-osnovne-skole-tek-na-proljece\/"},"author":{"name":"","@id":""},"headline":"Dvije nove osnovne \u0161kole tek na prolje\u0107e","datePublished":"2011-11-25T22:29:15+00:00","mainEntityOfPage":{"@id":"https:\/\/sandzakpress.net\/arhiva\/dvije-nove-osnovne-skole-tek-na-proljece\/"},"wordCount":323,"commentCount":6,"publisher":{"@id":"https:\/\/sandzakpress.net\/arhiva\/#\/schema\/person\/6e72b67d6e51910a1117b3b483ba20bd"},"image":{"@id":"https:\/\/sandzakpress.net\/arhiva\/dvije-nove-osnovne-skole-tek-na-proljece\/#primaryimage"},"thumbnailUrl":"https:\/\/sandzakpress.net\/arhiva\/wp-content\/uploads\/2011\/11\/index31.jpg","articleSection":["Novi Pazar","Obrazovanje"],"inLanguage":"bs-BA","potentialAction":[{"@type":"CommentAction","name":"Comment","target":["https:\/\/sandzakpress.net\/arhiva\/dvije-nove-osnovne-skole-tek-na-proljece\/#respond"]}]},{"@type":"WebPage","@id":"https:\/\/sandzakpress.net\/arhiva\/dvije-nove-osnovne-skole-tek-na-proljece\/","url":"https:\/\/sandzakpress.net\/arhiva\/dvije-nove-osnovne-skole-tek-na-proljece\/","name":"Dvije nove osnovne \u0161kole tek na prolje\u0107e","isPartOf":{"@id":"https:\/\/sandzakpress.net\/arhiva\/#website"},"primaryImageOfPage":{"@id":"https:\/\/sandzakpress.net\/arhiva\/dvije-nove-osnovne-skole-tek-na-proljece\/#primaryimage"},"image":{"@id":"https:\/\/sandzakpress.net\/arhiva\/dvije-nove-osnovne-skole-tek-na-proljece\/#primaryimage"},"thumbnailUrl":"https:\/\/sandzakpress.net\/arhiva\/wp-content\/uploads\/2011\/11\/index31.jpg","datePublished":"2011-11-25T22:29:15+00:00","breadcrumb":{"@id":"https:\/\/sandzakpress.net\/arhiva\/dvije-nove-osnovne-skole-tek-na-proljece\/#breadcrumb"},"inLanguage":"bs-BA","potentialAction":[{"@type":"ReadAction","target":["https:\/\/sandzakpress.net\/arhiva\/dvije-nove-osnovne-skole-tek-na-proljece\/"]}]},{"@type":"ImageObject","inLanguage":"bs-BA","@id":"https:\/\/sandzakpress.net\/arhiva\/dvije-nove-osnovne-skole-tek-na-proljece\/#primaryimage","url":"https:\/\/sandzakpress.net\/arhiva\/wp-content\/uploads\/2011\/11\/index31.jpg","contentUrl":"https:\/\/sandzakpress.net\/arhiva\/wp-content\/uploads\/2011\/11\/index31.jpg","width":275,"height":183},{"@type":"BreadcrumbList","@id":"https:\/\/sandzakpress.net\/arhiva\/dvije-nove-osnovne-skole-tek-na-proljece\/#breadcrumb","itemListElement":[{"@type":"ListItem","position":1,"name":"Home","item":"https:\/\/sandzakpress.net\/arhiva\/"},{"@type":"ListItem","position":2,"name":"Dvije nove osnovne \u0161kole tek na prolje\u0107e"}]},{"@type":"WebSite","@id":"https:\/\/sandzakpress.net\/arhiva\/#website","url":"https:\/\/sandzakpress.net\/arhiva\/","name":"Sand\u017eak PRESS","description":"Prve elektronske novine u Sand\u017eaku","publisher":{"@id":"https:\/\/sandzakpress.net\/arhiva\/#\/schema\/person\/6e72b67d6e51910a1117b3b483ba20bd"},"potentialAction":[{"@type":"SearchAction","target":{"@type":"EntryPoint","urlTemplate":"https:\/\/sandzakpress.net\/arhiva\/?s={search_term_string}"},"query-input":{"@type":"PropertyValueSpecification","valueRequired":true,"valueName":"search_term_string"}}],"inLanguage":"bs-BA"},{"@type":["Person","Organization"],"@id":"https:\/\/sandzakpress.net\/arhiva\/#\/schema\/person\/6e72b67d6e51910a1117b3b483ba20bd","name":"Kul","image":{"@type":"ImageObject","inLanguage":"bs-BA","@id":"https:\/\/sandzakpress.net\/arhiva\/#\/schema\/person\/image\/","url":"https:\/\/secure.gravatar.com\/avatar\/42263f39aa27ac04c43cab85c280eb2e?s=96&d=mm&r=pg","contentUrl":"https:\/\/secure.gravatar.com\/avatar\/42263f39aa27ac04c43cab85c280eb2e?s=96&d=mm&r=pg","caption":"Kul"},"logo":{"@id":"https:\/\/sandzakpress.net\/arhiva\/#\/schema\/person\/image\/"}},{"@type":"Person","@id":"","url":"https:\/\/sandzakpress.net\/arhiva\/author\/"}]}},"_links":{"self":[{"href":"https:\/\/sandzakpress.net\/arhiva\/wp-json\/wp\/v2\/posts\/24777"}],"collection":[{"href":"https:\/\/sandzakpress.net\/arhiva\/wp-json\/wp\/v2\/posts"}],"about":[{"href":"https:\/\/sandzakpress.net\/arhiva\/wp-json\/wp\/v2\/types\/post"}],"author":[{"embeddable":true,"href":"https:\/\/sandzakpress.net\/arhiva\/wp-json\/wp\/v2\/users\/13"}],"replies":[{"embeddable":true,"href":"https:\/\/sandzakpress.net\/arhiva\/wp-json\/wp\/v2\/comments?post=24777"}],"version-history":[{"count":0,"href":"https:\/\/sandzakpress.net\/arhiva\/wp-json\/wp\/v2\/posts\/24777\/revisions"}],"wp:featuredmedia":[{"embeddable":true,"href":"https:\/\/sandzakpress.net\/arhiva\/wp-json\/wp\/v2\/media\/24780"}],"wp:attachment":[{"href":"https:\/\/sandzakpress.net\/arhiva\/wp-json\/wp\/v2\/media?parent=24777"}],"wp:term":[{"taxonomy":"category","embeddable":true,"href":"https:\/\/sandzakpress.net\/arhiva\/wp-json\/wp\/v2\/categories?post=24777"},{"taxonomy":"post_tag","embeddable":true,"href":"https:\/\/sandzakpress.net\/arhiva\/wp-json\/wp\/v2\/tags?post=24777"}],"curies":[{"name":"wp","href":"https:\/\/api.w.org\/{rel}","templated":true}]}}