{"id":24753,"date":"2011-11-25T22:22:33","date_gmt":"2011-11-25T21:22:33","guid":{"rendered":"https:\/\/sandzakpress.net\/arhiva\/?p=24753"},"modified":"2011-12-03T17:16:46","modified_gmt":"2011-12-03T16:16:46","slug":"24753","status":"publish","type":"post","link":"https:\/\/sandzakpress.net\/arhiva\/24753\/","title":{"rendered":"\u010cestitka Reisu-l-uleme u povodu nove hid\u017eretske godine"},"content":{"rendered":"<p><strong><a href=\"https:\/\/sandzakpress.net\/arhiva\/wp-content\/uploads\/2011\/11\/ceric21.jpg\"><img loading=\"lazy\" decoding=\"async\" class=\"alignleft size-full wp-image-24756\" title=\"ceric2\" src=\"https:\/\/sandzakpress.net\/arhiva\/wp-content\/uploads\/2011\/11\/ceric21.jpg\" alt=\"\" width=\"264\" height=\"193\" \/><\/a>BiH, Sand\u017eak &#8211; Povodom nove muslimanske 1433. god. reisu-l-ulema dr. Mustafa Ceri\u0107 je uputio \u010destitku u kojoj se ka\u017ee:<\/strong><\/p>\n<p>&#8211; Draga bra\u0107o i sestre,<\/p>\n<p>Prije dvadeset dana muslimani \u0161irom svijeta dostojanstveno su obilje\u017eili blagdane had\u017ed\u017ea i kurbanskog bajrama. Sa dana\u0161njim (petak 25. 11. 2011) zalaskom sunca muslimani obilje\u017eavaju po\u010detak Nove muslimanske\/hid\u017eretske 1433. godine prema lunarnom ra\u010dunanju vremena. Dakle, petak na subotu je mubarek no\u0107, a subota je prvi dan mjeseca muharrema, \u0161to doslovno zna\u010di \u201esveti mjesec&#8221; u kojem je zabranjeno prolivanje ljudske krvi, u kojem je zapovje\u0111eno po\u0161tivanje ljudskog \u017eivota i ljudske \u010dasti.<\/p>\n<p>Nakon 13. godina poslani\u010dke misije u Mekki, koja je imala samo jedan cilj, a to je da potakne ljude na razmi\u0161ljanje o Jednom Bogu, kao najuzvi\u0161enijoj Istini, Allahov Poslanik Muhammed, a.s., je dobio zapovijed od Boga da svoju misiju islama &#8211; mira i pomirenja me\u0111u ljudima &#8211; \u0161iri dalje u Medini. Taj \u010din putovanja iz Mekke u Medinu, tj., taj duhovni prijelaz od mekkanske Istine do medinske Pravde muslimani su nazvali\u00a0<em>Hid\u017era<\/em> a to ozna\u010dili kao najva\u017eniji trenutak u \u017eivotu Allahovog Poslanika i povijesti muslimana. Dakle, po\u010detkom muslimanske ere nije ozna\u010den Alejhisselamov ro\u0111endan (<em>mevlud<\/em>), niti prva Bo\u017eja Objava (<em>wahy<\/em>), niti osvajanje Mekke (<em>feth<\/em>), niti Alejhiselamova smrt (<em>wefat<\/em>), ve\u0107 je po\u010detkom muslimanske ere ozna\u010den najuzvi\u0161eniji \u010din za \u010dovjeka, a to je bratimljene zava\u0111ene bra\u0107e. Dakle, Hid\u017era je zbratimila zava\u0111ena plemena Evsa i Hazred\u017ea u Medini. Hid\u017era je spojila srca muhad\u017eira sa du\u0161ama ensarija i tako zauvijek napisala svetu zapovijest: ljudi su bra\u0107a , a solidarnost me\u0111u njima njihov je spas i sre\u0107a.<\/p>\n<p>To je glavna poruka Hid\u017ere &#8211; da se zava\u0111eni pomire i da se me\u0111u ljudima o\u017eivi solidarnost.<\/p>\n<p>Ako se ta dva zahtjeva Alejhiselamove hid\u017ere ozbiljno shvate, onda ne\u0107e biti muslimanskih izbjeglica u svijetu, ne\u0107e biti prolijevanja muslimanske krvi u Iraku, Afganistanu, Libiji, Jemenu, Siriji, Egiptu i ne\u0107e biti siroma\u0161ne djece.<\/p>\n<p>Naravno, ako i mi ovdje ozbiljno shvatimo te\u017einu hid\u017eretskog imperativa o bratskom pomirenju i bratskoj solidarnosti, onda nam se ne\u0107e dogoditi genocid, ne\u0107e nam se d\u017eamije ru\u0161iti, i ne\u0107e nam djeca u svijet odlaziti. Onda \u0107emo svi ovdje ostati i\u00a0 umjesto muhad\u017eiri, svi \u0107emo ensarije biti &#8211; brinuti se o nezbrinutim i pomagati nemo\u0107nima.<\/p>\n<p>Zato treba da svi dobro upamtimo: nama &#8211; bosanskim muslimanima, nema drugog puta ve\u0107 da budemo svi zajedno kao bra\u0107a, kao ensarije jedni drugima, jer jedino jedinstveni mo\u017eemo ovdje opstati.<\/p>\n<p>U duhu tog na\u0161eg bratstva i solidarnosti sa dovom Allahu da nam podari pamet i mudrost da se me\u0111usobno volimo, po\u0161tujemo i poma\u017eemo, od srca \u010destitam Novu muslimansku 1433. godinu svim muslimanima i muslimankama u domovini i dijaspori, kao i svim muslimanima u svijetu.<\/p>\n<p>Neka Allahu Uzvi\u0161eni podari mir i sre\u0107u cijelome svijetu!<\/p>\n<p>Izvor: <strong>MINA<\/strong><\/p>\n","protected":false},"excerpt":{"rendered":"<p>BiH, Sand\u017eak &#8211; Povodom nove muslimanske 1433. god. reisu-l-ulema dr. Mustafa Ceri\u0107 je uputio \u010destitku u kojoj se ka\u017ee: &#8211; Draga bra\u0107o i sestre, Prije dvadeset dana muslimani \u0161irom svijeta dostojanstveno su obilje\u017eili blagdane had\u017ed\u017ea i kurbanskog bajrama. Sa dana\u0161njim (petak 25. 11. 2011) zalaskom sunca muslimani obilje\u017eavaju po\u010detak Nove muslimanske\/hid\u017eretske 1433. godine prema lunarnom [&hellip;]<\/p>\n","protected":false},"author":14,"featured_media":24756,"comment_status":"open","ping_status":"open","sticky":false,"template":"","format":"standard","meta":{"footnotes":""},"categories":[72,2860,52,327,392,393,802,394,399],"tags":[],"class_list":{"0":"post-24753","1":"post","2":"type-post","3":"status-publish","4":"format-standard","5":"has-post-thumbnail","7":"category-novi-pazar","8":"category-bosna-i-hercegovina-gradovi","9":"category-sjenica","10":"category-tutin","11":"category-prijepolje_","12":"category-priboj","13":"category-islamska_zajednica","14":"category-nova-varos","15":"category-plav_"},"yoast_head":"<!-- This site is optimized with the Yoast SEO Premium plugin v23.1 (Yoast SEO v24.9) - https:\/\/yoast.com\/wordpress\/plugins\/seo\/ -->\n<title>\u010cestitka Reisu-l-uleme u povodu nove hid\u017eretske godine<\/title>\n<meta name=\"robots\" content=\"index, follow, max-snippet:-1, max-image-preview:large, max-video-preview:-1\" \/>\n<link rel=\"canonical\" href=\"https:\/\/sandzakpress.net\/arhiva\/24753\/\" \/>\n<meta property=\"og:locale\" content=\"bs_BA\" \/>\n<meta property=\"og:type\" content=\"article\" \/>\n<meta property=\"og:title\" content=\"\u010cestitka Reisu-l-uleme u povodu nove hid\u017eretske godine\" \/>\n<meta property=\"og:description\" content=\"BiH, Sand\u017eak &#8211; Povodom nove muslimanske 1433. god. reisu-l-ulema dr. Mustafa Ceri\u0107 je uputio \u010destitku u kojoj se ka\u017ee: &#8211; Draga bra\u0107o i sestre, Prije dvadeset dana muslimani \u0161irom svijeta dostojanstveno su obilje\u017eili blagdane had\u017ed\u017ea i kurbanskog bajrama. Sa dana\u0161njim (petak 25. 11. 2011) zalaskom sunca muslimani obilje\u017eavaju po\u010detak Nove muslimanske\/hid\u017eretske 1433. godine prema lunarnom [&hellip;]\" \/>\n<meta property=\"og:url\" content=\"https:\/\/sandzakpress.net\/arhiva\/24753\/\" \/>\n<meta property=\"og:site_name\" content=\"Sand\u017eak PRESS\" \/>\n<meta property=\"article:published_time\" content=\"2011-11-25T21:22:33+00:00\" \/>\n<meta property=\"article:modified_time\" content=\"2011-12-03T16:16:46+00:00\" \/>\n<meta property=\"og:image\" content=\"https:\/\/sandzakpress.net\/arhiva\/wp-content\/uploads\/2011\/11\/ceric21.jpg\" \/>\n\t<meta property=\"og:image:width\" content=\"264\" \/>\n\t<meta property=\"og:image:height\" content=\"193\" \/>\n\t<meta property=\"og:image:type\" content=\"image\/jpeg\" \/>\n<meta name=\"twitter:card\" content=\"summary_large_image\" \/>\n<meta name=\"twitter:label1\" content=\"Written by\" \/>\n\t<meta name=\"twitter:data1\" content=\"\" \/>\n\t<meta name=\"twitter:label2\" content=\"Est. reading time\" \/>\n\t<meta name=\"twitter:data2\" content=\"3 minute\" \/>\n<script type=\"application\/ld+json\" class=\"yoast-schema-graph\">{\"@context\":\"https:\/\/schema.org\",\"@graph\":[{\"@type\":\"Article\",\"@id\":\"https:\/\/sandzakpress.net\/arhiva\/24753\/#article\",\"isPartOf\":{\"@id\":\"https:\/\/sandzakpress.net\/arhiva\/24753\/\"},\"author\":{\"name\":\"\",\"@id\":\"\"},\"headline\":\"\u010cestitka Reisu-l-uleme u povodu nove hid\u017eretske godine\",\"datePublished\":\"2011-11-25T21:22:33+00:00\",\"dateModified\":\"2011-12-03T16:16:46+00:00\",\"mainEntityOfPage\":{\"@id\":\"https:\/\/sandzakpress.net\/arhiva\/24753\/\"},\"wordCount\":510,\"commentCount\":0,\"publisher\":{\"@id\":\"https:\/\/sandzakpress.net\/arhiva\/#\/schema\/person\/6e72b67d6e51910a1117b3b483ba20bd\"},\"image\":{\"@id\":\"https:\/\/sandzakpress.net\/arhiva\/24753\/#primaryimage\"},\"thumbnailUrl\":\"https:\/\/sandzakpress.net\/arhiva\/wp-content\/uploads\/2011\/11\/ceric21.jpg\",\"articleSection\":[\"Novi Pazar\",\"Bosna i Hercegovina\",\"Sjenica\",\"Tutin\",\"Prijepolje\",\"Priboj\",\"Islamska zajednica\",\"Nova Varo\u0161\",\"Plav\"],\"inLanguage\":\"bs-BA\",\"potentialAction\":[{\"@type\":\"CommentAction\",\"name\":\"Comment\",\"target\":[\"https:\/\/sandzakpress.net\/arhiva\/24753\/#respond\"]}]},{\"@type\":\"WebPage\",\"@id\":\"https:\/\/sandzakpress.net\/arhiva\/24753\/\",\"url\":\"https:\/\/sandzakpress.net\/arhiva\/24753\/\",\"name\":\"\u010cestitka Reisu-l-uleme u povodu nove hid\u017eretske godine\",\"isPartOf\":{\"@id\":\"https:\/\/sandzakpress.net\/arhiva\/#website\"},\"primaryImageOfPage\":{\"@id\":\"https:\/\/sandzakpress.net\/arhiva\/24753\/#primaryimage\"},\"image\":{\"@id\":\"https:\/\/sandzakpress.net\/arhiva\/24753\/#primaryimage\"},\"thumbnailUrl\":\"https:\/\/sandzakpress.net\/arhiva\/wp-content\/uploads\/2011\/11\/ceric21.jpg\",\"datePublished\":\"2011-11-25T21:22:33+00:00\",\"dateModified\":\"2011-12-03T16:16:46+00:00\",\"breadcrumb\":{\"@id\":\"https:\/\/sandzakpress.net\/arhiva\/24753\/#breadcrumb\"},\"inLanguage\":\"bs-BA\",\"potentialAction\":[{\"@type\":\"ReadAction\",\"target\":[\"https:\/\/sandzakpress.net\/arhiva\/24753\/\"]}]},{\"@type\":\"ImageObject\",\"inLanguage\":\"bs-BA\",\"@id\":\"https:\/\/sandzakpress.net\/arhiva\/24753\/#primaryimage\",\"url\":\"https:\/\/sandzakpress.net\/arhiva\/wp-content\/uploads\/2011\/11\/ceric21.jpg\",\"contentUrl\":\"https:\/\/sandzakpress.net\/arhiva\/wp-content\/uploads\/2011\/11\/ceric21.jpg\",\"width\":264,\"height\":193},{\"@type\":\"BreadcrumbList\",\"@id\":\"https:\/\/sandzakpress.net\/arhiva\/24753\/#breadcrumb\",\"itemListElement\":[{\"@type\":\"ListItem\",\"position\":1,\"name\":\"Home\",\"item\":\"https:\/\/sandzakpress.net\/arhiva\/\"},{\"@type\":\"ListItem\",\"position\":2,\"name\":\"\u010cestitka Reisu-l-uleme u povodu nove hid\u017eretske godine\"}]},{\"@type\":\"WebSite\",\"@id\":\"https:\/\/sandzakpress.net\/arhiva\/#website\",\"url\":\"https:\/\/sandzakpress.net\/arhiva\/\",\"name\":\"Sand\u017eak PRESS\",\"description\":\"Prve elektronske novine u Sand\u017eaku\",\"publisher\":{\"@id\":\"https:\/\/sandzakpress.net\/arhiva\/#\/schema\/person\/6e72b67d6e51910a1117b3b483ba20bd\"},\"potentialAction\":[{\"@type\":\"SearchAction\",\"target\":{\"@type\":\"EntryPoint\",\"urlTemplate\":\"https:\/\/sandzakpress.net\/arhiva\/?s={search_term_string}\"},\"query-input\":{\"@type\":\"PropertyValueSpecification\",\"valueRequired\":true,\"valueName\":\"search_term_string\"}}],\"inLanguage\":\"bs-BA\"},{\"@type\":[\"Person\",\"Organization\"],\"@id\":\"https:\/\/sandzakpress.net\/arhiva\/#\/schema\/person\/6e72b67d6e51910a1117b3b483ba20bd\",\"name\":\"Kul\",\"image\":{\"@type\":\"ImageObject\",\"inLanguage\":\"bs-BA\",\"@id\":\"https:\/\/sandzakpress.net\/arhiva\/#\/schema\/person\/image\/\",\"url\":\"https:\/\/secure.gravatar.com\/avatar\/42263f39aa27ac04c43cab85c280eb2e?s=96&d=mm&r=pg\",\"contentUrl\":\"https:\/\/secure.gravatar.com\/avatar\/42263f39aa27ac04c43cab85c280eb2e?s=96&d=mm&r=pg\",\"caption\":\"Kul\"},\"logo\":{\"@id\":\"https:\/\/sandzakpress.net\/arhiva\/#\/schema\/person\/image\/\"}},{\"@type\":\"Person\",\"@id\":\"\",\"url\":\"https:\/\/sandzakpress.net\/arhiva\/author\/\"}]}<\/script>\n<!-- \/ Yoast SEO Premium plugin. -->","yoast_head_json":{"title":"\u010cestitka Reisu-l-uleme u povodu nove hid\u017eretske godine","robots":{"index":"index","follow":"follow","max-snippet":"max-snippet:-1","max-image-preview":"max-image-preview:large","max-video-preview":"max-video-preview:-1"},"canonical":"https:\/\/sandzakpress.net\/arhiva\/24753\/","og_locale":"bs_BA","og_type":"article","og_title":"\u010cestitka Reisu-l-uleme u povodu nove hid\u017eretske godine","og_description":"BiH, Sand\u017eak &#8211; Povodom nove muslimanske 1433. god. reisu-l-ulema dr. Mustafa Ceri\u0107 je uputio \u010destitku u kojoj se ka\u017ee: &#8211; Draga bra\u0107o i sestre, Prije dvadeset dana muslimani \u0161irom svijeta dostojanstveno su obilje\u017eili blagdane had\u017ed\u017ea i kurbanskog bajrama. Sa dana\u0161njim (petak 25. 11. 2011) zalaskom sunca muslimani obilje\u017eavaju po\u010detak Nove muslimanske\/hid\u017eretske 1433. godine prema lunarnom [&hellip;]","og_url":"https:\/\/sandzakpress.net\/arhiva\/24753\/","og_site_name":"Sand\u017eak PRESS","article_published_time":"2011-11-25T21:22:33+00:00","article_modified_time":"2011-12-03T16:16:46+00:00","og_image":[{"width":264,"height":193,"url":"https:\/\/sandzakpress.net\/arhiva\/wp-content\/uploads\/2011\/11\/ceric21.jpg","type":"image\/jpeg"}],"twitter_card":"summary_large_image","twitter_misc":{"Written by":"","Est. reading time":"3 minute"},"schema":{"@context":"https:\/\/schema.org","@graph":[{"@type":"Article","@id":"https:\/\/sandzakpress.net\/arhiva\/24753\/#article","isPartOf":{"@id":"https:\/\/sandzakpress.net\/arhiva\/24753\/"},"author":{"name":"","@id":""},"headline":"\u010cestitka Reisu-l-uleme u povodu nove hid\u017eretske godine","datePublished":"2011-11-25T21:22:33+00:00","dateModified":"2011-12-03T16:16:46+00:00","mainEntityOfPage":{"@id":"https:\/\/sandzakpress.net\/arhiva\/24753\/"},"wordCount":510,"commentCount":0,"publisher":{"@id":"https:\/\/sandzakpress.net\/arhiva\/#\/schema\/person\/6e72b67d6e51910a1117b3b483ba20bd"},"image":{"@id":"https:\/\/sandzakpress.net\/arhiva\/24753\/#primaryimage"},"thumbnailUrl":"https:\/\/sandzakpress.net\/arhiva\/wp-content\/uploads\/2011\/11\/ceric21.jpg","articleSection":["Novi Pazar","Bosna i Hercegovina","Sjenica","Tutin","Prijepolje","Priboj","Islamska zajednica","Nova Varo\u0161","Plav"],"inLanguage":"bs-BA","potentialAction":[{"@type":"CommentAction","name":"Comment","target":["https:\/\/sandzakpress.net\/arhiva\/24753\/#respond"]}]},{"@type":"WebPage","@id":"https:\/\/sandzakpress.net\/arhiva\/24753\/","url":"https:\/\/sandzakpress.net\/arhiva\/24753\/","name":"\u010cestitka Reisu-l-uleme u povodu nove hid\u017eretske godine","isPartOf":{"@id":"https:\/\/sandzakpress.net\/arhiva\/#website"},"primaryImageOfPage":{"@id":"https:\/\/sandzakpress.net\/arhiva\/24753\/#primaryimage"},"image":{"@id":"https:\/\/sandzakpress.net\/arhiva\/24753\/#primaryimage"},"thumbnailUrl":"https:\/\/sandzakpress.net\/arhiva\/wp-content\/uploads\/2011\/11\/ceric21.jpg","datePublished":"2011-11-25T21:22:33+00:00","dateModified":"2011-12-03T16:16:46+00:00","breadcrumb":{"@id":"https:\/\/sandzakpress.net\/arhiva\/24753\/#breadcrumb"},"inLanguage":"bs-BA","potentialAction":[{"@type":"ReadAction","target":["https:\/\/sandzakpress.net\/arhiva\/24753\/"]}]},{"@type":"ImageObject","inLanguage":"bs-BA","@id":"https:\/\/sandzakpress.net\/arhiva\/24753\/#primaryimage","url":"https:\/\/sandzakpress.net\/arhiva\/wp-content\/uploads\/2011\/11\/ceric21.jpg","contentUrl":"https:\/\/sandzakpress.net\/arhiva\/wp-content\/uploads\/2011\/11\/ceric21.jpg","width":264,"height":193},{"@type":"BreadcrumbList","@id":"https:\/\/sandzakpress.net\/arhiva\/24753\/#breadcrumb","itemListElement":[{"@type":"ListItem","position":1,"name":"Home","item":"https:\/\/sandzakpress.net\/arhiva\/"},{"@type":"ListItem","position":2,"name":"\u010cestitka Reisu-l-uleme u povodu nove hid\u017eretske godine"}]},{"@type":"WebSite","@id":"https:\/\/sandzakpress.net\/arhiva\/#website","url":"https:\/\/sandzakpress.net\/arhiva\/","name":"Sand\u017eak PRESS","description":"Prve elektronske novine u Sand\u017eaku","publisher":{"@id":"https:\/\/sandzakpress.net\/arhiva\/#\/schema\/person\/6e72b67d6e51910a1117b3b483ba20bd"},"potentialAction":[{"@type":"SearchAction","target":{"@type":"EntryPoint","urlTemplate":"https:\/\/sandzakpress.net\/arhiva\/?s={search_term_string}"},"query-input":{"@type":"PropertyValueSpecification","valueRequired":true,"valueName":"search_term_string"}}],"inLanguage":"bs-BA"},{"@type":["Person","Organization"],"@id":"https:\/\/sandzakpress.net\/arhiva\/#\/schema\/person\/6e72b67d6e51910a1117b3b483ba20bd","name":"Kul","image":{"@type":"ImageObject","inLanguage":"bs-BA","@id":"https:\/\/sandzakpress.net\/arhiva\/#\/schema\/person\/image\/","url":"https:\/\/secure.gravatar.com\/avatar\/42263f39aa27ac04c43cab85c280eb2e?s=96&d=mm&r=pg","contentUrl":"https:\/\/secure.gravatar.com\/avatar\/42263f39aa27ac04c43cab85c280eb2e?s=96&d=mm&r=pg","caption":"Kul"},"logo":{"@id":"https:\/\/sandzakpress.net\/arhiva\/#\/schema\/person\/image\/"}},{"@type":"Person","@id":"","url":"https:\/\/sandzakpress.net\/arhiva\/author\/"}]}},"_links":{"self":[{"href":"https:\/\/sandzakpress.net\/arhiva\/wp-json\/wp\/v2\/posts\/24753"}],"collection":[{"href":"https:\/\/sandzakpress.net\/arhiva\/wp-json\/wp\/v2\/posts"}],"about":[{"href":"https:\/\/sandzakpress.net\/arhiva\/wp-json\/wp\/v2\/types\/post"}],"author":[{"embeddable":true,"href":"https:\/\/sandzakpress.net\/arhiva\/wp-json\/wp\/v2\/users\/14"}],"replies":[{"embeddable":true,"href":"https:\/\/sandzakpress.net\/arhiva\/wp-json\/wp\/v2\/comments?post=24753"}],"version-history":[{"count":0,"href":"https:\/\/sandzakpress.net\/arhiva\/wp-json\/wp\/v2\/posts\/24753\/revisions"}],"wp:featuredmedia":[{"embeddable":true,"href":"https:\/\/sandzakpress.net\/arhiva\/wp-json\/wp\/v2\/media\/24756"}],"wp:attachment":[{"href":"https:\/\/sandzakpress.net\/arhiva\/wp-json\/wp\/v2\/media?parent=24753"}],"wp:term":[{"taxonomy":"category","embeddable":true,"href":"https:\/\/sandzakpress.net\/arhiva\/wp-json\/wp\/v2\/categories?post=24753"},{"taxonomy":"post_tag","embeddable":true,"href":"https:\/\/sandzakpress.net\/arhiva\/wp-json\/wp\/v2\/tags?post=24753"}],"curies":[{"name":"wp","href":"https:\/\/api.w.org\/{rel}","templated":true}]}}