{"id":24284,"date":"2011-11-19T21:42:42","date_gmt":"2011-11-19T20:42:42","guid":{"rendered":"https:\/\/sandzakpress.net\/arhiva\/?p=24284"},"modified":"2011-12-03T17:06:15","modified_gmt":"2011-12-03T16:06:15","slug":"zavicajno-vece-pljevljana-i-gusinjana","status":"publish","type":"post","link":"https:\/\/sandzakpress.net\/arhiva\/zavicajno-vece-pljevljana-i-gusinjana\/","title":{"rendered":"&#8220;Zavi\u010dajno ve\u010de&#8221; Plavljana i Gusinjana"},"content":{"rendered":"<p><span style=\"color: black;\"><strong><a href=\"https:\/\/sandzakpress.net\/arhiva\/wp-content\/uploads\/2011\/11\/Zavicajno_udruzenje_Plavljana_i_Gusnjina.jpg\"><img loading=\"lazy\" decoding=\"async\" class=\"alignleft size-full wp-image-24288\" title=\"Zavicajno_udruzenje_Plavljana_i_Gusnjina\" src=\"https:\/\/sandzakpress.net\/arhiva\/wp-content\/uploads\/2011\/11\/Zavicajno_udruzenje_Plavljana_i_Gusnjina.jpg\" alt=\"\" width=\"130\" height=\"122\" \/><\/a>Plav, Gusinje &#8211; Zavi\u010dajno Dru\u0161tvo Plavljana i Gusinjana vas  obavje\u0161tava da \u0107e se \u201eZavi\u010dajno ve\u010de\u201d odr\u017eati u subotu, 26.novembra  2011.god. u hotelu \u201eHollywood\u201d sa po\u010detkom u 19h. <\/strong><\/span><\/p>\n<p>Ulaznice po cijeni od 25KM (ve\u010dera ura\u010dunata) se mogu kupiti u  prostorijama Kluba ZDPiG (ul.:D\u017eemala Bijedi\u0107a 125, zgrada Giprom-a, na  Otoci, kraj pijace) od ponedjeljka 21.11.2011.god.  u vremenu od 16h do  18h, a na dan odr\u017eavanja 26.11.2011.god. u hotelu Hollywood od 12h. Broj  mjesta je ograni\u010den, pa je po\u017eeljno da na vrijeme obezbijedite ulaznice  jer ne\u0107e biti rezervacija.<\/p>\n<p>Za studente va\u017ei specijalna cijena ulaznice od 10KM (ve\u010dera ura\u010dunata).<\/p>\n<p>Do\u0111ite da uveli\u010date na\u0161e zajedni\u010dko dru\u017eenje, te da nastavimo uspje\u0161nu  dvadesetogodi\u0161nju tradiciju okupljanja, stoji u obavijesti Upravnog  odbora ZDPiG u BiH<\/p>\n<p><span style=\"color: black;\">Izvor: <strong>Bosnjaci.net<\/strong><br \/>\n<\/span><\/p>\n","protected":false},"excerpt":{"rendered":"<p>Plav, Gusinje &#8211; Zavi\u010dajno Dru\u0161tvo Plavljana i Gusinjana vas obavje\u0161tava da \u0107e se \u201eZavi\u010dajno ve\u010de\u201d odr\u017eati u subotu, 26.novembra 2011.god. u hotelu \u201eHollywood\u201d sa po\u010detkom u 19h. Ulaznice po cijeni od 25KM (ve\u010dera ura\u010dunata) se mogu kupiti u prostorijama Kluba ZDPiG (ul.:D\u017eemala Bijedi\u0107a 125, zgrada Giprom-a, na Otoci, kraj pijace) od ponedjeljka 21.11.2011.god. u vremenu [&hellip;]<\/p>\n","protected":false},"author":13,"featured_media":24288,"comment_status":"open","ping_status":"open","sticky":false,"template":"","format":"standard","meta":{"footnotes":""},"categories":[399,5],"tags":[],"class_list":{"0":"post-24284","1":"post","2":"type-post","3":"status-publish","4":"format-standard","5":"has-post-thumbnail","7":"category-plav_","8":"category-drustvo"},"yoast_head":"<!-- This site is optimized with the Yoast SEO Premium plugin v23.1 (Yoast SEO v24.9) - https:\/\/yoast.com\/wordpress\/plugins\/seo\/ -->\n<title>&quot;Zavi\u010dajno ve\u010de&quot; Plavljana i Gusinjana<\/title>\n<meta name=\"robots\" content=\"index, follow, max-snippet:-1, max-image-preview:large, max-video-preview:-1\" \/>\n<link rel=\"canonical\" href=\"https:\/\/sandzakpress.net\/arhiva\/zavicajno-vece-pljevljana-i-gusinjana\/\" \/>\n<meta property=\"og:locale\" content=\"bs_BA\" \/>\n<meta property=\"og:type\" content=\"article\" \/>\n<meta property=\"og:title\" content=\"&quot;Zavi\u010dajno ve\u010de&quot; Plavljana i Gusinjana\" \/>\n<meta property=\"og:description\" content=\"Plav, Gusinje &#8211; Zavi\u010dajno Dru\u0161tvo Plavljana i Gusinjana vas obavje\u0161tava da \u0107e se \u201eZavi\u010dajno ve\u010de\u201d odr\u017eati u subotu, 26.novembra 2011.god. u hotelu \u201eHollywood\u201d sa po\u010detkom u 19h. Ulaznice po cijeni od 25KM (ve\u010dera ura\u010dunata) se mogu kupiti u prostorijama Kluba ZDPiG (ul.:D\u017eemala Bijedi\u0107a 125, zgrada Giprom-a, na Otoci, kraj pijace) od ponedjeljka 21.11.2011.god. u vremenu [&hellip;]\" \/>\n<meta property=\"og:url\" content=\"https:\/\/sandzakpress.net\/arhiva\/zavicajno-vece-pljevljana-i-gusinjana\/\" \/>\n<meta property=\"og:site_name\" content=\"Sand\u017eak PRESS\" \/>\n<meta property=\"article:published_time\" content=\"2011-11-19T20:42:42+00:00\" \/>\n<meta property=\"article:modified_time\" content=\"2011-12-03T16:06:15+00:00\" \/>\n<meta property=\"og:image\" content=\"https:\/\/sandzakpress.net\/arhiva\/wp-content\/uploads\/2011\/11\/Zavicajno_udruzenje_Plavljana_i_Gusnjina.jpg\" \/>\n\t<meta property=\"og:image:width\" content=\"130\" \/>\n\t<meta property=\"og:image:height\" content=\"122\" \/>\n\t<meta property=\"og:image:type\" content=\"image\/jpeg\" \/>\n<meta name=\"twitter:card\" content=\"summary_large_image\" \/>\n<meta name=\"twitter:label1\" content=\"Written by\" \/>\n\t<meta name=\"twitter:data1\" content=\"\" \/>\n\t<meta name=\"twitter:label2\" content=\"Est. reading time\" \/>\n\t<meta name=\"twitter:data2\" content=\"1 minuta\" \/>\n<script type=\"application\/ld+json\" class=\"yoast-schema-graph\">{\"@context\":\"https:\/\/schema.org\",\"@graph\":[{\"@type\":\"Article\",\"@id\":\"https:\/\/sandzakpress.net\/arhiva\/zavicajno-vece-pljevljana-i-gusinjana\/#article\",\"isPartOf\":{\"@id\":\"https:\/\/sandzakpress.net\/arhiva\/zavicajno-vece-pljevljana-i-gusinjana\/\"},\"author\":{\"name\":\"\",\"@id\":\"\"},\"headline\":\"&#8220;Zavi\u010dajno ve\u010de&#8221; Plavljana i Gusinjana\",\"datePublished\":\"2011-11-19T20:42:42+00:00\",\"dateModified\":\"2011-12-03T16:06:15+00:00\",\"mainEntityOfPage\":{\"@id\":\"https:\/\/sandzakpress.net\/arhiva\/zavicajno-vece-pljevljana-i-gusinjana\/\"},\"wordCount\":151,\"commentCount\":0,\"publisher\":{\"@id\":\"https:\/\/sandzakpress.net\/arhiva\/#\/schema\/person\/6e72b67d6e51910a1117b3b483ba20bd\"},\"image\":{\"@id\":\"https:\/\/sandzakpress.net\/arhiva\/zavicajno-vece-pljevljana-i-gusinjana\/#primaryimage\"},\"thumbnailUrl\":\"https:\/\/sandzakpress.net\/arhiva\/wp-content\/uploads\/2011\/11\/Zavicajno_udruzenje_Plavljana_i_Gusnjina.jpg\",\"articleSection\":[\"Plav\",\"Dru\u0161tvo\"],\"inLanguage\":\"bs-BA\",\"potentialAction\":[{\"@type\":\"CommentAction\",\"name\":\"Comment\",\"target\":[\"https:\/\/sandzakpress.net\/arhiva\/zavicajno-vece-pljevljana-i-gusinjana\/#respond\"]}]},{\"@type\":\"WebPage\",\"@id\":\"https:\/\/sandzakpress.net\/arhiva\/zavicajno-vece-pljevljana-i-gusinjana\/\",\"url\":\"https:\/\/sandzakpress.net\/arhiva\/zavicajno-vece-pljevljana-i-gusinjana\/\",\"name\":\"\\\"Zavi\u010dajno ve\u010de\\\" Plavljana i Gusinjana\",\"isPartOf\":{\"@id\":\"https:\/\/sandzakpress.net\/arhiva\/#website\"},\"primaryImageOfPage\":{\"@id\":\"https:\/\/sandzakpress.net\/arhiva\/zavicajno-vece-pljevljana-i-gusinjana\/#primaryimage\"},\"image\":{\"@id\":\"https:\/\/sandzakpress.net\/arhiva\/zavicajno-vece-pljevljana-i-gusinjana\/#primaryimage\"},\"thumbnailUrl\":\"https:\/\/sandzakpress.net\/arhiva\/wp-content\/uploads\/2011\/11\/Zavicajno_udruzenje_Plavljana_i_Gusnjina.jpg\",\"datePublished\":\"2011-11-19T20:42:42+00:00\",\"dateModified\":\"2011-12-03T16:06:15+00:00\",\"breadcrumb\":{\"@id\":\"https:\/\/sandzakpress.net\/arhiva\/zavicajno-vece-pljevljana-i-gusinjana\/#breadcrumb\"},\"inLanguage\":\"bs-BA\",\"potentialAction\":[{\"@type\":\"ReadAction\",\"target\":[\"https:\/\/sandzakpress.net\/arhiva\/zavicajno-vece-pljevljana-i-gusinjana\/\"]}]},{\"@type\":\"ImageObject\",\"inLanguage\":\"bs-BA\",\"@id\":\"https:\/\/sandzakpress.net\/arhiva\/zavicajno-vece-pljevljana-i-gusinjana\/#primaryimage\",\"url\":\"https:\/\/sandzakpress.net\/arhiva\/wp-content\/uploads\/2011\/11\/Zavicajno_udruzenje_Plavljana_i_Gusnjina.jpg\",\"contentUrl\":\"https:\/\/sandzakpress.net\/arhiva\/wp-content\/uploads\/2011\/11\/Zavicajno_udruzenje_Plavljana_i_Gusnjina.jpg\",\"width\":130,\"height\":122},{\"@type\":\"BreadcrumbList\",\"@id\":\"https:\/\/sandzakpress.net\/arhiva\/zavicajno-vece-pljevljana-i-gusinjana\/#breadcrumb\",\"itemListElement\":[{\"@type\":\"ListItem\",\"position\":1,\"name\":\"Home\",\"item\":\"https:\/\/sandzakpress.net\/arhiva\/\"},{\"@type\":\"ListItem\",\"position\":2,\"name\":\"&#8220;Zavi\u010dajno ve\u010de&#8221; Plavljana i Gusinjana\"}]},{\"@type\":\"WebSite\",\"@id\":\"https:\/\/sandzakpress.net\/arhiva\/#website\",\"url\":\"https:\/\/sandzakpress.net\/arhiva\/\",\"name\":\"Sand\u017eak PRESS\",\"description\":\"Prve elektronske novine u Sand\u017eaku\",\"publisher\":{\"@id\":\"https:\/\/sandzakpress.net\/arhiva\/#\/schema\/person\/6e72b67d6e51910a1117b3b483ba20bd\"},\"potentialAction\":[{\"@type\":\"SearchAction\",\"target\":{\"@type\":\"EntryPoint\",\"urlTemplate\":\"https:\/\/sandzakpress.net\/arhiva\/?s={search_term_string}\"},\"query-input\":{\"@type\":\"PropertyValueSpecification\",\"valueRequired\":true,\"valueName\":\"search_term_string\"}}],\"inLanguage\":\"bs-BA\"},{\"@type\":[\"Person\",\"Organization\"],\"@id\":\"https:\/\/sandzakpress.net\/arhiva\/#\/schema\/person\/6e72b67d6e51910a1117b3b483ba20bd\",\"name\":\"Kul\",\"image\":{\"@type\":\"ImageObject\",\"inLanguage\":\"bs-BA\",\"@id\":\"https:\/\/sandzakpress.net\/arhiva\/#\/schema\/person\/image\/\",\"url\":\"https:\/\/secure.gravatar.com\/avatar\/42263f39aa27ac04c43cab85c280eb2e?s=96&d=mm&r=pg\",\"contentUrl\":\"https:\/\/secure.gravatar.com\/avatar\/42263f39aa27ac04c43cab85c280eb2e?s=96&d=mm&r=pg\",\"caption\":\"Kul\"},\"logo\":{\"@id\":\"https:\/\/sandzakpress.net\/arhiva\/#\/schema\/person\/image\/\"}},{\"@type\":\"Person\",\"@id\":\"\",\"url\":\"https:\/\/sandzakpress.net\/arhiva\/author\/\"}]}<\/script>\n<!-- \/ Yoast SEO Premium plugin. -->","yoast_head_json":{"title":"\"Zavi\u010dajno ve\u010de\" Plavljana i Gusinjana","robots":{"index":"index","follow":"follow","max-snippet":"max-snippet:-1","max-image-preview":"max-image-preview:large","max-video-preview":"max-video-preview:-1"},"canonical":"https:\/\/sandzakpress.net\/arhiva\/zavicajno-vece-pljevljana-i-gusinjana\/","og_locale":"bs_BA","og_type":"article","og_title":"\"Zavi\u010dajno ve\u010de\" Plavljana i Gusinjana","og_description":"Plav, Gusinje &#8211; Zavi\u010dajno Dru\u0161tvo Plavljana i Gusinjana vas obavje\u0161tava da \u0107e se \u201eZavi\u010dajno ve\u010de\u201d odr\u017eati u subotu, 26.novembra 2011.god. u hotelu \u201eHollywood\u201d sa po\u010detkom u 19h. Ulaznice po cijeni od 25KM (ve\u010dera ura\u010dunata) se mogu kupiti u prostorijama Kluba ZDPiG (ul.:D\u017eemala Bijedi\u0107a 125, zgrada Giprom-a, na Otoci, kraj pijace) od ponedjeljka 21.11.2011.god. u vremenu [&hellip;]","og_url":"https:\/\/sandzakpress.net\/arhiva\/zavicajno-vece-pljevljana-i-gusinjana\/","og_site_name":"Sand\u017eak PRESS","article_published_time":"2011-11-19T20:42:42+00:00","article_modified_time":"2011-12-03T16:06:15+00:00","og_image":[{"width":130,"height":122,"url":"https:\/\/sandzakpress.net\/arhiva\/wp-content\/uploads\/2011\/11\/Zavicajno_udruzenje_Plavljana_i_Gusnjina.jpg","type":"image\/jpeg"}],"twitter_card":"summary_large_image","twitter_misc":{"Written by":"","Est. reading time":"1 minuta"},"schema":{"@context":"https:\/\/schema.org","@graph":[{"@type":"Article","@id":"https:\/\/sandzakpress.net\/arhiva\/zavicajno-vece-pljevljana-i-gusinjana\/#article","isPartOf":{"@id":"https:\/\/sandzakpress.net\/arhiva\/zavicajno-vece-pljevljana-i-gusinjana\/"},"author":{"name":"","@id":""},"headline":"&#8220;Zavi\u010dajno ve\u010de&#8221; Plavljana i Gusinjana","datePublished":"2011-11-19T20:42:42+00:00","dateModified":"2011-12-03T16:06:15+00:00","mainEntityOfPage":{"@id":"https:\/\/sandzakpress.net\/arhiva\/zavicajno-vece-pljevljana-i-gusinjana\/"},"wordCount":151,"commentCount":0,"publisher":{"@id":"https:\/\/sandzakpress.net\/arhiva\/#\/schema\/person\/6e72b67d6e51910a1117b3b483ba20bd"},"image":{"@id":"https:\/\/sandzakpress.net\/arhiva\/zavicajno-vece-pljevljana-i-gusinjana\/#primaryimage"},"thumbnailUrl":"https:\/\/sandzakpress.net\/arhiva\/wp-content\/uploads\/2011\/11\/Zavicajno_udruzenje_Plavljana_i_Gusnjina.jpg","articleSection":["Plav","Dru\u0161tvo"],"inLanguage":"bs-BA","potentialAction":[{"@type":"CommentAction","name":"Comment","target":["https:\/\/sandzakpress.net\/arhiva\/zavicajno-vece-pljevljana-i-gusinjana\/#respond"]}]},{"@type":"WebPage","@id":"https:\/\/sandzakpress.net\/arhiva\/zavicajno-vece-pljevljana-i-gusinjana\/","url":"https:\/\/sandzakpress.net\/arhiva\/zavicajno-vece-pljevljana-i-gusinjana\/","name":"\"Zavi\u010dajno ve\u010de\" Plavljana i Gusinjana","isPartOf":{"@id":"https:\/\/sandzakpress.net\/arhiva\/#website"},"primaryImageOfPage":{"@id":"https:\/\/sandzakpress.net\/arhiva\/zavicajno-vece-pljevljana-i-gusinjana\/#primaryimage"},"image":{"@id":"https:\/\/sandzakpress.net\/arhiva\/zavicajno-vece-pljevljana-i-gusinjana\/#primaryimage"},"thumbnailUrl":"https:\/\/sandzakpress.net\/arhiva\/wp-content\/uploads\/2011\/11\/Zavicajno_udruzenje_Plavljana_i_Gusnjina.jpg","datePublished":"2011-11-19T20:42:42+00:00","dateModified":"2011-12-03T16:06:15+00:00","breadcrumb":{"@id":"https:\/\/sandzakpress.net\/arhiva\/zavicajno-vece-pljevljana-i-gusinjana\/#breadcrumb"},"inLanguage":"bs-BA","potentialAction":[{"@type":"ReadAction","target":["https:\/\/sandzakpress.net\/arhiva\/zavicajno-vece-pljevljana-i-gusinjana\/"]}]},{"@type":"ImageObject","inLanguage":"bs-BA","@id":"https:\/\/sandzakpress.net\/arhiva\/zavicajno-vece-pljevljana-i-gusinjana\/#primaryimage","url":"https:\/\/sandzakpress.net\/arhiva\/wp-content\/uploads\/2011\/11\/Zavicajno_udruzenje_Plavljana_i_Gusnjina.jpg","contentUrl":"https:\/\/sandzakpress.net\/arhiva\/wp-content\/uploads\/2011\/11\/Zavicajno_udruzenje_Plavljana_i_Gusnjina.jpg","width":130,"height":122},{"@type":"BreadcrumbList","@id":"https:\/\/sandzakpress.net\/arhiva\/zavicajno-vece-pljevljana-i-gusinjana\/#breadcrumb","itemListElement":[{"@type":"ListItem","position":1,"name":"Home","item":"https:\/\/sandzakpress.net\/arhiva\/"},{"@type":"ListItem","position":2,"name":"&#8220;Zavi\u010dajno ve\u010de&#8221; Plavljana i Gusinjana"}]},{"@type":"WebSite","@id":"https:\/\/sandzakpress.net\/arhiva\/#website","url":"https:\/\/sandzakpress.net\/arhiva\/","name":"Sand\u017eak PRESS","description":"Prve elektronske novine u Sand\u017eaku","publisher":{"@id":"https:\/\/sandzakpress.net\/arhiva\/#\/schema\/person\/6e72b67d6e51910a1117b3b483ba20bd"},"potentialAction":[{"@type":"SearchAction","target":{"@type":"EntryPoint","urlTemplate":"https:\/\/sandzakpress.net\/arhiva\/?s={search_term_string}"},"query-input":{"@type":"PropertyValueSpecification","valueRequired":true,"valueName":"search_term_string"}}],"inLanguage":"bs-BA"},{"@type":["Person","Organization"],"@id":"https:\/\/sandzakpress.net\/arhiva\/#\/schema\/person\/6e72b67d6e51910a1117b3b483ba20bd","name":"Kul","image":{"@type":"ImageObject","inLanguage":"bs-BA","@id":"https:\/\/sandzakpress.net\/arhiva\/#\/schema\/person\/image\/","url":"https:\/\/secure.gravatar.com\/avatar\/42263f39aa27ac04c43cab85c280eb2e?s=96&d=mm&r=pg","contentUrl":"https:\/\/secure.gravatar.com\/avatar\/42263f39aa27ac04c43cab85c280eb2e?s=96&d=mm&r=pg","caption":"Kul"},"logo":{"@id":"https:\/\/sandzakpress.net\/arhiva\/#\/schema\/person\/image\/"}},{"@type":"Person","@id":"","url":"https:\/\/sandzakpress.net\/arhiva\/author\/"}]}},"_links":{"self":[{"href":"https:\/\/sandzakpress.net\/arhiva\/wp-json\/wp\/v2\/posts\/24284"}],"collection":[{"href":"https:\/\/sandzakpress.net\/arhiva\/wp-json\/wp\/v2\/posts"}],"about":[{"href":"https:\/\/sandzakpress.net\/arhiva\/wp-json\/wp\/v2\/types\/post"}],"author":[{"embeddable":true,"href":"https:\/\/sandzakpress.net\/arhiva\/wp-json\/wp\/v2\/users\/13"}],"replies":[{"embeddable":true,"href":"https:\/\/sandzakpress.net\/arhiva\/wp-json\/wp\/v2\/comments?post=24284"}],"version-history":[{"count":0,"href":"https:\/\/sandzakpress.net\/arhiva\/wp-json\/wp\/v2\/posts\/24284\/revisions"}],"wp:featuredmedia":[{"embeddable":true,"href":"https:\/\/sandzakpress.net\/arhiva\/wp-json\/wp\/v2\/media\/24288"}],"wp:attachment":[{"href":"https:\/\/sandzakpress.net\/arhiva\/wp-json\/wp\/v2\/media?parent=24284"}],"wp:term":[{"taxonomy":"category","embeddable":true,"href":"https:\/\/sandzakpress.net\/arhiva\/wp-json\/wp\/v2\/categories?post=24284"},{"taxonomy":"post_tag","embeddable":true,"href":"https:\/\/sandzakpress.net\/arhiva\/wp-json\/wp\/v2\/tags?post=24284"}],"curies":[{"name":"wp","href":"https:\/\/api.w.org\/{rel}","templated":true}]}}