{"id":24051,"date":"2011-11-17T15:02:38","date_gmt":"2011-11-17T14:02:38","guid":{"rendered":"https:\/\/sandzakpress.net\/arhiva\/?p=24051"},"modified":"2011-11-17T17:38:18","modified_gmt":"2011-11-17T16:38:18","slug":"novi-pazar-zbog-cega-smo-kaznjeni","status":"publish","type":"post","link":"https:\/\/sandzakpress.net\/arhiva\/novi-pazar-zbog-cega-smo-kaznjeni\/","title":{"rendered":"Novi Pazar: Zbog \u010dega smo ka\u017enjeni?"},"content":{"rendered":"<div id=\"_mcePaste\"><strong><a href=\"https:\/\/sandzakpress.net\/arhiva\/wp-content\/uploads\/2011\/11\/5427_tanjug-torcida-sandzak_f.jpg\"><img loading=\"lazy\" decoding=\"async\" class=\"alignleft size-medium wp-image-24065\" title=\"5427_tanjug-torcida-sandzak_f\" src=\"https:\/\/sandzakpress.net\/arhiva\/wp-content\/uploads\/2011\/11\/5427_tanjug-torcida-sandzak_f-300x181.jpg\" alt=\"\" width=\"300\" height=\"181\" \/><\/a>Novi Pazar &#8211; Odluka je ravna katastrofi. Mi smo, kao klub, prvi drasti\u010dno ka\u017enjeni. Na\u0161i navija\u010di su vratili smisao fudbalu u na\u0161oj zemlji. Ogor\u010deni smo, drakonski smo ka\u017enjeni, a da ne znamo zbog \u010dega.<\/strong><\/div>\n<div><strong><br \/>\n<\/strong><\/div>\n<div>Ne\u0107u da verujem u to, ali postoje signali o duplim ar\u0161inima i diskriminatorskom odnosu prema na\u0161em klubu i njegovim navija\u010dima u svakom pogledu \u2013 razo\u010daran je Sead Brun\u010devi\u0107, sportski direktor superliga\u0161a sa obala Jo\u0161anice.<\/div>\n<div>.<\/div>\n<div id=\"_mcePaste\">Upravni odbor Novog Pazara, na hitnoj sjednici, zauze\u0107e i zvani\u010dno stav po ovom pitanju. Iz kluba je saop\u0107eno da Disciplinska komisija ka\u017enjavanjem poku\u0161ava i da otera navija\u010de sa stadiona Novog Pazara.<\/div>\n<div>.<\/div>\n<div>Izvor: <strong>SandzakPRESS.net<\/strong><\/div>\n","protected":false},"excerpt":{"rendered":"<p>Novi Pazar &#8211; Odluka je ravna katastrofi. Mi smo, kao klub, prvi drasti\u010dno ka\u017enjeni. Na\u0161i navija\u010di su vratili smisao fudbalu u na\u0161oj zemlji. Ogor\u010deni smo, drakonski smo ka\u017enjeni, a da ne znamo zbog \u010dega. Ne\u0107u da verujem u to, ali postoje signali o duplim ar\u0161inima i diskriminatorskom odnosu prema na\u0161em klubu i njegovim navija\u010dima u [&hellip;]<\/p>\n","protected":false},"author":14,"featured_media":24065,"comment_status":"open","ping_status":"open","sticky":false,"template":"","format":"standard","meta":{"footnotes":""},"categories":[72,13],"tags":[],"class_list":{"0":"post-24051","1":"post","2":"type-post","3":"status-publish","4":"format-standard","5":"has-post-thumbnail","7":"category-novi-pazar","8":"category-sport"},"yoast_head":"<!-- This site is optimized with the Yoast SEO Premium plugin v23.1 (Yoast SEO v24.9) - https:\/\/yoast.com\/wordpress\/plugins\/seo\/ -->\n<title>Novi Pazar: Zbog \u010dega smo ka\u017enjeni?<\/title>\n<meta name=\"robots\" content=\"index, follow, max-snippet:-1, max-image-preview:large, max-video-preview:-1\" \/>\n<link rel=\"canonical\" href=\"https:\/\/sandzakpress.net\/arhiva\/novi-pazar-zbog-cega-smo-kaznjeni\/\" \/>\n<meta property=\"og:locale\" content=\"bs_BA\" \/>\n<meta property=\"og:type\" content=\"article\" \/>\n<meta property=\"og:title\" content=\"Novi Pazar: Zbog \u010dega smo ka\u017enjeni?\" \/>\n<meta property=\"og:description\" content=\"Novi Pazar &#8211; Odluka je ravna katastrofi. Mi smo, kao klub, prvi drasti\u010dno ka\u017enjeni. Na\u0161i navija\u010di su vratili smisao fudbalu u na\u0161oj zemlji. Ogor\u010deni smo, drakonski smo ka\u017enjeni, a da ne znamo zbog \u010dega. Ne\u0107u da verujem u to, ali postoje signali o duplim ar\u0161inima i diskriminatorskom odnosu prema na\u0161em klubu i njegovim navija\u010dima u [&hellip;]\" \/>\n<meta property=\"og:url\" content=\"https:\/\/sandzakpress.net\/arhiva\/novi-pazar-zbog-cega-smo-kaznjeni\/\" \/>\n<meta property=\"og:site_name\" content=\"Sand\u017eak PRESS\" \/>\n<meta property=\"article:published_time\" content=\"2011-11-17T14:02:38+00:00\" \/>\n<meta property=\"article:modified_time\" content=\"2011-11-17T16:38:18+00:00\" \/>\n<meta property=\"og:image\" content=\"https:\/\/sandzakpress.net\/arhiva\/wp-content\/uploads\/2011\/11\/5427_tanjug-torcida-sandzak_f.jpg\" \/>\n\t<meta property=\"og:image:width\" content=\"480\" \/>\n\t<meta property=\"og:image:height\" content=\"290\" \/>\n\t<meta property=\"og:image:type\" content=\"image\/jpeg\" \/>\n<meta name=\"twitter:card\" content=\"summary_large_image\" \/>\n<meta name=\"twitter:label1\" content=\"Written by\" \/>\n\t<meta name=\"twitter:data1\" content=\"\" \/>\n\t<meta name=\"twitter:label2\" content=\"Est. reading time\" \/>\n\t<meta name=\"twitter:data2\" content=\"1 minuta\" \/>\n<script type=\"application\/ld+json\" class=\"yoast-schema-graph\">{\"@context\":\"https:\/\/schema.org\",\"@graph\":[{\"@type\":\"Article\",\"@id\":\"https:\/\/sandzakpress.net\/arhiva\/novi-pazar-zbog-cega-smo-kaznjeni\/#article\",\"isPartOf\":{\"@id\":\"https:\/\/sandzakpress.net\/arhiva\/novi-pazar-zbog-cega-smo-kaznjeni\/\"},\"author\":{\"name\":\"\",\"@id\":\"\"},\"headline\":\"Novi Pazar: Zbog \u010dega smo ka\u017enjeni?\",\"datePublished\":\"2011-11-17T14:02:38+00:00\",\"dateModified\":\"2011-11-17T16:38:18+00:00\",\"mainEntityOfPage\":{\"@id\":\"https:\/\/sandzakpress.net\/arhiva\/novi-pazar-zbog-cega-smo-kaznjeni\/\"},\"wordCount\":129,\"commentCount\":2,\"publisher\":{\"@id\":\"https:\/\/sandzakpress.net\/arhiva\/#\/schema\/person\/6e72b67d6e51910a1117b3b483ba20bd\"},\"image\":{\"@id\":\"https:\/\/sandzakpress.net\/arhiva\/novi-pazar-zbog-cega-smo-kaznjeni\/#primaryimage\"},\"thumbnailUrl\":\"https:\/\/sandzakpress.net\/arhiva\/wp-content\/uploads\/2011\/11\/5427_tanjug-torcida-sandzak_f.jpg\",\"articleSection\":[\"Novi Pazar\",\"Sport\"],\"inLanguage\":\"bs-BA\",\"potentialAction\":[{\"@type\":\"CommentAction\",\"name\":\"Comment\",\"target\":[\"https:\/\/sandzakpress.net\/arhiva\/novi-pazar-zbog-cega-smo-kaznjeni\/#respond\"]}]},{\"@type\":\"WebPage\",\"@id\":\"https:\/\/sandzakpress.net\/arhiva\/novi-pazar-zbog-cega-smo-kaznjeni\/\",\"url\":\"https:\/\/sandzakpress.net\/arhiva\/novi-pazar-zbog-cega-smo-kaznjeni\/\",\"name\":\"Novi Pazar: Zbog \u010dega smo ka\u017enjeni?\",\"isPartOf\":{\"@id\":\"https:\/\/sandzakpress.net\/arhiva\/#website\"},\"primaryImageOfPage\":{\"@id\":\"https:\/\/sandzakpress.net\/arhiva\/novi-pazar-zbog-cega-smo-kaznjeni\/#primaryimage\"},\"image\":{\"@id\":\"https:\/\/sandzakpress.net\/arhiva\/novi-pazar-zbog-cega-smo-kaznjeni\/#primaryimage\"},\"thumbnailUrl\":\"https:\/\/sandzakpress.net\/arhiva\/wp-content\/uploads\/2011\/11\/5427_tanjug-torcida-sandzak_f.jpg\",\"datePublished\":\"2011-11-17T14:02:38+00:00\",\"dateModified\":\"2011-11-17T16:38:18+00:00\",\"breadcrumb\":{\"@id\":\"https:\/\/sandzakpress.net\/arhiva\/novi-pazar-zbog-cega-smo-kaznjeni\/#breadcrumb\"},\"inLanguage\":\"bs-BA\",\"potentialAction\":[{\"@type\":\"ReadAction\",\"target\":[\"https:\/\/sandzakpress.net\/arhiva\/novi-pazar-zbog-cega-smo-kaznjeni\/\"]}]},{\"@type\":\"ImageObject\",\"inLanguage\":\"bs-BA\",\"@id\":\"https:\/\/sandzakpress.net\/arhiva\/novi-pazar-zbog-cega-smo-kaznjeni\/#primaryimage\",\"url\":\"https:\/\/sandzakpress.net\/arhiva\/wp-content\/uploads\/2011\/11\/5427_tanjug-torcida-sandzak_f.jpg\",\"contentUrl\":\"https:\/\/sandzakpress.net\/arhiva\/wp-content\/uploads\/2011\/11\/5427_tanjug-torcida-sandzak_f.jpg\",\"width\":480,\"height\":290},{\"@type\":\"BreadcrumbList\",\"@id\":\"https:\/\/sandzakpress.net\/arhiva\/novi-pazar-zbog-cega-smo-kaznjeni\/#breadcrumb\",\"itemListElement\":[{\"@type\":\"ListItem\",\"position\":1,\"name\":\"Home\",\"item\":\"https:\/\/sandzakpress.net\/arhiva\/\"},{\"@type\":\"ListItem\",\"position\":2,\"name\":\"Novi Pazar: Zbog \u010dega smo ka\u017enjeni?\"}]},{\"@type\":\"WebSite\",\"@id\":\"https:\/\/sandzakpress.net\/arhiva\/#website\",\"url\":\"https:\/\/sandzakpress.net\/arhiva\/\",\"name\":\"Sand\u017eak PRESS\",\"description\":\"Prve elektronske novine u Sand\u017eaku\",\"publisher\":{\"@id\":\"https:\/\/sandzakpress.net\/arhiva\/#\/schema\/person\/6e72b67d6e51910a1117b3b483ba20bd\"},\"potentialAction\":[{\"@type\":\"SearchAction\",\"target\":{\"@type\":\"EntryPoint\",\"urlTemplate\":\"https:\/\/sandzakpress.net\/arhiva\/?s={search_term_string}\"},\"query-input\":{\"@type\":\"PropertyValueSpecification\",\"valueRequired\":true,\"valueName\":\"search_term_string\"}}],\"inLanguage\":\"bs-BA\"},{\"@type\":[\"Person\",\"Organization\"],\"@id\":\"https:\/\/sandzakpress.net\/arhiva\/#\/schema\/person\/6e72b67d6e51910a1117b3b483ba20bd\",\"name\":\"Kul\",\"image\":{\"@type\":\"ImageObject\",\"inLanguage\":\"bs-BA\",\"@id\":\"https:\/\/sandzakpress.net\/arhiva\/#\/schema\/person\/image\/\",\"url\":\"https:\/\/secure.gravatar.com\/avatar\/42263f39aa27ac04c43cab85c280eb2e?s=96&d=mm&r=pg\",\"contentUrl\":\"https:\/\/secure.gravatar.com\/avatar\/42263f39aa27ac04c43cab85c280eb2e?s=96&d=mm&r=pg\",\"caption\":\"Kul\"},\"logo\":{\"@id\":\"https:\/\/sandzakpress.net\/arhiva\/#\/schema\/person\/image\/\"}},{\"@type\":\"Person\",\"@id\":\"\",\"url\":\"https:\/\/sandzakpress.net\/arhiva\/author\/\"}]}<\/script>\n<!-- \/ Yoast SEO Premium plugin. -->","yoast_head_json":{"title":"Novi Pazar: Zbog \u010dega smo ka\u017enjeni?","robots":{"index":"index","follow":"follow","max-snippet":"max-snippet:-1","max-image-preview":"max-image-preview:large","max-video-preview":"max-video-preview:-1"},"canonical":"https:\/\/sandzakpress.net\/arhiva\/novi-pazar-zbog-cega-smo-kaznjeni\/","og_locale":"bs_BA","og_type":"article","og_title":"Novi Pazar: Zbog \u010dega smo ka\u017enjeni?","og_description":"Novi Pazar &#8211; Odluka je ravna katastrofi. Mi smo, kao klub, prvi drasti\u010dno ka\u017enjeni. Na\u0161i navija\u010di su vratili smisao fudbalu u na\u0161oj zemlji. Ogor\u010deni smo, drakonski smo ka\u017enjeni, a da ne znamo zbog \u010dega. Ne\u0107u da verujem u to, ali postoje signali o duplim ar\u0161inima i diskriminatorskom odnosu prema na\u0161em klubu i njegovim navija\u010dima u [&hellip;]","og_url":"https:\/\/sandzakpress.net\/arhiva\/novi-pazar-zbog-cega-smo-kaznjeni\/","og_site_name":"Sand\u017eak PRESS","article_published_time":"2011-11-17T14:02:38+00:00","article_modified_time":"2011-11-17T16:38:18+00:00","og_image":[{"width":480,"height":290,"url":"https:\/\/sandzakpress.net\/arhiva\/wp-content\/uploads\/2011\/11\/5427_tanjug-torcida-sandzak_f.jpg","type":"image\/jpeg"}],"twitter_card":"summary_large_image","twitter_misc":{"Written by":"","Est. reading time":"1 minuta"},"schema":{"@context":"https:\/\/schema.org","@graph":[{"@type":"Article","@id":"https:\/\/sandzakpress.net\/arhiva\/novi-pazar-zbog-cega-smo-kaznjeni\/#article","isPartOf":{"@id":"https:\/\/sandzakpress.net\/arhiva\/novi-pazar-zbog-cega-smo-kaznjeni\/"},"author":{"name":"","@id":""},"headline":"Novi Pazar: Zbog \u010dega smo ka\u017enjeni?","datePublished":"2011-11-17T14:02:38+00:00","dateModified":"2011-11-17T16:38:18+00:00","mainEntityOfPage":{"@id":"https:\/\/sandzakpress.net\/arhiva\/novi-pazar-zbog-cega-smo-kaznjeni\/"},"wordCount":129,"commentCount":2,"publisher":{"@id":"https:\/\/sandzakpress.net\/arhiva\/#\/schema\/person\/6e72b67d6e51910a1117b3b483ba20bd"},"image":{"@id":"https:\/\/sandzakpress.net\/arhiva\/novi-pazar-zbog-cega-smo-kaznjeni\/#primaryimage"},"thumbnailUrl":"https:\/\/sandzakpress.net\/arhiva\/wp-content\/uploads\/2011\/11\/5427_tanjug-torcida-sandzak_f.jpg","articleSection":["Novi Pazar","Sport"],"inLanguage":"bs-BA","potentialAction":[{"@type":"CommentAction","name":"Comment","target":["https:\/\/sandzakpress.net\/arhiva\/novi-pazar-zbog-cega-smo-kaznjeni\/#respond"]}]},{"@type":"WebPage","@id":"https:\/\/sandzakpress.net\/arhiva\/novi-pazar-zbog-cega-smo-kaznjeni\/","url":"https:\/\/sandzakpress.net\/arhiva\/novi-pazar-zbog-cega-smo-kaznjeni\/","name":"Novi Pazar: Zbog \u010dega smo ka\u017enjeni?","isPartOf":{"@id":"https:\/\/sandzakpress.net\/arhiva\/#website"},"primaryImageOfPage":{"@id":"https:\/\/sandzakpress.net\/arhiva\/novi-pazar-zbog-cega-smo-kaznjeni\/#primaryimage"},"image":{"@id":"https:\/\/sandzakpress.net\/arhiva\/novi-pazar-zbog-cega-smo-kaznjeni\/#primaryimage"},"thumbnailUrl":"https:\/\/sandzakpress.net\/arhiva\/wp-content\/uploads\/2011\/11\/5427_tanjug-torcida-sandzak_f.jpg","datePublished":"2011-11-17T14:02:38+00:00","dateModified":"2011-11-17T16:38:18+00:00","breadcrumb":{"@id":"https:\/\/sandzakpress.net\/arhiva\/novi-pazar-zbog-cega-smo-kaznjeni\/#breadcrumb"},"inLanguage":"bs-BA","potentialAction":[{"@type":"ReadAction","target":["https:\/\/sandzakpress.net\/arhiva\/novi-pazar-zbog-cega-smo-kaznjeni\/"]}]},{"@type":"ImageObject","inLanguage":"bs-BA","@id":"https:\/\/sandzakpress.net\/arhiva\/novi-pazar-zbog-cega-smo-kaznjeni\/#primaryimage","url":"https:\/\/sandzakpress.net\/arhiva\/wp-content\/uploads\/2011\/11\/5427_tanjug-torcida-sandzak_f.jpg","contentUrl":"https:\/\/sandzakpress.net\/arhiva\/wp-content\/uploads\/2011\/11\/5427_tanjug-torcida-sandzak_f.jpg","width":480,"height":290},{"@type":"BreadcrumbList","@id":"https:\/\/sandzakpress.net\/arhiva\/novi-pazar-zbog-cega-smo-kaznjeni\/#breadcrumb","itemListElement":[{"@type":"ListItem","position":1,"name":"Home","item":"https:\/\/sandzakpress.net\/arhiva\/"},{"@type":"ListItem","position":2,"name":"Novi Pazar: Zbog \u010dega smo ka\u017enjeni?"}]},{"@type":"WebSite","@id":"https:\/\/sandzakpress.net\/arhiva\/#website","url":"https:\/\/sandzakpress.net\/arhiva\/","name":"Sand\u017eak PRESS","description":"Prve elektronske novine u Sand\u017eaku","publisher":{"@id":"https:\/\/sandzakpress.net\/arhiva\/#\/schema\/person\/6e72b67d6e51910a1117b3b483ba20bd"},"potentialAction":[{"@type":"SearchAction","target":{"@type":"EntryPoint","urlTemplate":"https:\/\/sandzakpress.net\/arhiva\/?s={search_term_string}"},"query-input":{"@type":"PropertyValueSpecification","valueRequired":true,"valueName":"search_term_string"}}],"inLanguage":"bs-BA"},{"@type":["Person","Organization"],"@id":"https:\/\/sandzakpress.net\/arhiva\/#\/schema\/person\/6e72b67d6e51910a1117b3b483ba20bd","name":"Kul","image":{"@type":"ImageObject","inLanguage":"bs-BA","@id":"https:\/\/sandzakpress.net\/arhiva\/#\/schema\/person\/image\/","url":"https:\/\/secure.gravatar.com\/avatar\/42263f39aa27ac04c43cab85c280eb2e?s=96&d=mm&r=pg","contentUrl":"https:\/\/secure.gravatar.com\/avatar\/42263f39aa27ac04c43cab85c280eb2e?s=96&d=mm&r=pg","caption":"Kul"},"logo":{"@id":"https:\/\/sandzakpress.net\/arhiva\/#\/schema\/person\/image\/"}},{"@type":"Person","@id":"","url":"https:\/\/sandzakpress.net\/arhiva\/author\/"}]}},"_links":{"self":[{"href":"https:\/\/sandzakpress.net\/arhiva\/wp-json\/wp\/v2\/posts\/24051"}],"collection":[{"href":"https:\/\/sandzakpress.net\/arhiva\/wp-json\/wp\/v2\/posts"}],"about":[{"href":"https:\/\/sandzakpress.net\/arhiva\/wp-json\/wp\/v2\/types\/post"}],"author":[{"embeddable":true,"href":"https:\/\/sandzakpress.net\/arhiva\/wp-json\/wp\/v2\/users\/14"}],"replies":[{"embeddable":true,"href":"https:\/\/sandzakpress.net\/arhiva\/wp-json\/wp\/v2\/comments?post=24051"}],"version-history":[{"count":0,"href":"https:\/\/sandzakpress.net\/arhiva\/wp-json\/wp\/v2\/posts\/24051\/revisions"}],"wp:featuredmedia":[{"embeddable":true,"href":"https:\/\/sandzakpress.net\/arhiva\/wp-json\/wp\/v2\/media\/24065"}],"wp:attachment":[{"href":"https:\/\/sandzakpress.net\/arhiva\/wp-json\/wp\/v2\/media?parent=24051"}],"wp:term":[{"taxonomy":"category","embeddable":true,"href":"https:\/\/sandzakpress.net\/arhiva\/wp-json\/wp\/v2\/categories?post=24051"},{"taxonomy":"post_tag","embeddable":true,"href":"https:\/\/sandzakpress.net\/arhiva\/wp-json\/wp\/v2\/tags?post=24051"}],"curies":[{"name":"wp","href":"https:\/\/api.w.org\/{rel}","templated":true}]}}