{"id":23850,"date":"2011-11-15T22:13:02","date_gmt":"2011-11-15T21:13:02","guid":{"rendered":"https:\/\/sandzakpress.net\/arhiva\/?p=23850"},"modified":"2011-11-15T22:19:48","modified_gmt":"2011-11-15T21:19:48","slug":"novi-pazar-ostaje-centar-iz-ali-turska-nije-pristala-na-potpuno-uklanjanje-muftije","status":"publish","type":"post","link":"https:\/\/sandzakpress.net\/arhiva\/novi-pazar-ostaje-centar-iz-ali-turska-nije-pristala-na-potpuno-uklanjanje-muftije\/","title":{"rendered":"Novi Pazar ostaje centar IZ, ali Turska ne pristaje na potpuno uklanjanje Muftije"},"content":{"rendered":"<p><a href=\"https:\/\/sandzakpress.net\/arhiva\/wp-content\/uploads\/2011\/11\/ddpimages_9.jpg\"><img loading=\"lazy\" decoding=\"async\" class=\"aligncenter size-full wp-image-23856\" title=\"ddpimages_9\" src=\"https:\/\/sandzakpress.net\/arhiva\/wp-content\/uploads\/2011\/11\/ddpimages_9.jpg\" alt=\"\" width=\"616\" height=\"316\" \/><\/a><\/p>\n<p><strong>Sjeverni Sand\u017eak, Turska &#8211; Usagla\u0161avanje vrha Srbije i Turske o sporazumu o vra\u0107anju duhovnog i institucionalnog jedinstva Islamske zajednice (IZ) u Srbiji zapelo je na tri ta\u010dke. <\/strong><\/p>\n<p>Potvrdilo se to i prilikom susreta turskog ministra vanjskih poslova Ahmeta Davutolua (Davutoglu) s predsjednikom Srbije Borisom Tadi\u0107em i \u0161efom srbijanske diplomatije Vukom Jeremi\u0107em pro\u0161log vikenda u Beogradu.<\/p>\n<p>Zato je, tvrde na\u0161i izvori bliski cijelom procesu, jo\u0161 &#8220;sve otvoreno&#8221;.<\/p>\n<p>Srbijanski vrh, naime, insistira na tome da glavni muftija Islamske zajednice u Srbiji Muamer ef. Zukorli\u0107, jednostavno, mora biti uklonjen sa \u010dela IZ u Srbiji i iz javnog \u017eivota uop\u0107e! Oni se nisu zadovoljili pristankom muftije Zukorli\u0107a da odustane od kandidature za predsjednika Me\u0161ihata IZ Srbije, odnosno da ostane samo muftija sand\u017ea\u010dki. Drugi uvjet Srbije bio je da Sarajevo ne bude duhovno sredi\u0161te Bo\u0161njaka Sand\u017eaka i IZ u Srbiji, da se potpuno prekine veza sa BiH i reisu-l-ulemom Mustafom ef. Ceri\u0107em, a tre\u0107i da sjedi\u0161te IZ bude u Beogradu.<\/p>\n<h2>Davutolu se uspio izboriti da Novi Pazar bude centar, ali Beograd tra\u017ei potpuno uklanjanje Muftije iz javnog \u017eivota<\/h2>\n<figure style=\"width: 340px\" class=\"wp-caption alignright\"><img loading=\"lazy\" decoding=\"async\" class=\" \" src=\"http:\/\/www.sandzaknews.com\/slike\/vijest-2205.jpg\" alt=\"\" width=\"340\" height=\"220\" \/><figcaption class=\"wp-caption-text\">Dautolu zastupa sand\u017ea\u010dke, a Jeremi\u0107 srpske interese<\/figcaption><\/figure>\n<p>Tokom razgovora u Beogradu ministar Davutolu uspio je &#8220;ispeglati&#8221; dio spornih dijelova sporazuma. Tako je od Tadi\u0107a i Jeremi\u0107a dobio zeleno svjetlo da sjedi\u0161te IZ u Srbiji ostane u Novom Pazaru, ali da bude otvorena i njena ispostava u Beogradu &#8220;radi diplomatskih i drugih kontakata&#8221;. Tako\u0111er, uz Sarajevo, duhovni centar Bo\u0161njaka Sand\u017eaka bio bi i u Istanbulu, \u0161to je, navodno, kompromis koji bi u Srbiji prihvatili.<\/p>\n<p>No, Davutolu i njegovi doma\u0107ini nikako se nisu uspjeli usaglasiti o muftiji Zukorli\u0107u. On je, o\u010dito, najve\u0107i problem Srbiji i njega, kako su nam potvrdili turski izvori, &#8220;Srbi, jednostavno, ne mogu progutati&#8221;. Sand\u017ea\u010dki izvori u svemu vide potvrdu ranijih sumnji da srbijanski re\u017eim na odustaje od projekta asimilacije i pune dominacije nad Bo\u0161njacima. Zbog toga im muftija Zukorli\u0107 i jeste problem, jer je, kako navode, istakao zastavu slobode.<\/p>\n<p>Davutolu je nakon posjete Beogradu u izjavi turskim medijima diplomatski rekao da nosi pozitivne impresije, ali da se razgovori o objedinjavanju Islamske zajednice nastavljaju.<\/p>\n<p>&#8211; Ovo su kontroverzna pitanja o kojima se dugo razgovara. Nije realno o\u010dekivati da \u0107e se sve rije\u0161iti preko no\u0107i. Oti\u0161ao sam s pozitivnim dojmovima. \u017delimo ovo sve usmjeriti u pozitivnom smjeru. Ovi problemi mogu se posmatrati kao duboko utemeljeni, ali mnogi od njih samo su psiholo\u0161ke prirode &#8211; izjavio je Davutolu, prenose turski mediji.<br \/>\n<strong> <\/strong><\/p>\n<h2><strong>Pozitivna klima<\/strong><\/h2>\n<p>No, prema njegovim rije\u010dima, klima za postizanje dogovora sve je bolja. Turski \u0161ef diplomatije potvrdio je da \u0107e kontakti biti nastavljeni te da \u0107e Ankara i dalje raditi s Beogradom u ovom kontekstu.<\/p>\n<p>&#8211; \u017delimo to rije\u0161iti \u0161to je prije mogu\u0107e. Ali, moramo biti strpljivi. Na\u0161 je cilj na\u0107i zajedni\u010dko tlo na kojem se ovi razli\u010diti pogledi mogu objediniti. Nadam se da \u0107e se jedinstvo u Sand\u017eaku mo\u0107i posti\u0107i snagom koju \u0107emo crpiti iz prijateljstva Turske i Srbije &#8211; naveo je Davutolu.<\/p>\n<p>Podsjetimo, sporazum o objedinjavanju IZ u Srbiji trebali bi u Istanbulu potpisati reisu-l-ulema IZBiH dr. Mustafa ef. Ceri\u0107 i predsjednik Dijaneta i novi turski reis \u0161ejh Mehmed Gormez.<\/p>\n<h2><strong>Turci ne \u017eele ulaziti u nesuglasice sa Srbijom<\/strong><\/h2>\n<p>Turska u ovom trenutku ne \u017eeli ulaziti u bilo kakve nesuglasice sa Srbijom. To je, ujedno, dio strategije o \u0161irenju utjecaja te dr\u017eave na Balkan, koji bi bio nemogu\u0107 u konfliktnim situacijama. Zato Ankara ne \u017eeli krenuti u realizaciju sporazuma o objedinjavanju IZ bez zelenog svjetla iz Beograda. Nastalu &#8220;nezgodnu situaciju&#8221; nastoje u korist svojih interesa rije\u0161iti diplomatski mudro. <strong> <\/strong><\/p>\n<blockquote><p><strong>Ipak, smatraju da je prema Srbiji u\u010dinjeno dovoljno ustupaka i da se &#8220;ispod ove crte ne mo\u017ee i\u0107i&#8221;. Pogotovo kada je u pitanju sam muftija Zukorli\u0107, koji je, saznajemo, pregovara\u010dima poru\u010dio da &#8220;on ne mo\u017ee do\u0107i u situaciju da bude prodat&#8221; te da je &#8220;Turska shvatila da se u cijeloj pri\u010di nije radilo o borbi za poziciju, ve\u0107 nastojanju Beograda da nametne svoju dominaciju&#8221;. Pitanje muftije Zukorli\u0107a, uostalom, potpuno je prakti\u010dno. Bez njegovog pristanka sporazum, tako\u0111er, ne mo\u017ee biti realiziran. <\/strong><br \/>\n<strong> <\/strong><\/p><\/blockquote>\n<h2><img loading=\"lazy\" decoding=\"async\" class=\"alignright\" src=\"http:\/\/www.bosnjaci.net\/foto\/Sjednica_Sabora_IZ_u_BiH,_02.04.11._002.jpg\" alt=\"\" width=\"268\" height=\"191\" \/><\/h2>\n<h2><strong>\u0160ta \u0107e se govoriti na Saboru IZBiH<\/strong><\/h2>\n<p>Iako bi, kako javljaju srbijanski mediji, razgovori Srbije i Turske trebali biti nastavljeni krajem ovog mjeseca, kada ministar Jeremi\u0107 treba otputovati u Istanbul, kako saznajemo, ishod razgovora o objedinjavanju IZ u Srbiji mogao bi biti poznat ve\u0107 do kraja ove sedmice!<\/p>\n<p>O svemu bi trebalo biti rije\u010di i na Saboru IZBiH koji \u0107e biti odr\u017ean u subotu.<\/p>\n<p>.<\/p>\n<p>.<\/p>\n<h2>Jusufspahi\u0107: Srbija prenijela na\u0161e stavove turskoj strani<\/h2>\n<p><strong>Muhamed Jusufspahi\u0107 ocijenio je danas da \u0107e Srbija imati  jednu jedinstvenu islamsku zajednicu i Rijasetom kao vrhovnom  institucijom.<\/strong><\/p>\n<p>On je osvr\u0107u\u0107i se na najave iz Islamske zajednice u Srbiji da \u0107e  prema sporazumu o objedinjavanju islamskih zajednica sjedi\u0161te ove  vjerske zajednice biti u Novom Pazaru, duhovni centar u Sarajevu, dok \u0107e  Rijaset biti uga\u0161en, rekao da Rijaset ne\u0107e biti uga\u0161en.<\/p>\n<p>\u201cKao \u0161to postoje rijaseti u Skoplju i Sarajevu, postoja\u0107e nezavisni  rijaset i u Beogradu. Reis u Podgorici ne stoluje iz Ro\u017eaja, nego iz  Podgorice, samo \u0161to nije sa Cetinja\u201d, rekao je za \u201ePolitiku\u201d Muhamed  Jusufspahi\u0107.<\/p>\n<p style=\"text-align: center;\"><img decoding=\"async\" class=\"aligncenter\" src=\"..\/wp-content\/uploads\/2011\/10\/jusufspahic_nova_001.jpg\" alt=\"\" \/><\/p>\n<p>Izvor: <strong>Dnevni Avaz i Agencije<\/strong><\/p>\n","protected":false},"excerpt":{"rendered":"<p>Sjeverni Sand\u017eak, Turska &#8211; Usagla\u0161avanje vrha Srbije i Turske o sporazumu o vra\u0107anju duhovnog i institucionalnog jedinstva Islamske zajednice (IZ) u Srbiji zapelo je na tri ta\u010dke. Potvrdilo se to i prilikom susreta turskog ministra vanjskih poslova Ahmeta Davutolua (Davutoglu) s predsjednikom Srbije Borisom Tadi\u0107em i \u0161efom srbijanske diplomatije Vukom Jeremi\u0107em pro\u0161log vikenda u Beogradu. [&hellip;]<\/p>\n","protected":false},"author":83,"featured_media":23856,"comment_status":"open","ping_status":"open","sticky":false,"template":"","format":"standard","meta":{"footnotes":""},"categories":[72,2860,1,52,327,392,393,394,2692],"tags":[],"class_list":{"0":"post-23850","1":"post","2":"type-post","3":"status-publish","4":"format-standard","5":"has-post-thumbnail","7":"category-novi-pazar","8":"category-bosna-i-hercegovina-gradovi","9":"category-politika","10":"category-sjenica","11":"category-tutin","12":"category-prijepolje_","13":"category-priboj","14":"category-nova-varos","15":"category-turska-gradovi"},"yoast_head":"<!-- This site is optimized with the Yoast SEO Premium plugin v23.1 (Yoast SEO v24.9) - https:\/\/yoast.com\/wordpress\/plugins\/seo\/ -->\n<title>Novi Pazar ostaje centar IZ, ali Turska ne pristaje na potpuno uklanjanje Muftije<\/title>\n<meta name=\"robots\" content=\"index, follow, max-snippet:-1, max-image-preview:large, max-video-preview:-1\" \/>\n<link rel=\"canonical\" href=\"https:\/\/sandzakpress.net\/arhiva\/novi-pazar-ostaje-centar-iz-ali-turska-nije-pristala-na-potpuno-uklanjanje-muftije\/\" \/>\n<meta property=\"og:locale\" content=\"bs_BA\" \/>\n<meta property=\"og:type\" content=\"article\" \/>\n<meta property=\"og:title\" content=\"Novi Pazar ostaje centar IZ, ali Turska ne pristaje na potpuno uklanjanje Muftije\" \/>\n<meta property=\"og:description\" content=\"Sjeverni Sand\u017eak, Turska &#8211; Usagla\u0161avanje vrha Srbije i Turske o sporazumu o vra\u0107anju duhovnog i institucionalnog jedinstva Islamske zajednice (IZ) u Srbiji zapelo je na tri ta\u010dke. Potvrdilo se to i prilikom susreta turskog ministra vanjskih poslova Ahmeta Davutolua (Davutoglu) s predsjednikom Srbije Borisom Tadi\u0107em i \u0161efom srbijanske diplomatije Vukom Jeremi\u0107em pro\u0161log vikenda u Beogradu. [&hellip;]\" \/>\n<meta property=\"og:url\" content=\"https:\/\/sandzakpress.net\/arhiva\/novi-pazar-ostaje-centar-iz-ali-turska-nije-pristala-na-potpuno-uklanjanje-muftije\/\" \/>\n<meta property=\"og:site_name\" content=\"Sand\u017eak PRESS\" \/>\n<meta property=\"article:published_time\" content=\"2011-11-15T21:13:02+00:00\" \/>\n<meta property=\"article:modified_time\" content=\"2011-11-15T21:19:48+00:00\" \/>\n<meta property=\"og:image\" content=\"https:\/\/sandzakpress.net\/arhiva\/wp-content\/uploads\/2011\/11\/ddpimages_9.jpg\" \/>\n\t<meta property=\"og:image:width\" content=\"616\" \/>\n\t<meta property=\"og:image:height\" content=\"316\" \/>\n\t<meta property=\"og:image:type\" content=\"image\/jpeg\" \/>\n<meta name=\"author\" content=\"bosniak\" \/>\n<meta name=\"twitter:card\" content=\"summary_large_image\" \/>\n<meta name=\"twitter:label1\" content=\"Written by\" \/>\n\t<meta name=\"twitter:data1\" content=\"bosniak\" \/>\n\t<meta name=\"twitter:label2\" content=\"Est. reading time\" \/>\n\t<meta name=\"twitter:data2\" content=\"5 minuta\" \/>\n<script type=\"application\/ld+json\" class=\"yoast-schema-graph\">{\"@context\":\"https:\/\/schema.org\",\"@graph\":[{\"@type\":\"Article\",\"@id\":\"https:\/\/sandzakpress.net\/arhiva\/novi-pazar-ostaje-centar-iz-ali-turska-nije-pristala-na-potpuno-uklanjanje-muftije\/#article\",\"isPartOf\":{\"@id\":\"https:\/\/sandzakpress.net\/arhiva\/novi-pazar-ostaje-centar-iz-ali-turska-nije-pristala-na-potpuno-uklanjanje-muftije\/\"},\"author\":{\"name\":\"bosniak\",\"@id\":\"https:\/\/sandzakpress.net\/arhiva\/#\/schema\/person\/c8baee722073534b583ea7bdb2e36c02\"},\"headline\":\"Novi Pazar ostaje centar IZ, ali Turska ne pristaje na potpuno uklanjanje Muftije\",\"datePublished\":\"2011-11-15T21:13:02+00:00\",\"dateModified\":\"2011-11-15T21:19:48+00:00\",\"mainEntityOfPage\":{\"@id\":\"https:\/\/sandzakpress.net\/arhiva\/novi-pazar-ostaje-centar-iz-ali-turska-nije-pristala-na-potpuno-uklanjanje-muftije\/\"},\"wordCount\":918,\"commentCount\":51,\"publisher\":{\"@id\":\"https:\/\/sandzakpress.net\/arhiva\/#\/schema\/person\/6e72b67d6e51910a1117b3b483ba20bd\"},\"image\":{\"@id\":\"https:\/\/sandzakpress.net\/arhiva\/novi-pazar-ostaje-centar-iz-ali-turska-nije-pristala-na-potpuno-uklanjanje-muftije\/#primaryimage\"},\"thumbnailUrl\":\"https:\/\/sandzakpress.net\/arhiva\/wp-content\/uploads\/2011\/11\/ddpimages_9.jpg\",\"articleSection\":[\"Novi Pazar\",\"Bosna i Hercegovina\",\"Politika\",\"Sjenica\",\"Tutin\",\"Prijepolje\",\"Priboj\",\"Nova Varo\u0161\",\"Turska\"],\"inLanguage\":\"bs-BA\",\"potentialAction\":[{\"@type\":\"CommentAction\",\"name\":\"Comment\",\"target\":[\"https:\/\/sandzakpress.net\/arhiva\/novi-pazar-ostaje-centar-iz-ali-turska-nije-pristala-na-potpuno-uklanjanje-muftije\/#respond\"]}]},{\"@type\":\"WebPage\",\"@id\":\"https:\/\/sandzakpress.net\/arhiva\/novi-pazar-ostaje-centar-iz-ali-turska-nije-pristala-na-potpuno-uklanjanje-muftije\/\",\"url\":\"https:\/\/sandzakpress.net\/arhiva\/novi-pazar-ostaje-centar-iz-ali-turska-nije-pristala-na-potpuno-uklanjanje-muftije\/\",\"name\":\"Novi Pazar ostaje centar IZ, ali Turska ne pristaje na potpuno uklanjanje Muftije\",\"isPartOf\":{\"@id\":\"https:\/\/sandzakpress.net\/arhiva\/#website\"},\"primaryImageOfPage\":{\"@id\":\"https:\/\/sandzakpress.net\/arhiva\/novi-pazar-ostaje-centar-iz-ali-turska-nije-pristala-na-potpuno-uklanjanje-muftije\/#primaryimage\"},\"image\":{\"@id\":\"https:\/\/sandzakpress.net\/arhiva\/novi-pazar-ostaje-centar-iz-ali-turska-nije-pristala-na-potpuno-uklanjanje-muftije\/#primaryimage\"},\"thumbnailUrl\":\"https:\/\/sandzakpress.net\/arhiva\/wp-content\/uploads\/2011\/11\/ddpimages_9.jpg\",\"datePublished\":\"2011-11-15T21:13:02+00:00\",\"dateModified\":\"2011-11-15T21:19:48+00:00\",\"breadcrumb\":{\"@id\":\"https:\/\/sandzakpress.net\/arhiva\/novi-pazar-ostaje-centar-iz-ali-turska-nije-pristala-na-potpuno-uklanjanje-muftije\/#breadcrumb\"},\"inLanguage\":\"bs-BA\",\"potentialAction\":[{\"@type\":\"ReadAction\",\"target\":[\"https:\/\/sandzakpress.net\/arhiva\/novi-pazar-ostaje-centar-iz-ali-turska-nije-pristala-na-potpuno-uklanjanje-muftije\/\"]}]},{\"@type\":\"ImageObject\",\"inLanguage\":\"bs-BA\",\"@id\":\"https:\/\/sandzakpress.net\/arhiva\/novi-pazar-ostaje-centar-iz-ali-turska-nije-pristala-na-potpuno-uklanjanje-muftije\/#primaryimage\",\"url\":\"https:\/\/sandzakpress.net\/arhiva\/wp-content\/uploads\/2011\/11\/ddpimages_9.jpg\",\"contentUrl\":\"https:\/\/sandzakpress.net\/arhiva\/wp-content\/uploads\/2011\/11\/ddpimages_9.jpg\",\"width\":616,\"height\":316},{\"@type\":\"BreadcrumbList\",\"@id\":\"https:\/\/sandzakpress.net\/arhiva\/novi-pazar-ostaje-centar-iz-ali-turska-nije-pristala-na-potpuno-uklanjanje-muftije\/#breadcrumb\",\"itemListElement\":[{\"@type\":\"ListItem\",\"position\":1,\"name\":\"Home\",\"item\":\"https:\/\/sandzakpress.net\/arhiva\/\"},{\"@type\":\"ListItem\",\"position\":2,\"name\":\"Novi Pazar ostaje centar IZ, ali Turska ne pristaje na potpuno uklanjanje Muftije\"}]},{\"@type\":\"WebSite\",\"@id\":\"https:\/\/sandzakpress.net\/arhiva\/#website\",\"url\":\"https:\/\/sandzakpress.net\/arhiva\/\",\"name\":\"Sand\u017eak PRESS\",\"description\":\"Prve elektronske novine u Sand\u017eaku\",\"publisher\":{\"@id\":\"https:\/\/sandzakpress.net\/arhiva\/#\/schema\/person\/6e72b67d6e51910a1117b3b483ba20bd\"},\"potentialAction\":[{\"@type\":\"SearchAction\",\"target\":{\"@type\":\"EntryPoint\",\"urlTemplate\":\"https:\/\/sandzakpress.net\/arhiva\/?s={search_term_string}\"},\"query-input\":{\"@type\":\"PropertyValueSpecification\",\"valueRequired\":true,\"valueName\":\"search_term_string\"}}],\"inLanguage\":\"bs-BA\"},{\"@type\":[\"Person\",\"Organization\"],\"@id\":\"https:\/\/sandzakpress.net\/arhiva\/#\/schema\/person\/6e72b67d6e51910a1117b3b483ba20bd\",\"name\":\"Kul\",\"image\":{\"@type\":\"ImageObject\",\"inLanguage\":\"bs-BA\",\"@id\":\"https:\/\/sandzakpress.net\/arhiva\/#\/schema\/person\/image\/\",\"url\":\"https:\/\/secure.gravatar.com\/avatar\/42263f39aa27ac04c43cab85c280eb2e?s=96&d=mm&r=pg\",\"contentUrl\":\"https:\/\/secure.gravatar.com\/avatar\/42263f39aa27ac04c43cab85c280eb2e?s=96&d=mm&r=pg\",\"caption\":\"Kul\"},\"logo\":{\"@id\":\"https:\/\/sandzakpress.net\/arhiva\/#\/schema\/person\/image\/\"}},{\"@type\":\"Person\",\"@id\":\"https:\/\/sandzakpress.net\/arhiva\/#\/schema\/person\/c8baee722073534b583ea7bdb2e36c02\",\"name\":\"bosniak\",\"image\":{\"@type\":\"ImageObject\",\"inLanguage\":\"bs-BA\",\"@id\":\"https:\/\/sandzakpress.net\/arhiva\/#\/schema\/person\/image\/\",\"url\":\"https:\/\/secure.gravatar.com\/avatar\/a04fd330bfe3a36a72a0ad4a6d89fca7?s=96&d=mm&r=pg\",\"contentUrl\":\"https:\/\/secure.gravatar.com\/avatar\/a04fd330bfe3a36a72a0ad4a6d89fca7?s=96&d=mm&r=pg\",\"caption\":\"bosniak\"},\"url\":\"https:\/\/sandzakpress.net\/arhiva\/author\/bosniak\/\"}]}<\/script>\n<!-- \/ Yoast SEO Premium plugin. -->","yoast_head_json":{"title":"Novi Pazar ostaje centar IZ, ali Turska ne pristaje na potpuno uklanjanje Muftije","robots":{"index":"index","follow":"follow","max-snippet":"max-snippet:-1","max-image-preview":"max-image-preview:large","max-video-preview":"max-video-preview:-1"},"canonical":"https:\/\/sandzakpress.net\/arhiva\/novi-pazar-ostaje-centar-iz-ali-turska-nije-pristala-na-potpuno-uklanjanje-muftije\/","og_locale":"bs_BA","og_type":"article","og_title":"Novi Pazar ostaje centar IZ, ali Turska ne pristaje na potpuno uklanjanje Muftije","og_description":"Sjeverni Sand\u017eak, Turska &#8211; Usagla\u0161avanje vrha Srbije i Turske o sporazumu o vra\u0107anju duhovnog i institucionalnog jedinstva Islamske zajednice (IZ) u Srbiji zapelo je na tri ta\u010dke. Potvrdilo se to i prilikom susreta turskog ministra vanjskih poslova Ahmeta Davutolua (Davutoglu) s predsjednikom Srbije Borisom Tadi\u0107em i \u0161efom srbijanske diplomatije Vukom Jeremi\u0107em pro\u0161log vikenda u Beogradu. [&hellip;]","og_url":"https:\/\/sandzakpress.net\/arhiva\/novi-pazar-ostaje-centar-iz-ali-turska-nije-pristala-na-potpuno-uklanjanje-muftije\/","og_site_name":"Sand\u017eak PRESS","article_published_time":"2011-11-15T21:13:02+00:00","article_modified_time":"2011-11-15T21:19:48+00:00","og_image":[{"width":616,"height":316,"url":"https:\/\/sandzakpress.net\/arhiva\/wp-content\/uploads\/2011\/11\/ddpimages_9.jpg","type":"image\/jpeg"}],"author":"bosniak","twitter_card":"summary_large_image","twitter_misc":{"Written by":"bosniak","Est. reading time":"5 minuta"},"schema":{"@context":"https:\/\/schema.org","@graph":[{"@type":"Article","@id":"https:\/\/sandzakpress.net\/arhiva\/novi-pazar-ostaje-centar-iz-ali-turska-nije-pristala-na-potpuno-uklanjanje-muftije\/#article","isPartOf":{"@id":"https:\/\/sandzakpress.net\/arhiva\/novi-pazar-ostaje-centar-iz-ali-turska-nije-pristala-na-potpuno-uklanjanje-muftije\/"},"author":{"name":"bosniak","@id":"https:\/\/sandzakpress.net\/arhiva\/#\/schema\/person\/c8baee722073534b583ea7bdb2e36c02"},"headline":"Novi Pazar ostaje centar IZ, ali Turska ne pristaje na potpuno uklanjanje Muftije","datePublished":"2011-11-15T21:13:02+00:00","dateModified":"2011-11-15T21:19:48+00:00","mainEntityOfPage":{"@id":"https:\/\/sandzakpress.net\/arhiva\/novi-pazar-ostaje-centar-iz-ali-turska-nije-pristala-na-potpuno-uklanjanje-muftije\/"},"wordCount":918,"commentCount":51,"publisher":{"@id":"https:\/\/sandzakpress.net\/arhiva\/#\/schema\/person\/6e72b67d6e51910a1117b3b483ba20bd"},"image":{"@id":"https:\/\/sandzakpress.net\/arhiva\/novi-pazar-ostaje-centar-iz-ali-turska-nije-pristala-na-potpuno-uklanjanje-muftije\/#primaryimage"},"thumbnailUrl":"https:\/\/sandzakpress.net\/arhiva\/wp-content\/uploads\/2011\/11\/ddpimages_9.jpg","articleSection":["Novi Pazar","Bosna i Hercegovina","Politika","Sjenica","Tutin","Prijepolje","Priboj","Nova Varo\u0161","Turska"],"inLanguage":"bs-BA","potentialAction":[{"@type":"CommentAction","name":"Comment","target":["https:\/\/sandzakpress.net\/arhiva\/novi-pazar-ostaje-centar-iz-ali-turska-nije-pristala-na-potpuno-uklanjanje-muftije\/#respond"]}]},{"@type":"WebPage","@id":"https:\/\/sandzakpress.net\/arhiva\/novi-pazar-ostaje-centar-iz-ali-turska-nije-pristala-na-potpuno-uklanjanje-muftije\/","url":"https:\/\/sandzakpress.net\/arhiva\/novi-pazar-ostaje-centar-iz-ali-turska-nije-pristala-na-potpuno-uklanjanje-muftije\/","name":"Novi Pazar ostaje centar IZ, ali Turska ne pristaje na potpuno uklanjanje Muftije","isPartOf":{"@id":"https:\/\/sandzakpress.net\/arhiva\/#website"},"primaryImageOfPage":{"@id":"https:\/\/sandzakpress.net\/arhiva\/novi-pazar-ostaje-centar-iz-ali-turska-nije-pristala-na-potpuno-uklanjanje-muftije\/#primaryimage"},"image":{"@id":"https:\/\/sandzakpress.net\/arhiva\/novi-pazar-ostaje-centar-iz-ali-turska-nije-pristala-na-potpuno-uklanjanje-muftije\/#primaryimage"},"thumbnailUrl":"https:\/\/sandzakpress.net\/arhiva\/wp-content\/uploads\/2011\/11\/ddpimages_9.jpg","datePublished":"2011-11-15T21:13:02+00:00","dateModified":"2011-11-15T21:19:48+00:00","breadcrumb":{"@id":"https:\/\/sandzakpress.net\/arhiva\/novi-pazar-ostaje-centar-iz-ali-turska-nije-pristala-na-potpuno-uklanjanje-muftije\/#breadcrumb"},"inLanguage":"bs-BA","potentialAction":[{"@type":"ReadAction","target":["https:\/\/sandzakpress.net\/arhiva\/novi-pazar-ostaje-centar-iz-ali-turska-nije-pristala-na-potpuno-uklanjanje-muftije\/"]}]},{"@type":"ImageObject","inLanguage":"bs-BA","@id":"https:\/\/sandzakpress.net\/arhiva\/novi-pazar-ostaje-centar-iz-ali-turska-nije-pristala-na-potpuno-uklanjanje-muftije\/#primaryimage","url":"https:\/\/sandzakpress.net\/arhiva\/wp-content\/uploads\/2011\/11\/ddpimages_9.jpg","contentUrl":"https:\/\/sandzakpress.net\/arhiva\/wp-content\/uploads\/2011\/11\/ddpimages_9.jpg","width":616,"height":316},{"@type":"BreadcrumbList","@id":"https:\/\/sandzakpress.net\/arhiva\/novi-pazar-ostaje-centar-iz-ali-turska-nije-pristala-na-potpuno-uklanjanje-muftije\/#breadcrumb","itemListElement":[{"@type":"ListItem","position":1,"name":"Home","item":"https:\/\/sandzakpress.net\/arhiva\/"},{"@type":"ListItem","position":2,"name":"Novi Pazar ostaje centar IZ, ali Turska ne pristaje na potpuno uklanjanje Muftije"}]},{"@type":"WebSite","@id":"https:\/\/sandzakpress.net\/arhiva\/#website","url":"https:\/\/sandzakpress.net\/arhiva\/","name":"Sand\u017eak PRESS","description":"Prve elektronske novine u Sand\u017eaku","publisher":{"@id":"https:\/\/sandzakpress.net\/arhiva\/#\/schema\/person\/6e72b67d6e51910a1117b3b483ba20bd"},"potentialAction":[{"@type":"SearchAction","target":{"@type":"EntryPoint","urlTemplate":"https:\/\/sandzakpress.net\/arhiva\/?s={search_term_string}"},"query-input":{"@type":"PropertyValueSpecification","valueRequired":true,"valueName":"search_term_string"}}],"inLanguage":"bs-BA"},{"@type":["Person","Organization"],"@id":"https:\/\/sandzakpress.net\/arhiva\/#\/schema\/person\/6e72b67d6e51910a1117b3b483ba20bd","name":"Kul","image":{"@type":"ImageObject","inLanguage":"bs-BA","@id":"https:\/\/sandzakpress.net\/arhiva\/#\/schema\/person\/image\/","url":"https:\/\/secure.gravatar.com\/avatar\/42263f39aa27ac04c43cab85c280eb2e?s=96&d=mm&r=pg","contentUrl":"https:\/\/secure.gravatar.com\/avatar\/42263f39aa27ac04c43cab85c280eb2e?s=96&d=mm&r=pg","caption":"Kul"},"logo":{"@id":"https:\/\/sandzakpress.net\/arhiva\/#\/schema\/person\/image\/"}},{"@type":"Person","@id":"https:\/\/sandzakpress.net\/arhiva\/#\/schema\/person\/c8baee722073534b583ea7bdb2e36c02","name":"bosniak","image":{"@type":"ImageObject","inLanguage":"bs-BA","@id":"https:\/\/sandzakpress.net\/arhiva\/#\/schema\/person\/image\/","url":"https:\/\/secure.gravatar.com\/avatar\/a04fd330bfe3a36a72a0ad4a6d89fca7?s=96&d=mm&r=pg","contentUrl":"https:\/\/secure.gravatar.com\/avatar\/a04fd330bfe3a36a72a0ad4a6d89fca7?s=96&d=mm&r=pg","caption":"bosniak"},"url":"https:\/\/sandzakpress.net\/arhiva\/author\/bosniak\/"}]}},"_links":{"self":[{"href":"https:\/\/sandzakpress.net\/arhiva\/wp-json\/wp\/v2\/posts\/23850"}],"collection":[{"href":"https:\/\/sandzakpress.net\/arhiva\/wp-json\/wp\/v2\/posts"}],"about":[{"href":"https:\/\/sandzakpress.net\/arhiva\/wp-json\/wp\/v2\/types\/post"}],"author":[{"embeddable":true,"href":"https:\/\/sandzakpress.net\/arhiva\/wp-json\/wp\/v2\/users\/83"}],"replies":[{"embeddable":true,"href":"https:\/\/sandzakpress.net\/arhiva\/wp-json\/wp\/v2\/comments?post=23850"}],"version-history":[{"count":0,"href":"https:\/\/sandzakpress.net\/arhiva\/wp-json\/wp\/v2\/posts\/23850\/revisions"}],"wp:featuredmedia":[{"embeddable":true,"href":"https:\/\/sandzakpress.net\/arhiva\/wp-json\/wp\/v2\/media\/23856"}],"wp:attachment":[{"href":"https:\/\/sandzakpress.net\/arhiva\/wp-json\/wp\/v2\/media?parent=23850"}],"wp:term":[{"taxonomy":"category","embeddable":true,"href":"https:\/\/sandzakpress.net\/arhiva\/wp-json\/wp\/v2\/categories?post=23850"},{"taxonomy":"post_tag","embeddable":true,"href":"https:\/\/sandzakpress.net\/arhiva\/wp-json\/wp\/v2\/tags?post=23850"}],"curies":[{"name":"wp","href":"https:\/\/api.w.org\/{rel}","templated":true}]}}