{"id":23705,"date":"2011-11-14T18:46:37","date_gmt":"2011-11-14T17:46:37","guid":{"rendered":"https:\/\/sandzakpress.net\/arhiva\/?p=23705"},"modified":"2011-11-14T18:46:37","modified_gmt":"2011-11-14T17:46:37","slug":"mjesta-u-vrticima-ima-tek-za-svako-13-dijete-u-pazaru","status":"publish","type":"post","link":"https:\/\/sandzakpress.net\/arhiva\/mjesta-u-vrticima-ima-tek-za-svako-13-dijete-u-pazaru\/","title":{"rendered":"Mjesta u vrti\u0107ima ima tek za svako 13. dijete u Pazaru"},"content":{"rendered":"<p><strong><a href=\"https:\/\/sandzakpress.net\/arhiva\/wp-content\/uploads\/2011\/11\/191328_regpazar1_f.jpg\"><img loading=\"lazy\" decoding=\"async\" class=\"alignleft size-medium wp-image-23706\" title=\"191328_regpazar1_f\" src=\"https:\/\/sandzakpress.net\/arhiva\/wp-content\/uploads\/2011\/11\/191328_regpazar1_f-300x172.jpg\" alt=\"\" width=\"300\" height=\"172\" \/><\/a>Novi Pazar &#8211; Veliki broj djece do sedam godina i manjak prostora u tri obdani\u0161ta u Novom Pazaru jedan je od najte\u017eih problema za roditelje u ovom gradu. Na mjesto u obdani\u0161tu mo\u017ee ra\u010dunati tek svako 13. dijete, od 13.500 mali\u0161ana uzrasta do sedam godina u Novom Pazaru. Roditelji se \u017eale da su vrti\u0107i prebukirani, da vaspita\u010dice zbog velikih grupa ne mogu da paze na djecu kako treba, kao i da je nemogu\u0107e izvoditi pred\u0161kolsku nastavu.<\/strong><\/p>\n<p>U tri novopazarska vrti\u0107a, u kojima su nekada\u0161nje fiskulturne sale pretvorene u u\u010dionice zbog potrebe da u vrti\u0107ima boravi vi\u0161e djece, trenutno je upisano 1.100 mali\u0161ana, a oko 2.000 djece nalazi se na spisku \u010dekanja za upis.<br \/>\nDje\u010dji vrti\u0107 \u201cMladost\u201d ima 15 u\u010dionica i u njemu se radi u dvije smjene, vrti\u0107 \u201cNa\u0161e dijete\u201d ima 11 u\u010dionica, a \u201cDje\u010dja radost\u201d 14 u\u010dionica, a grupe djece u svim objektima broje tri do \u010detiri puta vi\u0161e mali\u0161ana nego \u0161to je zakonska norma.<\/p>\n<p>Pojedini roditelji strahuju za sigurnost svoje djece, a oni \u010dija djeca poha\u0111aju pred\u0161kolsko obrazovanje u okviru cjelodnevnog boravka u Pred\u0161kolskoj ustanovi \u201cMladost\u201d navode da je u grupama po 52 djece. Oni tvrde da direktor ove ustanove ne \u017eeli da \u010duje za njihove probleme, kao i da je nedavni roditeljski sastanak napustio \u010dim su se pobunili.<\/p>\n<table border=\"0\" cellspacing=\"0\" cellpadding=\"0\" width=\"200\" align=\"right\">\n<tbody>\n<tr>\n<td><strong>Nedostaje \u0161est vrti\u0107a<\/strong><br \/>\nPrema procjenama, Novom Pazaru nedostaje jo\u0161 najmanje \u0161est objekata   obdani\u0161ta, da bi makar 60-70 odsto djece bilo upisano u vrti\u0107. Na listi   \u010dekanja obi\u010dno nalaze djeca koja zadovoljavaju sve kriterijume da budu   upisana i \u010dija su oba roditelja zaposlena. Manjak op\u0107inskih vrti\u0107a stvorio je   prostor za pet privatnih obdani\u0161ta u Novom Pazaru.<\/td>\n<\/tr>\n<\/tbody>\n<\/table>\n<p>Roditelji ka\u017eu da njihova djeca idu u grupu koja je u po\u010detku brojala 60 mali\u0161ana, a da se po prelasku osam pred\u0161kolaca u druge vrti\u0107e i grupe, broj sveo na 52.<br \/>\nOni tvrde da djeca zbog tolikog broja nisu u mogu\u0107nosti da savladaju obavezno pred\u0161kolsko gradivo, kao i da sa strahom odlaze po njih, jer su \u010desto modra i izgrebana.<br \/>\n&#8211; Strepim svaki dan jer razmi\u0161ljam u kakvom \u0107u stanju zate\u0107i dete. U toj u\u010dionici u kojoj je ranije bila fiskulturna sala takva je galama i graja, da tu niko nikoga ne \u010duje. Oni uop\u0107e ne \u010duju u\u010diteljicu ako ih opominje za ne\u0161to, a da vam ne pri\u010dam o pred\u0161kolskom programu za koji nisam sigurna da se sprovodi ni po sat vremena dnevno. Sa djecom rade tri u\u010diteljice, jedna u prvoj, druga u drugoj i tre\u0107a u me\u0111u smjeni, ali one su nemo\u0107ne da bilo \u0161ta urade. Najradije bih sina ispisala iz vrti\u0107a, samo da ima ko da ga \u010duva, ali sam na\u017ealost primorana ovo da trpim &#8211; pri\u010da ogor\u010dena majka jednog \u0161estogodi\u0161njaka.<br \/>\nS druge strane, direktor ove ustanove Izet Abdurahmanovi\u0107 tvrdi da u ovoj grupi ima od 31 do 36 dolaze\u0107e djece i da se nikome nije ni\u0161ta lo\u0161e desilo, niti da \u0107e im se desiti.<br \/>\n&#8211; Zbog nedostatka prostora bili smo primorani da spojimo dvije grupe koje su zajedno na spisku imale 60 mali\u0161ana, od kojih je dolaze\u0107e djece bilo 40, sada je broj smanjen i dnevno dolazi od 31 do 36 djece. Odr\u017eao sam roditeljski sastanak na kome sam objasnio da nikada u vrti\u0107 ne do\u0111u sva djeca koja su na spisku. Nije mi jasno kako se do sada nije niko bunio jer ovo nije nikakva novost, mi posljednjih \u010detiri, pet godina u objektima \u201cNa\u0161e dijete\u201d i \u201cDje\u010dja radost\u201d imamo grupe sa po 59 pred\u0161kolaca. Kada sam do\u0161ao na mjesto direktora, zatekao sam jednu grupu od 63 djece i niko se tada nije bunio, pa i sada u vrti\u0107u \u201cDje\u010dja radost\u201d imamo grupu od 44 dolaze\u0107e djece. Siguran sam da je neko namjerno podstakao ove roditelje da se bune. Mi u gradu imamo 13.500 mali\u0161ana uzrasta do sedam godina, a na\u0161 kapacitet u sva tri objekta je 1.100, dakle mi u ovom trenutku imamo grupe koje su tri puta ve\u0107e nego \u0161to je zakonska norma. O\u010dekujemo da uskoro po\u010dne sa radom novi vrti\u0107 u naselju Had\u017eet, ali ni on ne\u0107e mnogo ubla\u017eiti situaciju, jer je njegov kapacitet oko 300 mali\u0161ana &#8211; ka\u017ee Abdurahmanovi\u0107.<\/p>\n<p>Novi vrti\u0107 trebalo bi da ima 300 mjesta<\/p>\n<p>On dodaje da se pred\u0161kolski program sprovodi bez problema i da roditelji nemaju razloga za brigu.<br \/>\n&#8211; Vaspitno-obrazovni proces se sprovodi isto i sa troje i sa 60 djece. To bi isto bilo kao da pitate u \u0161koli kako je mogu\u0107e da u odeljenju od 44 u\u010denika djeca mogu da nau\u010de ne\u0161to. Djeca ovdje ne u\u010de pisanje slova jer mi zakonski to ne smijemo da radimo, ve\u0107 samo radimo elemente slova, da se dijete pripremi za pisanje &#8211; isti\u010de Abdurahmanovi\u0107.<\/p>\n<table border=\"0\" cellspacing=\"0\" cellpadding=\"0\" width=\"470\">\n<tbody>\n<tr>\n<td><strong>Bez pomo\u0107i op\u0107ine<\/strong><br \/>\nRoditelji pred\u0161kolaca smatraju da ne treba da pla\u0107aju punu cijenu cjelodnevnog   boravka u vrti\u0107u jer je pred\u0161kolsko obrazovanje obavezno.<br \/>\n&#8211; Pred\u0161kolsko je obavezni, nulti razred koji je besplatan za svu djecu. Djeca   koja idu po \u010detiri sata u pred\u0161kolsko ni\u0161ta ne pla\u0107aju, a mi pla\u0107amo punu cijenu   kao i ranijih godina. Moj brat koji \u017eivi u Beogradu pla\u0107a vi\u0161e od 2.000   dinara jeftinije vrti\u0107 od kako mu je sin po\u0161ao u pred\u0161kolsko, a mi ovdje i   dalje punu cijenu &#8211; isti\u010de otac jednog pred\u0161kolca. Abdurahmanovi\u0107 tvrdi da je   cjelodnevni boravak jeftiniji u onim op\u0107inama gdje lokalna samouprava donira   vrti\u0107ima i do 80 odsto novca, ali da to nije slu\u010daj i u Novom Pazaru.<br \/>\n&#8211; Nama op\u0107ina ne dotira ni\u0161ta, mi obroke deci pla\u0107amo od para koje roditelji   uplate. Od tog novca kojim se pla\u0107a vrti\u0107 mi osim obroka pla\u0107amo i struju,   vodu i sve ostalo. Cijena vrti\u0107a se kre\u0107e od 2.900 do 4.500 zavisno od   primanja roditelja &#8211; dodaje direktor Pred\u0161kolske ustanove \u201cMladost\u201d.<\/td>\n<\/tr>\n<\/tbody>\n<\/table>\n<p>Izvor: <strong>Blic.rs<\/strong><\/p>\n","protected":false},"excerpt":{"rendered":"<p>Novi Pazar &#8211; Veliki broj djece do sedam godina i manjak prostora u tri obdani\u0161ta u Novom Pazaru jedan je od najte\u017eih problema za roditelje u ovom gradu. Na mjesto u obdani\u0161tu mo\u017ee ra\u010dunati tek svako 13. dijete, od 13.500 mali\u0161ana uzrasta do sedam godina u Novom Pazaru. Roditelji se \u017eale da su vrti\u0107i prebukirani, [&hellip;]<\/p>\n","protected":false},"author":13,"featured_media":23706,"comment_status":"open","ping_status":"open","sticky":false,"template":"","format":"standard","meta":{"footnotes":""},"categories":[72,4],"tags":[],"class_list":{"0":"post-23705","1":"post","2":"type-post","3":"status-publish","4":"format-standard","5":"has-post-thumbnail","7":"category-novi-pazar","8":"category-obrazovanje"},"yoast_head":"<!-- This site is optimized with the Yoast SEO Premium plugin v23.1 (Yoast SEO v24.9) - https:\/\/yoast.com\/wordpress\/plugins\/seo\/ -->\n<title>Mjesta u vrti\u0107ima ima tek za svako 13. dijete u Pazaru<\/title>\n<meta name=\"robots\" content=\"index, follow, max-snippet:-1, max-image-preview:large, max-video-preview:-1\" \/>\n<link rel=\"canonical\" href=\"https:\/\/sandzakpress.net\/arhiva\/mjesta-u-vrticima-ima-tek-za-svako-13-dijete-u-pazaru\/\" \/>\n<meta property=\"og:locale\" content=\"bs_BA\" \/>\n<meta property=\"og:type\" content=\"article\" \/>\n<meta property=\"og:title\" content=\"Mjesta u vrti\u0107ima ima tek za svako 13. dijete u Pazaru\" \/>\n<meta property=\"og:description\" content=\"Novi Pazar &#8211; Veliki broj djece do sedam godina i manjak prostora u tri obdani\u0161ta u Novom Pazaru jedan je od najte\u017eih problema za roditelje u ovom gradu. Na mjesto u obdani\u0161tu mo\u017ee ra\u010dunati tek svako 13. dijete, od 13.500 mali\u0161ana uzrasta do sedam godina u Novom Pazaru. Roditelji se \u017eale da su vrti\u0107i prebukirani, [&hellip;]\" \/>\n<meta property=\"og:url\" content=\"https:\/\/sandzakpress.net\/arhiva\/mjesta-u-vrticima-ima-tek-za-svako-13-dijete-u-pazaru\/\" \/>\n<meta property=\"og:site_name\" content=\"Sand\u017eak PRESS\" \/>\n<meta property=\"article:published_time\" content=\"2011-11-14T17:46:37+00:00\" \/>\n<meta property=\"og:image\" content=\"https:\/\/sandzakpress.net\/arhiva\/wp-content\/uploads\/2011\/11\/191328_regpazar1_f.jpg\" \/>\n\t<meta property=\"og:image:width\" content=\"470\" \/>\n\t<meta property=\"og:image:height\" content=\"270\" \/>\n\t<meta property=\"og:image:type\" content=\"image\/jpeg\" \/>\n<meta name=\"twitter:card\" content=\"summary_large_image\" \/>\n<meta name=\"twitter:label1\" content=\"Written by\" \/>\n\t<meta name=\"twitter:data1\" content=\"\" \/>\n\t<meta name=\"twitter:label2\" content=\"Est. reading time\" \/>\n\t<meta name=\"twitter:data2\" content=\"5 minuta\" \/>\n<script type=\"application\/ld+json\" class=\"yoast-schema-graph\">{\"@context\":\"https:\/\/schema.org\",\"@graph\":[{\"@type\":\"Article\",\"@id\":\"https:\/\/sandzakpress.net\/arhiva\/mjesta-u-vrticima-ima-tek-za-svako-13-dijete-u-pazaru\/#article\",\"isPartOf\":{\"@id\":\"https:\/\/sandzakpress.net\/arhiva\/mjesta-u-vrticima-ima-tek-za-svako-13-dijete-u-pazaru\/\"},\"author\":{\"name\":\"\",\"@id\":\"\"},\"headline\":\"Mjesta u vrti\u0107ima ima tek za svako 13. dijete u Pazaru\",\"datePublished\":\"2011-11-14T17:46:37+00:00\",\"mainEntityOfPage\":{\"@id\":\"https:\/\/sandzakpress.net\/arhiva\/mjesta-u-vrticima-ima-tek-za-svako-13-dijete-u-pazaru\/\"},\"wordCount\":1026,\"commentCount\":0,\"publisher\":{\"@id\":\"https:\/\/sandzakpress.net\/arhiva\/#\/schema\/person\/6e72b67d6e51910a1117b3b483ba20bd\"},\"image\":{\"@id\":\"https:\/\/sandzakpress.net\/arhiva\/mjesta-u-vrticima-ima-tek-za-svako-13-dijete-u-pazaru\/#primaryimage\"},\"thumbnailUrl\":\"https:\/\/sandzakpress.net\/arhiva\/wp-content\/uploads\/2011\/11\/191328_regpazar1_f.jpg\",\"articleSection\":[\"Novi Pazar\",\"Obrazovanje\"],\"inLanguage\":\"bs-BA\",\"potentialAction\":[{\"@type\":\"CommentAction\",\"name\":\"Comment\",\"target\":[\"https:\/\/sandzakpress.net\/arhiva\/mjesta-u-vrticima-ima-tek-za-svako-13-dijete-u-pazaru\/#respond\"]}]},{\"@type\":\"WebPage\",\"@id\":\"https:\/\/sandzakpress.net\/arhiva\/mjesta-u-vrticima-ima-tek-za-svako-13-dijete-u-pazaru\/\",\"url\":\"https:\/\/sandzakpress.net\/arhiva\/mjesta-u-vrticima-ima-tek-za-svako-13-dijete-u-pazaru\/\",\"name\":\"Mjesta u vrti\u0107ima ima tek za svako 13. dijete u Pazaru\",\"isPartOf\":{\"@id\":\"https:\/\/sandzakpress.net\/arhiva\/#website\"},\"primaryImageOfPage\":{\"@id\":\"https:\/\/sandzakpress.net\/arhiva\/mjesta-u-vrticima-ima-tek-za-svako-13-dijete-u-pazaru\/#primaryimage\"},\"image\":{\"@id\":\"https:\/\/sandzakpress.net\/arhiva\/mjesta-u-vrticima-ima-tek-za-svako-13-dijete-u-pazaru\/#primaryimage\"},\"thumbnailUrl\":\"https:\/\/sandzakpress.net\/arhiva\/wp-content\/uploads\/2011\/11\/191328_regpazar1_f.jpg\",\"datePublished\":\"2011-11-14T17:46:37+00:00\",\"breadcrumb\":{\"@id\":\"https:\/\/sandzakpress.net\/arhiva\/mjesta-u-vrticima-ima-tek-za-svako-13-dijete-u-pazaru\/#breadcrumb\"},\"inLanguage\":\"bs-BA\",\"potentialAction\":[{\"@type\":\"ReadAction\",\"target\":[\"https:\/\/sandzakpress.net\/arhiva\/mjesta-u-vrticima-ima-tek-za-svako-13-dijete-u-pazaru\/\"]}]},{\"@type\":\"ImageObject\",\"inLanguage\":\"bs-BA\",\"@id\":\"https:\/\/sandzakpress.net\/arhiva\/mjesta-u-vrticima-ima-tek-za-svako-13-dijete-u-pazaru\/#primaryimage\",\"url\":\"https:\/\/sandzakpress.net\/arhiva\/wp-content\/uploads\/2011\/11\/191328_regpazar1_f.jpg\",\"contentUrl\":\"https:\/\/sandzakpress.net\/arhiva\/wp-content\/uploads\/2011\/11\/191328_regpazar1_f.jpg\",\"width\":470,\"height\":270},{\"@type\":\"BreadcrumbList\",\"@id\":\"https:\/\/sandzakpress.net\/arhiva\/mjesta-u-vrticima-ima-tek-za-svako-13-dijete-u-pazaru\/#breadcrumb\",\"itemListElement\":[{\"@type\":\"ListItem\",\"position\":1,\"name\":\"Home\",\"item\":\"https:\/\/sandzakpress.net\/arhiva\/\"},{\"@type\":\"ListItem\",\"position\":2,\"name\":\"Mjesta u vrti\u0107ima ima tek za svako 13. dijete u Pazaru\"}]},{\"@type\":\"WebSite\",\"@id\":\"https:\/\/sandzakpress.net\/arhiva\/#website\",\"url\":\"https:\/\/sandzakpress.net\/arhiva\/\",\"name\":\"Sand\u017eak PRESS\",\"description\":\"Prve elektronske novine u Sand\u017eaku\",\"publisher\":{\"@id\":\"https:\/\/sandzakpress.net\/arhiva\/#\/schema\/person\/6e72b67d6e51910a1117b3b483ba20bd\"},\"potentialAction\":[{\"@type\":\"SearchAction\",\"target\":{\"@type\":\"EntryPoint\",\"urlTemplate\":\"https:\/\/sandzakpress.net\/arhiva\/?s={search_term_string}\"},\"query-input\":{\"@type\":\"PropertyValueSpecification\",\"valueRequired\":true,\"valueName\":\"search_term_string\"}}],\"inLanguage\":\"bs-BA\"},{\"@type\":[\"Person\",\"Organization\"],\"@id\":\"https:\/\/sandzakpress.net\/arhiva\/#\/schema\/person\/6e72b67d6e51910a1117b3b483ba20bd\",\"name\":\"Kul\",\"image\":{\"@type\":\"ImageObject\",\"inLanguage\":\"bs-BA\",\"@id\":\"https:\/\/sandzakpress.net\/arhiva\/#\/schema\/person\/image\/\",\"url\":\"https:\/\/secure.gravatar.com\/avatar\/42263f39aa27ac04c43cab85c280eb2e?s=96&d=mm&r=pg\",\"contentUrl\":\"https:\/\/secure.gravatar.com\/avatar\/42263f39aa27ac04c43cab85c280eb2e?s=96&d=mm&r=pg\",\"caption\":\"Kul\"},\"logo\":{\"@id\":\"https:\/\/sandzakpress.net\/arhiva\/#\/schema\/person\/image\/\"}},{\"@type\":\"Person\",\"@id\":\"\",\"url\":\"https:\/\/sandzakpress.net\/arhiva\/author\/\"}]}<\/script>\n<!-- \/ Yoast SEO Premium plugin. -->","yoast_head_json":{"title":"Mjesta u vrti\u0107ima ima tek za svako 13. dijete u Pazaru","robots":{"index":"index","follow":"follow","max-snippet":"max-snippet:-1","max-image-preview":"max-image-preview:large","max-video-preview":"max-video-preview:-1"},"canonical":"https:\/\/sandzakpress.net\/arhiva\/mjesta-u-vrticima-ima-tek-za-svako-13-dijete-u-pazaru\/","og_locale":"bs_BA","og_type":"article","og_title":"Mjesta u vrti\u0107ima ima tek za svako 13. dijete u Pazaru","og_description":"Novi Pazar &#8211; Veliki broj djece do sedam godina i manjak prostora u tri obdani\u0161ta u Novom Pazaru jedan je od najte\u017eih problema za roditelje u ovom gradu. Na mjesto u obdani\u0161tu mo\u017ee ra\u010dunati tek svako 13. dijete, od 13.500 mali\u0161ana uzrasta do sedam godina u Novom Pazaru. Roditelji se \u017eale da su vrti\u0107i prebukirani, [&hellip;]","og_url":"https:\/\/sandzakpress.net\/arhiva\/mjesta-u-vrticima-ima-tek-za-svako-13-dijete-u-pazaru\/","og_site_name":"Sand\u017eak PRESS","article_published_time":"2011-11-14T17:46:37+00:00","og_image":[{"width":470,"height":270,"url":"https:\/\/sandzakpress.net\/arhiva\/wp-content\/uploads\/2011\/11\/191328_regpazar1_f.jpg","type":"image\/jpeg"}],"twitter_card":"summary_large_image","twitter_misc":{"Written by":"","Est. reading time":"5 minuta"},"schema":{"@context":"https:\/\/schema.org","@graph":[{"@type":"Article","@id":"https:\/\/sandzakpress.net\/arhiva\/mjesta-u-vrticima-ima-tek-za-svako-13-dijete-u-pazaru\/#article","isPartOf":{"@id":"https:\/\/sandzakpress.net\/arhiva\/mjesta-u-vrticima-ima-tek-za-svako-13-dijete-u-pazaru\/"},"author":{"name":"","@id":""},"headline":"Mjesta u vrti\u0107ima ima tek za svako 13. dijete u Pazaru","datePublished":"2011-11-14T17:46:37+00:00","mainEntityOfPage":{"@id":"https:\/\/sandzakpress.net\/arhiva\/mjesta-u-vrticima-ima-tek-za-svako-13-dijete-u-pazaru\/"},"wordCount":1026,"commentCount":0,"publisher":{"@id":"https:\/\/sandzakpress.net\/arhiva\/#\/schema\/person\/6e72b67d6e51910a1117b3b483ba20bd"},"image":{"@id":"https:\/\/sandzakpress.net\/arhiva\/mjesta-u-vrticima-ima-tek-za-svako-13-dijete-u-pazaru\/#primaryimage"},"thumbnailUrl":"https:\/\/sandzakpress.net\/arhiva\/wp-content\/uploads\/2011\/11\/191328_regpazar1_f.jpg","articleSection":["Novi Pazar","Obrazovanje"],"inLanguage":"bs-BA","potentialAction":[{"@type":"CommentAction","name":"Comment","target":["https:\/\/sandzakpress.net\/arhiva\/mjesta-u-vrticima-ima-tek-za-svako-13-dijete-u-pazaru\/#respond"]}]},{"@type":"WebPage","@id":"https:\/\/sandzakpress.net\/arhiva\/mjesta-u-vrticima-ima-tek-za-svako-13-dijete-u-pazaru\/","url":"https:\/\/sandzakpress.net\/arhiva\/mjesta-u-vrticima-ima-tek-za-svako-13-dijete-u-pazaru\/","name":"Mjesta u vrti\u0107ima ima tek za svako 13. dijete u Pazaru","isPartOf":{"@id":"https:\/\/sandzakpress.net\/arhiva\/#website"},"primaryImageOfPage":{"@id":"https:\/\/sandzakpress.net\/arhiva\/mjesta-u-vrticima-ima-tek-za-svako-13-dijete-u-pazaru\/#primaryimage"},"image":{"@id":"https:\/\/sandzakpress.net\/arhiva\/mjesta-u-vrticima-ima-tek-za-svako-13-dijete-u-pazaru\/#primaryimage"},"thumbnailUrl":"https:\/\/sandzakpress.net\/arhiva\/wp-content\/uploads\/2011\/11\/191328_regpazar1_f.jpg","datePublished":"2011-11-14T17:46:37+00:00","breadcrumb":{"@id":"https:\/\/sandzakpress.net\/arhiva\/mjesta-u-vrticima-ima-tek-za-svako-13-dijete-u-pazaru\/#breadcrumb"},"inLanguage":"bs-BA","potentialAction":[{"@type":"ReadAction","target":["https:\/\/sandzakpress.net\/arhiva\/mjesta-u-vrticima-ima-tek-za-svako-13-dijete-u-pazaru\/"]}]},{"@type":"ImageObject","inLanguage":"bs-BA","@id":"https:\/\/sandzakpress.net\/arhiva\/mjesta-u-vrticima-ima-tek-za-svako-13-dijete-u-pazaru\/#primaryimage","url":"https:\/\/sandzakpress.net\/arhiva\/wp-content\/uploads\/2011\/11\/191328_regpazar1_f.jpg","contentUrl":"https:\/\/sandzakpress.net\/arhiva\/wp-content\/uploads\/2011\/11\/191328_regpazar1_f.jpg","width":470,"height":270},{"@type":"BreadcrumbList","@id":"https:\/\/sandzakpress.net\/arhiva\/mjesta-u-vrticima-ima-tek-za-svako-13-dijete-u-pazaru\/#breadcrumb","itemListElement":[{"@type":"ListItem","position":1,"name":"Home","item":"https:\/\/sandzakpress.net\/arhiva\/"},{"@type":"ListItem","position":2,"name":"Mjesta u vrti\u0107ima ima tek za svako 13. dijete u Pazaru"}]},{"@type":"WebSite","@id":"https:\/\/sandzakpress.net\/arhiva\/#website","url":"https:\/\/sandzakpress.net\/arhiva\/","name":"Sand\u017eak PRESS","description":"Prve elektronske novine u Sand\u017eaku","publisher":{"@id":"https:\/\/sandzakpress.net\/arhiva\/#\/schema\/person\/6e72b67d6e51910a1117b3b483ba20bd"},"potentialAction":[{"@type":"SearchAction","target":{"@type":"EntryPoint","urlTemplate":"https:\/\/sandzakpress.net\/arhiva\/?s={search_term_string}"},"query-input":{"@type":"PropertyValueSpecification","valueRequired":true,"valueName":"search_term_string"}}],"inLanguage":"bs-BA"},{"@type":["Person","Organization"],"@id":"https:\/\/sandzakpress.net\/arhiva\/#\/schema\/person\/6e72b67d6e51910a1117b3b483ba20bd","name":"Kul","image":{"@type":"ImageObject","inLanguage":"bs-BA","@id":"https:\/\/sandzakpress.net\/arhiva\/#\/schema\/person\/image\/","url":"https:\/\/secure.gravatar.com\/avatar\/42263f39aa27ac04c43cab85c280eb2e?s=96&d=mm&r=pg","contentUrl":"https:\/\/secure.gravatar.com\/avatar\/42263f39aa27ac04c43cab85c280eb2e?s=96&d=mm&r=pg","caption":"Kul"},"logo":{"@id":"https:\/\/sandzakpress.net\/arhiva\/#\/schema\/person\/image\/"}},{"@type":"Person","@id":"","url":"https:\/\/sandzakpress.net\/arhiva\/author\/"}]}},"_links":{"self":[{"href":"https:\/\/sandzakpress.net\/arhiva\/wp-json\/wp\/v2\/posts\/23705"}],"collection":[{"href":"https:\/\/sandzakpress.net\/arhiva\/wp-json\/wp\/v2\/posts"}],"about":[{"href":"https:\/\/sandzakpress.net\/arhiva\/wp-json\/wp\/v2\/types\/post"}],"author":[{"embeddable":true,"href":"https:\/\/sandzakpress.net\/arhiva\/wp-json\/wp\/v2\/users\/13"}],"replies":[{"embeddable":true,"href":"https:\/\/sandzakpress.net\/arhiva\/wp-json\/wp\/v2\/comments?post=23705"}],"version-history":[{"count":0,"href":"https:\/\/sandzakpress.net\/arhiva\/wp-json\/wp\/v2\/posts\/23705\/revisions"}],"wp:featuredmedia":[{"embeddable":true,"href":"https:\/\/sandzakpress.net\/arhiva\/wp-json\/wp\/v2\/media\/23706"}],"wp:attachment":[{"href":"https:\/\/sandzakpress.net\/arhiva\/wp-json\/wp\/v2\/media?parent=23705"}],"wp:term":[{"taxonomy":"category","embeddable":true,"href":"https:\/\/sandzakpress.net\/arhiva\/wp-json\/wp\/v2\/categories?post=23705"},{"taxonomy":"post_tag","embeddable":true,"href":"https:\/\/sandzakpress.net\/arhiva\/wp-json\/wp\/v2\/tags?post=23705"}],"curies":[{"name":"wp","href":"https:\/\/api.w.org\/{rel}","templated":true}]}}