{"id":23533,"date":"2011-11-12T18:08:54","date_gmt":"2011-11-12T17:08:54","guid":{"rendered":"https:\/\/sandzakpress.net\/arhiva\/?p=23533"},"modified":"2011-11-12T18:10:57","modified_gmt":"2011-11-12T17:10:57","slug":"al-jazeera-balkans-pocela-sa-radom","status":"publish","type":"post","link":"https:\/\/sandzakpress.net\/arhiva\/al-jazeera-balkans-pocela-sa-radom\/","title":{"rendered":"Al Jazeera Balkans po\u010dela sa radom"},"content":{"rendered":"<p><a href=\"https:\/\/sandzakpress.net\/arhiva\/wp-content\/uploads\/2011\/11\/aljazeera-balkans-sandzak.jpg\"><img loading=\"lazy\" decoding=\"async\" class=\"aligncenter size-full wp-image-23537\" title=\"QATAR AL JAZEERA ENGLISH CHANNEL\" src=\"https:\/\/sandzakpress.net\/arhiva\/wp-content\/uploads\/2011\/11\/aljazeera-balkans-sandzak.jpg\" alt=\"\" width=\"616\" height=\"408\" \/><\/a><\/p>\n<h1 style=\"text-align: center;\"><a href=\"http:\/\/balkans.aljazeera.net\/\" target=\"_blank\">U\u017dIVO!<\/a><\/h1>\n<p><strong>Sand\u017eak, BiH &#8211; Al Jazeera Balkans po\u010dela je emitirati stalni program u petak u 18 sati iz sredi\u0161njeg studija u Sarajevu.<\/strong><\/p>\n<p>&#8211; Dobra ve\u010der. Ovo su prve vijesti koje emitiramo iz sredi\u0161njeg studija u Sarajevu, rije\u010di \u0161to ih je u programu nove regionalne televizije izgovorila voditeljica iz studija.<\/p>\n<p>Novinarima je dopu\u0161teno koristiti se maternjim jezikom, bilo da je rije\u010d o hrvatskom, srpskom, bosanskom ili crnogorskom&#8230;<\/p>\n<p>Program Al Jazeere Balkans otvoren je jednosatnom informativnom emisijom realiziranom uz javljanja u\u017eivo iz dopisni\u0161tava u Zagrebu, Beogradu i Skopju te prilozima iz razli\u010dih dijelova svijeta.<\/p>\n<p>U uvodnom dijelu gledateljima su ponu\u0111ene i informacije o nastanku Al Jazeere, uklju\u010duju\u0107i i brojne dvojbe na razli\u010ditim stranama glede njezine nepristranosti.<\/p>\n<p>Nakon vi\u0161emjese\u010dnih priprema, regionalni program katarske televizijske ku\u0107e spreman je svakodnevno producirati vlastite, uglavnom informativne emisije, u trajanju od \u0161est sati, prenosi Hina.<\/p>\n<p>Ostatak programa popunjavat \u0107e se sadr\u017eajima poput dokumentarnih emisija proizvedenih unutar Al Jazeerine mre\u017ee.<\/p>\n<p>&#8211; Za nas \u0107e biti zanimljiva svaka informacija koja je va\u017ena za neku od dr\u017eava \u010dije gledateljstvo pokrivamo ali koja mora biti zanimljiva i drugim ljudima u dr\u017eavama regije, pojasnio je koncept informativnog programa Al Jazeere Balkans njezin direktor vijesti Goran Mili\u0107.<\/p>\n<p>Al Jazeera Balkans nema ograni\u010denja u pogledu uporabe jezika kojima se govori u podru\u010dju emitiranja.<\/p>\n<p>Novinarima je dopu\u0161teno koristiti se maternjim jezikom, bilo da je rije\u010d o hrvatskom, srpskom, bosanskom ili crnogorskom, a Mili\u0107 je kazao kao \u0107e se voditi ra\u010duna o ravnote\u017ei no Al Jazeera Balkans, kako je istaknuo, &#8221;ne\u0107e biti talac ni jedne jezi\u010dke diktature&#8221;.<\/p>\n<p><strong>Al Jazeera u Srbiji i Novom Pazaru<\/strong><\/p>\n<p>Program \u0107e za sada mo\u0107i da se prati\u00a0preko\u00a0satelita EutelSat.<\/p>\n<p>U\u00a0Srbiji \u0107e za sada Al D\u017eazira mo\u0107i da se gleda na kablovskim  mre\u017eama\u00a0Telekom Srbija Open TV,\u00a0Total TV (satelitska DTH platforma)  i\u00a0Vizija Novi Pazar.<\/p>\n<p>Pregovori sa drugim operaterima su u toku, te se uskoro o\u010dekuje da  ve\u0107ina Kablovskih i IP TV operatera preuzme signal, re\u010deno je Novom  magazinu u toj TV mre\u017ei.<\/p>\n<p>U\u017eivo \u0107e program mo\u0107i da se prati i putem interneta na adresi <a href=\"http:\/\/balkans.aljazeera.net\/\" target=\"_blank\">http:\/\/balkans.aljazeera.net\/<\/a>.<\/p>\n<p><object classid=\"clsid:d27cdb6e-ae6d-11cf-96b8-444553540000\" width=\"567\" height=\"378\" codebase=\"http:\/\/download.macromedia.com\/pub\/shockwave\/cabs\/flash\/swflash.cab#version=6,0,40,0\"><param name=\"flashvars\" value=\"&amp;controlbar=over&amp;file=http%3A%2F%2Fwww.youtube.com%2Fwatch%3Fv%3DMxEknPNwcqU&amp;image=http%3A%2F%2Fimg.youtube.com%2Fvi%2FMxEknPNwcqU%2F0.jpg&amp;plugins=viral-2d&amp;skin=http%3A%2F%2Fplima.info%2Fmediaplayer-viral%2Foverlay.swf\" \/><param name=\"src\" value=\"http:\/\/plima.info\/mediaplayer57viral\/player.swf\" \/><param name=\"allowfullscreen\" value=\"true\" \/><embed type=\"application\/x-shockwave-flash\" width=\"567\" height=\"378\" src=\"http:\/\/plima.info\/mediaplayer57viral\/player.swf\" allowfullscreen=\"true\" flashvars=\"&amp;controlbar=over&amp;file=http%3A%2F%2Fwww.youtube.com%2Fwatch%3Fv%3DMxEknPNwcqU&amp;image=http%3A%2F%2Fimg.youtube.com%2Fvi%2FMxEknPNwcqU%2F0.jpg&amp;plugins=viral-2d&amp;skin=http%3A%2F%2Fplima.info%2Fmediaplayer-viral%2Foverlay.swf\"><\/embed><\/object><\/p>\n<p>Izvor: <strong>Bitno.ba<\/strong><strong>, NoviMagazin.rs<\/strong><\/p>\n","protected":false},"excerpt":{"rendered":"<p>U\u017dIVO! Sand\u017eak, BiH &#8211; Al Jazeera Balkans po\u010dela je emitirati stalni program u petak u 18 sati iz sredi\u0161njeg studija u Sarajevu. &#8211; Dobra ve\u010der. Ovo su prve vijesti koje emitiramo iz sredi\u0161njeg studija u Sarajevu, rije\u010di \u0161to ih je u programu nove regionalne televizije izgovorila voditeljica iz studija. Novinarima je dopu\u0161teno koristiti se maternjim [&hellip;]<\/p>\n","protected":false},"author":83,"featured_media":23537,"comment_status":"open","ping_status":"open","sticky":false,"template":"","format":"standard","meta":{"footnotes":""},"categories":[2860,72,398,800,52,397,2690,327,392,396,2691,393,395,394,399,2693],"tags":[],"class_list":{"0":"post-23533","1":"post","2":"type-post","3":"status-publish","4":"format-standard","5":"has-post-thumbnail","7":"category-bosna-i-hercegovina-gradovi","8":"category-novi-pazar","9":"category-rozaje","10":"category-nacija","11":"category-sjenica","12":"category-berane","13":"category-kosovo-gradovi","14":"category-tutin","15":"category-prijepolje_","16":"category-bijelo_polje","17":"category-makedonija","18":"category-priboj","19":"category-pljevlja_","20":"category-nova-varos","21":"category-plav_","22":"category-dijaspora-gradovi"},"yoast_head":"<!-- This site is optimized with the Yoast SEO Premium plugin v23.1 (Yoast SEO v24.9) - https:\/\/yoast.com\/wordpress\/plugins\/seo\/ -->\n<title>Al Jazeera Balkans po\u010dela sa radom<\/title>\n<meta name=\"robots\" content=\"index, follow, max-snippet:-1, max-image-preview:large, max-video-preview:-1\" \/>\n<link rel=\"canonical\" href=\"https:\/\/sandzakpress.net\/arhiva\/al-jazeera-balkans-pocela-sa-radom\/\" \/>\n<meta property=\"og:locale\" content=\"bs_BA\" \/>\n<meta property=\"og:type\" content=\"article\" \/>\n<meta property=\"og:title\" content=\"Al Jazeera Balkans po\u010dela sa radom\" \/>\n<meta property=\"og:description\" content=\"U\u017dIVO! Sand\u017eak, BiH &#8211; Al Jazeera Balkans po\u010dela je emitirati stalni program u petak u 18 sati iz sredi\u0161njeg studija u Sarajevu. &#8211; Dobra ve\u010der. Ovo su prve vijesti koje emitiramo iz sredi\u0161njeg studija u Sarajevu, rije\u010di \u0161to ih je u programu nove regionalne televizije izgovorila voditeljica iz studija. Novinarima je dopu\u0161teno koristiti se maternjim [&hellip;]\" \/>\n<meta property=\"og:url\" content=\"https:\/\/sandzakpress.net\/arhiva\/al-jazeera-balkans-pocela-sa-radom\/\" \/>\n<meta property=\"og:site_name\" content=\"Sand\u017eak PRESS\" \/>\n<meta property=\"article:published_time\" content=\"2011-11-12T17:08:54+00:00\" \/>\n<meta property=\"article:modified_time\" content=\"2011-11-12T17:10:57+00:00\" \/>\n<meta property=\"og:image\" content=\"https:\/\/sandzakpress.net\/arhiva\/wp-content\/uploads\/2011\/11\/aljazeera-balkans-sandzak.jpg\" \/>\n\t<meta property=\"og:image:width\" content=\"616\" \/>\n\t<meta property=\"og:image:height\" content=\"408\" \/>\n\t<meta property=\"og:image:type\" content=\"image\/jpeg\" \/>\n<meta name=\"author\" content=\"bosniak\" \/>\n<meta name=\"twitter:card\" content=\"summary_large_image\" \/>\n<meta name=\"twitter:label1\" content=\"Written by\" \/>\n\t<meta name=\"twitter:data1\" content=\"bosniak\" \/>\n\t<meta name=\"twitter:label2\" content=\"Est. reading time\" \/>\n\t<meta name=\"twitter:data2\" content=\"2 minute\" \/>\n<script type=\"application\/ld+json\" class=\"yoast-schema-graph\">{\"@context\":\"https:\/\/schema.org\",\"@graph\":[{\"@type\":\"Article\",\"@id\":\"https:\/\/sandzakpress.net\/arhiva\/al-jazeera-balkans-pocela-sa-radom\/#article\",\"isPartOf\":{\"@id\":\"https:\/\/sandzakpress.net\/arhiva\/al-jazeera-balkans-pocela-sa-radom\/\"},\"author\":{\"name\":\"bosniak\",\"@id\":\"https:\/\/sandzakpress.net\/arhiva\/#\/schema\/person\/c8baee722073534b583ea7bdb2e36c02\"},\"headline\":\"Al Jazeera Balkans po\u010dela sa radom\",\"datePublished\":\"2011-11-12T17:08:54+00:00\",\"dateModified\":\"2011-11-12T17:10:57+00:00\",\"mainEntityOfPage\":{\"@id\":\"https:\/\/sandzakpress.net\/arhiva\/al-jazeera-balkans-pocela-sa-radom\/\"},\"wordCount\":390,\"commentCount\":3,\"publisher\":{\"@id\":\"https:\/\/sandzakpress.net\/arhiva\/#\/schema\/person\/6e72b67d6e51910a1117b3b483ba20bd\"},\"image\":{\"@id\":\"https:\/\/sandzakpress.net\/arhiva\/al-jazeera-balkans-pocela-sa-radom\/#primaryimage\"},\"thumbnailUrl\":\"https:\/\/sandzakpress.net\/arhiva\/wp-content\/uploads\/2011\/11\/aljazeera-balkans-sandzak.jpg\",\"articleSection\":[\"Bosna i Hercegovina\",\"Novi Pazar\",\"Ro\u017eaje\",\"Nacija\",\"Sjenica\",\"Berane\",\"Kosovo\",\"Tutin\",\"Prijepolje\",\"Bijelo Polje\",\"Makedonija\",\"Priboj\",\"Pljevlja\",\"Nova Varo\u0161\",\"Plav\",\"Evropa\"],\"inLanguage\":\"bs-BA\",\"potentialAction\":[{\"@type\":\"CommentAction\",\"name\":\"Comment\",\"target\":[\"https:\/\/sandzakpress.net\/arhiva\/al-jazeera-balkans-pocela-sa-radom\/#respond\"]}]},{\"@type\":\"WebPage\",\"@id\":\"https:\/\/sandzakpress.net\/arhiva\/al-jazeera-balkans-pocela-sa-radom\/\",\"url\":\"https:\/\/sandzakpress.net\/arhiva\/al-jazeera-balkans-pocela-sa-radom\/\",\"name\":\"Al Jazeera Balkans po\u010dela sa radom\",\"isPartOf\":{\"@id\":\"https:\/\/sandzakpress.net\/arhiva\/#website\"},\"primaryImageOfPage\":{\"@id\":\"https:\/\/sandzakpress.net\/arhiva\/al-jazeera-balkans-pocela-sa-radom\/#primaryimage\"},\"image\":{\"@id\":\"https:\/\/sandzakpress.net\/arhiva\/al-jazeera-balkans-pocela-sa-radom\/#primaryimage\"},\"thumbnailUrl\":\"https:\/\/sandzakpress.net\/arhiva\/wp-content\/uploads\/2011\/11\/aljazeera-balkans-sandzak.jpg\",\"datePublished\":\"2011-11-12T17:08:54+00:00\",\"dateModified\":\"2011-11-12T17:10:57+00:00\",\"breadcrumb\":{\"@id\":\"https:\/\/sandzakpress.net\/arhiva\/al-jazeera-balkans-pocela-sa-radom\/#breadcrumb\"},\"inLanguage\":\"bs-BA\",\"potentialAction\":[{\"@type\":\"ReadAction\",\"target\":[\"https:\/\/sandzakpress.net\/arhiva\/al-jazeera-balkans-pocela-sa-radom\/\"]}]},{\"@type\":\"ImageObject\",\"inLanguage\":\"bs-BA\",\"@id\":\"https:\/\/sandzakpress.net\/arhiva\/al-jazeera-balkans-pocela-sa-radom\/#primaryimage\",\"url\":\"https:\/\/sandzakpress.net\/arhiva\/wp-content\/uploads\/2011\/11\/aljazeera-balkans-sandzak.jpg\",\"contentUrl\":\"https:\/\/sandzakpress.net\/arhiva\/wp-content\/uploads\/2011\/11\/aljazeera-balkans-sandzak.jpg\",\"width\":616,\"height\":408},{\"@type\":\"BreadcrumbList\",\"@id\":\"https:\/\/sandzakpress.net\/arhiva\/al-jazeera-balkans-pocela-sa-radom\/#breadcrumb\",\"itemListElement\":[{\"@type\":\"ListItem\",\"position\":1,\"name\":\"Home\",\"item\":\"https:\/\/sandzakpress.net\/arhiva\/\"},{\"@type\":\"ListItem\",\"position\":2,\"name\":\"Al Jazeera Balkans po\u010dela sa radom\"}]},{\"@type\":\"WebSite\",\"@id\":\"https:\/\/sandzakpress.net\/arhiva\/#website\",\"url\":\"https:\/\/sandzakpress.net\/arhiva\/\",\"name\":\"Sand\u017eak PRESS\",\"description\":\"Prve elektronske novine u Sand\u017eaku\",\"publisher\":{\"@id\":\"https:\/\/sandzakpress.net\/arhiva\/#\/schema\/person\/6e72b67d6e51910a1117b3b483ba20bd\"},\"potentialAction\":[{\"@type\":\"SearchAction\",\"target\":{\"@type\":\"EntryPoint\",\"urlTemplate\":\"https:\/\/sandzakpress.net\/arhiva\/?s={search_term_string}\"},\"query-input\":{\"@type\":\"PropertyValueSpecification\",\"valueRequired\":true,\"valueName\":\"search_term_string\"}}],\"inLanguage\":\"bs-BA\"},{\"@type\":[\"Person\",\"Organization\"],\"@id\":\"https:\/\/sandzakpress.net\/arhiva\/#\/schema\/person\/6e72b67d6e51910a1117b3b483ba20bd\",\"name\":\"Kul\",\"image\":{\"@type\":\"ImageObject\",\"inLanguage\":\"bs-BA\",\"@id\":\"https:\/\/sandzakpress.net\/arhiva\/#\/schema\/person\/image\/\",\"url\":\"https:\/\/secure.gravatar.com\/avatar\/42263f39aa27ac04c43cab85c280eb2e?s=96&d=mm&r=pg\",\"contentUrl\":\"https:\/\/secure.gravatar.com\/avatar\/42263f39aa27ac04c43cab85c280eb2e?s=96&d=mm&r=pg\",\"caption\":\"Kul\"},\"logo\":{\"@id\":\"https:\/\/sandzakpress.net\/arhiva\/#\/schema\/person\/image\/\"}},{\"@type\":\"Person\",\"@id\":\"https:\/\/sandzakpress.net\/arhiva\/#\/schema\/person\/c8baee722073534b583ea7bdb2e36c02\",\"name\":\"bosniak\",\"image\":{\"@type\":\"ImageObject\",\"inLanguage\":\"bs-BA\",\"@id\":\"https:\/\/sandzakpress.net\/arhiva\/#\/schema\/person\/image\/\",\"url\":\"https:\/\/secure.gravatar.com\/avatar\/a04fd330bfe3a36a72a0ad4a6d89fca7?s=96&d=mm&r=pg\",\"contentUrl\":\"https:\/\/secure.gravatar.com\/avatar\/a04fd330bfe3a36a72a0ad4a6d89fca7?s=96&d=mm&r=pg\",\"caption\":\"bosniak\"},\"url\":\"https:\/\/sandzakpress.net\/arhiva\/author\/bosniak\/\"}]}<\/script>\n<!-- \/ Yoast SEO Premium plugin. -->","yoast_head_json":{"title":"Al Jazeera Balkans po\u010dela sa radom","robots":{"index":"index","follow":"follow","max-snippet":"max-snippet:-1","max-image-preview":"max-image-preview:large","max-video-preview":"max-video-preview:-1"},"canonical":"https:\/\/sandzakpress.net\/arhiva\/al-jazeera-balkans-pocela-sa-radom\/","og_locale":"bs_BA","og_type":"article","og_title":"Al Jazeera Balkans po\u010dela sa radom","og_description":"U\u017dIVO! Sand\u017eak, BiH &#8211; Al Jazeera Balkans po\u010dela je emitirati stalni program u petak u 18 sati iz sredi\u0161njeg studija u Sarajevu. &#8211; Dobra ve\u010der. Ovo su prve vijesti koje emitiramo iz sredi\u0161njeg studija u Sarajevu, rije\u010di \u0161to ih je u programu nove regionalne televizije izgovorila voditeljica iz studija. Novinarima je dopu\u0161teno koristiti se maternjim [&hellip;]","og_url":"https:\/\/sandzakpress.net\/arhiva\/al-jazeera-balkans-pocela-sa-radom\/","og_site_name":"Sand\u017eak PRESS","article_published_time":"2011-11-12T17:08:54+00:00","article_modified_time":"2011-11-12T17:10:57+00:00","og_image":[{"width":616,"height":408,"url":"https:\/\/sandzakpress.net\/arhiva\/wp-content\/uploads\/2011\/11\/aljazeera-balkans-sandzak.jpg","type":"image\/jpeg"}],"author":"bosniak","twitter_card":"summary_large_image","twitter_misc":{"Written by":"bosniak","Est. reading time":"2 minute"},"schema":{"@context":"https:\/\/schema.org","@graph":[{"@type":"Article","@id":"https:\/\/sandzakpress.net\/arhiva\/al-jazeera-balkans-pocela-sa-radom\/#article","isPartOf":{"@id":"https:\/\/sandzakpress.net\/arhiva\/al-jazeera-balkans-pocela-sa-radom\/"},"author":{"name":"bosniak","@id":"https:\/\/sandzakpress.net\/arhiva\/#\/schema\/person\/c8baee722073534b583ea7bdb2e36c02"},"headline":"Al Jazeera Balkans po\u010dela sa radom","datePublished":"2011-11-12T17:08:54+00:00","dateModified":"2011-11-12T17:10:57+00:00","mainEntityOfPage":{"@id":"https:\/\/sandzakpress.net\/arhiva\/al-jazeera-balkans-pocela-sa-radom\/"},"wordCount":390,"commentCount":3,"publisher":{"@id":"https:\/\/sandzakpress.net\/arhiva\/#\/schema\/person\/6e72b67d6e51910a1117b3b483ba20bd"},"image":{"@id":"https:\/\/sandzakpress.net\/arhiva\/al-jazeera-balkans-pocela-sa-radom\/#primaryimage"},"thumbnailUrl":"https:\/\/sandzakpress.net\/arhiva\/wp-content\/uploads\/2011\/11\/aljazeera-balkans-sandzak.jpg","articleSection":["Bosna i Hercegovina","Novi Pazar","Ro\u017eaje","Nacija","Sjenica","Berane","Kosovo","Tutin","Prijepolje","Bijelo Polje","Makedonija","Priboj","Pljevlja","Nova Varo\u0161","Plav","Evropa"],"inLanguage":"bs-BA","potentialAction":[{"@type":"CommentAction","name":"Comment","target":["https:\/\/sandzakpress.net\/arhiva\/al-jazeera-balkans-pocela-sa-radom\/#respond"]}]},{"@type":"WebPage","@id":"https:\/\/sandzakpress.net\/arhiva\/al-jazeera-balkans-pocela-sa-radom\/","url":"https:\/\/sandzakpress.net\/arhiva\/al-jazeera-balkans-pocela-sa-radom\/","name":"Al Jazeera Balkans po\u010dela sa radom","isPartOf":{"@id":"https:\/\/sandzakpress.net\/arhiva\/#website"},"primaryImageOfPage":{"@id":"https:\/\/sandzakpress.net\/arhiva\/al-jazeera-balkans-pocela-sa-radom\/#primaryimage"},"image":{"@id":"https:\/\/sandzakpress.net\/arhiva\/al-jazeera-balkans-pocela-sa-radom\/#primaryimage"},"thumbnailUrl":"https:\/\/sandzakpress.net\/arhiva\/wp-content\/uploads\/2011\/11\/aljazeera-balkans-sandzak.jpg","datePublished":"2011-11-12T17:08:54+00:00","dateModified":"2011-11-12T17:10:57+00:00","breadcrumb":{"@id":"https:\/\/sandzakpress.net\/arhiva\/al-jazeera-balkans-pocela-sa-radom\/#breadcrumb"},"inLanguage":"bs-BA","potentialAction":[{"@type":"ReadAction","target":["https:\/\/sandzakpress.net\/arhiva\/al-jazeera-balkans-pocela-sa-radom\/"]}]},{"@type":"ImageObject","inLanguage":"bs-BA","@id":"https:\/\/sandzakpress.net\/arhiva\/al-jazeera-balkans-pocela-sa-radom\/#primaryimage","url":"https:\/\/sandzakpress.net\/arhiva\/wp-content\/uploads\/2011\/11\/aljazeera-balkans-sandzak.jpg","contentUrl":"https:\/\/sandzakpress.net\/arhiva\/wp-content\/uploads\/2011\/11\/aljazeera-balkans-sandzak.jpg","width":616,"height":408},{"@type":"BreadcrumbList","@id":"https:\/\/sandzakpress.net\/arhiva\/al-jazeera-balkans-pocela-sa-radom\/#breadcrumb","itemListElement":[{"@type":"ListItem","position":1,"name":"Home","item":"https:\/\/sandzakpress.net\/arhiva\/"},{"@type":"ListItem","position":2,"name":"Al Jazeera Balkans po\u010dela sa radom"}]},{"@type":"WebSite","@id":"https:\/\/sandzakpress.net\/arhiva\/#website","url":"https:\/\/sandzakpress.net\/arhiva\/","name":"Sand\u017eak PRESS","description":"Prve elektronske novine u Sand\u017eaku","publisher":{"@id":"https:\/\/sandzakpress.net\/arhiva\/#\/schema\/person\/6e72b67d6e51910a1117b3b483ba20bd"},"potentialAction":[{"@type":"SearchAction","target":{"@type":"EntryPoint","urlTemplate":"https:\/\/sandzakpress.net\/arhiva\/?s={search_term_string}"},"query-input":{"@type":"PropertyValueSpecification","valueRequired":true,"valueName":"search_term_string"}}],"inLanguage":"bs-BA"},{"@type":["Person","Organization"],"@id":"https:\/\/sandzakpress.net\/arhiva\/#\/schema\/person\/6e72b67d6e51910a1117b3b483ba20bd","name":"Kul","image":{"@type":"ImageObject","inLanguage":"bs-BA","@id":"https:\/\/sandzakpress.net\/arhiva\/#\/schema\/person\/image\/","url":"https:\/\/secure.gravatar.com\/avatar\/42263f39aa27ac04c43cab85c280eb2e?s=96&d=mm&r=pg","contentUrl":"https:\/\/secure.gravatar.com\/avatar\/42263f39aa27ac04c43cab85c280eb2e?s=96&d=mm&r=pg","caption":"Kul"},"logo":{"@id":"https:\/\/sandzakpress.net\/arhiva\/#\/schema\/person\/image\/"}},{"@type":"Person","@id":"https:\/\/sandzakpress.net\/arhiva\/#\/schema\/person\/c8baee722073534b583ea7bdb2e36c02","name":"bosniak","image":{"@type":"ImageObject","inLanguage":"bs-BA","@id":"https:\/\/sandzakpress.net\/arhiva\/#\/schema\/person\/image\/","url":"https:\/\/secure.gravatar.com\/avatar\/a04fd330bfe3a36a72a0ad4a6d89fca7?s=96&d=mm&r=pg","contentUrl":"https:\/\/secure.gravatar.com\/avatar\/a04fd330bfe3a36a72a0ad4a6d89fca7?s=96&d=mm&r=pg","caption":"bosniak"},"url":"https:\/\/sandzakpress.net\/arhiva\/author\/bosniak\/"}]}},"_links":{"self":[{"href":"https:\/\/sandzakpress.net\/arhiva\/wp-json\/wp\/v2\/posts\/23533"}],"collection":[{"href":"https:\/\/sandzakpress.net\/arhiva\/wp-json\/wp\/v2\/posts"}],"about":[{"href":"https:\/\/sandzakpress.net\/arhiva\/wp-json\/wp\/v2\/types\/post"}],"author":[{"embeddable":true,"href":"https:\/\/sandzakpress.net\/arhiva\/wp-json\/wp\/v2\/users\/83"}],"replies":[{"embeddable":true,"href":"https:\/\/sandzakpress.net\/arhiva\/wp-json\/wp\/v2\/comments?post=23533"}],"version-history":[{"count":0,"href":"https:\/\/sandzakpress.net\/arhiva\/wp-json\/wp\/v2\/posts\/23533\/revisions"}],"wp:featuredmedia":[{"embeddable":true,"href":"https:\/\/sandzakpress.net\/arhiva\/wp-json\/wp\/v2\/media\/23537"}],"wp:attachment":[{"href":"https:\/\/sandzakpress.net\/arhiva\/wp-json\/wp\/v2\/media?parent=23533"}],"wp:term":[{"taxonomy":"category","embeddable":true,"href":"https:\/\/sandzakpress.net\/arhiva\/wp-json\/wp\/v2\/categories?post=23533"},{"taxonomy":"post_tag","embeddable":true,"href":"https:\/\/sandzakpress.net\/arhiva\/wp-json\/wp\/v2\/tags?post=23533"}],"curies":[{"name":"wp","href":"https:\/\/api.w.org\/{rel}","templated":true}]}}