{"id":23367,"date":"2011-11-10T00:09:28","date_gmt":"2011-11-09T23:09:28","guid":{"rendered":"https:\/\/sandzakpress.net\/arhiva\/?p=23367"},"modified":"2011-11-10T21:20:30","modified_gmt":"2011-11-10T20:20:30","slug":"uskoro-kod-nas-al-dzazira-balkans","status":"publish","type":"post","link":"https:\/\/sandzakpress.net\/arhiva\/uskoro-kod-nas-al-dzazira-balkans\/","title":{"rendered":"Uskoro kod nas Al-D\u017eazira Balkans"},"content":{"rendered":"<p><strong><a href=\"https:\/\/sandzakpress.net\/arhiva\/wp-content\/uploads\/2011\/11\/aljazeera-balkan6251.jpg\"><img loading=\"lazy\" decoding=\"async\" class=\"alignleft size-medium wp-image-23382\" title=\"aljazeera-balkan625\" src=\"https:\/\/sandzakpress.net\/arhiva\/wp-content\/uploads\/2011\/11\/aljazeera-balkan6251-300x173.jpg\" alt=\"\" width=\"300\" height=\"173\" \/><\/a>BiH, Sand\u017eak &#8211; Al Jazeera Balkans po\u010dinje sa emitiranjem svog programa u petak 11. novembra 2011. u 18.00 sati.<\/strong><\/p>\n<p>Gledaoci u regionu \u0107e preko\u00a0 kablovskih i IP TV operatera, te preko satelita EutelSat kao i na zemaljskom signalu u Bosni i Hercegovini,\u00a0mo\u0107i da prate program ove globalne informativne mre\u013ee, koja svoj program po\u010dinje emitirati iz centralnog studija u Sarajevu te regionalnih centara u Beogradu, Zagrebu i Skoplju.<\/p>\n<p>Kada u petak Al Jazeera Balkans po\u010dne sa emitiranjem, postat \u0107e prvi program ove globalne mre\u013ee koji se emitira na nekom drugom jeziku osim engleskog ili arapskog.<\/p>\n<p>Koriste\u0107i se regionalnom mre\u013eom dopisnika, kao i globalnom mre\u013eom dopisni\u0105tava Al Jazeera mre\u013ee, Al jazeera Balkans \u0107e gledaocima u regionu donositi,\u00a0kako regionalne tako i globalne vijesti, te o regionu izvje\u0105tavati gledaocima u svijetu koji prate Al Jazeera English\u00a0i Al Jazeera Arabic programe.<\/p>\n<p>\u00a9est sati lokalno produciranih vijesti, intervjua, komentara i analiza, te kvalitetan dokumentarni program koji \u0107e Al Jazeera Balkans emitirati, predstavljaju po\u010detak novog poglavlja u medijskom izvje\u0105tavanju u regionu.<\/p>\n<p>Rade\u0107i pod sloganom &#8220;Iz svakog ugla i sa svake strane&#8221;, Al Jazeera Balkans \u0107e svojim neovisnim i nepristrasnim izvje\u0105tavanjem donositi neispri\u010dane pri\u010de.<\/p>\n<p>Izvor:<\/p>\n","protected":false},"excerpt":{"rendered":"<p>BiH, Sand\u017eak &#8211; Al Jazeera Balkans po\u010dinje sa emitiranjem svog programa u petak 11. novembra 2011. u 18.00 sati. Gledaoci u regionu \u0107e preko\u00a0 kablovskih i IP TV operatera, te preko satelita EutelSat kao i na zemaljskom signalu u Bosni i Hercegovini,\u00a0mo\u0107i da prate program ove globalne informativne mre\u013ee, koja svoj program po\u010dinje emitirati iz [&hellip;]<\/p>\n","protected":false},"author":14,"featured_media":23382,"comment_status":"open","ping_status":"open","sticky":false,"template":"","format":"standard","meta":{"footnotes":""},"categories":[72,398,800,2860,52,397,327,392,396,393,395,394,399],"tags":[],"class_list":{"0":"post-23367","1":"post","2":"type-post","3":"status-publish","4":"format-standard","5":"has-post-thumbnail","7":"category-novi-pazar","8":"category-rozaje","9":"category-nacija","10":"category-bosna-i-hercegovina-gradovi","11":"category-sjenica","12":"category-berane","13":"category-tutin","14":"category-prijepolje_","15":"category-bijelo_polje","16":"category-priboj","17":"category-pljevlja_","18":"category-nova-varos","19":"category-plav_"},"yoast_head":"<!-- This site is optimized with the Yoast SEO Premium plugin v23.1 (Yoast SEO v24.9) - https:\/\/yoast.com\/wordpress\/plugins\/seo\/ -->\n<title>Uskoro kod nas Al-D\u017eazira Balkans<\/title>\n<meta name=\"robots\" content=\"index, follow, max-snippet:-1, max-image-preview:large, max-video-preview:-1\" \/>\n<link rel=\"canonical\" href=\"https:\/\/sandzakpress.net\/arhiva\/uskoro-kod-nas-al-dzazira-balkans\/\" \/>\n<meta property=\"og:locale\" content=\"bs_BA\" \/>\n<meta property=\"og:type\" content=\"article\" \/>\n<meta property=\"og:title\" content=\"Uskoro kod nas Al-D\u017eazira Balkans\" \/>\n<meta property=\"og:description\" content=\"BiH, Sand\u017eak &#8211; Al Jazeera Balkans po\u010dinje sa emitiranjem svog programa u petak 11. novembra 2011. u 18.00 sati. Gledaoci u regionu \u0107e preko\u00a0 kablovskih i IP TV operatera, te preko satelita EutelSat kao i na zemaljskom signalu u Bosni i Hercegovini,\u00a0mo\u0107i da prate program ove globalne informativne mre\u013ee, koja svoj program po\u010dinje emitirati iz [&hellip;]\" \/>\n<meta property=\"og:url\" content=\"https:\/\/sandzakpress.net\/arhiva\/uskoro-kod-nas-al-dzazira-balkans\/\" \/>\n<meta property=\"og:site_name\" content=\"Sand\u017eak PRESS\" \/>\n<meta property=\"article:published_time\" content=\"2011-11-09T23:09:28+00:00\" \/>\n<meta property=\"article:modified_time\" content=\"2011-11-10T20:20:30+00:00\" \/>\n<meta property=\"og:image\" content=\"https:\/\/sandzakpress.net\/arhiva\/wp-content\/uploads\/2011\/11\/aljazeera-balkan6251.jpg\" \/>\n\t<meta property=\"og:image:width\" content=\"616\" \/>\n\t<meta property=\"og:image:height\" content=\"356\" \/>\n\t<meta property=\"og:image:type\" content=\"image\/jpeg\" \/>\n<meta name=\"twitter:card\" content=\"summary_large_image\" \/>\n<meta name=\"twitter:label1\" content=\"Written by\" \/>\n\t<meta name=\"twitter:data1\" content=\"\" \/>\n\t<meta name=\"twitter:label2\" content=\"Est. reading time\" \/>\n\t<meta name=\"twitter:data2\" content=\"1 minuta\" \/>\n<script type=\"application\/ld+json\" class=\"yoast-schema-graph\">{\"@context\":\"https:\/\/schema.org\",\"@graph\":[{\"@type\":\"Article\",\"@id\":\"https:\/\/sandzakpress.net\/arhiva\/uskoro-kod-nas-al-dzazira-balkans\/#article\",\"isPartOf\":{\"@id\":\"https:\/\/sandzakpress.net\/arhiva\/uskoro-kod-nas-al-dzazira-balkans\/\"},\"author\":{\"name\":\"\",\"@id\":\"\"},\"headline\":\"Uskoro kod nas Al-D\u017eazira Balkans\",\"datePublished\":\"2011-11-09T23:09:28+00:00\",\"dateModified\":\"2011-11-10T20:20:30+00:00\",\"mainEntityOfPage\":{\"@id\":\"https:\/\/sandzakpress.net\/arhiva\/uskoro-kod-nas-al-dzazira-balkans\/\"},\"wordCount\":212,\"commentCount\":1,\"publisher\":{\"@id\":\"https:\/\/sandzakpress.net\/arhiva\/#\/schema\/person\/6e72b67d6e51910a1117b3b483ba20bd\"},\"image\":{\"@id\":\"https:\/\/sandzakpress.net\/arhiva\/uskoro-kod-nas-al-dzazira-balkans\/#primaryimage\"},\"thumbnailUrl\":\"https:\/\/sandzakpress.net\/arhiva\/wp-content\/uploads\/2011\/11\/aljazeera-balkan6251.jpg\",\"articleSection\":[\"Novi Pazar\",\"Ro\u017eaje\",\"Nacija\",\"Bosna i Hercegovina\",\"Sjenica\",\"Berane\",\"Tutin\",\"Prijepolje\",\"Bijelo Polje\",\"Priboj\",\"Pljevlja\",\"Nova Varo\u0161\",\"Plav\"],\"inLanguage\":\"bs-BA\",\"potentialAction\":[{\"@type\":\"CommentAction\",\"name\":\"Comment\",\"target\":[\"https:\/\/sandzakpress.net\/arhiva\/uskoro-kod-nas-al-dzazira-balkans\/#respond\"]}]},{\"@type\":\"WebPage\",\"@id\":\"https:\/\/sandzakpress.net\/arhiva\/uskoro-kod-nas-al-dzazira-balkans\/\",\"url\":\"https:\/\/sandzakpress.net\/arhiva\/uskoro-kod-nas-al-dzazira-balkans\/\",\"name\":\"Uskoro kod nas Al-D\u017eazira Balkans\",\"isPartOf\":{\"@id\":\"https:\/\/sandzakpress.net\/arhiva\/#website\"},\"primaryImageOfPage\":{\"@id\":\"https:\/\/sandzakpress.net\/arhiva\/uskoro-kod-nas-al-dzazira-balkans\/#primaryimage\"},\"image\":{\"@id\":\"https:\/\/sandzakpress.net\/arhiva\/uskoro-kod-nas-al-dzazira-balkans\/#primaryimage\"},\"thumbnailUrl\":\"https:\/\/sandzakpress.net\/arhiva\/wp-content\/uploads\/2011\/11\/aljazeera-balkan6251.jpg\",\"datePublished\":\"2011-11-09T23:09:28+00:00\",\"dateModified\":\"2011-11-10T20:20:30+00:00\",\"breadcrumb\":{\"@id\":\"https:\/\/sandzakpress.net\/arhiva\/uskoro-kod-nas-al-dzazira-balkans\/#breadcrumb\"},\"inLanguage\":\"bs-BA\",\"potentialAction\":[{\"@type\":\"ReadAction\",\"target\":[\"https:\/\/sandzakpress.net\/arhiva\/uskoro-kod-nas-al-dzazira-balkans\/\"]}]},{\"@type\":\"ImageObject\",\"inLanguage\":\"bs-BA\",\"@id\":\"https:\/\/sandzakpress.net\/arhiva\/uskoro-kod-nas-al-dzazira-balkans\/#primaryimage\",\"url\":\"https:\/\/sandzakpress.net\/arhiva\/wp-content\/uploads\/2011\/11\/aljazeera-balkan6251.jpg\",\"contentUrl\":\"https:\/\/sandzakpress.net\/arhiva\/wp-content\/uploads\/2011\/11\/aljazeera-balkan6251.jpg\",\"width\":616,\"height\":356},{\"@type\":\"BreadcrumbList\",\"@id\":\"https:\/\/sandzakpress.net\/arhiva\/uskoro-kod-nas-al-dzazira-balkans\/#breadcrumb\",\"itemListElement\":[{\"@type\":\"ListItem\",\"position\":1,\"name\":\"Home\",\"item\":\"https:\/\/sandzakpress.net\/arhiva\/\"},{\"@type\":\"ListItem\",\"position\":2,\"name\":\"Uskoro kod nas Al-D\u017eazira Balkans\"}]},{\"@type\":\"WebSite\",\"@id\":\"https:\/\/sandzakpress.net\/arhiva\/#website\",\"url\":\"https:\/\/sandzakpress.net\/arhiva\/\",\"name\":\"Sand\u017eak PRESS\",\"description\":\"Prve elektronske novine u Sand\u017eaku\",\"publisher\":{\"@id\":\"https:\/\/sandzakpress.net\/arhiva\/#\/schema\/person\/6e72b67d6e51910a1117b3b483ba20bd\"},\"potentialAction\":[{\"@type\":\"SearchAction\",\"target\":{\"@type\":\"EntryPoint\",\"urlTemplate\":\"https:\/\/sandzakpress.net\/arhiva\/?s={search_term_string}\"},\"query-input\":{\"@type\":\"PropertyValueSpecification\",\"valueRequired\":true,\"valueName\":\"search_term_string\"}}],\"inLanguage\":\"bs-BA\"},{\"@type\":[\"Person\",\"Organization\"],\"@id\":\"https:\/\/sandzakpress.net\/arhiva\/#\/schema\/person\/6e72b67d6e51910a1117b3b483ba20bd\",\"name\":\"Kul\",\"image\":{\"@type\":\"ImageObject\",\"inLanguage\":\"bs-BA\",\"@id\":\"https:\/\/sandzakpress.net\/arhiva\/#\/schema\/person\/image\/\",\"url\":\"https:\/\/secure.gravatar.com\/avatar\/42263f39aa27ac04c43cab85c280eb2e?s=96&d=mm&r=pg\",\"contentUrl\":\"https:\/\/secure.gravatar.com\/avatar\/42263f39aa27ac04c43cab85c280eb2e?s=96&d=mm&r=pg\",\"caption\":\"Kul\"},\"logo\":{\"@id\":\"https:\/\/sandzakpress.net\/arhiva\/#\/schema\/person\/image\/\"}},{\"@type\":\"Person\",\"@id\":\"\",\"url\":\"https:\/\/sandzakpress.net\/arhiva\/author\/\"}]}<\/script>\n<!-- \/ Yoast SEO Premium plugin. -->","yoast_head_json":{"title":"Uskoro kod nas Al-D\u017eazira Balkans","robots":{"index":"index","follow":"follow","max-snippet":"max-snippet:-1","max-image-preview":"max-image-preview:large","max-video-preview":"max-video-preview:-1"},"canonical":"https:\/\/sandzakpress.net\/arhiva\/uskoro-kod-nas-al-dzazira-balkans\/","og_locale":"bs_BA","og_type":"article","og_title":"Uskoro kod nas Al-D\u017eazira Balkans","og_description":"BiH, Sand\u017eak &#8211; Al Jazeera Balkans po\u010dinje sa emitiranjem svog programa u petak 11. novembra 2011. u 18.00 sati. Gledaoci u regionu \u0107e preko\u00a0 kablovskih i IP TV operatera, te preko satelita EutelSat kao i na zemaljskom signalu u Bosni i Hercegovini,\u00a0mo\u0107i da prate program ove globalne informativne mre\u013ee, koja svoj program po\u010dinje emitirati iz [&hellip;]","og_url":"https:\/\/sandzakpress.net\/arhiva\/uskoro-kod-nas-al-dzazira-balkans\/","og_site_name":"Sand\u017eak PRESS","article_published_time":"2011-11-09T23:09:28+00:00","article_modified_time":"2011-11-10T20:20:30+00:00","og_image":[{"width":616,"height":356,"url":"https:\/\/sandzakpress.net\/arhiva\/wp-content\/uploads\/2011\/11\/aljazeera-balkan6251.jpg","type":"image\/jpeg"}],"twitter_card":"summary_large_image","twitter_misc":{"Written by":"","Est. reading time":"1 minuta"},"schema":{"@context":"https:\/\/schema.org","@graph":[{"@type":"Article","@id":"https:\/\/sandzakpress.net\/arhiva\/uskoro-kod-nas-al-dzazira-balkans\/#article","isPartOf":{"@id":"https:\/\/sandzakpress.net\/arhiva\/uskoro-kod-nas-al-dzazira-balkans\/"},"author":{"name":"","@id":""},"headline":"Uskoro kod nas Al-D\u017eazira Balkans","datePublished":"2011-11-09T23:09:28+00:00","dateModified":"2011-11-10T20:20:30+00:00","mainEntityOfPage":{"@id":"https:\/\/sandzakpress.net\/arhiva\/uskoro-kod-nas-al-dzazira-balkans\/"},"wordCount":212,"commentCount":1,"publisher":{"@id":"https:\/\/sandzakpress.net\/arhiva\/#\/schema\/person\/6e72b67d6e51910a1117b3b483ba20bd"},"image":{"@id":"https:\/\/sandzakpress.net\/arhiva\/uskoro-kod-nas-al-dzazira-balkans\/#primaryimage"},"thumbnailUrl":"https:\/\/sandzakpress.net\/arhiva\/wp-content\/uploads\/2011\/11\/aljazeera-balkan6251.jpg","articleSection":["Novi Pazar","Ro\u017eaje","Nacija","Bosna i Hercegovina","Sjenica","Berane","Tutin","Prijepolje","Bijelo Polje","Priboj","Pljevlja","Nova Varo\u0161","Plav"],"inLanguage":"bs-BA","potentialAction":[{"@type":"CommentAction","name":"Comment","target":["https:\/\/sandzakpress.net\/arhiva\/uskoro-kod-nas-al-dzazira-balkans\/#respond"]}]},{"@type":"WebPage","@id":"https:\/\/sandzakpress.net\/arhiva\/uskoro-kod-nas-al-dzazira-balkans\/","url":"https:\/\/sandzakpress.net\/arhiva\/uskoro-kod-nas-al-dzazira-balkans\/","name":"Uskoro kod nas Al-D\u017eazira Balkans","isPartOf":{"@id":"https:\/\/sandzakpress.net\/arhiva\/#website"},"primaryImageOfPage":{"@id":"https:\/\/sandzakpress.net\/arhiva\/uskoro-kod-nas-al-dzazira-balkans\/#primaryimage"},"image":{"@id":"https:\/\/sandzakpress.net\/arhiva\/uskoro-kod-nas-al-dzazira-balkans\/#primaryimage"},"thumbnailUrl":"https:\/\/sandzakpress.net\/arhiva\/wp-content\/uploads\/2011\/11\/aljazeera-balkan6251.jpg","datePublished":"2011-11-09T23:09:28+00:00","dateModified":"2011-11-10T20:20:30+00:00","breadcrumb":{"@id":"https:\/\/sandzakpress.net\/arhiva\/uskoro-kod-nas-al-dzazira-balkans\/#breadcrumb"},"inLanguage":"bs-BA","potentialAction":[{"@type":"ReadAction","target":["https:\/\/sandzakpress.net\/arhiva\/uskoro-kod-nas-al-dzazira-balkans\/"]}]},{"@type":"ImageObject","inLanguage":"bs-BA","@id":"https:\/\/sandzakpress.net\/arhiva\/uskoro-kod-nas-al-dzazira-balkans\/#primaryimage","url":"https:\/\/sandzakpress.net\/arhiva\/wp-content\/uploads\/2011\/11\/aljazeera-balkan6251.jpg","contentUrl":"https:\/\/sandzakpress.net\/arhiva\/wp-content\/uploads\/2011\/11\/aljazeera-balkan6251.jpg","width":616,"height":356},{"@type":"BreadcrumbList","@id":"https:\/\/sandzakpress.net\/arhiva\/uskoro-kod-nas-al-dzazira-balkans\/#breadcrumb","itemListElement":[{"@type":"ListItem","position":1,"name":"Home","item":"https:\/\/sandzakpress.net\/arhiva\/"},{"@type":"ListItem","position":2,"name":"Uskoro kod nas Al-D\u017eazira Balkans"}]},{"@type":"WebSite","@id":"https:\/\/sandzakpress.net\/arhiva\/#website","url":"https:\/\/sandzakpress.net\/arhiva\/","name":"Sand\u017eak PRESS","description":"Prve elektronske novine u Sand\u017eaku","publisher":{"@id":"https:\/\/sandzakpress.net\/arhiva\/#\/schema\/person\/6e72b67d6e51910a1117b3b483ba20bd"},"potentialAction":[{"@type":"SearchAction","target":{"@type":"EntryPoint","urlTemplate":"https:\/\/sandzakpress.net\/arhiva\/?s={search_term_string}"},"query-input":{"@type":"PropertyValueSpecification","valueRequired":true,"valueName":"search_term_string"}}],"inLanguage":"bs-BA"},{"@type":["Person","Organization"],"@id":"https:\/\/sandzakpress.net\/arhiva\/#\/schema\/person\/6e72b67d6e51910a1117b3b483ba20bd","name":"Kul","image":{"@type":"ImageObject","inLanguage":"bs-BA","@id":"https:\/\/sandzakpress.net\/arhiva\/#\/schema\/person\/image\/","url":"https:\/\/secure.gravatar.com\/avatar\/42263f39aa27ac04c43cab85c280eb2e?s=96&d=mm&r=pg","contentUrl":"https:\/\/secure.gravatar.com\/avatar\/42263f39aa27ac04c43cab85c280eb2e?s=96&d=mm&r=pg","caption":"Kul"},"logo":{"@id":"https:\/\/sandzakpress.net\/arhiva\/#\/schema\/person\/image\/"}},{"@type":"Person","@id":"","url":"https:\/\/sandzakpress.net\/arhiva\/author\/"}]}},"_links":{"self":[{"href":"https:\/\/sandzakpress.net\/arhiva\/wp-json\/wp\/v2\/posts\/23367"}],"collection":[{"href":"https:\/\/sandzakpress.net\/arhiva\/wp-json\/wp\/v2\/posts"}],"about":[{"href":"https:\/\/sandzakpress.net\/arhiva\/wp-json\/wp\/v2\/types\/post"}],"author":[{"embeddable":true,"href":"https:\/\/sandzakpress.net\/arhiva\/wp-json\/wp\/v2\/users\/14"}],"replies":[{"embeddable":true,"href":"https:\/\/sandzakpress.net\/arhiva\/wp-json\/wp\/v2\/comments?post=23367"}],"version-history":[{"count":0,"href":"https:\/\/sandzakpress.net\/arhiva\/wp-json\/wp\/v2\/posts\/23367\/revisions"}],"wp:featuredmedia":[{"embeddable":true,"href":"https:\/\/sandzakpress.net\/arhiva\/wp-json\/wp\/v2\/media\/23382"}],"wp:attachment":[{"href":"https:\/\/sandzakpress.net\/arhiva\/wp-json\/wp\/v2\/media?parent=23367"}],"wp:term":[{"taxonomy":"category","embeddable":true,"href":"https:\/\/sandzakpress.net\/arhiva\/wp-json\/wp\/v2\/categories?post=23367"},{"taxonomy":"post_tag","embeddable":true,"href":"https:\/\/sandzakpress.net\/arhiva\/wp-json\/wp\/v2\/tags?post=23367"}],"curies":[{"name":"wp","href":"https:\/\/api.w.org\/{rel}","templated":true}]}}