{"id":232371,"date":"2019-12-28T16:34:02","date_gmt":"2019-12-28T15:34:02","guid":{"rendered":"https:\/\/sandzakpress.net\/arhiva\/?p=232371"},"modified":"2019-12-28T16:34:02","modified_gmt":"2019-12-28T15:34:02","slug":"muftija-kujevic-borit-cemo-se-da-sacuvamo-interes-muslimana-vjernici-da-ne-nasjedaju-na-provokacije","status":"publish","type":"post","link":"https:\/\/sandzakpress.net\/arhiva\/muftija-kujevic-borit-cemo-se-da-sacuvamo-interes-muslimana-vjernici-da-ne-nasjedaju-na-provokacije\/","title":{"rendered":"Muftija Kujevi\u0107: Borit \u0107emo se da sa\u010duvamo interes muslimana, vjernici da ne nasjedaju na provokacije"},"content":{"rendered":"<p><img decoding=\"async\" src=\"http:\/\/sanapress.info\/wp-content\/uploads\/2019\/12\/Muftija-Kujevi%C4%87.jpg\" \/><\/p>\n<p><strong>Poslanici Crne Gore usvojili su Zakon o slobodi veroispovesti kojim se predvi\u0111a da dr\u017eava postaje vlasnik svih verskih objekata koji su izgra\u0111eni do decembra 1918. godine \u2013 ukoliko vjerske zajednice ne doka\u017eu vlasni\u0161tvo, \u0161to je izazvalo burne reakcije. Muftija sand\u017ea\u010dki hfz. Abdurrahman ef. Kujevi\u0107 kazao da je javnost uznemirila mogu\u0107nost da se ovim zakonom otvara mogu\u0107nost da imovina Islamske zajednice, vakufska imovina muslimana mo\u017ee postati dr\u017eavno vlasni\u0161tvo, sa \u010dim se on u potpunosti ne sla\u017ee.<\/strong><\/p>\n<p>\u2013 Mi \u0107emo ostati pribrani, stabilni i ljudi koji \u0107e brinuti o vitalnim i klju\u010dnim interesima Bo\u0161njaka, muslimana op\u0107enito ali i svih gra\u0111ana. Svim raspolo\u017eivim, legalnim metodama po\u0161tuju\u0107i zakone dr\u017eave u kojoj \u017eivimo borit \u0107emo se da sa\u010duvamo interes muslimana. \u017delim da pozovem vjernike da ne nasjedaju na veoma u\u010destale provokacije koje se ovih\u00a0 mogu \u010duti i da budu stabilni i \u010dvrsti na braniku svojih prava.<\/p>\n<p>Zakonom je predvi\u0111eno kako su dr\u017eavna svojina vjerski objekti i zemlji\u0161te koje koriste vjerske zajednice na teritoriji Crne Gore koji su izgra\u0111eni, odnosno pribavljeni iz javnih prihoda dr\u017eave ili su bili u dr\u017eavnoj svojini do 1. decembra 1918. godine, i za koje nema dokaza o pravu svojine vjerskih zajednica. Precizirano je kako \u0107e se u pogledu postojanja dokaza o \u010dinjenicama primjenjivati dokazna sredstva i pravila dokazivanja u skladu sa Zakonom o upravnom postupku i supsidijarno Zakonom o parni\u010dnom postupku.<\/p>\n<p>Komentar na temu Zakona o slobodi veroispovesti tra\u017eili smo i od predstavnika Islamske zajednice u Crnoj Gori kao i od Bo\u0161nja\u010dke stranke ali zvani\u010dnih reakcija nije bilo.<\/p>\n<p>Izvor: SANA<\/p>\n","protected":false},"excerpt":{"rendered":"<p>Poslanici Crne Gore usvojili su Zakon o slobodi veroispovesti kojim se predvi\u0111a da dr\u017eava postaje vlasnik svih verskih objekata koji su izgra\u0111eni do decembra 1918. godine \u2013 ukoliko vjerske zajednice ne doka\u017eu vlasni\u0161tvo, \u0161to je izazvalo burne reakcije. Muftija sand\u017ea\u010dki hfz. Abdurrahman ef. Kujevi\u0107 kazao da je javnost uznemirila mogu\u0107nost da se ovim zakonom otvara [&hellip;]<\/p>\n","protected":false},"author":509,"featured_media":232372,"comment_status":"open","ping_status":"open","sticky":false,"template":"","format":"standard","meta":{"footnotes":""},"categories":[398,397,10174,396,395,802,399,10173,8957],"tags":[],"class_list":{"0":"post-232371","1":"post","2":"type-post","3":"status-publish","4":"format-standard","5":"has-post-thumbnail","7":"category-rozaje","8":"category-berane","9":"category-petnjica-vase-vijesti","10":"category-bijelo_polje","11":"category-pljevlja_","12":"category-islamska_zajednica","13":"category-plav_","14":"category-gusinje-vase-vijesti","15":"category-vijesti-dana"},"yoast_head":"<!-- This site is optimized with the Yoast SEO Premium plugin v23.1 (Yoast SEO v24.9) - https:\/\/yoast.com\/wordpress\/plugins\/seo\/ -->\n<title>Muftija Kujevi\u0107: Borit \u0107emo se da sa\u010duvamo interes muslimana, vjernici da ne nasjedaju na provokacije<\/title>\n<meta name=\"robots\" content=\"index, follow, max-snippet:-1, max-image-preview:large, max-video-preview:-1\" \/>\n<link rel=\"canonical\" href=\"https:\/\/sandzakpress.net\/arhiva\/muftija-kujevic-borit-cemo-se-da-sacuvamo-interes-muslimana-vjernici-da-ne-nasjedaju-na-provokacije\/\" \/>\n<meta property=\"og:locale\" content=\"bs_BA\" \/>\n<meta property=\"og:type\" content=\"article\" \/>\n<meta property=\"og:title\" content=\"Muftija Kujevi\u0107: Borit \u0107emo se da sa\u010duvamo interes muslimana, vjernici da ne nasjedaju na provokacije\" \/>\n<meta property=\"og:description\" content=\"Poslanici Crne Gore usvojili su Zakon o slobodi veroispovesti kojim se predvi\u0111a da dr\u017eava postaje vlasnik svih verskih objekata koji su izgra\u0111eni do decembra 1918. godine \u2013 ukoliko vjerske zajednice ne doka\u017eu vlasni\u0161tvo, \u0161to je izazvalo burne reakcije. Muftija sand\u017ea\u010dki hfz. Abdurrahman ef. Kujevi\u0107 kazao da je javnost uznemirila mogu\u0107nost da se ovim zakonom otvara [&hellip;]\" \/>\n<meta property=\"og:url\" content=\"https:\/\/sandzakpress.net\/arhiva\/muftija-kujevic-borit-cemo-se-da-sacuvamo-interes-muslimana-vjernici-da-ne-nasjedaju-na-provokacije\/\" \/>\n<meta property=\"og:site_name\" content=\"Sand\u017eak PRESS\" \/>\n<meta property=\"article:published_time\" content=\"2019-12-28T15:34:02+00:00\" \/>\n<meta property=\"og:image\" content=\"https:\/\/sandzakpress.net\/arhiva\/wp-content\/uploads\/2019\/12\/Muftija-Kujevi\u0107.jpg\" \/>\n\t<meta property=\"og:image:width\" content=\"1449\" \/>\n\t<meta property=\"og:image:height\" content=\"1045\" \/>\n\t<meta property=\"og:image:type\" content=\"image\/jpeg\" \/>\n<meta name=\"author\" content=\"Agencija\" \/>\n<meta name=\"twitter:card\" content=\"summary_large_image\" \/>\n<meta name=\"twitter:label1\" content=\"Written by\" \/>\n\t<meta name=\"twitter:data1\" content=\"Agencija\" \/>\n\t<meta name=\"twitter:label2\" content=\"Est. reading time\" \/>\n\t<meta name=\"twitter:data2\" content=\"1 minuta\" \/>\n<script type=\"application\/ld+json\" class=\"yoast-schema-graph\">{\"@context\":\"https:\/\/schema.org\",\"@graph\":[{\"@type\":\"Article\",\"@id\":\"https:\/\/sandzakpress.net\/arhiva\/muftija-kujevic-borit-cemo-se-da-sacuvamo-interes-muslimana-vjernici-da-ne-nasjedaju-na-provokacije\/#article\",\"isPartOf\":{\"@id\":\"https:\/\/sandzakpress.net\/arhiva\/muftija-kujevic-borit-cemo-se-da-sacuvamo-interes-muslimana-vjernici-da-ne-nasjedaju-na-provokacije\/\"},\"author\":{\"name\":\"Agencija\",\"@id\":\"https:\/\/sandzakpress.net\/arhiva\/#\/schema\/person\/cb59d7e3ab91ab90dd680ad0305a6185\"},\"headline\":\"Muftija Kujevi\u0107: Borit \u0107emo se da sa\u010duvamo interes muslimana, vjernici da ne nasjedaju na provokacije\",\"datePublished\":\"2019-12-28T15:34:02+00:00\",\"mainEntityOfPage\":{\"@id\":\"https:\/\/sandzakpress.net\/arhiva\/muftija-kujevic-borit-cemo-se-da-sacuvamo-interes-muslimana-vjernici-da-ne-nasjedaju-na-provokacije\/\"},\"wordCount\":294,\"commentCount\":3,\"publisher\":{\"@id\":\"https:\/\/sandzakpress.net\/arhiva\/#\/schema\/person\/6e72b67d6e51910a1117b3b483ba20bd\"},\"image\":{\"@id\":\"https:\/\/sandzakpress.net\/arhiva\/muftija-kujevic-borit-cemo-se-da-sacuvamo-interes-muslimana-vjernici-da-ne-nasjedaju-na-provokacije\/#primaryimage\"},\"thumbnailUrl\":\"https:\/\/sandzakpress.net\/arhiva\/wp-content\/uploads\/2019\/12\/Muftija-Kujevi\u0107.jpg\",\"articleSection\":[\"Ro\u017eaje\",\"Berane\",\"Petnjica\",\"Bijelo Polje\",\"Pljevlja\",\"Islamska zajednica\",\"Plav\",\"Gusinje\",\"VIJESTI DANA\"],\"inLanguage\":\"bs-BA\",\"potentialAction\":[{\"@type\":\"CommentAction\",\"name\":\"Comment\",\"target\":[\"https:\/\/sandzakpress.net\/arhiva\/muftija-kujevic-borit-cemo-se-da-sacuvamo-interes-muslimana-vjernici-da-ne-nasjedaju-na-provokacije\/#respond\"]}]},{\"@type\":\"WebPage\",\"@id\":\"https:\/\/sandzakpress.net\/arhiva\/muftija-kujevic-borit-cemo-se-da-sacuvamo-interes-muslimana-vjernici-da-ne-nasjedaju-na-provokacije\/\",\"url\":\"https:\/\/sandzakpress.net\/arhiva\/muftija-kujevic-borit-cemo-se-da-sacuvamo-interes-muslimana-vjernici-da-ne-nasjedaju-na-provokacije\/\",\"name\":\"Muftija Kujevi\u0107: Borit \u0107emo se da sa\u010duvamo interes muslimana, vjernici da ne nasjedaju na provokacije\",\"isPartOf\":{\"@id\":\"https:\/\/sandzakpress.net\/arhiva\/#website\"},\"primaryImageOfPage\":{\"@id\":\"https:\/\/sandzakpress.net\/arhiva\/muftija-kujevic-borit-cemo-se-da-sacuvamo-interes-muslimana-vjernici-da-ne-nasjedaju-na-provokacije\/#primaryimage\"},\"image\":{\"@id\":\"https:\/\/sandzakpress.net\/arhiva\/muftija-kujevic-borit-cemo-se-da-sacuvamo-interes-muslimana-vjernici-da-ne-nasjedaju-na-provokacije\/#primaryimage\"},\"thumbnailUrl\":\"https:\/\/sandzakpress.net\/arhiva\/wp-content\/uploads\/2019\/12\/Muftija-Kujevi\u0107.jpg\",\"datePublished\":\"2019-12-28T15:34:02+00:00\",\"breadcrumb\":{\"@id\":\"https:\/\/sandzakpress.net\/arhiva\/muftija-kujevic-borit-cemo-se-da-sacuvamo-interes-muslimana-vjernici-da-ne-nasjedaju-na-provokacije\/#breadcrumb\"},\"inLanguage\":\"bs-BA\",\"potentialAction\":[{\"@type\":\"ReadAction\",\"target\":[\"https:\/\/sandzakpress.net\/arhiva\/muftija-kujevic-borit-cemo-se-da-sacuvamo-interes-muslimana-vjernici-da-ne-nasjedaju-na-provokacije\/\"]}]},{\"@type\":\"ImageObject\",\"inLanguage\":\"bs-BA\",\"@id\":\"https:\/\/sandzakpress.net\/arhiva\/muftija-kujevic-borit-cemo-se-da-sacuvamo-interes-muslimana-vjernici-da-ne-nasjedaju-na-provokacije\/#primaryimage\",\"url\":\"https:\/\/sandzakpress.net\/arhiva\/wp-content\/uploads\/2019\/12\/Muftija-Kujevi\u0107.jpg\",\"contentUrl\":\"https:\/\/sandzakpress.net\/arhiva\/wp-content\/uploads\/2019\/12\/Muftija-Kujevi\u0107.jpg\",\"width\":1449,\"height\":1045},{\"@type\":\"BreadcrumbList\",\"@id\":\"https:\/\/sandzakpress.net\/arhiva\/muftija-kujevic-borit-cemo-se-da-sacuvamo-interes-muslimana-vjernici-da-ne-nasjedaju-na-provokacije\/#breadcrumb\",\"itemListElement\":[{\"@type\":\"ListItem\",\"position\":1,\"name\":\"Home\",\"item\":\"https:\/\/sandzakpress.net\/arhiva\/\"},{\"@type\":\"ListItem\",\"position\":2,\"name\":\"Muftija Kujevi\u0107: Borit \u0107emo se da sa\u010duvamo interes muslimana, vjernici da ne nasjedaju na provokacije\"}]},{\"@type\":\"WebSite\",\"@id\":\"https:\/\/sandzakpress.net\/arhiva\/#website\",\"url\":\"https:\/\/sandzakpress.net\/arhiva\/\",\"name\":\"Sand\u017eak PRESS\",\"description\":\"Prve elektronske novine u Sand\u017eaku\",\"publisher\":{\"@id\":\"https:\/\/sandzakpress.net\/arhiva\/#\/schema\/person\/6e72b67d6e51910a1117b3b483ba20bd\"},\"potentialAction\":[{\"@type\":\"SearchAction\",\"target\":{\"@type\":\"EntryPoint\",\"urlTemplate\":\"https:\/\/sandzakpress.net\/arhiva\/?s={search_term_string}\"},\"query-input\":{\"@type\":\"PropertyValueSpecification\",\"valueRequired\":true,\"valueName\":\"search_term_string\"}}],\"inLanguage\":\"bs-BA\"},{\"@type\":[\"Person\",\"Organization\"],\"@id\":\"https:\/\/sandzakpress.net\/arhiva\/#\/schema\/person\/6e72b67d6e51910a1117b3b483ba20bd\",\"name\":\"Kul\",\"image\":{\"@type\":\"ImageObject\",\"inLanguage\":\"bs-BA\",\"@id\":\"https:\/\/sandzakpress.net\/arhiva\/#\/schema\/person\/image\/\",\"url\":\"https:\/\/secure.gravatar.com\/avatar\/42263f39aa27ac04c43cab85c280eb2e?s=96&d=mm&r=pg\",\"contentUrl\":\"https:\/\/secure.gravatar.com\/avatar\/42263f39aa27ac04c43cab85c280eb2e?s=96&d=mm&r=pg\",\"caption\":\"Kul\"},\"logo\":{\"@id\":\"https:\/\/sandzakpress.net\/arhiva\/#\/schema\/person\/image\/\"}},{\"@type\":\"Person\",\"@id\":\"https:\/\/sandzakpress.net\/arhiva\/#\/schema\/person\/cb59d7e3ab91ab90dd680ad0305a6185\",\"name\":\"Agencija\",\"image\":{\"@type\":\"ImageObject\",\"inLanguage\":\"bs-BA\",\"@id\":\"https:\/\/sandzakpress.net\/arhiva\/#\/schema\/person\/image\/\",\"url\":\"https:\/\/secure.gravatar.com\/avatar\/4b7fafa80a22f0c2afe23966b3961fe0?s=96&d=mm&r=pg\",\"contentUrl\":\"https:\/\/secure.gravatar.com\/avatar\/4b7fafa80a22f0c2afe23966b3961fe0?s=96&d=mm&r=pg\",\"caption\":\"Agencija\"},\"url\":\"https:\/\/sandzakpress.net\/arhiva\/author\/agencija\/\"}]}<\/script>\n<!-- \/ Yoast SEO Premium plugin. -->","yoast_head_json":{"title":"Muftija Kujevi\u0107: Borit \u0107emo se da sa\u010duvamo interes muslimana, vjernici da ne nasjedaju na provokacije","robots":{"index":"index","follow":"follow","max-snippet":"max-snippet:-1","max-image-preview":"max-image-preview:large","max-video-preview":"max-video-preview:-1"},"canonical":"https:\/\/sandzakpress.net\/arhiva\/muftija-kujevic-borit-cemo-se-da-sacuvamo-interes-muslimana-vjernici-da-ne-nasjedaju-na-provokacije\/","og_locale":"bs_BA","og_type":"article","og_title":"Muftija Kujevi\u0107: Borit \u0107emo se da sa\u010duvamo interes muslimana, vjernici da ne nasjedaju na provokacije","og_description":"Poslanici Crne Gore usvojili su Zakon o slobodi veroispovesti kojim se predvi\u0111a da dr\u017eava postaje vlasnik svih verskih objekata koji su izgra\u0111eni do decembra 1918. godine \u2013 ukoliko vjerske zajednice ne doka\u017eu vlasni\u0161tvo, \u0161to je izazvalo burne reakcije. Muftija sand\u017ea\u010dki hfz. Abdurrahman ef. Kujevi\u0107 kazao da je javnost uznemirila mogu\u0107nost da se ovim zakonom otvara [&hellip;]","og_url":"https:\/\/sandzakpress.net\/arhiva\/muftija-kujevic-borit-cemo-se-da-sacuvamo-interes-muslimana-vjernici-da-ne-nasjedaju-na-provokacije\/","og_site_name":"Sand\u017eak PRESS","article_published_time":"2019-12-28T15:34:02+00:00","og_image":[{"width":1449,"height":1045,"url":"https:\/\/sandzakpress.net\/arhiva\/wp-content\/uploads\/2019\/12\/Muftija-Kujevi\u0107.jpg","type":"image\/jpeg"}],"author":"Agencija","twitter_card":"summary_large_image","twitter_misc":{"Written by":"Agencija","Est. reading time":"1 minuta"},"schema":{"@context":"https:\/\/schema.org","@graph":[{"@type":"Article","@id":"https:\/\/sandzakpress.net\/arhiva\/muftija-kujevic-borit-cemo-se-da-sacuvamo-interes-muslimana-vjernici-da-ne-nasjedaju-na-provokacije\/#article","isPartOf":{"@id":"https:\/\/sandzakpress.net\/arhiva\/muftija-kujevic-borit-cemo-se-da-sacuvamo-interes-muslimana-vjernici-da-ne-nasjedaju-na-provokacije\/"},"author":{"name":"Agencija","@id":"https:\/\/sandzakpress.net\/arhiva\/#\/schema\/person\/cb59d7e3ab91ab90dd680ad0305a6185"},"headline":"Muftija Kujevi\u0107: Borit \u0107emo se da sa\u010duvamo interes muslimana, vjernici da ne nasjedaju na provokacije","datePublished":"2019-12-28T15:34:02+00:00","mainEntityOfPage":{"@id":"https:\/\/sandzakpress.net\/arhiva\/muftija-kujevic-borit-cemo-se-da-sacuvamo-interes-muslimana-vjernici-da-ne-nasjedaju-na-provokacije\/"},"wordCount":294,"commentCount":3,"publisher":{"@id":"https:\/\/sandzakpress.net\/arhiva\/#\/schema\/person\/6e72b67d6e51910a1117b3b483ba20bd"},"image":{"@id":"https:\/\/sandzakpress.net\/arhiva\/muftija-kujevic-borit-cemo-se-da-sacuvamo-interes-muslimana-vjernici-da-ne-nasjedaju-na-provokacije\/#primaryimage"},"thumbnailUrl":"https:\/\/sandzakpress.net\/arhiva\/wp-content\/uploads\/2019\/12\/Muftija-Kujevi\u0107.jpg","articleSection":["Ro\u017eaje","Berane","Petnjica","Bijelo Polje","Pljevlja","Islamska zajednica","Plav","Gusinje","VIJESTI DANA"],"inLanguage":"bs-BA","potentialAction":[{"@type":"CommentAction","name":"Comment","target":["https:\/\/sandzakpress.net\/arhiva\/muftija-kujevic-borit-cemo-se-da-sacuvamo-interes-muslimana-vjernici-da-ne-nasjedaju-na-provokacije\/#respond"]}]},{"@type":"WebPage","@id":"https:\/\/sandzakpress.net\/arhiva\/muftija-kujevic-borit-cemo-se-da-sacuvamo-interes-muslimana-vjernici-da-ne-nasjedaju-na-provokacije\/","url":"https:\/\/sandzakpress.net\/arhiva\/muftija-kujevic-borit-cemo-se-da-sacuvamo-interes-muslimana-vjernici-da-ne-nasjedaju-na-provokacije\/","name":"Muftija Kujevi\u0107: Borit \u0107emo se da sa\u010duvamo interes muslimana, vjernici da ne nasjedaju na provokacije","isPartOf":{"@id":"https:\/\/sandzakpress.net\/arhiva\/#website"},"primaryImageOfPage":{"@id":"https:\/\/sandzakpress.net\/arhiva\/muftija-kujevic-borit-cemo-se-da-sacuvamo-interes-muslimana-vjernici-da-ne-nasjedaju-na-provokacije\/#primaryimage"},"image":{"@id":"https:\/\/sandzakpress.net\/arhiva\/muftija-kujevic-borit-cemo-se-da-sacuvamo-interes-muslimana-vjernici-da-ne-nasjedaju-na-provokacije\/#primaryimage"},"thumbnailUrl":"https:\/\/sandzakpress.net\/arhiva\/wp-content\/uploads\/2019\/12\/Muftija-Kujevi\u0107.jpg","datePublished":"2019-12-28T15:34:02+00:00","breadcrumb":{"@id":"https:\/\/sandzakpress.net\/arhiva\/muftija-kujevic-borit-cemo-se-da-sacuvamo-interes-muslimana-vjernici-da-ne-nasjedaju-na-provokacije\/#breadcrumb"},"inLanguage":"bs-BA","potentialAction":[{"@type":"ReadAction","target":["https:\/\/sandzakpress.net\/arhiva\/muftija-kujevic-borit-cemo-se-da-sacuvamo-interes-muslimana-vjernici-da-ne-nasjedaju-na-provokacije\/"]}]},{"@type":"ImageObject","inLanguage":"bs-BA","@id":"https:\/\/sandzakpress.net\/arhiva\/muftija-kujevic-borit-cemo-se-da-sacuvamo-interes-muslimana-vjernici-da-ne-nasjedaju-na-provokacije\/#primaryimage","url":"https:\/\/sandzakpress.net\/arhiva\/wp-content\/uploads\/2019\/12\/Muftija-Kujevi\u0107.jpg","contentUrl":"https:\/\/sandzakpress.net\/arhiva\/wp-content\/uploads\/2019\/12\/Muftija-Kujevi\u0107.jpg","width":1449,"height":1045},{"@type":"BreadcrumbList","@id":"https:\/\/sandzakpress.net\/arhiva\/muftija-kujevic-borit-cemo-se-da-sacuvamo-interes-muslimana-vjernici-da-ne-nasjedaju-na-provokacije\/#breadcrumb","itemListElement":[{"@type":"ListItem","position":1,"name":"Home","item":"https:\/\/sandzakpress.net\/arhiva\/"},{"@type":"ListItem","position":2,"name":"Muftija Kujevi\u0107: Borit \u0107emo se da sa\u010duvamo interes muslimana, vjernici da ne nasjedaju na provokacije"}]},{"@type":"WebSite","@id":"https:\/\/sandzakpress.net\/arhiva\/#website","url":"https:\/\/sandzakpress.net\/arhiva\/","name":"Sand\u017eak PRESS","description":"Prve elektronske novine u Sand\u017eaku","publisher":{"@id":"https:\/\/sandzakpress.net\/arhiva\/#\/schema\/person\/6e72b67d6e51910a1117b3b483ba20bd"},"potentialAction":[{"@type":"SearchAction","target":{"@type":"EntryPoint","urlTemplate":"https:\/\/sandzakpress.net\/arhiva\/?s={search_term_string}"},"query-input":{"@type":"PropertyValueSpecification","valueRequired":true,"valueName":"search_term_string"}}],"inLanguage":"bs-BA"},{"@type":["Person","Organization"],"@id":"https:\/\/sandzakpress.net\/arhiva\/#\/schema\/person\/6e72b67d6e51910a1117b3b483ba20bd","name":"Kul","image":{"@type":"ImageObject","inLanguage":"bs-BA","@id":"https:\/\/sandzakpress.net\/arhiva\/#\/schema\/person\/image\/","url":"https:\/\/secure.gravatar.com\/avatar\/42263f39aa27ac04c43cab85c280eb2e?s=96&d=mm&r=pg","contentUrl":"https:\/\/secure.gravatar.com\/avatar\/42263f39aa27ac04c43cab85c280eb2e?s=96&d=mm&r=pg","caption":"Kul"},"logo":{"@id":"https:\/\/sandzakpress.net\/arhiva\/#\/schema\/person\/image\/"}},{"@type":"Person","@id":"https:\/\/sandzakpress.net\/arhiva\/#\/schema\/person\/cb59d7e3ab91ab90dd680ad0305a6185","name":"Agencija","image":{"@type":"ImageObject","inLanguage":"bs-BA","@id":"https:\/\/sandzakpress.net\/arhiva\/#\/schema\/person\/image\/","url":"https:\/\/secure.gravatar.com\/avatar\/4b7fafa80a22f0c2afe23966b3961fe0?s=96&d=mm&r=pg","contentUrl":"https:\/\/secure.gravatar.com\/avatar\/4b7fafa80a22f0c2afe23966b3961fe0?s=96&d=mm&r=pg","caption":"Agencija"},"url":"https:\/\/sandzakpress.net\/arhiva\/author\/agencija\/"}]}},"_links":{"self":[{"href":"https:\/\/sandzakpress.net\/arhiva\/wp-json\/wp\/v2\/posts\/232371"}],"collection":[{"href":"https:\/\/sandzakpress.net\/arhiva\/wp-json\/wp\/v2\/posts"}],"about":[{"href":"https:\/\/sandzakpress.net\/arhiva\/wp-json\/wp\/v2\/types\/post"}],"author":[{"embeddable":true,"href":"https:\/\/sandzakpress.net\/arhiva\/wp-json\/wp\/v2\/users\/509"}],"replies":[{"embeddable":true,"href":"https:\/\/sandzakpress.net\/arhiva\/wp-json\/wp\/v2\/comments?post=232371"}],"version-history":[{"count":0,"href":"https:\/\/sandzakpress.net\/arhiva\/wp-json\/wp\/v2\/posts\/232371\/revisions"}],"wp:featuredmedia":[{"embeddable":true,"href":"https:\/\/sandzakpress.net\/arhiva\/wp-json\/wp\/v2\/media\/232372"}],"wp:attachment":[{"href":"https:\/\/sandzakpress.net\/arhiva\/wp-json\/wp\/v2\/media?parent=232371"}],"wp:term":[{"taxonomy":"category","embeddable":true,"href":"https:\/\/sandzakpress.net\/arhiva\/wp-json\/wp\/v2\/categories?post=232371"},{"taxonomy":"post_tag","embeddable":true,"href":"https:\/\/sandzakpress.net\/arhiva\/wp-json\/wp\/v2\/tags?post=232371"}],"curies":[{"name":"wp","href":"https:\/\/api.w.org\/{rel}","templated":true}]}}