{"id":232339,"date":"2019-12-27T08:26:01","date_gmt":"2019-12-27T07:26:01","guid":{"rendered":"https:\/\/sandzakpress.net\/arhiva\/?p=232339"},"modified":"2019-12-27T08:26:01","modified_gmt":"2019-12-27T07:26:01","slug":"haos-u-crnoj-gori-privedeni-svi-poslanici-df-a-video","status":"publish","type":"post","link":"https:\/\/sandzakpress.net\/arhiva\/haos-u-crnoj-gori-privedeni-svi-poslanici-df-a-video\/","title":{"rendered":"Haos u Crnoj Gori &#8211; Privedeni svi poslanici DF-a (Video)"},"content":{"rendered":"<p><img loading=\"lazy\" decoding=\"async\" class=\"alignnone size-large wp-image-232340\" src=\"https:\/\/sandzakpress.net\/arhiva\/wp-content\/uploads\/2019\/12\/98OOOO-616x295.jpg\" alt=\"\" width=\"616\" height=\"295\" srcset=\"https:\/\/sandzakpress.net\/arhiva\/wp-content\/uploads\/2019\/12\/98OOOO-616x295.jpg 616w, https:\/\/sandzakpress.net\/arhiva\/wp-content\/uploads\/2019\/12\/98OOOO-768x368.jpg 768w, https:\/\/sandzakpress.net\/arhiva\/wp-content\/uploads\/2019\/12\/98OOOO.jpg 808w\" sizes=\"(max-width: 616px) 100vw, 616px\" \/><\/p>\n<p><strong>Svi poslanici Demokratskog fronta privedeni su u policiju nakon \u0161to su ve\u010deras u Skup\u0161tini Crne Gore, gdje je u na\u010delu usvojen Prijedlog zakona o slobodi vjeroispovijesti ili uvjerenja i pravnom polo\u017eaju vjerskih zajednica izazvali haos u plenarnoj sali.<\/strong><\/p>\n<p>Glasalo je 46 poslanika od toga 45 za, a jedan je bio uzdr\u017ean. Potom su poslanici DF-a\u00a0<strong>Andrija Mandi\u0107, Milan Kne\u017eevi\u0107 i Neboj\u0161a Medojevi\u0107<\/strong>\u00a0pri\u0161li predsjedavaju\u0107em<strong>\u00a0Ivanu Brajovi\u0107u<\/strong>\u00a0i po\u010deli da lome kompjutere, \u010dupaju mikrofone, nakon \u010dega je ba\u010deno pirotehni\u010dko sredstvo.<\/p>\n<p>Poslanik DPS-a\u00a0<strong>Milo\u0161 Nikoli\u0107<\/strong>\u00a0saop\u0161tio je novinarima da \u0107e sjednica Skup\u0161tine biti nastavljena ubrzo.<\/p>\n<p>Pogledajte video :<\/p>\n<p><iframe loading=\"lazy\" src=\"https:\/\/www.facebook.com\/plugins\/video.php?href=https%3A%2F%2Fwww.facebook.com%2Fmarina.jocic.92%2Fvideos%2F2990378524319877%2F&amp;show_text=0&amp;width=560\" width=\"560\" height=\"315\" frameborder=\"0\" scrolling=\"no\" allowfullscreen=\"allowfullscreen\" data-mce-fragment=\"1\"><\/iframe><\/p>\n<p>Za poslanike DF-a su do\u0161le dvije policijske marice. Slaven Radunovi\u0107 kazao je da je Milan Kne\u017eevi\u0107 povrije\u0111en, da mu je isko\u010dilo koljeno, a da su ostali poslanici DF-a \u201ckoliko sam vidio dosta dobro\u201d.<\/p>\n<p>Potom je u skup\u0161tinsku salu u\u0161lo nekoliko osoba sa gas maskama na licu.<\/p>\n<p>Prethodno je\u00a0<strong>Andrija Mandi\u0107<\/strong>\u00a0zatra\u017eio da se sjednica prekine i da im se sjutra dozvoli da obrazla\u017eu amandmane DF-a.<\/p>\n<p>Pogledajte video :<\/p>\n<p><iframe loading=\"lazy\" src=\"https:\/\/www.facebook.com\/plugins\/video.php?href=https%3A%2F%2Fwww.facebook.com%2Fslaven.radunovic%2Fvideos%2F10158001810187728%2F&amp;show_text=0&amp;width=560\" width=\"560\" height=\"315\" frameborder=\"0\" scrolling=\"no\" allowfullscreen=\"allowfullscreen\" data-mce-fragment=\"1\"><\/iframe><\/p>\n<p>Gra\u0111ani o\u010dekuju obja\u0161enjenje za\u0161to maltretirate poslanike da poslije pono\u0107i glasaju o ovako va\u017enom zakonu. To ne bi radili da imate \u010diste namjere\u201d, kazao je Mandi\u0107.<\/p>\n<p>Skup\u0161tina nije prihvatila tri amandmana DF-a koje im je dostavila Mitropolija \u2013 101, 102 i 103, nakon \u010dega je odre\u0111ena nova pauza, pa ba\u010deno pirotehni\u010dko sredstvo.<\/p>\n<p><iframe loading=\"lazy\" src=\"https:\/\/www.facebook.com\/plugins\/video.php?href=https%3A%2F%2Fwww.facebook.com%2Fmarina.jocic.92%2Fvideos%2F2990393804318349%2F&amp;show_text=0&amp;width=560\" width=\"560\" height=\"315\" frameborder=\"0\" scrolling=\"no\" allowfullscreen=\"allowfullscreen\" data-mce-fragment=\"1\"><\/iframe><\/p>\n<p>Tokom vi\u0161e\u010dasovne burne skup\u0161tinske rasprave \u0161redstavnici vladaju\u0107e koalicije, kao i SDP su najavili da \u0107e podr\u017eati ovaj Prijedlog zakona, dok je za predstavnike prosrpske opozicije Prjedlog zakona neprihvatljiv. U Skup\u0161tini se vodila \u017eustra polemika oko Zakona, a poslanici DF-a su iznijeli niz uvreda na ra\u010dun crnoggorske vlasti i\u00a0 saop\u0161tili su da imaju plan djelovanja, te poru\u010dili da ne\u0107e dozvoliti izglasavanje ovog zakonskog akta.\u00a0 Ovaj opozicioni savez dostavio je preko stotinu amandmana, o kojima raspravlja Skup\u0161tina. U Skup\u0161tini su premijer\u00a0<strong>Du\u0161ko Markovi\u0107<\/strong>\u00a0i ministri u njegovoj Vladi.<\/p>\n<p><iframe loading=\"lazy\" src=\"https:\/\/www.facebook.com\/plugins\/video.php?href=https%3A%2F%2Fwww.facebook.com%2Fmarina.jocic.92%2Fvideos%2F2990353390989057%2F&amp;show_text=0&amp;width=560\" width=\"560\" height=\"315\" frameborder=\"0\" scrolling=\"no\" allowfullscreen=\"allowfullscreen\" data-mce-fragment=\"1\"><\/iframe><\/p>\n<p>Prethodno su Zakonodavni i Odbor za ljudska i manjinska prva odbili sve amandmane koje je podnio Demokrtaski front.<\/p>\n","protected":false},"excerpt":{"rendered":"<p>Svi poslanici Demokratskog fronta privedeni su u policiju nakon \u0161to su ve\u010deras u Skup\u0161tini Crne Gore, gdje je u na\u010delu usvojen Prijedlog zakona o slobodi vjeroispovijesti ili uvjerenja i pravnom polo\u017eaju vjerskih zajednica izazvali haos u plenarnoj sali. Glasalo je 46 poslanika od toga 45 za, a jedan je bio uzdr\u017ean. Potom su poslanici DF-a\u00a0Andrija [&hellip;]<\/p>\n","protected":false},"author":509,"featured_media":232341,"comment_status":"open","ping_status":"open","sticky":false,"template":"","format":"standard","meta":{"footnotes":""},"categories":[398,1,397,10504,10174,396,10308,395,399,10173,8957],"tags":[],"class_list":{"0":"post-232339","1":"post","2":"type-post","3":"status-publish","4":"format-standard","5":"has-post-thumbnail","7":"category-rozaje","8":"category-politika","9":"category-berane","10":"category-juzni-sandzak-sandzak-2","11":"category-petnjica-vase-vijesti","12":"category-bijelo_polje","13":"category-crna-gora","14":"category-pljevlja_","15":"category-plav_","16":"category-gusinje-vase-vijesti","17":"category-vijesti-dana"},"yoast_head":"<!-- This site is optimized with the Yoast SEO Premium plugin v23.1 (Yoast SEO v24.9) - https:\/\/yoast.com\/wordpress\/plugins\/seo\/ -->\n<title>Haos u Crnoj Gori - Privedeni svi poslanici DF-a (Video)<\/title>\n<meta name=\"robots\" content=\"index, follow, max-snippet:-1, max-image-preview:large, max-video-preview:-1\" \/>\n<link rel=\"canonical\" href=\"https:\/\/sandzakpress.net\/arhiva\/haos-u-crnoj-gori-privedeni-svi-poslanici-df-a-video\/\" \/>\n<meta property=\"og:locale\" content=\"bs_BA\" \/>\n<meta property=\"og:type\" content=\"article\" \/>\n<meta property=\"og:title\" content=\"Haos u Crnoj Gori - Privedeni svi poslanici DF-a (Video)\" \/>\n<meta property=\"og:description\" content=\"Svi poslanici Demokratskog fronta privedeni su u policiju nakon \u0161to su ve\u010deras u Skup\u0161tini Crne Gore, gdje je u na\u010delu usvojen Prijedlog zakona o slobodi vjeroispovijesti ili uvjerenja i pravnom polo\u017eaju vjerskih zajednica izazvali haos u plenarnoj sali. Glasalo je 46 poslanika od toga 45 za, a jedan je bio uzdr\u017ean. Potom su poslanici DF-a\u00a0Andrija [&hellip;]\" \/>\n<meta property=\"og:url\" content=\"https:\/\/sandzakpress.net\/arhiva\/haos-u-crnoj-gori-privedeni-svi-poslanici-df-a-video\/\" \/>\n<meta property=\"og:site_name\" content=\"Sand\u017eak PRESS\" \/>\n<meta property=\"article:published_time\" content=\"2019-12-27T07:26:01+00:00\" \/>\n<meta property=\"og:image\" content=\"https:\/\/sandzakpress.net\/arhiva\/wp-content\/uploads\/2019\/12\/98OOOO-616x295-1.jpg\" \/>\n\t<meta property=\"og:image:width\" content=\"616\" \/>\n\t<meta property=\"og:image:height\" content=\"295\" \/>\n\t<meta property=\"og:image:type\" content=\"image\/jpeg\" \/>\n<meta name=\"author\" content=\"Agencija\" \/>\n<meta name=\"twitter:card\" content=\"summary_large_image\" \/>\n<meta name=\"twitter:label1\" content=\"Written by\" \/>\n\t<meta name=\"twitter:data1\" content=\"Agencija\" \/>\n\t<meta name=\"twitter:label2\" content=\"Est. reading time\" \/>\n\t<meta name=\"twitter:data2\" content=\"2 minute\" \/>\n<script type=\"application\/ld+json\" class=\"yoast-schema-graph\">{\"@context\":\"https:\/\/schema.org\",\"@graph\":[{\"@type\":\"Article\",\"@id\":\"https:\/\/sandzakpress.net\/arhiva\/haos-u-crnoj-gori-privedeni-svi-poslanici-df-a-video\/#article\",\"isPartOf\":{\"@id\":\"https:\/\/sandzakpress.net\/arhiva\/haos-u-crnoj-gori-privedeni-svi-poslanici-df-a-video\/\"},\"author\":{\"name\":\"Agencija\",\"@id\":\"https:\/\/sandzakpress.net\/arhiva\/#\/schema\/person\/cb59d7e3ab91ab90dd680ad0305a6185\"},\"headline\":\"Haos u Crnoj Gori &#8211; Privedeni svi poslanici DF-a (Video)\",\"datePublished\":\"2019-12-27T07:26:01+00:00\",\"mainEntityOfPage\":{\"@id\":\"https:\/\/sandzakpress.net\/arhiva\/haos-u-crnoj-gori-privedeni-svi-poslanici-df-a-video\/\"},\"wordCount\":367,\"commentCount\":0,\"publisher\":{\"@id\":\"https:\/\/sandzakpress.net\/arhiva\/#\/schema\/person\/6e72b67d6e51910a1117b3b483ba20bd\"},\"image\":{\"@id\":\"https:\/\/sandzakpress.net\/arhiva\/haos-u-crnoj-gori-privedeni-svi-poslanici-df-a-video\/#primaryimage\"},\"thumbnailUrl\":\"https:\/\/sandzakpress.net\/arhiva\/wp-content\/uploads\/2019\/12\/98OOOO-616x295-1.jpg\",\"articleSection\":[\"Ro\u017eaje\",\"Politika\",\"Berane\",\"Ju\u017eni Sand\u017eak\",\"Petnjica\",\"Bijelo Polje\",\"Crna Gora\",\"Pljevlja\",\"Plav\",\"Gusinje\",\"VIJESTI DANA\"],\"inLanguage\":\"bs-BA\",\"potentialAction\":[{\"@type\":\"CommentAction\",\"name\":\"Comment\",\"target\":[\"https:\/\/sandzakpress.net\/arhiva\/haos-u-crnoj-gori-privedeni-svi-poslanici-df-a-video\/#respond\"]}]},{\"@type\":\"WebPage\",\"@id\":\"https:\/\/sandzakpress.net\/arhiva\/haos-u-crnoj-gori-privedeni-svi-poslanici-df-a-video\/\",\"url\":\"https:\/\/sandzakpress.net\/arhiva\/haos-u-crnoj-gori-privedeni-svi-poslanici-df-a-video\/\",\"name\":\"Haos u Crnoj Gori - Privedeni svi poslanici DF-a (Video)\",\"isPartOf\":{\"@id\":\"https:\/\/sandzakpress.net\/arhiva\/#website\"},\"primaryImageOfPage\":{\"@id\":\"https:\/\/sandzakpress.net\/arhiva\/haos-u-crnoj-gori-privedeni-svi-poslanici-df-a-video\/#primaryimage\"},\"image\":{\"@id\":\"https:\/\/sandzakpress.net\/arhiva\/haos-u-crnoj-gori-privedeni-svi-poslanici-df-a-video\/#primaryimage\"},\"thumbnailUrl\":\"https:\/\/sandzakpress.net\/arhiva\/wp-content\/uploads\/2019\/12\/98OOOO-616x295-1.jpg\",\"datePublished\":\"2019-12-27T07:26:01+00:00\",\"breadcrumb\":{\"@id\":\"https:\/\/sandzakpress.net\/arhiva\/haos-u-crnoj-gori-privedeni-svi-poslanici-df-a-video\/#breadcrumb\"},\"inLanguage\":\"bs-BA\",\"potentialAction\":[{\"@type\":\"ReadAction\",\"target\":[\"https:\/\/sandzakpress.net\/arhiva\/haos-u-crnoj-gori-privedeni-svi-poslanici-df-a-video\/\"]}]},{\"@type\":\"ImageObject\",\"inLanguage\":\"bs-BA\",\"@id\":\"https:\/\/sandzakpress.net\/arhiva\/haos-u-crnoj-gori-privedeni-svi-poslanici-df-a-video\/#primaryimage\",\"url\":\"https:\/\/sandzakpress.net\/arhiva\/wp-content\/uploads\/2019\/12\/98OOOO-616x295-1.jpg\",\"contentUrl\":\"https:\/\/sandzakpress.net\/arhiva\/wp-content\/uploads\/2019\/12\/98OOOO-616x295-1.jpg\",\"width\":616,\"height\":295},{\"@type\":\"BreadcrumbList\",\"@id\":\"https:\/\/sandzakpress.net\/arhiva\/haos-u-crnoj-gori-privedeni-svi-poslanici-df-a-video\/#breadcrumb\",\"itemListElement\":[{\"@type\":\"ListItem\",\"position\":1,\"name\":\"Home\",\"item\":\"https:\/\/sandzakpress.net\/arhiva\/\"},{\"@type\":\"ListItem\",\"position\":2,\"name\":\"Haos u Crnoj Gori &#8211; Privedeni svi poslanici DF-a (Video)\"}]},{\"@type\":\"WebSite\",\"@id\":\"https:\/\/sandzakpress.net\/arhiva\/#website\",\"url\":\"https:\/\/sandzakpress.net\/arhiva\/\",\"name\":\"Sand\u017eak PRESS\",\"description\":\"Prve elektronske novine u Sand\u017eaku\",\"publisher\":{\"@id\":\"https:\/\/sandzakpress.net\/arhiva\/#\/schema\/person\/6e72b67d6e51910a1117b3b483ba20bd\"},\"potentialAction\":[{\"@type\":\"SearchAction\",\"target\":{\"@type\":\"EntryPoint\",\"urlTemplate\":\"https:\/\/sandzakpress.net\/arhiva\/?s={search_term_string}\"},\"query-input\":{\"@type\":\"PropertyValueSpecification\",\"valueRequired\":true,\"valueName\":\"search_term_string\"}}],\"inLanguage\":\"bs-BA\"},{\"@type\":[\"Person\",\"Organization\"],\"@id\":\"https:\/\/sandzakpress.net\/arhiva\/#\/schema\/person\/6e72b67d6e51910a1117b3b483ba20bd\",\"name\":\"Kul\",\"image\":{\"@type\":\"ImageObject\",\"inLanguage\":\"bs-BA\",\"@id\":\"https:\/\/sandzakpress.net\/arhiva\/#\/schema\/person\/image\/\",\"url\":\"https:\/\/secure.gravatar.com\/avatar\/42263f39aa27ac04c43cab85c280eb2e?s=96&d=mm&r=pg\",\"contentUrl\":\"https:\/\/secure.gravatar.com\/avatar\/42263f39aa27ac04c43cab85c280eb2e?s=96&d=mm&r=pg\",\"caption\":\"Kul\"},\"logo\":{\"@id\":\"https:\/\/sandzakpress.net\/arhiva\/#\/schema\/person\/image\/\"}},{\"@type\":\"Person\",\"@id\":\"https:\/\/sandzakpress.net\/arhiva\/#\/schema\/person\/cb59d7e3ab91ab90dd680ad0305a6185\",\"name\":\"Agencija\",\"image\":{\"@type\":\"ImageObject\",\"inLanguage\":\"bs-BA\",\"@id\":\"https:\/\/sandzakpress.net\/arhiva\/#\/schema\/person\/image\/\",\"url\":\"https:\/\/secure.gravatar.com\/avatar\/4b7fafa80a22f0c2afe23966b3961fe0?s=96&d=mm&r=pg\",\"contentUrl\":\"https:\/\/secure.gravatar.com\/avatar\/4b7fafa80a22f0c2afe23966b3961fe0?s=96&d=mm&r=pg\",\"caption\":\"Agencija\"},\"url\":\"https:\/\/sandzakpress.net\/arhiva\/author\/agencija\/\"}]}<\/script>\n<!-- \/ Yoast SEO Premium plugin. -->","yoast_head_json":{"title":"Haos u Crnoj Gori - Privedeni svi poslanici DF-a (Video)","robots":{"index":"index","follow":"follow","max-snippet":"max-snippet:-1","max-image-preview":"max-image-preview:large","max-video-preview":"max-video-preview:-1"},"canonical":"https:\/\/sandzakpress.net\/arhiva\/haos-u-crnoj-gori-privedeni-svi-poslanici-df-a-video\/","og_locale":"bs_BA","og_type":"article","og_title":"Haos u Crnoj Gori - Privedeni svi poslanici DF-a (Video)","og_description":"Svi poslanici Demokratskog fronta privedeni su u policiju nakon \u0161to su ve\u010deras u Skup\u0161tini Crne Gore, gdje je u na\u010delu usvojen Prijedlog zakona o slobodi vjeroispovijesti ili uvjerenja i pravnom polo\u017eaju vjerskih zajednica izazvali haos u plenarnoj sali. Glasalo je 46 poslanika od toga 45 za, a jedan je bio uzdr\u017ean. Potom su poslanici DF-a\u00a0Andrija [&hellip;]","og_url":"https:\/\/sandzakpress.net\/arhiva\/haos-u-crnoj-gori-privedeni-svi-poslanici-df-a-video\/","og_site_name":"Sand\u017eak PRESS","article_published_time":"2019-12-27T07:26:01+00:00","og_image":[{"width":616,"height":295,"url":"https:\/\/sandzakpress.net\/arhiva\/wp-content\/uploads\/2019\/12\/98OOOO-616x295-1.jpg","type":"image\/jpeg"}],"author":"Agencija","twitter_card":"summary_large_image","twitter_misc":{"Written by":"Agencija","Est. reading time":"2 minute"},"schema":{"@context":"https:\/\/schema.org","@graph":[{"@type":"Article","@id":"https:\/\/sandzakpress.net\/arhiva\/haos-u-crnoj-gori-privedeni-svi-poslanici-df-a-video\/#article","isPartOf":{"@id":"https:\/\/sandzakpress.net\/arhiva\/haos-u-crnoj-gori-privedeni-svi-poslanici-df-a-video\/"},"author":{"name":"Agencija","@id":"https:\/\/sandzakpress.net\/arhiva\/#\/schema\/person\/cb59d7e3ab91ab90dd680ad0305a6185"},"headline":"Haos u Crnoj Gori &#8211; Privedeni svi poslanici DF-a (Video)","datePublished":"2019-12-27T07:26:01+00:00","mainEntityOfPage":{"@id":"https:\/\/sandzakpress.net\/arhiva\/haos-u-crnoj-gori-privedeni-svi-poslanici-df-a-video\/"},"wordCount":367,"commentCount":0,"publisher":{"@id":"https:\/\/sandzakpress.net\/arhiva\/#\/schema\/person\/6e72b67d6e51910a1117b3b483ba20bd"},"image":{"@id":"https:\/\/sandzakpress.net\/arhiva\/haos-u-crnoj-gori-privedeni-svi-poslanici-df-a-video\/#primaryimage"},"thumbnailUrl":"https:\/\/sandzakpress.net\/arhiva\/wp-content\/uploads\/2019\/12\/98OOOO-616x295-1.jpg","articleSection":["Ro\u017eaje","Politika","Berane","Ju\u017eni Sand\u017eak","Petnjica","Bijelo Polje","Crna Gora","Pljevlja","Plav","Gusinje","VIJESTI DANA"],"inLanguage":"bs-BA","potentialAction":[{"@type":"CommentAction","name":"Comment","target":["https:\/\/sandzakpress.net\/arhiva\/haos-u-crnoj-gori-privedeni-svi-poslanici-df-a-video\/#respond"]}]},{"@type":"WebPage","@id":"https:\/\/sandzakpress.net\/arhiva\/haos-u-crnoj-gori-privedeni-svi-poslanici-df-a-video\/","url":"https:\/\/sandzakpress.net\/arhiva\/haos-u-crnoj-gori-privedeni-svi-poslanici-df-a-video\/","name":"Haos u Crnoj Gori - Privedeni svi poslanici DF-a (Video)","isPartOf":{"@id":"https:\/\/sandzakpress.net\/arhiva\/#website"},"primaryImageOfPage":{"@id":"https:\/\/sandzakpress.net\/arhiva\/haos-u-crnoj-gori-privedeni-svi-poslanici-df-a-video\/#primaryimage"},"image":{"@id":"https:\/\/sandzakpress.net\/arhiva\/haos-u-crnoj-gori-privedeni-svi-poslanici-df-a-video\/#primaryimage"},"thumbnailUrl":"https:\/\/sandzakpress.net\/arhiva\/wp-content\/uploads\/2019\/12\/98OOOO-616x295-1.jpg","datePublished":"2019-12-27T07:26:01+00:00","breadcrumb":{"@id":"https:\/\/sandzakpress.net\/arhiva\/haos-u-crnoj-gori-privedeni-svi-poslanici-df-a-video\/#breadcrumb"},"inLanguage":"bs-BA","potentialAction":[{"@type":"ReadAction","target":["https:\/\/sandzakpress.net\/arhiva\/haos-u-crnoj-gori-privedeni-svi-poslanici-df-a-video\/"]}]},{"@type":"ImageObject","inLanguage":"bs-BA","@id":"https:\/\/sandzakpress.net\/arhiva\/haos-u-crnoj-gori-privedeni-svi-poslanici-df-a-video\/#primaryimage","url":"https:\/\/sandzakpress.net\/arhiva\/wp-content\/uploads\/2019\/12\/98OOOO-616x295-1.jpg","contentUrl":"https:\/\/sandzakpress.net\/arhiva\/wp-content\/uploads\/2019\/12\/98OOOO-616x295-1.jpg","width":616,"height":295},{"@type":"BreadcrumbList","@id":"https:\/\/sandzakpress.net\/arhiva\/haos-u-crnoj-gori-privedeni-svi-poslanici-df-a-video\/#breadcrumb","itemListElement":[{"@type":"ListItem","position":1,"name":"Home","item":"https:\/\/sandzakpress.net\/arhiva\/"},{"@type":"ListItem","position":2,"name":"Haos u Crnoj Gori &#8211; Privedeni svi poslanici DF-a (Video)"}]},{"@type":"WebSite","@id":"https:\/\/sandzakpress.net\/arhiva\/#website","url":"https:\/\/sandzakpress.net\/arhiva\/","name":"Sand\u017eak PRESS","description":"Prve elektronske novine u Sand\u017eaku","publisher":{"@id":"https:\/\/sandzakpress.net\/arhiva\/#\/schema\/person\/6e72b67d6e51910a1117b3b483ba20bd"},"potentialAction":[{"@type":"SearchAction","target":{"@type":"EntryPoint","urlTemplate":"https:\/\/sandzakpress.net\/arhiva\/?s={search_term_string}"},"query-input":{"@type":"PropertyValueSpecification","valueRequired":true,"valueName":"search_term_string"}}],"inLanguage":"bs-BA"},{"@type":["Person","Organization"],"@id":"https:\/\/sandzakpress.net\/arhiva\/#\/schema\/person\/6e72b67d6e51910a1117b3b483ba20bd","name":"Kul","image":{"@type":"ImageObject","inLanguage":"bs-BA","@id":"https:\/\/sandzakpress.net\/arhiva\/#\/schema\/person\/image\/","url":"https:\/\/secure.gravatar.com\/avatar\/42263f39aa27ac04c43cab85c280eb2e?s=96&d=mm&r=pg","contentUrl":"https:\/\/secure.gravatar.com\/avatar\/42263f39aa27ac04c43cab85c280eb2e?s=96&d=mm&r=pg","caption":"Kul"},"logo":{"@id":"https:\/\/sandzakpress.net\/arhiva\/#\/schema\/person\/image\/"}},{"@type":"Person","@id":"https:\/\/sandzakpress.net\/arhiva\/#\/schema\/person\/cb59d7e3ab91ab90dd680ad0305a6185","name":"Agencija","image":{"@type":"ImageObject","inLanguage":"bs-BA","@id":"https:\/\/sandzakpress.net\/arhiva\/#\/schema\/person\/image\/","url":"https:\/\/secure.gravatar.com\/avatar\/4b7fafa80a22f0c2afe23966b3961fe0?s=96&d=mm&r=pg","contentUrl":"https:\/\/secure.gravatar.com\/avatar\/4b7fafa80a22f0c2afe23966b3961fe0?s=96&d=mm&r=pg","caption":"Agencija"},"url":"https:\/\/sandzakpress.net\/arhiva\/author\/agencija\/"}]}},"_links":{"self":[{"href":"https:\/\/sandzakpress.net\/arhiva\/wp-json\/wp\/v2\/posts\/232339"}],"collection":[{"href":"https:\/\/sandzakpress.net\/arhiva\/wp-json\/wp\/v2\/posts"}],"about":[{"href":"https:\/\/sandzakpress.net\/arhiva\/wp-json\/wp\/v2\/types\/post"}],"author":[{"embeddable":true,"href":"https:\/\/sandzakpress.net\/arhiva\/wp-json\/wp\/v2\/users\/509"}],"replies":[{"embeddable":true,"href":"https:\/\/sandzakpress.net\/arhiva\/wp-json\/wp\/v2\/comments?post=232339"}],"version-history":[{"count":0,"href":"https:\/\/sandzakpress.net\/arhiva\/wp-json\/wp\/v2\/posts\/232339\/revisions"}],"wp:featuredmedia":[{"embeddable":true,"href":"https:\/\/sandzakpress.net\/arhiva\/wp-json\/wp\/v2\/media\/232341"}],"wp:attachment":[{"href":"https:\/\/sandzakpress.net\/arhiva\/wp-json\/wp\/v2\/media?parent=232339"}],"wp:term":[{"taxonomy":"category","embeddable":true,"href":"https:\/\/sandzakpress.net\/arhiva\/wp-json\/wp\/v2\/categories?post=232339"},{"taxonomy":"post_tag","embeddable":true,"href":"https:\/\/sandzakpress.net\/arhiva\/wp-json\/wp\/v2\/tags?post=232339"}],"curies":[{"name":"wp","href":"https:\/\/api.w.org\/{rel}","templated":true}]}}