{"id":232326,"date":"2019-12-26T15:57:50","date_gmt":"2019-12-26T14:57:50","guid":{"rendered":"https:\/\/sandzakpress.net\/arhiva\/?p=232326"},"modified":"2019-12-27T13:12:53","modified_gmt":"2019-12-27T12:12:53","slug":"rasprava-dr-zukorlica-i-ministra-vulina-neprihvatljivo-da-se-unutrasnja-pitanja-bih-tretiraju-vojnom-strategijom-srbije","status":"publish","type":"post","link":"https:\/\/sandzakpress.net\/arhiva\/rasprava-dr-zukorlica-i-ministra-vulina-neprihvatljivo-da-se-unutrasnja-pitanja-bih-tretiraju-vojnom-strategijom-srbije\/","title":{"rendered":"Rasprava dr. Zukorli\u0107a i ministra Vulina &#8211; Neprihvatljivo da se unutra\u0161nja pitanja BiH tretiraju vojnom strategijom Srbije!"},"content":{"rendered":"<p><img loading=\"lazy\" decoding=\"async\" class=\"alignnone size-full wp-image-232327\" src=\"https:\/\/sandzakpress.net\/arhiva\/wp-content\/uploads\/2019\/12\/zukorlic-vs-vulin.jpg\" alt=\"\" width=\"636\" height=\"469\" srcset=\"https:\/\/sandzakpress.net\/arhiva\/wp-content\/uploads\/2019\/12\/zukorlic-vs-vulin.jpg 636w, https:\/\/sandzakpress.net\/arhiva\/wp-content\/uploads\/2019\/12\/zukorlic-vs-vulin-300x220.jpg 300w, https:\/\/sandzakpress.net\/arhiva\/wp-content\/uploads\/2019\/12\/zukorlic-vs-vulin-616x454.jpg 616w\" sizes=\"(max-width: 636px) 100vw, 636px\" \/><\/p>\n<p><strong>Narodni poslanik Stranke pravde i pomirenja dr. Muamer Zukorli\u0107 reagovao je danas u Skup\u0161tini Srbije na govor ministra odbrane Aleksandra Vulina o Strategiji o bezbjednosti Republike Srbije.\u00a0Strategija u jednom dokumentu te vrste u Srbija prvi put kao svoj prioritet zacrtava o\u010duvanje Republike Srpske, jednog od dva bh. entiteta.<\/strong><\/p>\n<p>Dr. Zukorli\u0107 istakao da je svako obuhvatanje vojnom strategijom nekog pitanja koje se odnosi na unutarnje pitanje neke druge zemlje neprihvatljivo.<\/p>\n<p>&#8211; Ja nisam siguran da je pametno i politi\u010dki odgovorno samo izre\u0107i ovdje velike rije\u010di u pogledu odlu\u010dnosti da budemo najja\u010di, najbolji, da se nikog ne bojimo a u koliko Srbiju guramo u neku vrstu obru\u010da, politi\u010dkog, vojnog i ekonomskog to ne mo\u017ee biti odgovorna dr\u017eavni\u010dka politika. Smatram da je jako va\u017eno biti pametan i osjetljiv na formulacije. Svako obuhvatanje vojnom strategijom nekog pitanja koje se odnosi na unutarnje pitanje neke zemlje je veoma rizni\u010dno, po meni \u010dak i neprihvatljivo i mislim da ne razmi\u0161ljamo o ne\u010demu \u0161to mo\u017ee biti reakcija. To je legalizovanje prava da sve susedne zemlje to iskoriste, pa da u svojim vojnim strategijama tretiraju neka unutarnja pitanja dr\u017eave Srbije \u0161to sigurno ne\u0107e biti na korist nacionalne i dr\u017eavne bezbijednosti i budu\u0107nosti ove zemlje.\u00a0<\/p>\n<p>Dr. Zukorli\u0107 rekao da razumije potrebu da se Vojska uredi i oja\u010da, ali da &#8220;u odnosu na BiH treba biti oprezan u izjavama jer potpisnik Dejtona ne zna\u010di garant, nego stranu koja je na neki na\u010din u\u010destvovala u svemu \u0161to se de\u0161avalo do tog sporazuma&#8221;.<\/p>\n<p>On je dodao da treba biti posebno osjetljiv na formulacije jer one mogu ne biti shva\u0107ene kako treba, i da je &#8220;veoma rizi\u010dno svako obuhvatanje vojnom strategijom nekog pitanja koje se odnosi na unutra\u0161nje pitanje neke zemlje&#8221;.<\/p>\n<p>Ministar Vulin je odgovorio da\u00a0&#8220;slu\u0161a \u0161ta se govori u Sarajevu, ali nikako da \u010duje \u010dime to Srbija prijeti&#8221;.<\/p>\n<p>&#8220;Neka u BIH budu mirni: \u010duvaju\u0107i Dejtonski sporazum Srbija \u010duva i njihov \u017eivot i njihovu djecu&#8221; rekao je Vulin i podsjetio da je Srbija, odnosno Savezna Republika Jugoslavija, potpisnica Dejtonskog sporazuma, dodav\u0161i da je Srbija &#8220;garant njegovog sprovo\u0111enja&#8221;.<\/p>\n<p>Bo\u0161nja\u010dkim predstavnicima u Vladi BiH Vulin je poru\u010dio\u00a0&#8220;da ne prijete ni\u010dim jer ni njima niko ne prijeti, ve\u0107 da odgovore ko je poku\u0161ao u Srebrenici da ubije Aleksanda Vu\u010di\u0107a&#8221;.<\/p>\n<p>Pogledajte cijelu raspravu.<\/p>\n<p><iframe loading=\"lazy\" title=\"Rasprava dr. Zukorli\u0107a i ministra Vulina o Bo\u0161njacima i BiH\" width=\"696\" height=\"392\" src=\"https:\/\/www.youtube.com\/embed\/8RNvG6_aLM0?feature=oembed\" frameborder=\"0\" allow=\"accelerometer; autoplay; encrypted-media; gyroscope; picture-in-picture\" allowfullscreen><\/iframe><\/p>\n","protected":false},"excerpt":{"rendered":"<p>Narodni poslanik Stranke pravde i pomirenja dr. Muamer Zukorli\u0107 reagovao je danas u Skup\u0161tini Srbije na govor ministra odbrane Aleksandra Vulina o Strategiji o bezbjednosti Republike Srbije.\u00a0Strategija u jednom dokumentu te vrste u Srbija prvi put kao svoj prioritet zacrtava o\u010duvanje Republike Srpske, jednog od dva bh. entiteta. Dr. Zukorli\u0107 istakao da je svako obuhvatanje [&hellip;]<\/p>\n","protected":false},"author":509,"featured_media":232327,"comment_status":"open","ping_status":"open","sticky":false,"template":"","format":"standard","meta":{"footnotes":""},"categories":[72,1,52,327,392,393,394,8957],"tags":[10204,10541],"class_list":{"0":"post-232326","1":"post","2":"type-post","3":"status-publish","4":"format-standard","5":"has-post-thumbnail","7":"category-novi-pazar","8":"category-politika","9":"category-sjenica","10":"category-tutin","11":"category-prijepolje_","12":"category-priboj","13":"category-nova-varos","14":"category-vijesti-dana","15":"tag-muftija-muamer-zukorlic","16":"tag-spp"},"yoast_head":"<!-- This site is optimized with the Yoast SEO Premium plugin v23.1 (Yoast SEO v24.9) - https:\/\/yoast.com\/wordpress\/plugins\/seo\/ -->\n<title>Rasprava dr. Zukorli\u0107a i ministra Vulina - Neprihvatljivo da se unutra\u0161nja pitanja BiH tretiraju vojnom strategijom Srbije!<\/title>\n<meta name=\"robots\" content=\"index, follow, max-snippet:-1, max-image-preview:large, max-video-preview:-1\" \/>\n<link rel=\"canonical\" href=\"https:\/\/sandzakpress.net\/arhiva\/rasprava-dr-zukorlica-i-ministra-vulina-neprihvatljivo-da-se-unutrasnja-pitanja-bih-tretiraju-vojnom-strategijom-srbije\/\" \/>\n<meta property=\"og:locale\" content=\"bs_BA\" \/>\n<meta property=\"og:type\" content=\"article\" \/>\n<meta property=\"og:title\" content=\"Rasprava dr. Zukorli\u0107a i ministra Vulina - Neprihvatljivo da se unutra\u0161nja pitanja BiH tretiraju vojnom strategijom Srbije!\" \/>\n<meta property=\"og:description\" content=\"Narodni poslanik Stranke pravde i pomirenja dr. Muamer Zukorli\u0107 reagovao je danas u Skup\u0161tini Srbije na govor ministra odbrane Aleksandra Vulina o Strategiji o bezbjednosti Republike Srbije.\u00a0Strategija u jednom dokumentu te vrste u Srbija prvi put kao svoj prioritet zacrtava o\u010duvanje Republike Srpske, jednog od dva bh. entiteta. Dr. Zukorli\u0107 istakao da je svako obuhvatanje [&hellip;]\" \/>\n<meta property=\"og:url\" content=\"https:\/\/sandzakpress.net\/arhiva\/rasprava-dr-zukorlica-i-ministra-vulina-neprihvatljivo-da-se-unutrasnja-pitanja-bih-tretiraju-vojnom-strategijom-srbije\/\" \/>\n<meta property=\"og:site_name\" content=\"Sand\u017eak PRESS\" \/>\n<meta property=\"article:published_time\" content=\"2019-12-26T14:57:50+00:00\" \/>\n<meta property=\"article:modified_time\" content=\"2019-12-27T12:12:53+00:00\" \/>\n<meta property=\"og:image\" content=\"https:\/\/sandzakpress.net\/arhiva\/wp-content\/uploads\/2019\/12\/zukorlic-vs-vulin.jpg\" \/>\n\t<meta property=\"og:image:width\" content=\"636\" \/>\n\t<meta property=\"og:image:height\" content=\"469\" \/>\n\t<meta property=\"og:image:type\" content=\"image\/jpeg\" \/>\n<meta name=\"author\" content=\"Agencija\" \/>\n<meta name=\"twitter:card\" content=\"summary_large_image\" \/>\n<meta name=\"twitter:label1\" content=\"Written by\" \/>\n\t<meta name=\"twitter:data1\" content=\"Agencija\" \/>\n\t<meta name=\"twitter:label2\" content=\"Est. reading time\" \/>\n\t<meta name=\"twitter:data2\" content=\"2 minute\" \/>\n<script type=\"application\/ld+json\" class=\"yoast-schema-graph\">{\"@context\":\"https:\/\/schema.org\",\"@graph\":[{\"@type\":\"Article\",\"@id\":\"https:\/\/sandzakpress.net\/arhiva\/rasprava-dr-zukorlica-i-ministra-vulina-neprihvatljivo-da-se-unutrasnja-pitanja-bih-tretiraju-vojnom-strategijom-srbije\/#article\",\"isPartOf\":{\"@id\":\"https:\/\/sandzakpress.net\/arhiva\/rasprava-dr-zukorlica-i-ministra-vulina-neprihvatljivo-da-se-unutrasnja-pitanja-bih-tretiraju-vojnom-strategijom-srbije\/\"},\"author\":{\"name\":\"Agencija\",\"@id\":\"https:\/\/sandzakpress.net\/arhiva\/#\/schema\/person\/cb59d7e3ab91ab90dd680ad0305a6185\"},\"headline\":\"Rasprava dr. Zukorli\u0107a i ministra Vulina &#8211; Neprihvatljivo da se unutra\u0161nja pitanja BiH tretiraju vojnom strategijom Srbije!\",\"datePublished\":\"2019-12-26T14:57:50+00:00\",\"dateModified\":\"2019-12-27T12:12:53+00:00\",\"mainEntityOfPage\":{\"@id\":\"https:\/\/sandzakpress.net\/arhiva\/rasprava-dr-zukorlica-i-ministra-vulina-neprihvatljivo-da-se-unutrasnja-pitanja-bih-tretiraju-vojnom-strategijom-srbije\/\"},\"wordCount\":433,\"commentCount\":2,\"publisher\":{\"@id\":\"https:\/\/sandzakpress.net\/arhiva\/#\/schema\/person\/6e72b67d6e51910a1117b3b483ba20bd\"},\"image\":{\"@id\":\"https:\/\/sandzakpress.net\/arhiva\/rasprava-dr-zukorlica-i-ministra-vulina-neprihvatljivo-da-se-unutrasnja-pitanja-bih-tretiraju-vojnom-strategijom-srbije\/#primaryimage\"},\"thumbnailUrl\":\"https:\/\/sandzakpress.net\/arhiva\/wp-content\/uploads\/2019\/12\/zukorlic-vs-vulin.jpg\",\"keywords\":[\"muftija Muamer Zukorli\u0107\",\"SPP\"],\"articleSection\":[\"Novi Pazar\",\"Politika\",\"Sjenica\",\"Tutin\",\"Prijepolje\",\"Priboj\",\"Nova Varo\u0161\",\"VIJESTI DANA\"],\"inLanguage\":\"bs-BA\",\"potentialAction\":[{\"@type\":\"CommentAction\",\"name\":\"Comment\",\"target\":[\"https:\/\/sandzakpress.net\/arhiva\/rasprava-dr-zukorlica-i-ministra-vulina-neprihvatljivo-da-se-unutrasnja-pitanja-bih-tretiraju-vojnom-strategijom-srbije\/#respond\"]}]},{\"@type\":\"WebPage\",\"@id\":\"https:\/\/sandzakpress.net\/arhiva\/rasprava-dr-zukorlica-i-ministra-vulina-neprihvatljivo-da-se-unutrasnja-pitanja-bih-tretiraju-vojnom-strategijom-srbije\/\",\"url\":\"https:\/\/sandzakpress.net\/arhiva\/rasprava-dr-zukorlica-i-ministra-vulina-neprihvatljivo-da-se-unutrasnja-pitanja-bih-tretiraju-vojnom-strategijom-srbije\/\",\"name\":\"Rasprava dr. Zukorli\u0107a i ministra Vulina - Neprihvatljivo da se unutra\u0161nja pitanja BiH tretiraju vojnom strategijom Srbije!\",\"isPartOf\":{\"@id\":\"https:\/\/sandzakpress.net\/arhiva\/#website\"},\"primaryImageOfPage\":{\"@id\":\"https:\/\/sandzakpress.net\/arhiva\/rasprava-dr-zukorlica-i-ministra-vulina-neprihvatljivo-da-se-unutrasnja-pitanja-bih-tretiraju-vojnom-strategijom-srbije\/#primaryimage\"},\"image\":{\"@id\":\"https:\/\/sandzakpress.net\/arhiva\/rasprava-dr-zukorlica-i-ministra-vulina-neprihvatljivo-da-se-unutrasnja-pitanja-bih-tretiraju-vojnom-strategijom-srbije\/#primaryimage\"},\"thumbnailUrl\":\"https:\/\/sandzakpress.net\/arhiva\/wp-content\/uploads\/2019\/12\/zukorlic-vs-vulin.jpg\",\"datePublished\":\"2019-12-26T14:57:50+00:00\",\"dateModified\":\"2019-12-27T12:12:53+00:00\",\"breadcrumb\":{\"@id\":\"https:\/\/sandzakpress.net\/arhiva\/rasprava-dr-zukorlica-i-ministra-vulina-neprihvatljivo-da-se-unutrasnja-pitanja-bih-tretiraju-vojnom-strategijom-srbije\/#breadcrumb\"},\"inLanguage\":\"bs-BA\",\"potentialAction\":[{\"@type\":\"ReadAction\",\"target\":[\"https:\/\/sandzakpress.net\/arhiva\/rasprava-dr-zukorlica-i-ministra-vulina-neprihvatljivo-da-se-unutrasnja-pitanja-bih-tretiraju-vojnom-strategijom-srbije\/\"]}]},{\"@type\":\"ImageObject\",\"inLanguage\":\"bs-BA\",\"@id\":\"https:\/\/sandzakpress.net\/arhiva\/rasprava-dr-zukorlica-i-ministra-vulina-neprihvatljivo-da-se-unutrasnja-pitanja-bih-tretiraju-vojnom-strategijom-srbije\/#primaryimage\",\"url\":\"https:\/\/sandzakpress.net\/arhiva\/wp-content\/uploads\/2019\/12\/zukorlic-vs-vulin.jpg\",\"contentUrl\":\"https:\/\/sandzakpress.net\/arhiva\/wp-content\/uploads\/2019\/12\/zukorlic-vs-vulin.jpg\",\"width\":636,\"height\":469},{\"@type\":\"BreadcrumbList\",\"@id\":\"https:\/\/sandzakpress.net\/arhiva\/rasprava-dr-zukorlica-i-ministra-vulina-neprihvatljivo-da-se-unutrasnja-pitanja-bih-tretiraju-vojnom-strategijom-srbije\/#breadcrumb\",\"itemListElement\":[{\"@type\":\"ListItem\",\"position\":1,\"name\":\"Home\",\"item\":\"https:\/\/sandzakpress.net\/arhiva\/\"},{\"@type\":\"ListItem\",\"position\":2,\"name\":\"Rasprava dr. Zukorli\u0107a i ministra Vulina &#8211; Neprihvatljivo da se unutra\u0161nja pitanja BiH tretiraju vojnom strategijom Srbije!\"}]},{\"@type\":\"WebSite\",\"@id\":\"https:\/\/sandzakpress.net\/arhiva\/#website\",\"url\":\"https:\/\/sandzakpress.net\/arhiva\/\",\"name\":\"Sand\u017eak PRESS\",\"description\":\"Prve elektronske novine u Sand\u017eaku\",\"publisher\":{\"@id\":\"https:\/\/sandzakpress.net\/arhiva\/#\/schema\/person\/6e72b67d6e51910a1117b3b483ba20bd\"},\"potentialAction\":[{\"@type\":\"SearchAction\",\"target\":{\"@type\":\"EntryPoint\",\"urlTemplate\":\"https:\/\/sandzakpress.net\/arhiva\/?s={search_term_string}\"},\"query-input\":{\"@type\":\"PropertyValueSpecification\",\"valueRequired\":true,\"valueName\":\"search_term_string\"}}],\"inLanguage\":\"bs-BA\"},{\"@type\":[\"Person\",\"Organization\"],\"@id\":\"https:\/\/sandzakpress.net\/arhiva\/#\/schema\/person\/6e72b67d6e51910a1117b3b483ba20bd\",\"name\":\"Kul\",\"image\":{\"@type\":\"ImageObject\",\"inLanguage\":\"bs-BA\",\"@id\":\"https:\/\/sandzakpress.net\/arhiva\/#\/schema\/person\/image\/\",\"url\":\"https:\/\/secure.gravatar.com\/avatar\/42263f39aa27ac04c43cab85c280eb2e?s=96&d=mm&r=pg\",\"contentUrl\":\"https:\/\/secure.gravatar.com\/avatar\/42263f39aa27ac04c43cab85c280eb2e?s=96&d=mm&r=pg\",\"caption\":\"Kul\"},\"logo\":{\"@id\":\"https:\/\/sandzakpress.net\/arhiva\/#\/schema\/person\/image\/\"}},{\"@type\":\"Person\",\"@id\":\"https:\/\/sandzakpress.net\/arhiva\/#\/schema\/person\/cb59d7e3ab91ab90dd680ad0305a6185\",\"name\":\"Agencija\",\"image\":{\"@type\":\"ImageObject\",\"inLanguage\":\"bs-BA\",\"@id\":\"https:\/\/sandzakpress.net\/arhiva\/#\/schema\/person\/image\/\",\"url\":\"https:\/\/secure.gravatar.com\/avatar\/4b7fafa80a22f0c2afe23966b3961fe0?s=96&d=mm&r=pg\",\"contentUrl\":\"https:\/\/secure.gravatar.com\/avatar\/4b7fafa80a22f0c2afe23966b3961fe0?s=96&d=mm&r=pg\",\"caption\":\"Agencija\"},\"url\":\"https:\/\/sandzakpress.net\/arhiva\/author\/agencija\/\"}]}<\/script>\n<!-- \/ Yoast SEO Premium plugin. -->","yoast_head_json":{"title":"Rasprava dr. Zukorli\u0107a i ministra Vulina - Neprihvatljivo da se unutra\u0161nja pitanja BiH tretiraju vojnom strategijom Srbije!","robots":{"index":"index","follow":"follow","max-snippet":"max-snippet:-1","max-image-preview":"max-image-preview:large","max-video-preview":"max-video-preview:-1"},"canonical":"https:\/\/sandzakpress.net\/arhiva\/rasprava-dr-zukorlica-i-ministra-vulina-neprihvatljivo-da-se-unutrasnja-pitanja-bih-tretiraju-vojnom-strategijom-srbije\/","og_locale":"bs_BA","og_type":"article","og_title":"Rasprava dr. Zukorli\u0107a i ministra Vulina - Neprihvatljivo da se unutra\u0161nja pitanja BiH tretiraju vojnom strategijom Srbije!","og_description":"Narodni poslanik Stranke pravde i pomirenja dr. Muamer Zukorli\u0107 reagovao je danas u Skup\u0161tini Srbije na govor ministra odbrane Aleksandra Vulina o Strategiji o bezbjednosti Republike Srbije.\u00a0Strategija u jednom dokumentu te vrste u Srbija prvi put kao svoj prioritet zacrtava o\u010duvanje Republike Srpske, jednog od dva bh. entiteta. Dr. Zukorli\u0107 istakao da je svako obuhvatanje [&hellip;]","og_url":"https:\/\/sandzakpress.net\/arhiva\/rasprava-dr-zukorlica-i-ministra-vulina-neprihvatljivo-da-se-unutrasnja-pitanja-bih-tretiraju-vojnom-strategijom-srbije\/","og_site_name":"Sand\u017eak PRESS","article_published_time":"2019-12-26T14:57:50+00:00","article_modified_time":"2019-12-27T12:12:53+00:00","og_image":[{"width":636,"height":469,"url":"https:\/\/sandzakpress.net\/arhiva\/wp-content\/uploads\/2019\/12\/zukorlic-vs-vulin.jpg","type":"image\/jpeg"}],"author":"Agencija","twitter_card":"summary_large_image","twitter_misc":{"Written by":"Agencija","Est. reading time":"2 minute"},"schema":{"@context":"https:\/\/schema.org","@graph":[{"@type":"Article","@id":"https:\/\/sandzakpress.net\/arhiva\/rasprava-dr-zukorlica-i-ministra-vulina-neprihvatljivo-da-se-unutrasnja-pitanja-bih-tretiraju-vojnom-strategijom-srbije\/#article","isPartOf":{"@id":"https:\/\/sandzakpress.net\/arhiva\/rasprava-dr-zukorlica-i-ministra-vulina-neprihvatljivo-da-se-unutrasnja-pitanja-bih-tretiraju-vojnom-strategijom-srbije\/"},"author":{"name":"Agencija","@id":"https:\/\/sandzakpress.net\/arhiva\/#\/schema\/person\/cb59d7e3ab91ab90dd680ad0305a6185"},"headline":"Rasprava dr. Zukorli\u0107a i ministra Vulina &#8211; Neprihvatljivo da se unutra\u0161nja pitanja BiH tretiraju vojnom strategijom Srbije!","datePublished":"2019-12-26T14:57:50+00:00","dateModified":"2019-12-27T12:12:53+00:00","mainEntityOfPage":{"@id":"https:\/\/sandzakpress.net\/arhiva\/rasprava-dr-zukorlica-i-ministra-vulina-neprihvatljivo-da-se-unutrasnja-pitanja-bih-tretiraju-vojnom-strategijom-srbije\/"},"wordCount":433,"commentCount":2,"publisher":{"@id":"https:\/\/sandzakpress.net\/arhiva\/#\/schema\/person\/6e72b67d6e51910a1117b3b483ba20bd"},"image":{"@id":"https:\/\/sandzakpress.net\/arhiva\/rasprava-dr-zukorlica-i-ministra-vulina-neprihvatljivo-da-se-unutrasnja-pitanja-bih-tretiraju-vojnom-strategijom-srbije\/#primaryimage"},"thumbnailUrl":"https:\/\/sandzakpress.net\/arhiva\/wp-content\/uploads\/2019\/12\/zukorlic-vs-vulin.jpg","keywords":["muftija Muamer Zukorli\u0107","SPP"],"articleSection":["Novi Pazar","Politika","Sjenica","Tutin","Prijepolje","Priboj","Nova Varo\u0161","VIJESTI DANA"],"inLanguage":"bs-BA","potentialAction":[{"@type":"CommentAction","name":"Comment","target":["https:\/\/sandzakpress.net\/arhiva\/rasprava-dr-zukorlica-i-ministra-vulina-neprihvatljivo-da-se-unutrasnja-pitanja-bih-tretiraju-vojnom-strategijom-srbije\/#respond"]}]},{"@type":"WebPage","@id":"https:\/\/sandzakpress.net\/arhiva\/rasprava-dr-zukorlica-i-ministra-vulina-neprihvatljivo-da-se-unutrasnja-pitanja-bih-tretiraju-vojnom-strategijom-srbije\/","url":"https:\/\/sandzakpress.net\/arhiva\/rasprava-dr-zukorlica-i-ministra-vulina-neprihvatljivo-da-se-unutrasnja-pitanja-bih-tretiraju-vojnom-strategijom-srbije\/","name":"Rasprava dr. Zukorli\u0107a i ministra Vulina - Neprihvatljivo da se unutra\u0161nja pitanja BiH tretiraju vojnom strategijom Srbije!","isPartOf":{"@id":"https:\/\/sandzakpress.net\/arhiva\/#website"},"primaryImageOfPage":{"@id":"https:\/\/sandzakpress.net\/arhiva\/rasprava-dr-zukorlica-i-ministra-vulina-neprihvatljivo-da-se-unutrasnja-pitanja-bih-tretiraju-vojnom-strategijom-srbije\/#primaryimage"},"image":{"@id":"https:\/\/sandzakpress.net\/arhiva\/rasprava-dr-zukorlica-i-ministra-vulina-neprihvatljivo-da-se-unutrasnja-pitanja-bih-tretiraju-vojnom-strategijom-srbije\/#primaryimage"},"thumbnailUrl":"https:\/\/sandzakpress.net\/arhiva\/wp-content\/uploads\/2019\/12\/zukorlic-vs-vulin.jpg","datePublished":"2019-12-26T14:57:50+00:00","dateModified":"2019-12-27T12:12:53+00:00","breadcrumb":{"@id":"https:\/\/sandzakpress.net\/arhiva\/rasprava-dr-zukorlica-i-ministra-vulina-neprihvatljivo-da-se-unutrasnja-pitanja-bih-tretiraju-vojnom-strategijom-srbije\/#breadcrumb"},"inLanguage":"bs-BA","potentialAction":[{"@type":"ReadAction","target":["https:\/\/sandzakpress.net\/arhiva\/rasprava-dr-zukorlica-i-ministra-vulina-neprihvatljivo-da-se-unutrasnja-pitanja-bih-tretiraju-vojnom-strategijom-srbije\/"]}]},{"@type":"ImageObject","inLanguage":"bs-BA","@id":"https:\/\/sandzakpress.net\/arhiva\/rasprava-dr-zukorlica-i-ministra-vulina-neprihvatljivo-da-se-unutrasnja-pitanja-bih-tretiraju-vojnom-strategijom-srbije\/#primaryimage","url":"https:\/\/sandzakpress.net\/arhiva\/wp-content\/uploads\/2019\/12\/zukorlic-vs-vulin.jpg","contentUrl":"https:\/\/sandzakpress.net\/arhiva\/wp-content\/uploads\/2019\/12\/zukorlic-vs-vulin.jpg","width":636,"height":469},{"@type":"BreadcrumbList","@id":"https:\/\/sandzakpress.net\/arhiva\/rasprava-dr-zukorlica-i-ministra-vulina-neprihvatljivo-da-se-unutrasnja-pitanja-bih-tretiraju-vojnom-strategijom-srbije\/#breadcrumb","itemListElement":[{"@type":"ListItem","position":1,"name":"Home","item":"https:\/\/sandzakpress.net\/arhiva\/"},{"@type":"ListItem","position":2,"name":"Rasprava dr. Zukorli\u0107a i ministra Vulina &#8211; Neprihvatljivo da se unutra\u0161nja pitanja BiH tretiraju vojnom strategijom Srbije!"}]},{"@type":"WebSite","@id":"https:\/\/sandzakpress.net\/arhiva\/#website","url":"https:\/\/sandzakpress.net\/arhiva\/","name":"Sand\u017eak PRESS","description":"Prve elektronske novine u Sand\u017eaku","publisher":{"@id":"https:\/\/sandzakpress.net\/arhiva\/#\/schema\/person\/6e72b67d6e51910a1117b3b483ba20bd"},"potentialAction":[{"@type":"SearchAction","target":{"@type":"EntryPoint","urlTemplate":"https:\/\/sandzakpress.net\/arhiva\/?s={search_term_string}"},"query-input":{"@type":"PropertyValueSpecification","valueRequired":true,"valueName":"search_term_string"}}],"inLanguage":"bs-BA"},{"@type":["Person","Organization"],"@id":"https:\/\/sandzakpress.net\/arhiva\/#\/schema\/person\/6e72b67d6e51910a1117b3b483ba20bd","name":"Kul","image":{"@type":"ImageObject","inLanguage":"bs-BA","@id":"https:\/\/sandzakpress.net\/arhiva\/#\/schema\/person\/image\/","url":"https:\/\/secure.gravatar.com\/avatar\/42263f39aa27ac04c43cab85c280eb2e?s=96&d=mm&r=pg","contentUrl":"https:\/\/secure.gravatar.com\/avatar\/42263f39aa27ac04c43cab85c280eb2e?s=96&d=mm&r=pg","caption":"Kul"},"logo":{"@id":"https:\/\/sandzakpress.net\/arhiva\/#\/schema\/person\/image\/"}},{"@type":"Person","@id":"https:\/\/sandzakpress.net\/arhiva\/#\/schema\/person\/cb59d7e3ab91ab90dd680ad0305a6185","name":"Agencija","image":{"@type":"ImageObject","inLanguage":"bs-BA","@id":"https:\/\/sandzakpress.net\/arhiva\/#\/schema\/person\/image\/","url":"https:\/\/secure.gravatar.com\/avatar\/4b7fafa80a22f0c2afe23966b3961fe0?s=96&d=mm&r=pg","contentUrl":"https:\/\/secure.gravatar.com\/avatar\/4b7fafa80a22f0c2afe23966b3961fe0?s=96&d=mm&r=pg","caption":"Agencija"},"url":"https:\/\/sandzakpress.net\/arhiva\/author\/agencija\/"}]}},"_links":{"self":[{"href":"https:\/\/sandzakpress.net\/arhiva\/wp-json\/wp\/v2\/posts\/232326"}],"collection":[{"href":"https:\/\/sandzakpress.net\/arhiva\/wp-json\/wp\/v2\/posts"}],"about":[{"href":"https:\/\/sandzakpress.net\/arhiva\/wp-json\/wp\/v2\/types\/post"}],"author":[{"embeddable":true,"href":"https:\/\/sandzakpress.net\/arhiva\/wp-json\/wp\/v2\/users\/509"}],"replies":[{"embeddable":true,"href":"https:\/\/sandzakpress.net\/arhiva\/wp-json\/wp\/v2\/comments?post=232326"}],"version-history":[{"count":0,"href":"https:\/\/sandzakpress.net\/arhiva\/wp-json\/wp\/v2\/posts\/232326\/revisions"}],"wp:featuredmedia":[{"embeddable":true,"href":"https:\/\/sandzakpress.net\/arhiva\/wp-json\/wp\/v2\/media\/232327"}],"wp:attachment":[{"href":"https:\/\/sandzakpress.net\/arhiva\/wp-json\/wp\/v2\/media?parent=232326"}],"wp:term":[{"taxonomy":"category","embeddable":true,"href":"https:\/\/sandzakpress.net\/arhiva\/wp-json\/wp\/v2\/categories?post=232326"},{"taxonomy":"post_tag","embeddable":true,"href":"https:\/\/sandzakpress.net\/arhiva\/wp-json\/wp\/v2\/tags?post=232326"}],"curies":[{"name":"wp","href":"https:\/\/api.w.org\/{rel}","templated":true}]}}