{"id":232276,"date":"2019-12-25T21:20:55","date_gmt":"2019-12-25T20:20:55","guid":{"rendered":"https:\/\/sandzakpress.net\/arhiva\/tisina-i-tuga-ucenicima-iz-vogosce-prikazan-filma-a-bili-su-samo-djeca"},"modified":"2019-12-25T21:20:55","modified_gmt":"2019-12-25T20:20:55","slug":"tisina-i-tuga-ucenicima-iz-vogosce-prikazan-filma-a-bili-su-samo-djeca","status":"publish","type":"post","link":"https:\/\/sandzakpress.net\/arhiva\/tisina-i-tuga-ucenicima-iz-vogosce-prikazan-filma-a-bili-su-samo-djeca\/","title":{"rendered":"Ti\u0161ina i tuga: U\u010denicima iz Vogo\u0161\u0107e prikazan filma \u201cA bili su samo djeca\u201d"},"content":{"rendered":"<p><span class=\"cb-itemprop\"><\/p>\n<p><img decoding=\"async\" src=\"https:\/\/storage.radiosarajevo.ba\/image\/506710\/1180x732\/abilisusamodjeca.JPG\" alt=\"Youtube\/Screenshot\/A bili su samo djeca\" \/><\/p>\n<p><strong>Udru\u017eenje za za\u0161titu historijskih vrijednosti\u00a0<em>Haber<\/em>\u00a0ve\u0107 trinaest godina producira dokumentarne filmove i izdaje knjige kojima nastoji sa\u010duvati od zaborava sve zlo\u010dine sa kojima su se suo\u010davale Sarajlije za vrijeme agresije na na\u0161u zemlju.<\/strong><\/p>\n<p>Tako je ve\u010deras prikazan dokumentarni film\u00a0<strong>produkcije\u00a0<em>Haber\u00a0<\/em><\/strong>pod nazivom\u00a0<em>A bili su samo djeca<\/em>, u kino sali Kulturno-sportskog centra Vogo\u0161\u0107a.<\/p>\n<p>Film obuhvata ispovijesti i pri\u010de roditelja djece ubijene tokom opsade Sarajeva, podsje\u0107a na prekinuto djetinjstvo i donosi ratne snimke kao svjedo\u010danstvo o stradanju najmla\u0111ih Sarajlija.\u00a0<strong>Tuga i mu\u010dna ti\u0161ina<\/strong>\u00a0su se osjetile u sali KSC-a u Vogo\u0161\u0107i, a film je kod prisutnih izazvao\u00a0<strong>jake emocije<\/strong>\u00a0i mnogi nisu mogli zadr\u017eati suze.<\/p>\n<p>Publika su bili uglavnom u\u010denici i u\u010denice Osnovne \u0161kole\u00a0<em>Mirsad Prnjavorac\u00a0<\/em>iz Vogo\u0161\u0107e, a\u00a0s ciljem da se napravi jo\u0161 jedan korak u \u010duvanju sje\u0107anja, prije svega na one \u010diji su \u017eivoti uga\u0161eni u izgubljenoj granici izme\u0111u fronta i pozadine, a to su civili.<\/p>\n<p>\u201eNa\u0161a pri\u010da po\u010det \u0107e ve\u010deras o podsje\u0107anju na stradanja va\u0161ih vr\u0161njaka. O tome se, na \u017ealost ne u\u010di u \u0161kolskim klupama ali na\u0161a institucija sje\u0107anja mora biti \u010dvrsta. Tome samo mo\u017eemo doprinijeti zajedno, \u010duvaju\u0107i istinu od zaborava i nose\u0107i je sa sobom kroz vrijeme koje \u017eivimo\u201c, kazali su organizatori pred sami po\u010detak projekcije dokumentarca.<\/p>\n<p>Kako je istaknuo producent filma\u00a0<strong>Omer Edo Hadrovi\u0107<\/strong>, svi zainteresirani imat \u0107e priliku da brojne dokumente i potresna svjedo\u010denja o stradanju pogledaju u istoj sali svakog mjeseca.<\/p>\n<p><\/span><br \/>\nPogledajte vijest na izvornom sajtu:<\/p>\n<p><a href=\"https:\/\/bosnapress.net\/tisina-i-tuga-ucenicima-iz-vogosce-prikazan-filma-a-bili-su-samo-djeca\/\" target=\"_blank\">Ti\u0161ina i tuga: U\u010denicima iz Vogo\u0161\u0107e prikazan filma \u201cA bili su samo djeca\u201d<\/a><\/p>\n","protected":false},"excerpt":{"rendered":"<p>Udru\u017eenje za za\u0161titu historijskih vrijednosti\u00a0Haber\u00a0ve\u0107 trinaest godina producira dokumentarne filmove i izdaje knjige kojima nastoji sa\u010duvati od zaborava sve zlo\u010dine sa kojima su se suo\u010davale Sarajlije za vrijeme agresije na na\u0161u zemlju. Tako je ve\u010deras prikazan dokumentarni film\u00a0produkcije\u00a0Haber\u00a0pod nazivom\u00a0A bili su samo djeca, u kino sali Kulturno-sportskog centra Vogo\u0161\u0107a. Film obuhvata ispovijesti i pri\u010de roditelja [&hellip;]<\/p>\n","protected":false},"author":83,"featured_media":232277,"comment_status":"open","ping_status":"open","sticky":false,"template":"","format":"standard","meta":{"footnotes":""},"categories":[10513],"tags":[10466],"class_list":{"0":"post-232276","1":"post","2":"type-post","3":"status-publish","4":"format-standard","5":"has-post-thumbnail","7":"category-bosna-press","8":"tag-bosna-i-hercegovina"},"yoast_head":"<!-- This site is optimized with the Yoast SEO Premium plugin v23.1 (Yoast SEO v24.9) - https:\/\/yoast.com\/wordpress\/plugins\/seo\/ -->\n<title>Ti\u0161ina i tuga: U\u010denicima iz Vogo\u0161\u0107e prikazan filma \u201cA bili su samo djeca\u201d<\/title>\n<meta name=\"robots\" content=\"index, follow, max-snippet:-1, max-image-preview:large, max-video-preview:-1\" \/>\n<link rel=\"canonical\" href=\"https:\/\/sandzakpress.net\/arhiva\/tisina-i-tuga-ucenicima-iz-vogosce-prikazan-filma-a-bili-su-samo-djeca\/\" \/>\n<meta property=\"og:locale\" content=\"bs_BA\" \/>\n<meta property=\"og:type\" content=\"article\" \/>\n<meta property=\"og:title\" content=\"Ti\u0161ina i tuga: U\u010denicima iz Vogo\u0161\u0107e prikazan filma \u201cA bili su samo djeca\u201d\" \/>\n<meta property=\"og:description\" content=\"Udru\u017eenje za za\u0161titu historijskih vrijednosti\u00a0Haber\u00a0ve\u0107 trinaest godina producira dokumentarne filmove i izdaje knjige kojima nastoji sa\u010duvati od zaborava sve zlo\u010dine sa kojima su se suo\u010davale Sarajlije za vrijeme agresije na na\u0161u zemlju. Tako je ve\u010deras prikazan dokumentarni film\u00a0produkcije\u00a0Haber\u00a0pod nazivom\u00a0A bili su samo djeca, u kino sali Kulturno-sportskog centra Vogo\u0161\u0107a. Film obuhvata ispovijesti i pri\u010de roditelja [&hellip;]\" \/>\n<meta property=\"og:url\" content=\"https:\/\/sandzakpress.net\/arhiva\/tisina-i-tuga-ucenicima-iz-vogosce-prikazan-filma-a-bili-su-samo-djeca\/\" \/>\n<meta property=\"og:site_name\" content=\"Sand\u017eak PRESS\" \/>\n<meta property=\"article:published_time\" content=\"2019-12-25T20:20:55+00:00\" \/>\n<meta property=\"og:image\" content=\"https:\/\/sandzakpress.net\/arhiva\/wp-content\/uploads\/2019\/12\/abilisusamodjeca.jpg\" \/>\n\t<meta property=\"og:image:width\" content=\"1181\" \/>\n\t<meta property=\"og:image:height\" content=\"733\" \/>\n\t<meta property=\"og:image:type\" content=\"image\/jpeg\" \/>\n<meta name=\"author\" content=\"bosniak\" \/>\n<meta name=\"twitter:card\" content=\"summary_large_image\" \/>\n<meta name=\"twitter:label1\" content=\"Written by\" \/>\n\t<meta name=\"twitter:data1\" content=\"bosniak\" \/>\n\t<meta name=\"twitter:label2\" content=\"Est. reading time\" \/>\n\t<meta name=\"twitter:data2\" content=\"1 minuta\" \/>\n<script type=\"application\/ld+json\" class=\"yoast-schema-graph\">{\"@context\":\"https:\/\/schema.org\",\"@graph\":[{\"@type\":\"Article\",\"@id\":\"https:\/\/sandzakpress.net\/arhiva\/tisina-i-tuga-ucenicima-iz-vogosce-prikazan-filma-a-bili-su-samo-djeca\/#article\",\"isPartOf\":{\"@id\":\"https:\/\/sandzakpress.net\/arhiva\/tisina-i-tuga-ucenicima-iz-vogosce-prikazan-filma-a-bili-su-samo-djeca\/\"},\"author\":{\"name\":\"bosniak\",\"@id\":\"https:\/\/sandzakpress.net\/arhiva\/#\/schema\/person\/c8baee722073534b583ea7bdb2e36c02\"},\"headline\":\"Ti\u0161ina i tuga: U\u010denicima iz Vogo\u0161\u0107e prikazan filma \u201cA bili su samo djeca\u201d\",\"datePublished\":\"2019-12-25T20:20:55+00:00\",\"mainEntityOfPage\":{\"@id\":\"https:\/\/sandzakpress.net\/arhiva\/tisina-i-tuga-ucenicima-iz-vogosce-prikazan-filma-a-bili-su-samo-djeca\/\"},\"wordCount\":305,\"commentCount\":0,\"publisher\":{\"@id\":\"https:\/\/sandzakpress.net\/arhiva\/#\/schema\/person\/6e72b67d6e51910a1117b3b483ba20bd\"},\"image\":{\"@id\":\"https:\/\/sandzakpress.net\/arhiva\/tisina-i-tuga-ucenicima-iz-vogosce-prikazan-filma-a-bili-su-samo-djeca\/#primaryimage\"},\"thumbnailUrl\":\"https:\/\/sandzakpress.net\/arhiva\/wp-content\/uploads\/2019\/12\/abilisusamodjeca.jpg\",\"keywords\":[\"Bosna i Hercegovina\"],\"articleSection\":[\"Bosna PRESS\"],\"inLanguage\":\"bs-BA\",\"potentialAction\":[{\"@type\":\"CommentAction\",\"name\":\"Comment\",\"target\":[\"https:\/\/sandzakpress.net\/arhiva\/tisina-i-tuga-ucenicima-iz-vogosce-prikazan-filma-a-bili-su-samo-djeca\/#respond\"]}]},{\"@type\":\"WebPage\",\"@id\":\"https:\/\/sandzakpress.net\/arhiva\/tisina-i-tuga-ucenicima-iz-vogosce-prikazan-filma-a-bili-su-samo-djeca\/\",\"url\":\"https:\/\/sandzakpress.net\/arhiva\/tisina-i-tuga-ucenicima-iz-vogosce-prikazan-filma-a-bili-su-samo-djeca\/\",\"name\":\"Ti\u0161ina i tuga: U\u010denicima iz Vogo\u0161\u0107e prikazan filma \u201cA bili su samo djeca\u201d\",\"isPartOf\":{\"@id\":\"https:\/\/sandzakpress.net\/arhiva\/#website\"},\"primaryImageOfPage\":{\"@id\":\"https:\/\/sandzakpress.net\/arhiva\/tisina-i-tuga-ucenicima-iz-vogosce-prikazan-filma-a-bili-su-samo-djeca\/#primaryimage\"},\"image\":{\"@id\":\"https:\/\/sandzakpress.net\/arhiva\/tisina-i-tuga-ucenicima-iz-vogosce-prikazan-filma-a-bili-su-samo-djeca\/#primaryimage\"},\"thumbnailUrl\":\"https:\/\/sandzakpress.net\/arhiva\/wp-content\/uploads\/2019\/12\/abilisusamodjeca.jpg\",\"datePublished\":\"2019-12-25T20:20:55+00:00\",\"breadcrumb\":{\"@id\":\"https:\/\/sandzakpress.net\/arhiva\/tisina-i-tuga-ucenicima-iz-vogosce-prikazan-filma-a-bili-su-samo-djeca\/#breadcrumb\"},\"inLanguage\":\"bs-BA\",\"potentialAction\":[{\"@type\":\"ReadAction\",\"target\":[\"https:\/\/sandzakpress.net\/arhiva\/tisina-i-tuga-ucenicima-iz-vogosce-prikazan-filma-a-bili-su-samo-djeca\/\"]}]},{\"@type\":\"ImageObject\",\"inLanguage\":\"bs-BA\",\"@id\":\"https:\/\/sandzakpress.net\/arhiva\/tisina-i-tuga-ucenicima-iz-vogosce-prikazan-filma-a-bili-su-samo-djeca\/#primaryimage\",\"url\":\"https:\/\/sandzakpress.net\/arhiva\/wp-content\/uploads\/2019\/12\/abilisusamodjeca.jpg\",\"contentUrl\":\"https:\/\/sandzakpress.net\/arhiva\/wp-content\/uploads\/2019\/12\/abilisusamodjeca.jpg\",\"width\":1181,\"height\":733},{\"@type\":\"BreadcrumbList\",\"@id\":\"https:\/\/sandzakpress.net\/arhiva\/tisina-i-tuga-ucenicima-iz-vogosce-prikazan-filma-a-bili-su-samo-djeca\/#breadcrumb\",\"itemListElement\":[{\"@type\":\"ListItem\",\"position\":1,\"name\":\"Home\",\"item\":\"https:\/\/sandzakpress.net\/arhiva\/\"},{\"@type\":\"ListItem\",\"position\":2,\"name\":\"Ti\u0161ina i tuga: U\u010denicima iz Vogo\u0161\u0107e prikazan filma \u201cA bili su samo djeca\u201d\"}]},{\"@type\":\"WebSite\",\"@id\":\"https:\/\/sandzakpress.net\/arhiva\/#website\",\"url\":\"https:\/\/sandzakpress.net\/arhiva\/\",\"name\":\"Sand\u017eak PRESS\",\"description\":\"Prve elektronske novine u Sand\u017eaku\",\"publisher\":{\"@id\":\"https:\/\/sandzakpress.net\/arhiva\/#\/schema\/person\/6e72b67d6e51910a1117b3b483ba20bd\"},\"potentialAction\":[{\"@type\":\"SearchAction\",\"target\":{\"@type\":\"EntryPoint\",\"urlTemplate\":\"https:\/\/sandzakpress.net\/arhiva\/?s={search_term_string}\"},\"query-input\":{\"@type\":\"PropertyValueSpecification\",\"valueRequired\":true,\"valueName\":\"search_term_string\"}}],\"inLanguage\":\"bs-BA\"},{\"@type\":[\"Person\",\"Organization\"],\"@id\":\"https:\/\/sandzakpress.net\/arhiva\/#\/schema\/person\/6e72b67d6e51910a1117b3b483ba20bd\",\"name\":\"Kul\",\"image\":{\"@type\":\"ImageObject\",\"inLanguage\":\"bs-BA\",\"@id\":\"https:\/\/sandzakpress.net\/arhiva\/#\/schema\/person\/image\/\",\"url\":\"https:\/\/secure.gravatar.com\/avatar\/42263f39aa27ac04c43cab85c280eb2e?s=96&d=mm&r=pg\",\"contentUrl\":\"https:\/\/secure.gravatar.com\/avatar\/42263f39aa27ac04c43cab85c280eb2e?s=96&d=mm&r=pg\",\"caption\":\"Kul\"},\"logo\":{\"@id\":\"https:\/\/sandzakpress.net\/arhiva\/#\/schema\/person\/image\/\"}},{\"@type\":\"Person\",\"@id\":\"https:\/\/sandzakpress.net\/arhiva\/#\/schema\/person\/c8baee722073534b583ea7bdb2e36c02\",\"name\":\"bosniak\",\"image\":{\"@type\":\"ImageObject\",\"inLanguage\":\"bs-BA\",\"@id\":\"https:\/\/sandzakpress.net\/arhiva\/#\/schema\/person\/image\/\",\"url\":\"https:\/\/secure.gravatar.com\/avatar\/a04fd330bfe3a36a72a0ad4a6d89fca7?s=96&d=mm&r=pg\",\"contentUrl\":\"https:\/\/secure.gravatar.com\/avatar\/a04fd330bfe3a36a72a0ad4a6d89fca7?s=96&d=mm&r=pg\",\"caption\":\"bosniak\"},\"url\":\"https:\/\/sandzakpress.net\/arhiva\/author\/bosniak\/\"}]}<\/script>\n<!-- \/ Yoast SEO Premium plugin. -->","yoast_head_json":{"title":"Ti\u0161ina i tuga: U\u010denicima iz Vogo\u0161\u0107e prikazan filma \u201cA bili su samo djeca\u201d","robots":{"index":"index","follow":"follow","max-snippet":"max-snippet:-1","max-image-preview":"max-image-preview:large","max-video-preview":"max-video-preview:-1"},"canonical":"https:\/\/sandzakpress.net\/arhiva\/tisina-i-tuga-ucenicima-iz-vogosce-prikazan-filma-a-bili-su-samo-djeca\/","og_locale":"bs_BA","og_type":"article","og_title":"Ti\u0161ina i tuga: U\u010denicima iz Vogo\u0161\u0107e prikazan filma \u201cA bili su samo djeca\u201d","og_description":"Udru\u017eenje za za\u0161titu historijskih vrijednosti\u00a0Haber\u00a0ve\u0107 trinaest godina producira dokumentarne filmove i izdaje knjige kojima nastoji sa\u010duvati od zaborava sve zlo\u010dine sa kojima su se suo\u010davale Sarajlije za vrijeme agresije na na\u0161u zemlju. Tako je ve\u010deras prikazan dokumentarni film\u00a0produkcije\u00a0Haber\u00a0pod nazivom\u00a0A bili su samo djeca, u kino sali Kulturno-sportskog centra Vogo\u0161\u0107a. Film obuhvata ispovijesti i pri\u010de roditelja [&hellip;]","og_url":"https:\/\/sandzakpress.net\/arhiva\/tisina-i-tuga-ucenicima-iz-vogosce-prikazan-filma-a-bili-su-samo-djeca\/","og_site_name":"Sand\u017eak PRESS","article_published_time":"2019-12-25T20:20:55+00:00","og_image":[{"width":1181,"height":733,"url":"https:\/\/sandzakpress.net\/arhiva\/wp-content\/uploads\/2019\/12\/abilisusamodjeca.jpg","type":"image\/jpeg"}],"author":"bosniak","twitter_card":"summary_large_image","twitter_misc":{"Written by":"bosniak","Est. reading time":"1 minuta"},"schema":{"@context":"https:\/\/schema.org","@graph":[{"@type":"Article","@id":"https:\/\/sandzakpress.net\/arhiva\/tisina-i-tuga-ucenicima-iz-vogosce-prikazan-filma-a-bili-su-samo-djeca\/#article","isPartOf":{"@id":"https:\/\/sandzakpress.net\/arhiva\/tisina-i-tuga-ucenicima-iz-vogosce-prikazan-filma-a-bili-su-samo-djeca\/"},"author":{"name":"bosniak","@id":"https:\/\/sandzakpress.net\/arhiva\/#\/schema\/person\/c8baee722073534b583ea7bdb2e36c02"},"headline":"Ti\u0161ina i tuga: U\u010denicima iz Vogo\u0161\u0107e prikazan filma \u201cA bili su samo djeca\u201d","datePublished":"2019-12-25T20:20:55+00:00","mainEntityOfPage":{"@id":"https:\/\/sandzakpress.net\/arhiva\/tisina-i-tuga-ucenicima-iz-vogosce-prikazan-filma-a-bili-su-samo-djeca\/"},"wordCount":305,"commentCount":0,"publisher":{"@id":"https:\/\/sandzakpress.net\/arhiva\/#\/schema\/person\/6e72b67d6e51910a1117b3b483ba20bd"},"image":{"@id":"https:\/\/sandzakpress.net\/arhiva\/tisina-i-tuga-ucenicima-iz-vogosce-prikazan-filma-a-bili-su-samo-djeca\/#primaryimage"},"thumbnailUrl":"https:\/\/sandzakpress.net\/arhiva\/wp-content\/uploads\/2019\/12\/abilisusamodjeca.jpg","keywords":["Bosna i Hercegovina"],"articleSection":["Bosna PRESS"],"inLanguage":"bs-BA","potentialAction":[{"@type":"CommentAction","name":"Comment","target":["https:\/\/sandzakpress.net\/arhiva\/tisina-i-tuga-ucenicima-iz-vogosce-prikazan-filma-a-bili-su-samo-djeca\/#respond"]}]},{"@type":"WebPage","@id":"https:\/\/sandzakpress.net\/arhiva\/tisina-i-tuga-ucenicima-iz-vogosce-prikazan-filma-a-bili-su-samo-djeca\/","url":"https:\/\/sandzakpress.net\/arhiva\/tisina-i-tuga-ucenicima-iz-vogosce-prikazan-filma-a-bili-su-samo-djeca\/","name":"Ti\u0161ina i tuga: U\u010denicima iz Vogo\u0161\u0107e prikazan filma \u201cA bili su samo djeca\u201d","isPartOf":{"@id":"https:\/\/sandzakpress.net\/arhiva\/#website"},"primaryImageOfPage":{"@id":"https:\/\/sandzakpress.net\/arhiva\/tisina-i-tuga-ucenicima-iz-vogosce-prikazan-filma-a-bili-su-samo-djeca\/#primaryimage"},"image":{"@id":"https:\/\/sandzakpress.net\/arhiva\/tisina-i-tuga-ucenicima-iz-vogosce-prikazan-filma-a-bili-su-samo-djeca\/#primaryimage"},"thumbnailUrl":"https:\/\/sandzakpress.net\/arhiva\/wp-content\/uploads\/2019\/12\/abilisusamodjeca.jpg","datePublished":"2019-12-25T20:20:55+00:00","breadcrumb":{"@id":"https:\/\/sandzakpress.net\/arhiva\/tisina-i-tuga-ucenicima-iz-vogosce-prikazan-filma-a-bili-su-samo-djeca\/#breadcrumb"},"inLanguage":"bs-BA","potentialAction":[{"@type":"ReadAction","target":["https:\/\/sandzakpress.net\/arhiva\/tisina-i-tuga-ucenicima-iz-vogosce-prikazan-filma-a-bili-su-samo-djeca\/"]}]},{"@type":"ImageObject","inLanguage":"bs-BA","@id":"https:\/\/sandzakpress.net\/arhiva\/tisina-i-tuga-ucenicima-iz-vogosce-prikazan-filma-a-bili-su-samo-djeca\/#primaryimage","url":"https:\/\/sandzakpress.net\/arhiva\/wp-content\/uploads\/2019\/12\/abilisusamodjeca.jpg","contentUrl":"https:\/\/sandzakpress.net\/arhiva\/wp-content\/uploads\/2019\/12\/abilisusamodjeca.jpg","width":1181,"height":733},{"@type":"BreadcrumbList","@id":"https:\/\/sandzakpress.net\/arhiva\/tisina-i-tuga-ucenicima-iz-vogosce-prikazan-filma-a-bili-su-samo-djeca\/#breadcrumb","itemListElement":[{"@type":"ListItem","position":1,"name":"Home","item":"https:\/\/sandzakpress.net\/arhiva\/"},{"@type":"ListItem","position":2,"name":"Ti\u0161ina i tuga: U\u010denicima iz Vogo\u0161\u0107e prikazan filma \u201cA bili su samo djeca\u201d"}]},{"@type":"WebSite","@id":"https:\/\/sandzakpress.net\/arhiva\/#website","url":"https:\/\/sandzakpress.net\/arhiva\/","name":"Sand\u017eak PRESS","description":"Prve elektronske novine u Sand\u017eaku","publisher":{"@id":"https:\/\/sandzakpress.net\/arhiva\/#\/schema\/person\/6e72b67d6e51910a1117b3b483ba20bd"},"potentialAction":[{"@type":"SearchAction","target":{"@type":"EntryPoint","urlTemplate":"https:\/\/sandzakpress.net\/arhiva\/?s={search_term_string}"},"query-input":{"@type":"PropertyValueSpecification","valueRequired":true,"valueName":"search_term_string"}}],"inLanguage":"bs-BA"},{"@type":["Person","Organization"],"@id":"https:\/\/sandzakpress.net\/arhiva\/#\/schema\/person\/6e72b67d6e51910a1117b3b483ba20bd","name":"Kul","image":{"@type":"ImageObject","inLanguage":"bs-BA","@id":"https:\/\/sandzakpress.net\/arhiva\/#\/schema\/person\/image\/","url":"https:\/\/secure.gravatar.com\/avatar\/42263f39aa27ac04c43cab85c280eb2e?s=96&d=mm&r=pg","contentUrl":"https:\/\/secure.gravatar.com\/avatar\/42263f39aa27ac04c43cab85c280eb2e?s=96&d=mm&r=pg","caption":"Kul"},"logo":{"@id":"https:\/\/sandzakpress.net\/arhiva\/#\/schema\/person\/image\/"}},{"@type":"Person","@id":"https:\/\/sandzakpress.net\/arhiva\/#\/schema\/person\/c8baee722073534b583ea7bdb2e36c02","name":"bosniak","image":{"@type":"ImageObject","inLanguage":"bs-BA","@id":"https:\/\/sandzakpress.net\/arhiva\/#\/schema\/person\/image\/","url":"https:\/\/secure.gravatar.com\/avatar\/a04fd330bfe3a36a72a0ad4a6d89fca7?s=96&d=mm&r=pg","contentUrl":"https:\/\/secure.gravatar.com\/avatar\/a04fd330bfe3a36a72a0ad4a6d89fca7?s=96&d=mm&r=pg","caption":"bosniak"},"url":"https:\/\/sandzakpress.net\/arhiva\/author\/bosniak\/"}]}},"_links":{"self":[{"href":"https:\/\/sandzakpress.net\/arhiva\/wp-json\/wp\/v2\/posts\/232276"}],"collection":[{"href":"https:\/\/sandzakpress.net\/arhiva\/wp-json\/wp\/v2\/posts"}],"about":[{"href":"https:\/\/sandzakpress.net\/arhiva\/wp-json\/wp\/v2\/types\/post"}],"author":[{"embeddable":true,"href":"https:\/\/sandzakpress.net\/arhiva\/wp-json\/wp\/v2\/users\/83"}],"replies":[{"embeddable":true,"href":"https:\/\/sandzakpress.net\/arhiva\/wp-json\/wp\/v2\/comments?post=232276"}],"version-history":[{"count":0,"href":"https:\/\/sandzakpress.net\/arhiva\/wp-json\/wp\/v2\/posts\/232276\/revisions"}],"wp:featuredmedia":[{"embeddable":true,"href":"https:\/\/sandzakpress.net\/arhiva\/wp-json\/wp\/v2\/media\/232277"}],"wp:attachment":[{"href":"https:\/\/sandzakpress.net\/arhiva\/wp-json\/wp\/v2\/media?parent=232276"}],"wp:term":[{"taxonomy":"category","embeddable":true,"href":"https:\/\/sandzakpress.net\/arhiva\/wp-json\/wp\/v2\/categories?post=232276"},{"taxonomy":"post_tag","embeddable":true,"href":"https:\/\/sandzakpress.net\/arhiva\/wp-json\/wp\/v2\/tags?post=232276"}],"curies":[{"name":"wp","href":"https:\/\/api.w.org\/{rel}","templated":true}]}}