{"id":232262,"date":"2019-12-25T21:12:58","date_gmt":"2019-12-25T20:12:58","guid":{"rendered":"https:\/\/sandzakpress.net\/arhiva\/?p=232262"},"modified":"2019-12-25T21:12:58","modified_gmt":"2019-12-25T20:12:58","slug":"pribojski-odbornici-sutra-o-rebalansu-budzeta-za-2019-i-prijedlogu-budzeta-za-2020","status":"publish","type":"post","link":"https:\/\/sandzakpress.net\/arhiva\/pribojski-odbornici-sutra-o-rebalansu-budzeta-za-2019-i-prijedlogu-budzeta-za-2020\/","title":{"rendered":"Pribojski odbornici sutra o rebalansu bud\u017eeta za 2019. i prijedlogu bud\u017eeta za 2020."},"content":{"rendered":"<p><img decoding=\"async\" src=\"http:\/\/foruminfo.rs\/wp-content\/uploads\/2019\/05\/Priboj.jpg\" alt=\"Rezultat slika za Priboj\" \/><\/p>\n<p><strong>Priboj \u2013 Skup\u0161tina op\u0161tine Priboj, 23. po redu u ovoj godini , odr\u017ea\u0107e se sutra 26. decembra, a predsjednik lokalnog parlamenta Boris Mrdovi\u0107, predlo\u017eio je dnevni red sa 28 ta\u010daka.<\/strong><\/p>\n<p>Odbornici \u0107e sutra razmatrati predlog odluke o izmenama i dopunama odluke o bud\u017eetu za 2019. a odmah potom i predlog odluke o bud\u017eetu za 2020. godinu.<\/p>\n<p>Tako\u0111e, na dnevnom redu \u0107e se na\u0107i i predlog odluke o izmenama i dopunama Poslovnika Skup\u0161tine op\u0161tine Priboj, predlog Odluke o boravi\u0161noj taksi kao i predlog odluke o prijavljivanju i upravljanju privatnim interesima javnih funkcionera u postupku dono\u0161enja op\u0161tih akata.<\/p>\n<p>Odbornici \u0107e raspravljati o odre\u0111ivanju subjekta za proizvodnju i isporuku toplotne energije u kotlarnici izgra\u0111enoj na KP 18282 KO Priboj, utvr\u0111ivanju visine stope poreza na imovinu, izmeni Odluke o lokalnim komunalnim taksama, o finansijskoj podr\u0161ci porodici sa decom.<\/p>\n<p>Dnevnim redom je predvi\u0111eno davanje saglasnosti na Programe rada JP za ure\u0111enje gra\u0111evinskog zemlji\u0161ta i razvoj za 2020. godinu, JKP \u201cUsluga\u201c, JP \u201cToplana\u201c, Regionalne sanitarne deponije \u201eBanjica\u201c, Gradske biblioteke, Centra za socijalni rad, ustanove za fizi\u010dku kulturu \u201cSportski centar\u201c, Zavi\u010dajnog muzeja, Turisti\u010dke organizacije i Doma kulture &#8220;Pivo Karamatijevi\u0107&#8221;.<\/p>\n<p>Tako\u0111e, pred odbornicima \u0107e se na\u0107i predlog kadrovskog plana Op\u0161tinske uprave Priboj za 2020. godinu, predlog Eti\u010dkog kodeksa funkcionera lokalne samouprave, predlog odluke o otu\u0111enju nepokretnosti iz javne svojine op\u0161tine Priboj.<\/p>\n<p>Odbornici \u0107e doneti re\u0161enje o dopuni re\u0161enja o postavljenju komandanta, zamenika, na\u010delnika i \u010dlanova op\u0161tinskog \u0161taba za vanredne situacije op\u0161tine Priboj, kao i re\u0161enja o razre\u0161enju vr\u0161ioca du\u017enosti direktora Turisti\u010dke organizacije Priboj. Odmah nakon ove ta\u010dke odbornici \u0107e doneti re\u0161enje o imenovanju vr\u0161ioca du\u017enosti direktora Turisti\u010dke organizacije Priboj. Isti postupak bi\u0107e sproveden i kada je re\u010d o razre\u0161enju i imenovanju vr\u0161ioca du\u017enosti direktora Ustanove za fizi\u010dku kulturu &#8220;Sportski centar Priboj\u201d.<\/p>\n<p>Sednica je zakazana za 10 sati i odr\u017ea\u0107e se u Maloj sali Doma kulture \u201cPivo Karamatijevi\u0107\u201d.<\/p>\n","protected":false},"excerpt":{"rendered":"<p>Priboj \u2013 Skup\u0161tina op\u0161tine Priboj, 23. po redu u ovoj godini , odr\u017ea\u0107e se sutra 26. decembra, a predsjednik lokalnog parlamenta Boris Mrdovi\u0107, predlo\u017eio je dnevni red sa 28 ta\u010daka. Odbornici \u0107e sutra razmatrati predlog odluke o izmenama i dopunama odluke o bud\u017eetu za 2019. a odmah potom i predlog odluke o bud\u017eetu za 2020. [&hellip;]<\/p>\n","protected":false},"author":509,"featured_media":232275,"comment_status":"open","ping_status":"open","sticky":false,"template":"","format":"standard","meta":{"footnotes":""},"categories":[1,393],"tags":[],"class_list":{"0":"post-232262","1":"post","2":"type-post","3":"status-publish","4":"format-standard","5":"has-post-thumbnail","7":"category-politika","8":"category-priboj"},"yoast_head":"<!-- This site is optimized with the Yoast SEO Premium plugin v23.1 (Yoast SEO v24.9) - https:\/\/yoast.com\/wordpress\/plugins\/seo\/ -->\n<title>Pribojski odbornici sutra o rebalansu bud\u017eeta za 2019. i prijedlogu bud\u017eeta za 2020.<\/title>\n<meta name=\"robots\" content=\"index, follow, max-snippet:-1, max-image-preview:large, max-video-preview:-1\" \/>\n<link rel=\"canonical\" href=\"https:\/\/sandzakpress.net\/arhiva\/pribojski-odbornici-sutra-o-rebalansu-budzeta-za-2019-i-prijedlogu-budzeta-za-2020\/\" \/>\n<meta property=\"og:locale\" content=\"bs_BA\" \/>\n<meta property=\"og:type\" content=\"article\" \/>\n<meta property=\"og:title\" content=\"Pribojski odbornici sutra o rebalansu bud\u017eeta za 2019. i prijedlogu bud\u017eeta za 2020.\" \/>\n<meta property=\"og:description\" content=\"Priboj \u2013 Skup\u0161tina op\u0161tine Priboj, 23. po redu u ovoj godini , odr\u017ea\u0107e se sutra 26. decembra, a predsjednik lokalnog parlamenta Boris Mrdovi\u0107, predlo\u017eio je dnevni red sa 28 ta\u010daka. Odbornici \u0107e sutra razmatrati predlog odluke o izmenama i dopunama odluke o bud\u017eetu za 2019. a odmah potom i predlog odluke o bud\u017eetu za 2020. [&hellip;]\" \/>\n<meta property=\"og:url\" content=\"https:\/\/sandzakpress.net\/arhiva\/pribojski-odbornici-sutra-o-rebalansu-budzeta-za-2019-i-prijedlogu-budzeta-za-2020\/\" \/>\n<meta property=\"og:site_name\" content=\"Sand\u017eak PRESS\" \/>\n<meta property=\"article:published_time\" content=\"2019-12-25T20:12:58+00:00\" \/>\n<meta property=\"og:image\" content=\"https:\/\/sandzakpress.net\/arhiva\/wp-content\/uploads\/2019\/12\/Priboj.jpg\" \/>\n\t<meta property=\"og:image:width\" content=\"1920\" \/>\n\t<meta property=\"og:image:height\" content=\"1080\" \/>\n\t<meta property=\"og:image:type\" content=\"image\/jpeg\" \/>\n<meta name=\"author\" content=\"Agencija\" \/>\n<meta name=\"twitter:card\" content=\"summary_large_image\" \/>\n<meta name=\"twitter:label1\" content=\"Written by\" \/>\n\t<meta name=\"twitter:data1\" content=\"Agencija\" \/>\n\t<meta name=\"twitter:label2\" content=\"Est. reading time\" \/>\n\t<meta name=\"twitter:data2\" content=\"2 minute\" \/>\n<script type=\"application\/ld+json\" class=\"yoast-schema-graph\">{\"@context\":\"https:\/\/schema.org\",\"@graph\":[{\"@type\":\"Article\",\"@id\":\"https:\/\/sandzakpress.net\/arhiva\/pribojski-odbornici-sutra-o-rebalansu-budzeta-za-2019-i-prijedlogu-budzeta-za-2020\/#article\",\"isPartOf\":{\"@id\":\"https:\/\/sandzakpress.net\/arhiva\/pribojski-odbornici-sutra-o-rebalansu-budzeta-za-2019-i-prijedlogu-budzeta-za-2020\/\"},\"author\":{\"name\":\"Agencija\",\"@id\":\"https:\/\/sandzakpress.net\/arhiva\/#\/schema\/person\/cb59d7e3ab91ab90dd680ad0305a6185\"},\"headline\":\"Pribojski odbornici sutra o rebalansu bud\u017eeta za 2019. i prijedlogu bud\u017eeta za 2020.\",\"datePublished\":\"2019-12-25T20:12:58+00:00\",\"mainEntityOfPage\":{\"@id\":\"https:\/\/sandzakpress.net\/arhiva\/pribojski-odbornici-sutra-o-rebalansu-budzeta-za-2019-i-prijedlogu-budzeta-za-2020\/\"},\"wordCount\":355,\"commentCount\":0,\"publisher\":{\"@id\":\"https:\/\/sandzakpress.net\/arhiva\/#\/schema\/person\/6e72b67d6e51910a1117b3b483ba20bd\"},\"image\":{\"@id\":\"https:\/\/sandzakpress.net\/arhiva\/pribojski-odbornici-sutra-o-rebalansu-budzeta-za-2019-i-prijedlogu-budzeta-za-2020\/#primaryimage\"},\"thumbnailUrl\":\"https:\/\/sandzakpress.net\/arhiva\/wp-content\/uploads\/2019\/12\/Priboj.jpg\",\"articleSection\":[\"Politika\",\"Priboj\"],\"inLanguage\":\"bs-BA\",\"potentialAction\":[{\"@type\":\"CommentAction\",\"name\":\"Comment\",\"target\":[\"https:\/\/sandzakpress.net\/arhiva\/pribojski-odbornici-sutra-o-rebalansu-budzeta-za-2019-i-prijedlogu-budzeta-za-2020\/#respond\"]}]},{\"@type\":\"WebPage\",\"@id\":\"https:\/\/sandzakpress.net\/arhiva\/pribojski-odbornici-sutra-o-rebalansu-budzeta-za-2019-i-prijedlogu-budzeta-za-2020\/\",\"url\":\"https:\/\/sandzakpress.net\/arhiva\/pribojski-odbornici-sutra-o-rebalansu-budzeta-za-2019-i-prijedlogu-budzeta-za-2020\/\",\"name\":\"Pribojski odbornici sutra o rebalansu bud\u017eeta za 2019. i prijedlogu bud\u017eeta za 2020.\",\"isPartOf\":{\"@id\":\"https:\/\/sandzakpress.net\/arhiva\/#website\"},\"primaryImageOfPage\":{\"@id\":\"https:\/\/sandzakpress.net\/arhiva\/pribojski-odbornici-sutra-o-rebalansu-budzeta-za-2019-i-prijedlogu-budzeta-za-2020\/#primaryimage\"},\"image\":{\"@id\":\"https:\/\/sandzakpress.net\/arhiva\/pribojski-odbornici-sutra-o-rebalansu-budzeta-za-2019-i-prijedlogu-budzeta-za-2020\/#primaryimage\"},\"thumbnailUrl\":\"https:\/\/sandzakpress.net\/arhiva\/wp-content\/uploads\/2019\/12\/Priboj.jpg\",\"datePublished\":\"2019-12-25T20:12:58+00:00\",\"breadcrumb\":{\"@id\":\"https:\/\/sandzakpress.net\/arhiva\/pribojski-odbornici-sutra-o-rebalansu-budzeta-za-2019-i-prijedlogu-budzeta-za-2020\/#breadcrumb\"},\"inLanguage\":\"bs-BA\",\"potentialAction\":[{\"@type\":\"ReadAction\",\"target\":[\"https:\/\/sandzakpress.net\/arhiva\/pribojski-odbornici-sutra-o-rebalansu-budzeta-za-2019-i-prijedlogu-budzeta-za-2020\/\"]}]},{\"@type\":\"ImageObject\",\"inLanguage\":\"bs-BA\",\"@id\":\"https:\/\/sandzakpress.net\/arhiva\/pribojski-odbornici-sutra-o-rebalansu-budzeta-za-2019-i-prijedlogu-budzeta-za-2020\/#primaryimage\",\"url\":\"https:\/\/sandzakpress.net\/arhiva\/wp-content\/uploads\/2019\/12\/Priboj.jpg\",\"contentUrl\":\"https:\/\/sandzakpress.net\/arhiva\/wp-content\/uploads\/2019\/12\/Priboj.jpg\",\"width\":1920,\"height\":1080},{\"@type\":\"BreadcrumbList\",\"@id\":\"https:\/\/sandzakpress.net\/arhiva\/pribojski-odbornici-sutra-o-rebalansu-budzeta-za-2019-i-prijedlogu-budzeta-za-2020\/#breadcrumb\",\"itemListElement\":[{\"@type\":\"ListItem\",\"position\":1,\"name\":\"Home\",\"item\":\"https:\/\/sandzakpress.net\/arhiva\/\"},{\"@type\":\"ListItem\",\"position\":2,\"name\":\"Pribojski odbornici sutra o rebalansu bud\u017eeta za 2019. i prijedlogu bud\u017eeta za 2020.\"}]},{\"@type\":\"WebSite\",\"@id\":\"https:\/\/sandzakpress.net\/arhiva\/#website\",\"url\":\"https:\/\/sandzakpress.net\/arhiva\/\",\"name\":\"Sand\u017eak PRESS\",\"description\":\"Prve elektronske novine u Sand\u017eaku\",\"publisher\":{\"@id\":\"https:\/\/sandzakpress.net\/arhiva\/#\/schema\/person\/6e72b67d6e51910a1117b3b483ba20bd\"},\"potentialAction\":[{\"@type\":\"SearchAction\",\"target\":{\"@type\":\"EntryPoint\",\"urlTemplate\":\"https:\/\/sandzakpress.net\/arhiva\/?s={search_term_string}\"},\"query-input\":{\"@type\":\"PropertyValueSpecification\",\"valueRequired\":true,\"valueName\":\"search_term_string\"}}],\"inLanguage\":\"bs-BA\"},{\"@type\":[\"Person\",\"Organization\"],\"@id\":\"https:\/\/sandzakpress.net\/arhiva\/#\/schema\/person\/6e72b67d6e51910a1117b3b483ba20bd\",\"name\":\"Kul\",\"image\":{\"@type\":\"ImageObject\",\"inLanguage\":\"bs-BA\",\"@id\":\"https:\/\/sandzakpress.net\/arhiva\/#\/schema\/person\/image\/\",\"url\":\"https:\/\/secure.gravatar.com\/avatar\/42263f39aa27ac04c43cab85c280eb2e?s=96&d=mm&r=pg\",\"contentUrl\":\"https:\/\/secure.gravatar.com\/avatar\/42263f39aa27ac04c43cab85c280eb2e?s=96&d=mm&r=pg\",\"caption\":\"Kul\"},\"logo\":{\"@id\":\"https:\/\/sandzakpress.net\/arhiva\/#\/schema\/person\/image\/\"}},{\"@type\":\"Person\",\"@id\":\"https:\/\/sandzakpress.net\/arhiva\/#\/schema\/person\/cb59d7e3ab91ab90dd680ad0305a6185\",\"name\":\"Agencija\",\"image\":{\"@type\":\"ImageObject\",\"inLanguage\":\"bs-BA\",\"@id\":\"https:\/\/sandzakpress.net\/arhiva\/#\/schema\/person\/image\/\",\"url\":\"https:\/\/secure.gravatar.com\/avatar\/4b7fafa80a22f0c2afe23966b3961fe0?s=96&d=mm&r=pg\",\"contentUrl\":\"https:\/\/secure.gravatar.com\/avatar\/4b7fafa80a22f0c2afe23966b3961fe0?s=96&d=mm&r=pg\",\"caption\":\"Agencija\"},\"url\":\"https:\/\/sandzakpress.net\/arhiva\/author\/agencija\/\"}]}<\/script>\n<!-- \/ Yoast SEO Premium plugin. -->","yoast_head_json":{"title":"Pribojski odbornici sutra o rebalansu bud\u017eeta za 2019. i prijedlogu bud\u017eeta za 2020.","robots":{"index":"index","follow":"follow","max-snippet":"max-snippet:-1","max-image-preview":"max-image-preview:large","max-video-preview":"max-video-preview:-1"},"canonical":"https:\/\/sandzakpress.net\/arhiva\/pribojski-odbornici-sutra-o-rebalansu-budzeta-za-2019-i-prijedlogu-budzeta-za-2020\/","og_locale":"bs_BA","og_type":"article","og_title":"Pribojski odbornici sutra o rebalansu bud\u017eeta za 2019. i prijedlogu bud\u017eeta za 2020.","og_description":"Priboj \u2013 Skup\u0161tina op\u0161tine Priboj, 23. po redu u ovoj godini , odr\u017ea\u0107e se sutra 26. decembra, a predsjednik lokalnog parlamenta Boris Mrdovi\u0107, predlo\u017eio je dnevni red sa 28 ta\u010daka. Odbornici \u0107e sutra razmatrati predlog odluke o izmenama i dopunama odluke o bud\u017eetu za 2019. a odmah potom i predlog odluke o bud\u017eetu za 2020. [&hellip;]","og_url":"https:\/\/sandzakpress.net\/arhiva\/pribojski-odbornici-sutra-o-rebalansu-budzeta-za-2019-i-prijedlogu-budzeta-za-2020\/","og_site_name":"Sand\u017eak PRESS","article_published_time":"2019-12-25T20:12:58+00:00","og_image":[{"width":1920,"height":1080,"url":"https:\/\/sandzakpress.net\/arhiva\/wp-content\/uploads\/2019\/12\/Priboj.jpg","type":"image\/jpeg"}],"author":"Agencija","twitter_card":"summary_large_image","twitter_misc":{"Written by":"Agencija","Est. reading time":"2 minute"},"schema":{"@context":"https:\/\/schema.org","@graph":[{"@type":"Article","@id":"https:\/\/sandzakpress.net\/arhiva\/pribojski-odbornici-sutra-o-rebalansu-budzeta-za-2019-i-prijedlogu-budzeta-za-2020\/#article","isPartOf":{"@id":"https:\/\/sandzakpress.net\/arhiva\/pribojski-odbornici-sutra-o-rebalansu-budzeta-za-2019-i-prijedlogu-budzeta-za-2020\/"},"author":{"name":"Agencija","@id":"https:\/\/sandzakpress.net\/arhiva\/#\/schema\/person\/cb59d7e3ab91ab90dd680ad0305a6185"},"headline":"Pribojski odbornici sutra o rebalansu bud\u017eeta za 2019. i prijedlogu bud\u017eeta za 2020.","datePublished":"2019-12-25T20:12:58+00:00","mainEntityOfPage":{"@id":"https:\/\/sandzakpress.net\/arhiva\/pribojski-odbornici-sutra-o-rebalansu-budzeta-za-2019-i-prijedlogu-budzeta-za-2020\/"},"wordCount":355,"commentCount":0,"publisher":{"@id":"https:\/\/sandzakpress.net\/arhiva\/#\/schema\/person\/6e72b67d6e51910a1117b3b483ba20bd"},"image":{"@id":"https:\/\/sandzakpress.net\/arhiva\/pribojski-odbornici-sutra-o-rebalansu-budzeta-za-2019-i-prijedlogu-budzeta-za-2020\/#primaryimage"},"thumbnailUrl":"https:\/\/sandzakpress.net\/arhiva\/wp-content\/uploads\/2019\/12\/Priboj.jpg","articleSection":["Politika","Priboj"],"inLanguage":"bs-BA","potentialAction":[{"@type":"CommentAction","name":"Comment","target":["https:\/\/sandzakpress.net\/arhiva\/pribojski-odbornici-sutra-o-rebalansu-budzeta-za-2019-i-prijedlogu-budzeta-za-2020\/#respond"]}]},{"@type":"WebPage","@id":"https:\/\/sandzakpress.net\/arhiva\/pribojski-odbornici-sutra-o-rebalansu-budzeta-za-2019-i-prijedlogu-budzeta-za-2020\/","url":"https:\/\/sandzakpress.net\/arhiva\/pribojski-odbornici-sutra-o-rebalansu-budzeta-za-2019-i-prijedlogu-budzeta-za-2020\/","name":"Pribojski odbornici sutra o rebalansu bud\u017eeta za 2019. i prijedlogu bud\u017eeta za 2020.","isPartOf":{"@id":"https:\/\/sandzakpress.net\/arhiva\/#website"},"primaryImageOfPage":{"@id":"https:\/\/sandzakpress.net\/arhiva\/pribojski-odbornici-sutra-o-rebalansu-budzeta-za-2019-i-prijedlogu-budzeta-za-2020\/#primaryimage"},"image":{"@id":"https:\/\/sandzakpress.net\/arhiva\/pribojski-odbornici-sutra-o-rebalansu-budzeta-za-2019-i-prijedlogu-budzeta-za-2020\/#primaryimage"},"thumbnailUrl":"https:\/\/sandzakpress.net\/arhiva\/wp-content\/uploads\/2019\/12\/Priboj.jpg","datePublished":"2019-12-25T20:12:58+00:00","breadcrumb":{"@id":"https:\/\/sandzakpress.net\/arhiva\/pribojski-odbornici-sutra-o-rebalansu-budzeta-za-2019-i-prijedlogu-budzeta-za-2020\/#breadcrumb"},"inLanguage":"bs-BA","potentialAction":[{"@type":"ReadAction","target":["https:\/\/sandzakpress.net\/arhiva\/pribojski-odbornici-sutra-o-rebalansu-budzeta-za-2019-i-prijedlogu-budzeta-za-2020\/"]}]},{"@type":"ImageObject","inLanguage":"bs-BA","@id":"https:\/\/sandzakpress.net\/arhiva\/pribojski-odbornici-sutra-o-rebalansu-budzeta-za-2019-i-prijedlogu-budzeta-za-2020\/#primaryimage","url":"https:\/\/sandzakpress.net\/arhiva\/wp-content\/uploads\/2019\/12\/Priboj.jpg","contentUrl":"https:\/\/sandzakpress.net\/arhiva\/wp-content\/uploads\/2019\/12\/Priboj.jpg","width":1920,"height":1080},{"@type":"BreadcrumbList","@id":"https:\/\/sandzakpress.net\/arhiva\/pribojski-odbornici-sutra-o-rebalansu-budzeta-za-2019-i-prijedlogu-budzeta-za-2020\/#breadcrumb","itemListElement":[{"@type":"ListItem","position":1,"name":"Home","item":"https:\/\/sandzakpress.net\/arhiva\/"},{"@type":"ListItem","position":2,"name":"Pribojski odbornici sutra o rebalansu bud\u017eeta za 2019. i prijedlogu bud\u017eeta za 2020."}]},{"@type":"WebSite","@id":"https:\/\/sandzakpress.net\/arhiva\/#website","url":"https:\/\/sandzakpress.net\/arhiva\/","name":"Sand\u017eak PRESS","description":"Prve elektronske novine u Sand\u017eaku","publisher":{"@id":"https:\/\/sandzakpress.net\/arhiva\/#\/schema\/person\/6e72b67d6e51910a1117b3b483ba20bd"},"potentialAction":[{"@type":"SearchAction","target":{"@type":"EntryPoint","urlTemplate":"https:\/\/sandzakpress.net\/arhiva\/?s={search_term_string}"},"query-input":{"@type":"PropertyValueSpecification","valueRequired":true,"valueName":"search_term_string"}}],"inLanguage":"bs-BA"},{"@type":["Person","Organization"],"@id":"https:\/\/sandzakpress.net\/arhiva\/#\/schema\/person\/6e72b67d6e51910a1117b3b483ba20bd","name":"Kul","image":{"@type":"ImageObject","inLanguage":"bs-BA","@id":"https:\/\/sandzakpress.net\/arhiva\/#\/schema\/person\/image\/","url":"https:\/\/secure.gravatar.com\/avatar\/42263f39aa27ac04c43cab85c280eb2e?s=96&d=mm&r=pg","contentUrl":"https:\/\/secure.gravatar.com\/avatar\/42263f39aa27ac04c43cab85c280eb2e?s=96&d=mm&r=pg","caption":"Kul"},"logo":{"@id":"https:\/\/sandzakpress.net\/arhiva\/#\/schema\/person\/image\/"}},{"@type":"Person","@id":"https:\/\/sandzakpress.net\/arhiva\/#\/schema\/person\/cb59d7e3ab91ab90dd680ad0305a6185","name":"Agencija","image":{"@type":"ImageObject","inLanguage":"bs-BA","@id":"https:\/\/sandzakpress.net\/arhiva\/#\/schema\/person\/image\/","url":"https:\/\/secure.gravatar.com\/avatar\/4b7fafa80a22f0c2afe23966b3961fe0?s=96&d=mm&r=pg","contentUrl":"https:\/\/secure.gravatar.com\/avatar\/4b7fafa80a22f0c2afe23966b3961fe0?s=96&d=mm&r=pg","caption":"Agencija"},"url":"https:\/\/sandzakpress.net\/arhiva\/author\/agencija\/"}]}},"_links":{"self":[{"href":"https:\/\/sandzakpress.net\/arhiva\/wp-json\/wp\/v2\/posts\/232262"}],"collection":[{"href":"https:\/\/sandzakpress.net\/arhiva\/wp-json\/wp\/v2\/posts"}],"about":[{"href":"https:\/\/sandzakpress.net\/arhiva\/wp-json\/wp\/v2\/types\/post"}],"author":[{"embeddable":true,"href":"https:\/\/sandzakpress.net\/arhiva\/wp-json\/wp\/v2\/users\/509"}],"replies":[{"embeddable":true,"href":"https:\/\/sandzakpress.net\/arhiva\/wp-json\/wp\/v2\/comments?post=232262"}],"version-history":[{"count":0,"href":"https:\/\/sandzakpress.net\/arhiva\/wp-json\/wp\/v2\/posts\/232262\/revisions"}],"wp:featuredmedia":[{"embeddable":true,"href":"https:\/\/sandzakpress.net\/arhiva\/wp-json\/wp\/v2\/media\/232275"}],"wp:attachment":[{"href":"https:\/\/sandzakpress.net\/arhiva\/wp-json\/wp\/v2\/media?parent=232262"}],"wp:term":[{"taxonomy":"category","embeddable":true,"href":"https:\/\/sandzakpress.net\/arhiva\/wp-json\/wp\/v2\/categories?post=232262"},{"taxonomy":"post_tag","embeddable":true,"href":"https:\/\/sandzakpress.net\/arhiva\/wp-json\/wp\/v2\/tags?post=232262"}],"curies":[{"name":"wp","href":"https:\/\/api.w.org\/{rel}","templated":true}]}}