{"id":232253,"date":"2019-12-25T20:56:56","date_gmt":"2019-12-25T19:56:56","guid":{"rendered":"https:\/\/sandzakpress.net\/arhiva\/?p=232253"},"modified":"2019-12-25T20:56:56","modified_gmt":"2019-12-25T19:56:56","slug":"marko-svicevic-novi-predsjednik-skupstine-opstine-prijepolje","status":"publish","type":"post","link":"https:\/\/sandzakpress.net\/arhiva\/marko-svicevic-novi-predsjednik-skupstine-opstine-prijepolje\/","title":{"rendered":"Marko Svi\u010devi\u0107 novi predsjednik Skupstine op\u0161tine Prijepolje"},"content":{"rendered":"<p><img decoding=\"async\" src=\"https:\/\/ppmedia.rs\/wp-content\/uploads\/2019\/12\/20191224_121115-1024x576.jpg\" \/><\/p>\n<p><strong>Prijepolje \u2013 Sa 27 glasova za i \u010detiri protiv Marko Svi\u010devi\u0107 (SNS), na dana\u0161njem skup\u0161tinskom zasedanju, izabran je za predsednika SO Prijepolje.<\/strong><\/p>\n<p>Broj primljenih glasa\u010dkih listi\u0107a bio je 41, neupotrebljeno je bilo osam, dva su neva\u017ee\u0107a, dok je va\u017ee\u0107ih bilo 31.<\/p>\n<p>Marko Svi\u010devi\u0107 se zahvalio svim odbornicima koji su imali lepu re\u010d za njega.<\/p>\n<p>\u201ePredstavlja\u0107u op\u0161tinu u naboljem svetlu ali \u0107u i od vas zahtevati da svojim pona\u0161anjem za ovom govornicom odr\u017eimo red u skup\u0161tinskoj sali i da raspravljamo u duhu tolerancije i da vodimo konstruktivne rasprave\u201d, rekao je Svi\u010devi\u0107.<\/p>\n<p>Biv\u0161a predsednica SO Stana Markovi\u0107 (SNS) podnela je ostavku na mesto odbornika.<\/p>\n<p>Ina\u010de, lokalnu vlast u gradu na Limu dr\u017ee SNS, Pokret socijalista, SPS, Nova Srbija, BDZ, LDP, SDA i PUPS.<\/p>\n","protected":false},"excerpt":{"rendered":"<p>Prijepolje \u2013 Sa 27 glasova za i \u010detiri protiv Marko Svi\u010devi\u0107 (SNS), na dana\u0161njem skup\u0161tinskom zasedanju, izabran je za predsednika SO Prijepolje. Broj primljenih glasa\u010dkih listi\u0107a bio je 41, neupotrebljeno je bilo osam, dva su neva\u017ee\u0107a, dok je va\u017ee\u0107ih bilo 31. Marko Svi\u010devi\u0107 se zahvalio svim odbornicima koji su imali lepu re\u010d za njega. \u201ePredstavlja\u0107u [&hellip;]<\/p>\n","protected":false},"author":509,"featured_media":232254,"comment_status":"open","ping_status":"open","sticky":false,"template":"","format":"standard","meta":{"footnotes":""},"categories":[1,392],"tags":[],"class_list":{"0":"post-232253","1":"post","2":"type-post","3":"status-publish","4":"format-standard","5":"has-post-thumbnail","7":"category-politika","8":"category-prijepolje_"},"yoast_head":"<!-- This site is optimized with the Yoast SEO Premium plugin v23.1 (Yoast SEO v24.9) - https:\/\/yoast.com\/wordpress\/plugins\/seo\/ -->\n<title>Marko Svi\u010devi\u0107 novi predsjednik Skupstine op\u0161tine Prijepolje<\/title>\n<meta name=\"robots\" content=\"index, follow, max-snippet:-1, max-image-preview:large, max-video-preview:-1\" \/>\n<link rel=\"canonical\" href=\"https:\/\/sandzakpress.net\/arhiva\/marko-svicevic-novi-predsjednik-skupstine-opstine-prijepolje\/\" \/>\n<meta property=\"og:locale\" content=\"bs_BA\" \/>\n<meta property=\"og:type\" content=\"article\" \/>\n<meta property=\"og:title\" content=\"Marko Svi\u010devi\u0107 novi predsjednik Skupstine op\u0161tine Prijepolje\" \/>\n<meta property=\"og:description\" content=\"Prijepolje \u2013 Sa 27 glasova za i \u010detiri protiv Marko Svi\u010devi\u0107 (SNS), na dana\u0161njem skup\u0161tinskom zasedanju, izabran je za predsednika SO Prijepolje. Broj primljenih glasa\u010dkih listi\u0107a bio je 41, neupotrebljeno je bilo osam, dva su neva\u017ee\u0107a, dok je va\u017ee\u0107ih bilo 31. Marko Svi\u010devi\u0107 se zahvalio svim odbornicima koji su imali lepu re\u010d za njega. \u201ePredstavlja\u0107u [&hellip;]\" \/>\n<meta property=\"og:url\" content=\"https:\/\/sandzakpress.net\/arhiva\/marko-svicevic-novi-predsjednik-skupstine-opstine-prijepolje\/\" \/>\n<meta property=\"og:site_name\" content=\"Sand\u017eak PRESS\" \/>\n<meta property=\"article:published_time\" content=\"2019-12-25T19:56:56+00:00\" \/>\n<meta property=\"og:image\" content=\"https:\/\/sandzakpress.net\/arhiva\/wp-content\/uploads\/2019\/12\/20191224_121115-1024x576.jpg\" \/>\n\t<meta property=\"og:image:width\" content=\"1024\" \/>\n\t<meta property=\"og:image:height\" content=\"576\" \/>\n\t<meta property=\"og:image:type\" content=\"image\/jpeg\" \/>\n<meta name=\"author\" content=\"Agencija\" \/>\n<meta name=\"twitter:card\" content=\"summary_large_image\" \/>\n<meta name=\"twitter:label1\" content=\"Written by\" \/>\n\t<meta name=\"twitter:data1\" content=\"Agencija\" \/>\n\t<meta name=\"twitter:label2\" content=\"Est. reading time\" \/>\n\t<meta name=\"twitter:data2\" content=\"1 minuta\" \/>\n<script type=\"application\/ld+json\" class=\"yoast-schema-graph\">{\"@context\":\"https:\/\/schema.org\",\"@graph\":[{\"@type\":\"Article\",\"@id\":\"https:\/\/sandzakpress.net\/arhiva\/marko-svicevic-novi-predsjednik-skupstine-opstine-prijepolje\/#article\",\"isPartOf\":{\"@id\":\"https:\/\/sandzakpress.net\/arhiva\/marko-svicevic-novi-predsjednik-skupstine-opstine-prijepolje\/\"},\"author\":{\"name\":\"Agencija\",\"@id\":\"https:\/\/sandzakpress.net\/arhiva\/#\/schema\/person\/cb59d7e3ab91ab90dd680ad0305a6185\"},\"headline\":\"Marko Svi\u010devi\u0107 novi predsjednik Skupstine op\u0161tine Prijepolje\",\"datePublished\":\"2019-12-25T19:56:56+00:00\",\"mainEntityOfPage\":{\"@id\":\"https:\/\/sandzakpress.net\/arhiva\/marko-svicevic-novi-predsjednik-skupstine-opstine-prijepolje\/\"},\"wordCount\":145,\"commentCount\":0,\"publisher\":{\"@id\":\"https:\/\/sandzakpress.net\/arhiva\/#\/schema\/person\/6e72b67d6e51910a1117b3b483ba20bd\"},\"image\":{\"@id\":\"https:\/\/sandzakpress.net\/arhiva\/marko-svicevic-novi-predsjednik-skupstine-opstine-prijepolje\/#primaryimage\"},\"thumbnailUrl\":\"https:\/\/sandzakpress.net\/arhiva\/wp-content\/uploads\/2019\/12\/20191224_121115-1024x576.jpg\",\"articleSection\":[\"Politika\",\"Prijepolje\"],\"inLanguage\":\"bs-BA\",\"potentialAction\":[{\"@type\":\"CommentAction\",\"name\":\"Comment\",\"target\":[\"https:\/\/sandzakpress.net\/arhiva\/marko-svicevic-novi-predsjednik-skupstine-opstine-prijepolje\/#respond\"]}]},{\"@type\":\"WebPage\",\"@id\":\"https:\/\/sandzakpress.net\/arhiva\/marko-svicevic-novi-predsjednik-skupstine-opstine-prijepolje\/\",\"url\":\"https:\/\/sandzakpress.net\/arhiva\/marko-svicevic-novi-predsjednik-skupstine-opstine-prijepolje\/\",\"name\":\"Marko Svi\u010devi\u0107 novi predsjednik Skupstine op\u0161tine Prijepolje\",\"isPartOf\":{\"@id\":\"https:\/\/sandzakpress.net\/arhiva\/#website\"},\"primaryImageOfPage\":{\"@id\":\"https:\/\/sandzakpress.net\/arhiva\/marko-svicevic-novi-predsjednik-skupstine-opstine-prijepolje\/#primaryimage\"},\"image\":{\"@id\":\"https:\/\/sandzakpress.net\/arhiva\/marko-svicevic-novi-predsjednik-skupstine-opstine-prijepolje\/#primaryimage\"},\"thumbnailUrl\":\"https:\/\/sandzakpress.net\/arhiva\/wp-content\/uploads\/2019\/12\/20191224_121115-1024x576.jpg\",\"datePublished\":\"2019-12-25T19:56:56+00:00\",\"breadcrumb\":{\"@id\":\"https:\/\/sandzakpress.net\/arhiva\/marko-svicevic-novi-predsjednik-skupstine-opstine-prijepolje\/#breadcrumb\"},\"inLanguage\":\"bs-BA\",\"potentialAction\":[{\"@type\":\"ReadAction\",\"target\":[\"https:\/\/sandzakpress.net\/arhiva\/marko-svicevic-novi-predsjednik-skupstine-opstine-prijepolje\/\"]}]},{\"@type\":\"ImageObject\",\"inLanguage\":\"bs-BA\",\"@id\":\"https:\/\/sandzakpress.net\/arhiva\/marko-svicevic-novi-predsjednik-skupstine-opstine-prijepolje\/#primaryimage\",\"url\":\"https:\/\/sandzakpress.net\/arhiva\/wp-content\/uploads\/2019\/12\/20191224_121115-1024x576.jpg\",\"contentUrl\":\"https:\/\/sandzakpress.net\/arhiva\/wp-content\/uploads\/2019\/12\/20191224_121115-1024x576.jpg\",\"width\":1024,\"height\":576},{\"@type\":\"BreadcrumbList\",\"@id\":\"https:\/\/sandzakpress.net\/arhiva\/marko-svicevic-novi-predsjednik-skupstine-opstine-prijepolje\/#breadcrumb\",\"itemListElement\":[{\"@type\":\"ListItem\",\"position\":1,\"name\":\"Home\",\"item\":\"https:\/\/sandzakpress.net\/arhiva\/\"},{\"@type\":\"ListItem\",\"position\":2,\"name\":\"Marko Svi\u010devi\u0107 novi predsjednik Skupstine op\u0161tine Prijepolje\"}]},{\"@type\":\"WebSite\",\"@id\":\"https:\/\/sandzakpress.net\/arhiva\/#website\",\"url\":\"https:\/\/sandzakpress.net\/arhiva\/\",\"name\":\"Sand\u017eak PRESS\",\"description\":\"Prve elektronske novine u Sand\u017eaku\",\"publisher\":{\"@id\":\"https:\/\/sandzakpress.net\/arhiva\/#\/schema\/person\/6e72b67d6e51910a1117b3b483ba20bd\"},\"potentialAction\":[{\"@type\":\"SearchAction\",\"target\":{\"@type\":\"EntryPoint\",\"urlTemplate\":\"https:\/\/sandzakpress.net\/arhiva\/?s={search_term_string}\"},\"query-input\":{\"@type\":\"PropertyValueSpecification\",\"valueRequired\":true,\"valueName\":\"search_term_string\"}}],\"inLanguage\":\"bs-BA\"},{\"@type\":[\"Person\",\"Organization\"],\"@id\":\"https:\/\/sandzakpress.net\/arhiva\/#\/schema\/person\/6e72b67d6e51910a1117b3b483ba20bd\",\"name\":\"Kul\",\"image\":{\"@type\":\"ImageObject\",\"inLanguage\":\"bs-BA\",\"@id\":\"https:\/\/sandzakpress.net\/arhiva\/#\/schema\/person\/image\/\",\"url\":\"https:\/\/secure.gravatar.com\/avatar\/42263f39aa27ac04c43cab85c280eb2e?s=96&d=mm&r=pg\",\"contentUrl\":\"https:\/\/secure.gravatar.com\/avatar\/42263f39aa27ac04c43cab85c280eb2e?s=96&d=mm&r=pg\",\"caption\":\"Kul\"},\"logo\":{\"@id\":\"https:\/\/sandzakpress.net\/arhiva\/#\/schema\/person\/image\/\"}},{\"@type\":\"Person\",\"@id\":\"https:\/\/sandzakpress.net\/arhiva\/#\/schema\/person\/cb59d7e3ab91ab90dd680ad0305a6185\",\"name\":\"Agencija\",\"image\":{\"@type\":\"ImageObject\",\"inLanguage\":\"bs-BA\",\"@id\":\"https:\/\/sandzakpress.net\/arhiva\/#\/schema\/person\/image\/\",\"url\":\"https:\/\/secure.gravatar.com\/avatar\/4b7fafa80a22f0c2afe23966b3961fe0?s=96&d=mm&r=pg\",\"contentUrl\":\"https:\/\/secure.gravatar.com\/avatar\/4b7fafa80a22f0c2afe23966b3961fe0?s=96&d=mm&r=pg\",\"caption\":\"Agencija\"},\"url\":\"https:\/\/sandzakpress.net\/arhiva\/author\/agencija\/\"}]}<\/script>\n<!-- \/ Yoast SEO Premium plugin. -->","yoast_head_json":{"title":"Marko Svi\u010devi\u0107 novi predsjednik Skupstine op\u0161tine Prijepolje","robots":{"index":"index","follow":"follow","max-snippet":"max-snippet:-1","max-image-preview":"max-image-preview:large","max-video-preview":"max-video-preview:-1"},"canonical":"https:\/\/sandzakpress.net\/arhiva\/marko-svicevic-novi-predsjednik-skupstine-opstine-prijepolje\/","og_locale":"bs_BA","og_type":"article","og_title":"Marko Svi\u010devi\u0107 novi predsjednik Skupstine op\u0161tine Prijepolje","og_description":"Prijepolje \u2013 Sa 27 glasova za i \u010detiri protiv Marko Svi\u010devi\u0107 (SNS), na dana\u0161njem skup\u0161tinskom zasedanju, izabran je za predsednika SO Prijepolje. Broj primljenih glasa\u010dkih listi\u0107a bio je 41, neupotrebljeno je bilo osam, dva su neva\u017ee\u0107a, dok je va\u017ee\u0107ih bilo 31. Marko Svi\u010devi\u0107 se zahvalio svim odbornicima koji su imali lepu re\u010d za njega. \u201ePredstavlja\u0107u [&hellip;]","og_url":"https:\/\/sandzakpress.net\/arhiva\/marko-svicevic-novi-predsjednik-skupstine-opstine-prijepolje\/","og_site_name":"Sand\u017eak PRESS","article_published_time":"2019-12-25T19:56:56+00:00","og_image":[{"width":1024,"height":576,"url":"https:\/\/sandzakpress.net\/arhiva\/wp-content\/uploads\/2019\/12\/20191224_121115-1024x576.jpg","type":"image\/jpeg"}],"author":"Agencija","twitter_card":"summary_large_image","twitter_misc":{"Written by":"Agencija","Est. reading time":"1 minuta"},"schema":{"@context":"https:\/\/schema.org","@graph":[{"@type":"Article","@id":"https:\/\/sandzakpress.net\/arhiva\/marko-svicevic-novi-predsjednik-skupstine-opstine-prijepolje\/#article","isPartOf":{"@id":"https:\/\/sandzakpress.net\/arhiva\/marko-svicevic-novi-predsjednik-skupstine-opstine-prijepolje\/"},"author":{"name":"Agencija","@id":"https:\/\/sandzakpress.net\/arhiva\/#\/schema\/person\/cb59d7e3ab91ab90dd680ad0305a6185"},"headline":"Marko Svi\u010devi\u0107 novi predsjednik Skupstine op\u0161tine Prijepolje","datePublished":"2019-12-25T19:56:56+00:00","mainEntityOfPage":{"@id":"https:\/\/sandzakpress.net\/arhiva\/marko-svicevic-novi-predsjednik-skupstine-opstine-prijepolje\/"},"wordCount":145,"commentCount":0,"publisher":{"@id":"https:\/\/sandzakpress.net\/arhiva\/#\/schema\/person\/6e72b67d6e51910a1117b3b483ba20bd"},"image":{"@id":"https:\/\/sandzakpress.net\/arhiva\/marko-svicevic-novi-predsjednik-skupstine-opstine-prijepolje\/#primaryimage"},"thumbnailUrl":"https:\/\/sandzakpress.net\/arhiva\/wp-content\/uploads\/2019\/12\/20191224_121115-1024x576.jpg","articleSection":["Politika","Prijepolje"],"inLanguage":"bs-BA","potentialAction":[{"@type":"CommentAction","name":"Comment","target":["https:\/\/sandzakpress.net\/arhiva\/marko-svicevic-novi-predsjednik-skupstine-opstine-prijepolje\/#respond"]}]},{"@type":"WebPage","@id":"https:\/\/sandzakpress.net\/arhiva\/marko-svicevic-novi-predsjednik-skupstine-opstine-prijepolje\/","url":"https:\/\/sandzakpress.net\/arhiva\/marko-svicevic-novi-predsjednik-skupstine-opstine-prijepolje\/","name":"Marko Svi\u010devi\u0107 novi predsjednik Skupstine op\u0161tine Prijepolje","isPartOf":{"@id":"https:\/\/sandzakpress.net\/arhiva\/#website"},"primaryImageOfPage":{"@id":"https:\/\/sandzakpress.net\/arhiva\/marko-svicevic-novi-predsjednik-skupstine-opstine-prijepolje\/#primaryimage"},"image":{"@id":"https:\/\/sandzakpress.net\/arhiva\/marko-svicevic-novi-predsjednik-skupstine-opstine-prijepolje\/#primaryimage"},"thumbnailUrl":"https:\/\/sandzakpress.net\/arhiva\/wp-content\/uploads\/2019\/12\/20191224_121115-1024x576.jpg","datePublished":"2019-12-25T19:56:56+00:00","breadcrumb":{"@id":"https:\/\/sandzakpress.net\/arhiva\/marko-svicevic-novi-predsjednik-skupstine-opstine-prijepolje\/#breadcrumb"},"inLanguage":"bs-BA","potentialAction":[{"@type":"ReadAction","target":["https:\/\/sandzakpress.net\/arhiva\/marko-svicevic-novi-predsjednik-skupstine-opstine-prijepolje\/"]}]},{"@type":"ImageObject","inLanguage":"bs-BA","@id":"https:\/\/sandzakpress.net\/arhiva\/marko-svicevic-novi-predsjednik-skupstine-opstine-prijepolje\/#primaryimage","url":"https:\/\/sandzakpress.net\/arhiva\/wp-content\/uploads\/2019\/12\/20191224_121115-1024x576.jpg","contentUrl":"https:\/\/sandzakpress.net\/arhiva\/wp-content\/uploads\/2019\/12\/20191224_121115-1024x576.jpg","width":1024,"height":576},{"@type":"BreadcrumbList","@id":"https:\/\/sandzakpress.net\/arhiva\/marko-svicevic-novi-predsjednik-skupstine-opstine-prijepolje\/#breadcrumb","itemListElement":[{"@type":"ListItem","position":1,"name":"Home","item":"https:\/\/sandzakpress.net\/arhiva\/"},{"@type":"ListItem","position":2,"name":"Marko Svi\u010devi\u0107 novi predsjednik Skupstine op\u0161tine Prijepolje"}]},{"@type":"WebSite","@id":"https:\/\/sandzakpress.net\/arhiva\/#website","url":"https:\/\/sandzakpress.net\/arhiva\/","name":"Sand\u017eak PRESS","description":"Prve elektronske novine u Sand\u017eaku","publisher":{"@id":"https:\/\/sandzakpress.net\/arhiva\/#\/schema\/person\/6e72b67d6e51910a1117b3b483ba20bd"},"potentialAction":[{"@type":"SearchAction","target":{"@type":"EntryPoint","urlTemplate":"https:\/\/sandzakpress.net\/arhiva\/?s={search_term_string}"},"query-input":{"@type":"PropertyValueSpecification","valueRequired":true,"valueName":"search_term_string"}}],"inLanguage":"bs-BA"},{"@type":["Person","Organization"],"@id":"https:\/\/sandzakpress.net\/arhiva\/#\/schema\/person\/6e72b67d6e51910a1117b3b483ba20bd","name":"Kul","image":{"@type":"ImageObject","inLanguage":"bs-BA","@id":"https:\/\/sandzakpress.net\/arhiva\/#\/schema\/person\/image\/","url":"https:\/\/secure.gravatar.com\/avatar\/42263f39aa27ac04c43cab85c280eb2e?s=96&d=mm&r=pg","contentUrl":"https:\/\/secure.gravatar.com\/avatar\/42263f39aa27ac04c43cab85c280eb2e?s=96&d=mm&r=pg","caption":"Kul"},"logo":{"@id":"https:\/\/sandzakpress.net\/arhiva\/#\/schema\/person\/image\/"}},{"@type":"Person","@id":"https:\/\/sandzakpress.net\/arhiva\/#\/schema\/person\/cb59d7e3ab91ab90dd680ad0305a6185","name":"Agencija","image":{"@type":"ImageObject","inLanguage":"bs-BA","@id":"https:\/\/sandzakpress.net\/arhiva\/#\/schema\/person\/image\/","url":"https:\/\/secure.gravatar.com\/avatar\/4b7fafa80a22f0c2afe23966b3961fe0?s=96&d=mm&r=pg","contentUrl":"https:\/\/secure.gravatar.com\/avatar\/4b7fafa80a22f0c2afe23966b3961fe0?s=96&d=mm&r=pg","caption":"Agencija"},"url":"https:\/\/sandzakpress.net\/arhiva\/author\/agencija\/"}]}},"_links":{"self":[{"href":"https:\/\/sandzakpress.net\/arhiva\/wp-json\/wp\/v2\/posts\/232253"}],"collection":[{"href":"https:\/\/sandzakpress.net\/arhiva\/wp-json\/wp\/v2\/posts"}],"about":[{"href":"https:\/\/sandzakpress.net\/arhiva\/wp-json\/wp\/v2\/types\/post"}],"author":[{"embeddable":true,"href":"https:\/\/sandzakpress.net\/arhiva\/wp-json\/wp\/v2\/users\/509"}],"replies":[{"embeddable":true,"href":"https:\/\/sandzakpress.net\/arhiva\/wp-json\/wp\/v2\/comments?post=232253"}],"version-history":[{"count":0,"href":"https:\/\/sandzakpress.net\/arhiva\/wp-json\/wp\/v2\/posts\/232253\/revisions"}],"wp:featuredmedia":[{"embeddable":true,"href":"https:\/\/sandzakpress.net\/arhiva\/wp-json\/wp\/v2\/media\/232254"}],"wp:attachment":[{"href":"https:\/\/sandzakpress.net\/arhiva\/wp-json\/wp\/v2\/media?parent=232253"}],"wp:term":[{"taxonomy":"category","embeddable":true,"href":"https:\/\/sandzakpress.net\/arhiva\/wp-json\/wp\/v2\/categories?post=232253"},{"taxonomy":"post_tag","embeddable":true,"href":"https:\/\/sandzakpress.net\/arhiva\/wp-json\/wp\/v2\/tags?post=232253"}],"curies":[{"name":"wp","href":"https:\/\/api.w.org\/{rel}","templated":true}]}}