{"id":2322,"date":"2010-02-23T23:21:56","date_gmt":"2010-02-23T22:21:56","guid":{"rendered":"https:\/\/sandzakpress.net\/arhiva\/?p=2322"},"modified":"2010-02-23T23:29:00","modified_gmt":"2010-02-23T22:29:00","slug":"ministar-husovic-gost-%e2%80%9c-tribine-srijedom%e2%80%9d-u-podgorickoj-medresi","status":"publish","type":"post","link":"https:\/\/sandzakpress.net\/arhiva\/ministar-husovic-gost-%e2%80%9c-tribine-srijedom%e2%80%9d-u-podgorickoj-medresi\/","title":{"rendered":"Ministar Husovi\u0107 gost \u201c tribine srijedom\u201d u podgori\u010dkoj medresi"},"content":{"rendered":"<p><strong><strong><a href=\"https:\/\/sandzakpress.net\/arhiva\/wp-content\/uploads\/2010\/02\/husovicmedresa2010.jpg\"><img loading=\"lazy\" decoding=\"async\" class=\"alignleft size-medium wp-image-2323\" title=\"husovicmedresa2010\" src=\"https:\/\/sandzakpress.net\/arhiva\/wp-content\/uploads\/2010\/02\/husovicmedresa2010-300x225.jpg\" alt=\"\" width=\"300\" height=\"225\" \/><\/a>Podgorica<\/strong> &#8211; U sklopu ustaljene prakse da se svake srijede odr\u017eavaju tribine polaznicima Medrese u Podgorici, ve\u010deras je u njenom amfiteatru, gostovao Rafet Husovi\u0107, ministar u Vladi Crne Gore.<\/strong><\/p>\n<p>U svom obra\u0107anju ministar Husovi\u0107 je iskazao svoje zadovoljstvo boravkom medju polaznicima Medrese, jer je, kako je kazao \u201c biti medresant, predstavlja svojevrsnu \u010dast, ali i obavezu\u201d.<\/p>\n<p>&#8211; Za razliku od ranijih generacija, koje su se \u0161kolovale u te\u017eim uslovima i u medresama u drugim republikama, danas dr\u017eavama, vi pohadjate nastavu u izvanrednim uslovima, u modernoj i opremljenoj \u0161koli sa kvalitetnim nastavnim kadrom, i \u0161to je najva\u017enije u dr\u017eavi u kojoj \u017eivite &#8211; rekao je Husovi\u0107.<br \/>\nOn se, govore\u0107i i kao dugogodi\u0161nji profesor, osvrnuo na zna\u010daj i va\u017enost obrazovanja za dalji \u017eivotni poziv i ukupnog odgoja za kvalitetan razvoj li\u010dnosti.<br \/>\n&#8211; Obzirom da pohadjate obrazovno-odgojnu ustanovu, vi \u0107ete nakon okon\u010danja \u0161kolovanja, vjerovatno ve\u0107ina vas, vaspitavati i svoju, ali i na\u0161u djecu, pa je veoma va\u017eno da i va\u0161e sada\u0161nje pona\u0161anje, u Medresi i van nje, bude primjereno, status i imid\u017eu pravog medresanta &#8211; kazao je Husovi\u0107.<\/p>\n<p>Ministar Husovi\u0107 je u\u010denicima po\u017eelio uspjeh u \u0161kolovanju i iskazao nadu da \u0107e oni, nakon zavr\u0161ene Medrese i fakulteta, biti ponos svojih porodica, a od koristi za sredine iz kojih dolaze, instituciju iz koje su potekli, za sve gra\u0111ane Crne Gore i za samu dr\u017eavu Crnu Goru.<\/p>\n<p>Ministra Husovi\u0107a su do\u010dekali reis Rifat Fejzi\u0107, direktor, zamjenik direktora i sekretar Medrese Behlul Kanaqi, Rahman Ka\u010dar, Amer \u0160ukurica i profesori ove ustanove.<\/p>\n<p>Izvor: <strong>BosnjackaStranka.org<\/strong><\/p>\n","protected":false},"excerpt":{"rendered":"<p>Podgorica &#8211; U sklopu ustaljene prakse da se svake srijede odr\u017eavaju tribine polaznicima Medrese u Podgorici, ve\u010deras je u njenom amfiteatru, gostovao Rafet Husovi\u0107, ministar u Vladi Crne Gore. U svom obra\u0107anju ministar Husovi\u0107 je iskazao svoje zadovoljstvo boravkom medju polaznicima Medrese, jer je, kako je kazao \u201c biti medresant, predstavlja svojevrsnu \u010dast, ali i [&hellip;]<\/p>\n","protected":false},"author":83,"featured_media":2323,"comment_status":"closed","ping_status":"closed","sticky":false,"template":"","format":"standard","meta":{"footnotes":""},"categories":[1],"tags":[],"class_list":{"0":"post-2322","1":"post","2":"type-post","3":"status-publish","4":"format-standard","5":"has-post-thumbnail","7":"category-politika"},"yoast_head":"<!-- This site is optimized with the Yoast SEO Premium plugin v23.1 (Yoast SEO v24.9) - https:\/\/yoast.com\/wordpress\/plugins\/seo\/ -->\n<title>Ministar Husovi\u0107 gost \u201c tribine srijedom\u201d u podgori\u010dkoj medresi<\/title>\n<meta name=\"robots\" content=\"index, follow, max-snippet:-1, max-image-preview:large, max-video-preview:-1\" \/>\n<link rel=\"canonical\" href=\"https:\/\/sandzakpress.net\/arhiva\/ministar-husovic-gost-\u201c-tribine-srijedom\u201d-u-podgorickoj-medresi\/\" \/>\n<meta property=\"og:locale\" content=\"bs_BA\" \/>\n<meta property=\"og:type\" content=\"article\" \/>\n<meta property=\"og:title\" content=\"Ministar Husovi\u0107 gost \u201c tribine srijedom\u201d u podgori\u010dkoj medresi\" \/>\n<meta property=\"og:description\" content=\"Podgorica &#8211; U sklopu ustaljene prakse da se svake srijede odr\u017eavaju tribine polaznicima Medrese u Podgorici, ve\u010deras je u njenom amfiteatru, gostovao Rafet Husovi\u0107, ministar u Vladi Crne Gore. U svom obra\u0107anju ministar Husovi\u0107 je iskazao svoje zadovoljstvo boravkom medju polaznicima Medrese, jer je, kako je kazao \u201c biti medresant, predstavlja svojevrsnu \u010dast, ali i [&hellip;]\" \/>\n<meta property=\"og:url\" content=\"https:\/\/sandzakpress.net\/arhiva\/ministar-husovic-gost-\u201c-tribine-srijedom\u201d-u-podgorickoj-medresi\/\" \/>\n<meta property=\"og:site_name\" content=\"Sand\u017eak PRESS\" \/>\n<meta property=\"article:published_time\" content=\"2010-02-23T22:21:56+00:00\" \/>\n<meta property=\"article:modified_time\" content=\"2010-02-23T22:29:00+00:00\" \/>\n<meta property=\"og:image\" content=\"https:\/\/sandzakpress.net\/arhiva\/wp-content\/uploads\/2010\/02\/husovicmedresa2010.jpg\" \/>\n\t<meta property=\"og:image:width\" content=\"616\" \/>\n\t<meta property=\"og:image:height\" content=\"462\" \/>\n\t<meta property=\"og:image:type\" content=\"image\/jpeg\" \/>\n<meta name=\"author\" content=\"bosniak\" \/>\n<meta name=\"twitter:card\" content=\"summary_large_image\" \/>\n<meta name=\"twitter:label1\" content=\"Written by\" \/>\n\t<meta name=\"twitter:data1\" content=\"bosniak\" \/>\n\t<meta name=\"twitter:label2\" content=\"Est. reading time\" \/>\n\t<meta name=\"twitter:data2\" content=\"1 minuta\" \/>\n<script type=\"application\/ld+json\" class=\"yoast-schema-graph\">{\"@context\":\"https:\/\/schema.org\",\"@graph\":[{\"@type\":\"Article\",\"@id\":\"https:\/\/sandzakpress.net\/arhiva\/ministar-husovic-gost-%e2%80%9c-tribine-srijedom%e2%80%9d-u-podgorickoj-medresi\/#article\",\"isPartOf\":{\"@id\":\"https:\/\/sandzakpress.net\/arhiva\/ministar-husovic-gost-%e2%80%9c-tribine-srijedom%e2%80%9d-u-podgorickoj-medresi\/\"},\"author\":{\"name\":\"bosniak\",\"@id\":\"https:\/\/sandzakpress.net\/arhiva\/#\/schema\/person\/c8baee722073534b583ea7bdb2e36c02\"},\"headline\":\"Ministar Husovi\u0107 gost \u201c tribine srijedom\u201d u podgori\u010dkoj medresi\",\"datePublished\":\"2010-02-23T22:21:56+00:00\",\"dateModified\":\"2010-02-23T22:29:00+00:00\",\"mainEntityOfPage\":{\"@id\":\"https:\/\/sandzakpress.net\/arhiva\/ministar-husovic-gost-%e2%80%9c-tribine-srijedom%e2%80%9d-u-podgorickoj-medresi\/\"},\"wordCount\":284,\"publisher\":{\"@id\":\"https:\/\/sandzakpress.net\/arhiva\/#\/schema\/person\/6e72b67d6e51910a1117b3b483ba20bd\"},\"image\":{\"@id\":\"https:\/\/sandzakpress.net\/arhiva\/ministar-husovic-gost-%e2%80%9c-tribine-srijedom%e2%80%9d-u-podgorickoj-medresi\/#primaryimage\"},\"thumbnailUrl\":\"https:\/\/sandzakpress.net\/arhiva\/wp-content\/uploads\/2010\/02\/husovicmedresa2010.jpg\",\"articleSection\":[\"Politika\"],\"inLanguage\":\"bs-BA\"},{\"@type\":\"WebPage\",\"@id\":\"https:\/\/sandzakpress.net\/arhiva\/ministar-husovic-gost-%e2%80%9c-tribine-srijedom%e2%80%9d-u-podgorickoj-medresi\/\",\"url\":\"https:\/\/sandzakpress.net\/arhiva\/ministar-husovic-gost-%e2%80%9c-tribine-srijedom%e2%80%9d-u-podgorickoj-medresi\/\",\"name\":\"Ministar Husovi\u0107 gost \u201c tribine srijedom\u201d u podgori\u010dkoj medresi\",\"isPartOf\":{\"@id\":\"https:\/\/sandzakpress.net\/arhiva\/#website\"},\"primaryImageOfPage\":{\"@id\":\"https:\/\/sandzakpress.net\/arhiva\/ministar-husovic-gost-%e2%80%9c-tribine-srijedom%e2%80%9d-u-podgorickoj-medresi\/#primaryimage\"},\"image\":{\"@id\":\"https:\/\/sandzakpress.net\/arhiva\/ministar-husovic-gost-%e2%80%9c-tribine-srijedom%e2%80%9d-u-podgorickoj-medresi\/#primaryimage\"},\"thumbnailUrl\":\"https:\/\/sandzakpress.net\/arhiva\/wp-content\/uploads\/2010\/02\/husovicmedresa2010.jpg\",\"datePublished\":\"2010-02-23T22:21:56+00:00\",\"dateModified\":\"2010-02-23T22:29:00+00:00\",\"breadcrumb\":{\"@id\":\"https:\/\/sandzakpress.net\/arhiva\/ministar-husovic-gost-%e2%80%9c-tribine-srijedom%e2%80%9d-u-podgorickoj-medresi\/#breadcrumb\"},\"inLanguage\":\"bs-BA\",\"potentialAction\":[{\"@type\":\"ReadAction\",\"target\":[\"https:\/\/sandzakpress.net\/arhiva\/ministar-husovic-gost-%e2%80%9c-tribine-srijedom%e2%80%9d-u-podgorickoj-medresi\/\"]}]},{\"@type\":\"ImageObject\",\"inLanguage\":\"bs-BA\",\"@id\":\"https:\/\/sandzakpress.net\/arhiva\/ministar-husovic-gost-%e2%80%9c-tribine-srijedom%e2%80%9d-u-podgorickoj-medresi\/#primaryimage\",\"url\":\"https:\/\/sandzakpress.net\/arhiva\/wp-content\/uploads\/2010\/02\/husovicmedresa2010.jpg\",\"contentUrl\":\"https:\/\/sandzakpress.net\/arhiva\/wp-content\/uploads\/2010\/02\/husovicmedresa2010.jpg\",\"width\":616,\"height\":462},{\"@type\":\"BreadcrumbList\",\"@id\":\"https:\/\/sandzakpress.net\/arhiva\/ministar-husovic-gost-%e2%80%9c-tribine-srijedom%e2%80%9d-u-podgorickoj-medresi\/#breadcrumb\",\"itemListElement\":[{\"@type\":\"ListItem\",\"position\":1,\"name\":\"Home\",\"item\":\"https:\/\/sandzakpress.net\/arhiva\/\"},{\"@type\":\"ListItem\",\"position\":2,\"name\":\"Ministar Husovi\u0107 gost \u201c tribine srijedom\u201d u podgori\u010dkoj medresi\"}]},{\"@type\":\"WebSite\",\"@id\":\"https:\/\/sandzakpress.net\/arhiva\/#website\",\"url\":\"https:\/\/sandzakpress.net\/arhiva\/\",\"name\":\"Sand\u017eak PRESS\",\"description\":\"Prve elektronske novine u Sand\u017eaku\",\"publisher\":{\"@id\":\"https:\/\/sandzakpress.net\/arhiva\/#\/schema\/person\/6e72b67d6e51910a1117b3b483ba20bd\"},\"potentialAction\":[{\"@type\":\"SearchAction\",\"target\":{\"@type\":\"EntryPoint\",\"urlTemplate\":\"https:\/\/sandzakpress.net\/arhiva\/?s={search_term_string}\"},\"query-input\":{\"@type\":\"PropertyValueSpecification\",\"valueRequired\":true,\"valueName\":\"search_term_string\"}}],\"inLanguage\":\"bs-BA\"},{\"@type\":[\"Person\",\"Organization\"],\"@id\":\"https:\/\/sandzakpress.net\/arhiva\/#\/schema\/person\/6e72b67d6e51910a1117b3b483ba20bd\",\"name\":\"Kul\",\"image\":{\"@type\":\"ImageObject\",\"inLanguage\":\"bs-BA\",\"@id\":\"https:\/\/sandzakpress.net\/arhiva\/#\/schema\/person\/image\/\",\"url\":\"https:\/\/secure.gravatar.com\/avatar\/42263f39aa27ac04c43cab85c280eb2e?s=96&d=mm&r=pg\",\"contentUrl\":\"https:\/\/secure.gravatar.com\/avatar\/42263f39aa27ac04c43cab85c280eb2e?s=96&d=mm&r=pg\",\"caption\":\"Kul\"},\"logo\":{\"@id\":\"https:\/\/sandzakpress.net\/arhiva\/#\/schema\/person\/image\/\"}},{\"@type\":\"Person\",\"@id\":\"https:\/\/sandzakpress.net\/arhiva\/#\/schema\/person\/c8baee722073534b583ea7bdb2e36c02\",\"name\":\"bosniak\",\"image\":{\"@type\":\"ImageObject\",\"inLanguage\":\"bs-BA\",\"@id\":\"https:\/\/sandzakpress.net\/arhiva\/#\/schema\/person\/image\/\",\"url\":\"https:\/\/secure.gravatar.com\/avatar\/a04fd330bfe3a36a72a0ad4a6d89fca7?s=96&d=mm&r=pg\",\"contentUrl\":\"https:\/\/secure.gravatar.com\/avatar\/a04fd330bfe3a36a72a0ad4a6d89fca7?s=96&d=mm&r=pg\",\"caption\":\"bosniak\"},\"url\":\"https:\/\/sandzakpress.net\/arhiva\/author\/bosniak\/\"}]}<\/script>\n<!-- \/ Yoast SEO Premium plugin. -->","yoast_head_json":{"title":"Ministar Husovi\u0107 gost \u201c tribine srijedom\u201d u podgori\u010dkoj medresi","robots":{"index":"index","follow":"follow","max-snippet":"max-snippet:-1","max-image-preview":"max-image-preview:large","max-video-preview":"max-video-preview:-1"},"canonical":"https:\/\/sandzakpress.net\/arhiva\/ministar-husovic-gost-\u201c-tribine-srijedom\u201d-u-podgorickoj-medresi\/","og_locale":"bs_BA","og_type":"article","og_title":"Ministar Husovi\u0107 gost \u201c tribine srijedom\u201d u podgori\u010dkoj medresi","og_description":"Podgorica &#8211; U sklopu ustaljene prakse da se svake srijede odr\u017eavaju tribine polaznicima Medrese u Podgorici, ve\u010deras je u njenom amfiteatru, gostovao Rafet Husovi\u0107, ministar u Vladi Crne Gore. U svom obra\u0107anju ministar Husovi\u0107 je iskazao svoje zadovoljstvo boravkom medju polaznicima Medrese, jer je, kako je kazao \u201c biti medresant, predstavlja svojevrsnu \u010dast, ali i [&hellip;]","og_url":"https:\/\/sandzakpress.net\/arhiva\/ministar-husovic-gost-\u201c-tribine-srijedom\u201d-u-podgorickoj-medresi\/","og_site_name":"Sand\u017eak PRESS","article_published_time":"2010-02-23T22:21:56+00:00","article_modified_time":"2010-02-23T22:29:00+00:00","og_image":[{"width":616,"height":462,"url":"https:\/\/sandzakpress.net\/arhiva\/wp-content\/uploads\/2010\/02\/husovicmedresa2010.jpg","type":"image\/jpeg"}],"author":"bosniak","twitter_card":"summary_large_image","twitter_misc":{"Written by":"bosniak","Est. reading time":"1 minuta"},"schema":{"@context":"https:\/\/schema.org","@graph":[{"@type":"Article","@id":"https:\/\/sandzakpress.net\/arhiva\/ministar-husovic-gost-%e2%80%9c-tribine-srijedom%e2%80%9d-u-podgorickoj-medresi\/#article","isPartOf":{"@id":"https:\/\/sandzakpress.net\/arhiva\/ministar-husovic-gost-%e2%80%9c-tribine-srijedom%e2%80%9d-u-podgorickoj-medresi\/"},"author":{"name":"bosniak","@id":"https:\/\/sandzakpress.net\/arhiva\/#\/schema\/person\/c8baee722073534b583ea7bdb2e36c02"},"headline":"Ministar Husovi\u0107 gost \u201c tribine srijedom\u201d u podgori\u010dkoj medresi","datePublished":"2010-02-23T22:21:56+00:00","dateModified":"2010-02-23T22:29:00+00:00","mainEntityOfPage":{"@id":"https:\/\/sandzakpress.net\/arhiva\/ministar-husovic-gost-%e2%80%9c-tribine-srijedom%e2%80%9d-u-podgorickoj-medresi\/"},"wordCount":284,"publisher":{"@id":"https:\/\/sandzakpress.net\/arhiva\/#\/schema\/person\/6e72b67d6e51910a1117b3b483ba20bd"},"image":{"@id":"https:\/\/sandzakpress.net\/arhiva\/ministar-husovic-gost-%e2%80%9c-tribine-srijedom%e2%80%9d-u-podgorickoj-medresi\/#primaryimage"},"thumbnailUrl":"https:\/\/sandzakpress.net\/arhiva\/wp-content\/uploads\/2010\/02\/husovicmedresa2010.jpg","articleSection":["Politika"],"inLanguage":"bs-BA"},{"@type":"WebPage","@id":"https:\/\/sandzakpress.net\/arhiva\/ministar-husovic-gost-%e2%80%9c-tribine-srijedom%e2%80%9d-u-podgorickoj-medresi\/","url":"https:\/\/sandzakpress.net\/arhiva\/ministar-husovic-gost-%e2%80%9c-tribine-srijedom%e2%80%9d-u-podgorickoj-medresi\/","name":"Ministar Husovi\u0107 gost \u201c tribine srijedom\u201d u podgori\u010dkoj medresi","isPartOf":{"@id":"https:\/\/sandzakpress.net\/arhiva\/#website"},"primaryImageOfPage":{"@id":"https:\/\/sandzakpress.net\/arhiva\/ministar-husovic-gost-%e2%80%9c-tribine-srijedom%e2%80%9d-u-podgorickoj-medresi\/#primaryimage"},"image":{"@id":"https:\/\/sandzakpress.net\/arhiva\/ministar-husovic-gost-%e2%80%9c-tribine-srijedom%e2%80%9d-u-podgorickoj-medresi\/#primaryimage"},"thumbnailUrl":"https:\/\/sandzakpress.net\/arhiva\/wp-content\/uploads\/2010\/02\/husovicmedresa2010.jpg","datePublished":"2010-02-23T22:21:56+00:00","dateModified":"2010-02-23T22:29:00+00:00","breadcrumb":{"@id":"https:\/\/sandzakpress.net\/arhiva\/ministar-husovic-gost-%e2%80%9c-tribine-srijedom%e2%80%9d-u-podgorickoj-medresi\/#breadcrumb"},"inLanguage":"bs-BA","potentialAction":[{"@type":"ReadAction","target":["https:\/\/sandzakpress.net\/arhiva\/ministar-husovic-gost-%e2%80%9c-tribine-srijedom%e2%80%9d-u-podgorickoj-medresi\/"]}]},{"@type":"ImageObject","inLanguage":"bs-BA","@id":"https:\/\/sandzakpress.net\/arhiva\/ministar-husovic-gost-%e2%80%9c-tribine-srijedom%e2%80%9d-u-podgorickoj-medresi\/#primaryimage","url":"https:\/\/sandzakpress.net\/arhiva\/wp-content\/uploads\/2010\/02\/husovicmedresa2010.jpg","contentUrl":"https:\/\/sandzakpress.net\/arhiva\/wp-content\/uploads\/2010\/02\/husovicmedresa2010.jpg","width":616,"height":462},{"@type":"BreadcrumbList","@id":"https:\/\/sandzakpress.net\/arhiva\/ministar-husovic-gost-%e2%80%9c-tribine-srijedom%e2%80%9d-u-podgorickoj-medresi\/#breadcrumb","itemListElement":[{"@type":"ListItem","position":1,"name":"Home","item":"https:\/\/sandzakpress.net\/arhiva\/"},{"@type":"ListItem","position":2,"name":"Ministar Husovi\u0107 gost \u201c tribine srijedom\u201d u podgori\u010dkoj medresi"}]},{"@type":"WebSite","@id":"https:\/\/sandzakpress.net\/arhiva\/#website","url":"https:\/\/sandzakpress.net\/arhiva\/","name":"Sand\u017eak PRESS","description":"Prve elektronske novine u Sand\u017eaku","publisher":{"@id":"https:\/\/sandzakpress.net\/arhiva\/#\/schema\/person\/6e72b67d6e51910a1117b3b483ba20bd"},"potentialAction":[{"@type":"SearchAction","target":{"@type":"EntryPoint","urlTemplate":"https:\/\/sandzakpress.net\/arhiva\/?s={search_term_string}"},"query-input":{"@type":"PropertyValueSpecification","valueRequired":true,"valueName":"search_term_string"}}],"inLanguage":"bs-BA"},{"@type":["Person","Organization"],"@id":"https:\/\/sandzakpress.net\/arhiva\/#\/schema\/person\/6e72b67d6e51910a1117b3b483ba20bd","name":"Kul","image":{"@type":"ImageObject","inLanguage":"bs-BA","@id":"https:\/\/sandzakpress.net\/arhiva\/#\/schema\/person\/image\/","url":"https:\/\/secure.gravatar.com\/avatar\/42263f39aa27ac04c43cab85c280eb2e?s=96&d=mm&r=pg","contentUrl":"https:\/\/secure.gravatar.com\/avatar\/42263f39aa27ac04c43cab85c280eb2e?s=96&d=mm&r=pg","caption":"Kul"},"logo":{"@id":"https:\/\/sandzakpress.net\/arhiva\/#\/schema\/person\/image\/"}},{"@type":"Person","@id":"https:\/\/sandzakpress.net\/arhiva\/#\/schema\/person\/c8baee722073534b583ea7bdb2e36c02","name":"bosniak","image":{"@type":"ImageObject","inLanguage":"bs-BA","@id":"https:\/\/sandzakpress.net\/arhiva\/#\/schema\/person\/image\/","url":"https:\/\/secure.gravatar.com\/avatar\/a04fd330bfe3a36a72a0ad4a6d89fca7?s=96&d=mm&r=pg","contentUrl":"https:\/\/secure.gravatar.com\/avatar\/a04fd330bfe3a36a72a0ad4a6d89fca7?s=96&d=mm&r=pg","caption":"bosniak"},"url":"https:\/\/sandzakpress.net\/arhiva\/author\/bosniak\/"}]}},"_links":{"self":[{"href":"https:\/\/sandzakpress.net\/arhiva\/wp-json\/wp\/v2\/posts\/2322"}],"collection":[{"href":"https:\/\/sandzakpress.net\/arhiva\/wp-json\/wp\/v2\/posts"}],"about":[{"href":"https:\/\/sandzakpress.net\/arhiva\/wp-json\/wp\/v2\/types\/post"}],"author":[{"embeddable":true,"href":"https:\/\/sandzakpress.net\/arhiva\/wp-json\/wp\/v2\/users\/83"}],"replies":[{"embeddable":true,"href":"https:\/\/sandzakpress.net\/arhiva\/wp-json\/wp\/v2\/comments?post=2322"}],"version-history":[{"count":0,"href":"https:\/\/sandzakpress.net\/arhiva\/wp-json\/wp\/v2\/posts\/2322\/revisions"}],"wp:featuredmedia":[{"embeddable":true,"href":"https:\/\/sandzakpress.net\/arhiva\/wp-json\/wp\/v2\/media\/2323"}],"wp:attachment":[{"href":"https:\/\/sandzakpress.net\/arhiva\/wp-json\/wp\/v2\/media?parent=2322"}],"wp:term":[{"taxonomy":"category","embeddable":true,"href":"https:\/\/sandzakpress.net\/arhiva\/wp-json\/wp\/v2\/categories?post=2322"},{"taxonomy":"post_tag","embeddable":true,"href":"https:\/\/sandzakpress.net\/arhiva\/wp-json\/wp\/v2\/tags?post=2322"}],"curies":[{"name":"wp","href":"https:\/\/api.w.org\/{rel}","templated":true}]}}