{"id":232185,"date":"2019-12-24T13:11:14","date_gmt":"2019-12-24T12:11:14","guid":{"rendered":"https:\/\/sandzakpress.net\/arhiva\/?p=232185"},"modified":"2019-12-24T14:47:47","modified_gmt":"2019-12-24T13:47:47","slug":"mandic-prijetio-u-skupstini-ako-krenete-na-crkvu-mi-cemo-na-vase-kuce-video","status":"publish","type":"post","link":"https:\/\/sandzakpress.net\/arhiva\/mandic-prijetio-u-skupstini-ako-krenete-na-crkvu-mi-cemo-na-vase-kuce-video\/","title":{"rendered":"Mandi\u0107 prijetio u Skup\u0161tini: Ako krenete na Crkvu, mi \u0107emo na va\u0161e ku\u0107e! (Video)"},"content":{"rendered":"<p><img decoding=\"async\" src=\"http:\/\/saff.ba\/wp-content\/uploads\/2019\/12\/Screenshot-2019-12-24-at-09.42.21.jpg\" \/><\/p>\n<p><strong>Zakonodavni odbor Skup\u0161tine Crne Gore danas \u0107e se izjasniti o ustavnosti Predloga zakona o slobodi vjeroispovijesti ili uvjerenja i pravnom polo\u017eaju vjerskih zajednica.<\/strong><\/p>\n<p>Predstavnici Vlade su saop\u0161tili da je predlo\u017eeni zakon uskla\u0111en sa me\u0111unarodnim standardima i preporukama Venecijanske komisije i da ga ne\u0107e povu\u0107i. Srpska pravoslavna crkva i Demokratski front se \u017eestoko protive ovom zakonu. Pogledajte kako je Andrija Mandi\u0107, predsjednik Demokratskog fronta uputio opasne prijetnje Bo\u0161njacima muslimanima u Crnoj Gori. On je otvoreno zaprijetio da \u0107e se osvetiti Bo\u0161njacima ako glasaju za ovaj zakon.<\/p>\n<p><iframe loading=\"lazy\" title=\"Mandi\u0107 - Ako krenete na Crkvu, mi \u0107emo na va\u0161e ku\u0107e!\" width=\"696\" height=\"392\" src=\"https:\/\/www.youtube.com\/embed\/cCaPEuZxY7w?start=290&#038;feature=oembed\" frameborder=\"0\" allow=\"accelerometer; autoplay; encrypted-media; gyroscope; picture-in-picture\" allowfullscreen><\/iframe><\/p>\n<p>(Saff)<\/p>\n","protected":false},"excerpt":{"rendered":"<p>Zakonodavni odbor Skup\u0161tine Crne Gore danas \u0107e se izjasniti o ustavnosti Predloga zakona o slobodi vjeroispovijesti ili uvjerenja i pravnom polo\u017eaju vjerskih zajednica. Predstavnici Vlade su saop\u0161tili da je predlo\u017eeni zakon uskla\u0111en sa me\u0111unarodnim standardima i preporukama Venecijanske komisije i da ga ne\u0107e povu\u0107i. Srpska pravoslavna crkva i Demokratski front se \u017eestoko protive ovom zakonu. [&hellip;]<\/p>\n","protected":false},"author":509,"featured_media":232191,"comment_status":"open","ping_status":"open","sticky":false,"template":"","format":"standard","meta":{"footnotes":""},"categories":[398,1,397,10174,396,395,399,10173,8957],"tags":[],"class_list":{"0":"post-232185","1":"post","2":"type-post","3":"status-publish","4":"format-standard","5":"has-post-thumbnail","7":"category-rozaje","8":"category-politika","9":"category-berane","10":"category-petnjica-vase-vijesti","11":"category-bijelo_polje","12":"category-pljevlja_","13":"category-plav_","14":"category-gusinje-vase-vijesti","15":"category-vijesti-dana"},"yoast_head":"<!-- This site is optimized with the Yoast SEO Premium plugin v23.1 (Yoast SEO v24.9) - https:\/\/yoast.com\/wordpress\/plugins\/seo\/ -->\n<title>Mandi\u0107 prijetio u Skup\u0161tini: Ako krenete na Crkvu, mi \u0107emo na va\u0161e ku\u0107e! (Video)<\/title>\n<meta name=\"robots\" content=\"index, follow, max-snippet:-1, max-image-preview:large, max-video-preview:-1\" \/>\n<link rel=\"canonical\" href=\"https:\/\/sandzakpress.net\/arhiva\/mandic-prijetio-u-skupstini-ako-krenete-na-crkvu-mi-cemo-na-vase-kuce-video\/\" \/>\n<meta property=\"og:locale\" content=\"bs_BA\" \/>\n<meta property=\"og:type\" content=\"article\" \/>\n<meta property=\"og:title\" content=\"Mandi\u0107 prijetio u Skup\u0161tini: Ako krenete na Crkvu, mi \u0107emo na va\u0161e ku\u0107e! (Video)\" \/>\n<meta property=\"og:description\" content=\"Zakonodavni odbor Skup\u0161tine Crne Gore danas \u0107e se izjasniti o ustavnosti Predloga zakona o slobodi vjeroispovijesti ili uvjerenja i pravnom polo\u017eaju vjerskih zajednica. Predstavnici Vlade su saop\u0161tili da je predlo\u017eeni zakon uskla\u0111en sa me\u0111unarodnim standardima i preporukama Venecijanske komisije i da ga ne\u0107e povu\u0107i. Srpska pravoslavna crkva i Demokratski front se \u017eestoko protive ovom zakonu. [&hellip;]\" \/>\n<meta property=\"og:url\" content=\"https:\/\/sandzakpress.net\/arhiva\/mandic-prijetio-u-skupstini-ako-krenete-na-crkvu-mi-cemo-na-vase-kuce-video\/\" \/>\n<meta property=\"og:site_name\" content=\"Sand\u017eak PRESS\" \/>\n<meta property=\"article:published_time\" content=\"2019-12-24T12:11:14+00:00\" \/>\n<meta property=\"article:modified_time\" content=\"2019-12-24T13:47:47+00:00\" \/>\n<meta property=\"og:image\" content=\"https:\/\/sandzakpress.net\/arhiva\/wp-content\/uploads\/2019\/12\/Screenshot-2019-12-24-at-09.42.21.jpg\" \/>\n\t<meta property=\"og:image:width\" content=\"744\" \/>\n\t<meta property=\"og:image:height\" content=\"419\" \/>\n\t<meta property=\"og:image:type\" content=\"image\/jpeg\" \/>\n<meta name=\"author\" content=\"Agencija\" \/>\n<meta name=\"twitter:card\" content=\"summary_large_image\" \/>\n<meta name=\"twitter:label1\" content=\"Written by\" \/>\n\t<meta name=\"twitter:data1\" content=\"Agencija\" \/>\n\t<meta name=\"twitter:label2\" content=\"Est. reading time\" \/>\n\t<meta name=\"twitter:data2\" content=\"1 minuta\" \/>\n<script type=\"application\/ld+json\" class=\"yoast-schema-graph\">{\"@context\":\"https:\/\/schema.org\",\"@graph\":[{\"@type\":\"Article\",\"@id\":\"https:\/\/sandzakpress.net\/arhiva\/mandic-prijetio-u-skupstini-ako-krenete-na-crkvu-mi-cemo-na-vase-kuce-video\/#article\",\"isPartOf\":{\"@id\":\"https:\/\/sandzakpress.net\/arhiva\/mandic-prijetio-u-skupstini-ako-krenete-na-crkvu-mi-cemo-na-vase-kuce-video\/\"},\"author\":{\"name\":\"Agencija\",\"@id\":\"https:\/\/sandzakpress.net\/arhiva\/#\/schema\/person\/cb59d7e3ab91ab90dd680ad0305a6185\"},\"headline\":\"Mandi\u0107 prijetio u Skup\u0161tini: Ako krenete na Crkvu, mi \u0107emo na va\u0161e ku\u0107e! (Video)\",\"datePublished\":\"2019-12-24T12:11:14+00:00\",\"dateModified\":\"2019-12-24T13:47:47+00:00\",\"mainEntityOfPage\":{\"@id\":\"https:\/\/sandzakpress.net\/arhiva\/mandic-prijetio-u-skupstini-ako-krenete-na-crkvu-mi-cemo-na-vase-kuce-video\/\"},\"wordCount\":119,\"commentCount\":3,\"publisher\":{\"@id\":\"https:\/\/sandzakpress.net\/arhiva\/#\/schema\/person\/6e72b67d6e51910a1117b3b483ba20bd\"},\"image\":{\"@id\":\"https:\/\/sandzakpress.net\/arhiva\/mandic-prijetio-u-skupstini-ako-krenete-na-crkvu-mi-cemo-na-vase-kuce-video\/#primaryimage\"},\"thumbnailUrl\":\"https:\/\/sandzakpress.net\/arhiva\/wp-content\/uploads\/2019\/12\/Screenshot-2019-12-24-at-09.42.21.jpg\",\"articleSection\":[\"Ro\u017eaje\",\"Politika\",\"Berane\",\"Petnjica\",\"Bijelo Polje\",\"Pljevlja\",\"Plav\",\"Gusinje\",\"VIJESTI DANA\"],\"inLanguage\":\"bs-BA\",\"potentialAction\":[{\"@type\":\"CommentAction\",\"name\":\"Comment\",\"target\":[\"https:\/\/sandzakpress.net\/arhiva\/mandic-prijetio-u-skupstini-ako-krenete-na-crkvu-mi-cemo-na-vase-kuce-video\/#respond\"]}]},{\"@type\":\"WebPage\",\"@id\":\"https:\/\/sandzakpress.net\/arhiva\/mandic-prijetio-u-skupstini-ako-krenete-na-crkvu-mi-cemo-na-vase-kuce-video\/\",\"url\":\"https:\/\/sandzakpress.net\/arhiva\/mandic-prijetio-u-skupstini-ako-krenete-na-crkvu-mi-cemo-na-vase-kuce-video\/\",\"name\":\"Mandi\u0107 prijetio u Skup\u0161tini: Ako krenete na Crkvu, mi \u0107emo na va\u0161e ku\u0107e! (Video)\",\"isPartOf\":{\"@id\":\"https:\/\/sandzakpress.net\/arhiva\/#website\"},\"primaryImageOfPage\":{\"@id\":\"https:\/\/sandzakpress.net\/arhiva\/mandic-prijetio-u-skupstini-ako-krenete-na-crkvu-mi-cemo-na-vase-kuce-video\/#primaryimage\"},\"image\":{\"@id\":\"https:\/\/sandzakpress.net\/arhiva\/mandic-prijetio-u-skupstini-ako-krenete-na-crkvu-mi-cemo-na-vase-kuce-video\/#primaryimage\"},\"thumbnailUrl\":\"https:\/\/sandzakpress.net\/arhiva\/wp-content\/uploads\/2019\/12\/Screenshot-2019-12-24-at-09.42.21.jpg\",\"datePublished\":\"2019-12-24T12:11:14+00:00\",\"dateModified\":\"2019-12-24T13:47:47+00:00\",\"breadcrumb\":{\"@id\":\"https:\/\/sandzakpress.net\/arhiva\/mandic-prijetio-u-skupstini-ako-krenete-na-crkvu-mi-cemo-na-vase-kuce-video\/#breadcrumb\"},\"inLanguage\":\"bs-BA\",\"potentialAction\":[{\"@type\":\"ReadAction\",\"target\":[\"https:\/\/sandzakpress.net\/arhiva\/mandic-prijetio-u-skupstini-ako-krenete-na-crkvu-mi-cemo-na-vase-kuce-video\/\"]}]},{\"@type\":\"ImageObject\",\"inLanguage\":\"bs-BA\",\"@id\":\"https:\/\/sandzakpress.net\/arhiva\/mandic-prijetio-u-skupstini-ako-krenete-na-crkvu-mi-cemo-na-vase-kuce-video\/#primaryimage\",\"url\":\"https:\/\/sandzakpress.net\/arhiva\/wp-content\/uploads\/2019\/12\/Screenshot-2019-12-24-at-09.42.21.jpg\",\"contentUrl\":\"https:\/\/sandzakpress.net\/arhiva\/wp-content\/uploads\/2019\/12\/Screenshot-2019-12-24-at-09.42.21.jpg\",\"width\":744,\"height\":419},{\"@type\":\"BreadcrumbList\",\"@id\":\"https:\/\/sandzakpress.net\/arhiva\/mandic-prijetio-u-skupstini-ako-krenete-na-crkvu-mi-cemo-na-vase-kuce-video\/#breadcrumb\",\"itemListElement\":[{\"@type\":\"ListItem\",\"position\":1,\"name\":\"Home\",\"item\":\"https:\/\/sandzakpress.net\/arhiva\/\"},{\"@type\":\"ListItem\",\"position\":2,\"name\":\"Mandi\u0107 prijetio u Skup\u0161tini: Ako krenete na Crkvu, mi \u0107emo na va\u0161e ku\u0107e! (Video)\"}]},{\"@type\":\"WebSite\",\"@id\":\"https:\/\/sandzakpress.net\/arhiva\/#website\",\"url\":\"https:\/\/sandzakpress.net\/arhiva\/\",\"name\":\"Sand\u017eak PRESS\",\"description\":\"Prve elektronske novine u Sand\u017eaku\",\"publisher\":{\"@id\":\"https:\/\/sandzakpress.net\/arhiva\/#\/schema\/person\/6e72b67d6e51910a1117b3b483ba20bd\"},\"potentialAction\":[{\"@type\":\"SearchAction\",\"target\":{\"@type\":\"EntryPoint\",\"urlTemplate\":\"https:\/\/sandzakpress.net\/arhiva\/?s={search_term_string}\"},\"query-input\":{\"@type\":\"PropertyValueSpecification\",\"valueRequired\":true,\"valueName\":\"search_term_string\"}}],\"inLanguage\":\"bs-BA\"},{\"@type\":[\"Person\",\"Organization\"],\"@id\":\"https:\/\/sandzakpress.net\/arhiva\/#\/schema\/person\/6e72b67d6e51910a1117b3b483ba20bd\",\"name\":\"Kul\",\"image\":{\"@type\":\"ImageObject\",\"inLanguage\":\"bs-BA\",\"@id\":\"https:\/\/sandzakpress.net\/arhiva\/#\/schema\/person\/image\/\",\"url\":\"https:\/\/secure.gravatar.com\/avatar\/42263f39aa27ac04c43cab85c280eb2e?s=96&d=mm&r=pg\",\"contentUrl\":\"https:\/\/secure.gravatar.com\/avatar\/42263f39aa27ac04c43cab85c280eb2e?s=96&d=mm&r=pg\",\"caption\":\"Kul\"},\"logo\":{\"@id\":\"https:\/\/sandzakpress.net\/arhiva\/#\/schema\/person\/image\/\"}},{\"@type\":\"Person\",\"@id\":\"https:\/\/sandzakpress.net\/arhiva\/#\/schema\/person\/cb59d7e3ab91ab90dd680ad0305a6185\",\"name\":\"Agencija\",\"image\":{\"@type\":\"ImageObject\",\"inLanguage\":\"bs-BA\",\"@id\":\"https:\/\/sandzakpress.net\/arhiva\/#\/schema\/person\/image\/\",\"url\":\"https:\/\/secure.gravatar.com\/avatar\/4b7fafa80a22f0c2afe23966b3961fe0?s=96&d=mm&r=pg\",\"contentUrl\":\"https:\/\/secure.gravatar.com\/avatar\/4b7fafa80a22f0c2afe23966b3961fe0?s=96&d=mm&r=pg\",\"caption\":\"Agencija\"},\"url\":\"https:\/\/sandzakpress.net\/arhiva\/author\/agencija\/\"}]}<\/script>\n<!-- \/ Yoast SEO Premium plugin. -->","yoast_head_json":{"title":"Mandi\u0107 prijetio u Skup\u0161tini: Ako krenete na Crkvu, mi \u0107emo na va\u0161e ku\u0107e! (Video)","robots":{"index":"index","follow":"follow","max-snippet":"max-snippet:-1","max-image-preview":"max-image-preview:large","max-video-preview":"max-video-preview:-1"},"canonical":"https:\/\/sandzakpress.net\/arhiva\/mandic-prijetio-u-skupstini-ako-krenete-na-crkvu-mi-cemo-na-vase-kuce-video\/","og_locale":"bs_BA","og_type":"article","og_title":"Mandi\u0107 prijetio u Skup\u0161tini: Ako krenete na Crkvu, mi \u0107emo na va\u0161e ku\u0107e! (Video)","og_description":"Zakonodavni odbor Skup\u0161tine Crne Gore danas \u0107e se izjasniti o ustavnosti Predloga zakona o slobodi vjeroispovijesti ili uvjerenja i pravnom polo\u017eaju vjerskih zajednica. Predstavnici Vlade su saop\u0161tili da je predlo\u017eeni zakon uskla\u0111en sa me\u0111unarodnim standardima i preporukama Venecijanske komisije i da ga ne\u0107e povu\u0107i. Srpska pravoslavna crkva i Demokratski front se \u017eestoko protive ovom zakonu. [&hellip;]","og_url":"https:\/\/sandzakpress.net\/arhiva\/mandic-prijetio-u-skupstini-ako-krenete-na-crkvu-mi-cemo-na-vase-kuce-video\/","og_site_name":"Sand\u017eak PRESS","article_published_time":"2019-12-24T12:11:14+00:00","article_modified_time":"2019-12-24T13:47:47+00:00","og_image":[{"width":744,"height":419,"url":"https:\/\/sandzakpress.net\/arhiva\/wp-content\/uploads\/2019\/12\/Screenshot-2019-12-24-at-09.42.21.jpg","type":"image\/jpeg"}],"author":"Agencija","twitter_card":"summary_large_image","twitter_misc":{"Written by":"Agencija","Est. reading time":"1 minuta"},"schema":{"@context":"https:\/\/schema.org","@graph":[{"@type":"Article","@id":"https:\/\/sandzakpress.net\/arhiva\/mandic-prijetio-u-skupstini-ako-krenete-na-crkvu-mi-cemo-na-vase-kuce-video\/#article","isPartOf":{"@id":"https:\/\/sandzakpress.net\/arhiva\/mandic-prijetio-u-skupstini-ako-krenete-na-crkvu-mi-cemo-na-vase-kuce-video\/"},"author":{"name":"Agencija","@id":"https:\/\/sandzakpress.net\/arhiva\/#\/schema\/person\/cb59d7e3ab91ab90dd680ad0305a6185"},"headline":"Mandi\u0107 prijetio u Skup\u0161tini: Ako krenete na Crkvu, mi \u0107emo na va\u0161e ku\u0107e! (Video)","datePublished":"2019-12-24T12:11:14+00:00","dateModified":"2019-12-24T13:47:47+00:00","mainEntityOfPage":{"@id":"https:\/\/sandzakpress.net\/arhiva\/mandic-prijetio-u-skupstini-ako-krenete-na-crkvu-mi-cemo-na-vase-kuce-video\/"},"wordCount":119,"commentCount":3,"publisher":{"@id":"https:\/\/sandzakpress.net\/arhiva\/#\/schema\/person\/6e72b67d6e51910a1117b3b483ba20bd"},"image":{"@id":"https:\/\/sandzakpress.net\/arhiva\/mandic-prijetio-u-skupstini-ako-krenete-na-crkvu-mi-cemo-na-vase-kuce-video\/#primaryimage"},"thumbnailUrl":"https:\/\/sandzakpress.net\/arhiva\/wp-content\/uploads\/2019\/12\/Screenshot-2019-12-24-at-09.42.21.jpg","articleSection":["Ro\u017eaje","Politika","Berane","Petnjica","Bijelo Polje","Pljevlja","Plav","Gusinje","VIJESTI DANA"],"inLanguage":"bs-BA","potentialAction":[{"@type":"CommentAction","name":"Comment","target":["https:\/\/sandzakpress.net\/arhiva\/mandic-prijetio-u-skupstini-ako-krenete-na-crkvu-mi-cemo-na-vase-kuce-video\/#respond"]}]},{"@type":"WebPage","@id":"https:\/\/sandzakpress.net\/arhiva\/mandic-prijetio-u-skupstini-ako-krenete-na-crkvu-mi-cemo-na-vase-kuce-video\/","url":"https:\/\/sandzakpress.net\/arhiva\/mandic-prijetio-u-skupstini-ako-krenete-na-crkvu-mi-cemo-na-vase-kuce-video\/","name":"Mandi\u0107 prijetio u Skup\u0161tini: Ako krenete na Crkvu, mi \u0107emo na va\u0161e ku\u0107e! (Video)","isPartOf":{"@id":"https:\/\/sandzakpress.net\/arhiva\/#website"},"primaryImageOfPage":{"@id":"https:\/\/sandzakpress.net\/arhiva\/mandic-prijetio-u-skupstini-ako-krenete-na-crkvu-mi-cemo-na-vase-kuce-video\/#primaryimage"},"image":{"@id":"https:\/\/sandzakpress.net\/arhiva\/mandic-prijetio-u-skupstini-ako-krenete-na-crkvu-mi-cemo-na-vase-kuce-video\/#primaryimage"},"thumbnailUrl":"https:\/\/sandzakpress.net\/arhiva\/wp-content\/uploads\/2019\/12\/Screenshot-2019-12-24-at-09.42.21.jpg","datePublished":"2019-12-24T12:11:14+00:00","dateModified":"2019-12-24T13:47:47+00:00","breadcrumb":{"@id":"https:\/\/sandzakpress.net\/arhiva\/mandic-prijetio-u-skupstini-ako-krenete-na-crkvu-mi-cemo-na-vase-kuce-video\/#breadcrumb"},"inLanguage":"bs-BA","potentialAction":[{"@type":"ReadAction","target":["https:\/\/sandzakpress.net\/arhiva\/mandic-prijetio-u-skupstini-ako-krenete-na-crkvu-mi-cemo-na-vase-kuce-video\/"]}]},{"@type":"ImageObject","inLanguage":"bs-BA","@id":"https:\/\/sandzakpress.net\/arhiva\/mandic-prijetio-u-skupstini-ako-krenete-na-crkvu-mi-cemo-na-vase-kuce-video\/#primaryimage","url":"https:\/\/sandzakpress.net\/arhiva\/wp-content\/uploads\/2019\/12\/Screenshot-2019-12-24-at-09.42.21.jpg","contentUrl":"https:\/\/sandzakpress.net\/arhiva\/wp-content\/uploads\/2019\/12\/Screenshot-2019-12-24-at-09.42.21.jpg","width":744,"height":419},{"@type":"BreadcrumbList","@id":"https:\/\/sandzakpress.net\/arhiva\/mandic-prijetio-u-skupstini-ako-krenete-na-crkvu-mi-cemo-na-vase-kuce-video\/#breadcrumb","itemListElement":[{"@type":"ListItem","position":1,"name":"Home","item":"https:\/\/sandzakpress.net\/arhiva\/"},{"@type":"ListItem","position":2,"name":"Mandi\u0107 prijetio u Skup\u0161tini: Ako krenete na Crkvu, mi \u0107emo na va\u0161e ku\u0107e! (Video)"}]},{"@type":"WebSite","@id":"https:\/\/sandzakpress.net\/arhiva\/#website","url":"https:\/\/sandzakpress.net\/arhiva\/","name":"Sand\u017eak PRESS","description":"Prve elektronske novine u Sand\u017eaku","publisher":{"@id":"https:\/\/sandzakpress.net\/arhiva\/#\/schema\/person\/6e72b67d6e51910a1117b3b483ba20bd"},"potentialAction":[{"@type":"SearchAction","target":{"@type":"EntryPoint","urlTemplate":"https:\/\/sandzakpress.net\/arhiva\/?s={search_term_string}"},"query-input":{"@type":"PropertyValueSpecification","valueRequired":true,"valueName":"search_term_string"}}],"inLanguage":"bs-BA"},{"@type":["Person","Organization"],"@id":"https:\/\/sandzakpress.net\/arhiva\/#\/schema\/person\/6e72b67d6e51910a1117b3b483ba20bd","name":"Kul","image":{"@type":"ImageObject","inLanguage":"bs-BA","@id":"https:\/\/sandzakpress.net\/arhiva\/#\/schema\/person\/image\/","url":"https:\/\/secure.gravatar.com\/avatar\/42263f39aa27ac04c43cab85c280eb2e?s=96&d=mm&r=pg","contentUrl":"https:\/\/secure.gravatar.com\/avatar\/42263f39aa27ac04c43cab85c280eb2e?s=96&d=mm&r=pg","caption":"Kul"},"logo":{"@id":"https:\/\/sandzakpress.net\/arhiva\/#\/schema\/person\/image\/"}},{"@type":"Person","@id":"https:\/\/sandzakpress.net\/arhiva\/#\/schema\/person\/cb59d7e3ab91ab90dd680ad0305a6185","name":"Agencija","image":{"@type":"ImageObject","inLanguage":"bs-BA","@id":"https:\/\/sandzakpress.net\/arhiva\/#\/schema\/person\/image\/","url":"https:\/\/secure.gravatar.com\/avatar\/4b7fafa80a22f0c2afe23966b3961fe0?s=96&d=mm&r=pg","contentUrl":"https:\/\/secure.gravatar.com\/avatar\/4b7fafa80a22f0c2afe23966b3961fe0?s=96&d=mm&r=pg","caption":"Agencija"},"url":"https:\/\/sandzakpress.net\/arhiva\/author\/agencija\/"}]}},"_links":{"self":[{"href":"https:\/\/sandzakpress.net\/arhiva\/wp-json\/wp\/v2\/posts\/232185"}],"collection":[{"href":"https:\/\/sandzakpress.net\/arhiva\/wp-json\/wp\/v2\/posts"}],"about":[{"href":"https:\/\/sandzakpress.net\/arhiva\/wp-json\/wp\/v2\/types\/post"}],"author":[{"embeddable":true,"href":"https:\/\/sandzakpress.net\/arhiva\/wp-json\/wp\/v2\/users\/509"}],"replies":[{"embeddable":true,"href":"https:\/\/sandzakpress.net\/arhiva\/wp-json\/wp\/v2\/comments?post=232185"}],"version-history":[{"count":0,"href":"https:\/\/sandzakpress.net\/arhiva\/wp-json\/wp\/v2\/posts\/232185\/revisions"}],"wp:featuredmedia":[{"embeddable":true,"href":"https:\/\/sandzakpress.net\/arhiva\/wp-json\/wp\/v2\/media\/232191"}],"wp:attachment":[{"href":"https:\/\/sandzakpress.net\/arhiva\/wp-json\/wp\/v2\/media?parent=232185"}],"wp:term":[{"taxonomy":"category","embeddable":true,"href":"https:\/\/sandzakpress.net\/arhiva\/wp-json\/wp\/v2\/categories?post=232185"},{"taxonomy":"post_tag","embeddable":true,"href":"https:\/\/sandzakpress.net\/arhiva\/wp-json\/wp\/v2\/tags?post=232185"}],"curies":[{"name":"wp","href":"https:\/\/api.w.org\/{rel}","templated":true}]}}