{"id":232169,"date":"2019-12-24T00:08:04","date_gmt":"2019-12-23T23:08:04","guid":{"rendered":"https:\/\/sandzakpress.net\/arhiva\/?p=232169"},"modified":"2019-12-24T13:04:55","modified_gmt":"2019-12-24T12:04:55","slug":"bosnjacka-kulturna-zajednica-obiljezila-10-godina-postojanja","status":"publish","type":"post","link":"https:\/\/sandzakpress.net\/arhiva\/bosnjacka-kulturna-zajednica-obiljezila-10-godina-postojanja\/","title":{"rendered":"Bo\u0161nja\u010dka kulturna zajednica obilje\u017eila 10 godina postojanja"},"content":{"rendered":"<p><img loading=\"lazy\" decoding=\"async\" class=\"alignnone size-full wp-image-52263\" src=\"http:\/\/sanapress.info\/wp-content\/uploads\/2019\/12\/1-12.jpg\" alt=\"\" width=\"960\" height=\"639\" \/><\/p>\n<p><strong>U Amfiteatru FIS-a sve\u010dano je obilje\u017een veliki jubilej &#8211; 10 godina od osnivanja Bo\u0161nja\u010dke kulturne zajednice. Jedni do drugih, predstavnici vjerskog, javnog, kulturnog i politi\u010dkog \u017eivota, a svi sa jednim ciljem, svjedo\u010diti jubileju hrabrosti, odva\u017enosti i dostojanstva u odbrani vjerskih, kulturnih i tradicionalnih postulata u prethodnoj deceniji.<\/strong><\/p>\n<p>Organizacija pod imenom Bo\u0161nja\u010dka kulturna zajednica osnovana je sa ciljem borbe za o\u010duvanje i afirmaciju nacionalnog, kulturnog i vjerskog identiteta Bo\u0161njaka. Osnovana je u Novom Pazaru 22.12.2009. godine. Njeni osniva\u010di ponosno su uzdigli bajrak bo\u0161nja\u010dke kulture, tradicije i duhovnosti prvotno na prostoru Sand\u017eaka, a zatim i diljem svijeta gdje god Bo\u0161njaci \u017eive.<\/p>\n<p><iframe loading=\"lazy\" style=\"border: none; overflow: hidden;\" src=\"https:\/\/www.facebook.com\/plugins\/video.php?href=https%3A%2F%2Fwww.facebook.com%2FMuamerZukorlic%2Fvideos%2F598297444278832%2F&amp;show_text=0&amp;width=560\" width=\"560\" height=\"315\" frameborder=\"0\" scrolling=\"no\" allowfullscreen=\"allowfullscreen\"><\/iframe><\/p>\n<p>Potreba za osnivanjem ovakve udruge bila je vi\u0161e nego o\u010digledna, s obzirom na pusto\u0161 koja je nastala u stotinu godina razgradnje bo\u0161nja\u010dkih vrijednosti i njihovog prava da autohtono ba\u0161tine svoj identitet, koji izvire iz vjere islama i pro\u017eima se sa evropskim vrijednostima.<\/p>\n<p>U trenutku osnivanja Bo\u0161nja\u010dke kulturne zajednice, individualna i kolektivna prava Bo\u0161njaka u Republici Srbiji bila su zato\u010dena u sadejstvu dr\u017eavnog re\u017eima i retrogradnih bo\u0161nja\u010dkih politika, koje su dr\u017eale monopol nad svim kulturnim, politi\u010dkim i dru\u0161tvenim procesima, i prijetile da ugroze posljednji bedem slobode i autonomije bo\u0161nja\u010dkog naroda &#8211; Islamsku zajednicu kao jedini preostali sto\u017eer duhovne, kulturne, a u odsudnim historijskim trenucima i nacionalne vertikale jedinstva bo\u0161nja\u010dkog naroda u matici i rasijanju.<\/p>\n<p>Cijeli bo\u0161nja\u010dki narod nalazio se u potrebi za jednom ovakvom insitucijom koja vrlo brzo prerasta u pokret bo\u0161nja\u010dkog bu\u0111enja iz kojeg izrastaju temeljne nau\u010dne, umjetni\u010dke, kulturne, i ostale institucije va\u017ene za opstanak na\u0161eg naroda.<\/p>\n<p>\u010cestitke povodom 10 godina uputili su predstavnici podru\u017enica BKZ-a iz dijaspore. U svom obra\u0107anju, predsjednik BKZ-a dr. Admir Muratovi\u0107 isti\u010de da je decenijom uspje\u0161nog djelovanja dokazana snaga Bo\u0161nja\u010dke kulturne zajednice, a preporod koji je njom do\u017eivljen je o\u010digledan i nezaobilazan.<\/p>\n<p>\u201eIskrene dove Allah prima. Bo\u017eija milost i bereket nemaju granica. Ako danas, deset godina kasnije bacimo pogled na 19 principa sa kojima je lista \u201eBKZ \u2013 Muftija Muamer Zukorli\u0107\u201c iza\u0161la na izbore za BNV 2010-te godine, potpuno je izmjerljivo da je ono \u0161to je bilo mogu\u0107e realizirati kroz sistem postoje\u0107ih institucija nastalih, izme\u0111u ostalog, zahvaljuju\u0107i energiji BKZ-a, kao \u0161to su BNF, BANU, SBK, a to su sloboda Bo\u0161nja\u010dkog naroda, o\u010duvanje i afirmacija identiteta, Bo\u0161nja\u010dka akademija nauka i umjetnosti, Matica bo\u0161nja\u010dka, obrazovanje na bosanskome jeziku, zvani\u010dna upotreba bosanskog jezika i pisma, ba\u0161tinjenje kulturne i historijske bo\u0161nja\u010dke vrijednosti, bo\u0161nja\u010dka nacionalna televizija, odbrana i autonomnost Islamske zajednice, o\u010duvanje povezanosti i pune saradnje sa nacionalnom i duhovnom maticom Bosnom, unapre\u0111enje svijesti o ilirskom porijeklu, kultura pam\u0107enja, afirmacija o svijesti o islamu kao temelju na\u0161eg identiteta&#8230; Ove su stvari podignute na nivo na koji vi\u0161e nema crvenog alarma. Decenija uspje\u0161nog djelovanja i rada pokazuje da BKZ nije formirana radi politi\u010dkih ciljeva, ve\u0107 kao kontinuitet te\u017enje za konstantnim podizanjem svijesti, uzdizanja samopouzdanja, o\u010duvanju vrijednosti prethodnika i kreiranju novih kvaliteta. Nakon prvih deset godina BKZ sa ponosom nastavlja svoju borbu ulivaju\u0107i se sa svih krajeva svijeta gdje \u017eivi bo\u0161nja\u010dki narod u mati\u010dnu organizaciju nastalu kao rezultat ove sinergije pod imenom Matica bo\u0161nja\u010dka\u201c, kazao je dr. Muratovi\u0107.<\/p>\n<p>Nakon obra\u0107anja aktuelnog predsjednika BKZ-a uslijedio je kratkometra\u017eni film u kojem su satkani najbitniji momenti od osnivanja BKZ-a pa do danas. Prisutnima se obratio i predsjednik Matice bo\u0161nja\u010dke i biv\u0161i predsjednik BKZ-a dr. Jahja Fehratovi\u0107 istakav\u0161i ja\u010dinu i te\u017einu zadatog emaneta, na koji se, sa dana\u0161nje ta\u010dke gledi\u0161ta i perspektive, mo\u017ee govoriti samo sa punim ponosom.<\/p>\n<p>\u201eTada sam kao vrlo mlad, pomalo i za\u010du\u0111uju\u0107e, dobio izuzetno veliku \u0161ansu da izrastam i u\u010dim uz ove na\u0161e velikane, akademika Zukorli\u0107a, muftiju Dudi\u0107a i sve ostale i da svjedo\u010dim kreiranju i nastanku cjelokupnog ovog pokreta. Neizmjerno sam zahvalan danas Uzvi\u0161enom Stvoritelju \u0161to je to tada bilo tako. Kada listate sve ovo pitate se je li mogu\u0107e da je sve ovo stalo u deset godina? Ukoliko promatramo historiju \u010dovje\u010danstva vidje\u0107emo da ovakvi veliki trenuci i institucije kod velikih naroda ili onih koji se danas smatraju narodi sa tradicijom, nastajali su u nekoliko vijekova. Sve ono \u0161to je ovdje kod nas Bo\u0161njaka u Sand\u017eaku nastalo u ovom desetlje\u0107u i \u0161to se odavde razvilo diljem bo\u0161nja\u010dkog naroda drugi narodi su sve to ba\u0161tinili u nekoliko stolje\u0107a\u201c, kazao je dr. Fehratovi\u0107.<\/p>\n<p>Predsjednik Me\u0161ihata Islamske zajednice u Srbiji bio je i prvi predsjednik BKZ-a. Obrativ\u0161i se prisutnima, muftija dr. Mevlud-ef. Dudi\u0107 je podvukao da se iz ideje BKZ-a kao pokreta tada razvilo mnogo zna\u010dajnih institucija.<\/p>\n<p><iframe loading=\"lazy\" style=\"border: none; overflow: hidden;\" src=\"https:\/\/www.facebook.com\/plugins\/post.php?href=https%3A%2F%2Fwww.facebook.com%2Fmedia%2Fset%2F%3Fset%3Da.3245902082103499%26type%3D3&amp;width=500\" width=\"500\" height=\"621\" frameborder=\"0\" scrolling=\"no\"><\/iframe><\/p>\n<p>\u201cMnogo je nastalih institucija koje u sebi nose prefiks \u201ebo\u0161nja\u010dka\u201c, ali se niti jedna ne mo\u017ee uporediti sa Bo\u0161nja\u010dkom kulturnom zajednicom. Iz ove Bo\u0161nja\u010dke kulturne zajednice kao pokreta sve ostalo je nastalo. Zbog iskrena nijeta koji je tada donijet, ve\u0107ina institucija su nastale na temeljima BKZ-a. I mogu slobodno da ka\u017eem &#8211; kada bi se danas ugasila ona je odradila svoj posao. Ali evo, nikad ja\u010da i stabilnija zahvaljuju\u0107i vama, a vi ste elita bo\u0161nja\u010dkog naroda, to neka vam je stalno na umu. Samo se elita okuplja oko vrijednosti BKZ-a. Neki drugi se okupljaju oko nekih drugih stvari, ali Allah dragi poma\u017ee samo one iskrene i ustrajne\u201d, kazao je predsjednik Me\u0161ihata IZ-e u Srbiji muftija dr. Mevlud-ef. Dudi\u0107.<\/p>\n<p>Lider svebo\u0161nja\u010dkog pokreta akademik Muamer Zukorli\u0107 Muftija udario je temelje Bo\u0161nja\u010dkoj kulturnoj zajednici i kroz njeno desetlje\u0107e postojanja bio glavni simbol iste. U ve\u010dera\u0161njem obra\u0107anju poru\u010dio da je ona sa svojim vrijednostima koje je ba\u0161tinila u tom mukotrpnom vremenu kada je nastala bila jedna od prekretnica sveop\u0107e pobjede nad tada\u0161njim zulumom pojedinaca.<\/p>\n<p>\u201cDok sve ovo gledam i slu\u0161am, prisje\u0107am se kako nastaje BKZ. Kraj je 2009. godine, zapravo su dvije godine nakon po\u010detka agresije na Islamsku zajednicu. Te dvije godine smo \u017eestoko odbijali \u017eestoke napade na Islamsku zajednicu. I to ne ba\u0161 toliko kulturnim sredstvima, jer je to bila najnekulturnija agresija na najkulturniju zajednicu. Na nekulturna sredstva otimanja d\u017eamija, ulaska u d\u017eamije sa \u010dizmama od strane prljavih policijskih snaga zloupotrijebljenih da se ru\u0161i i cijepa Islamska zajednica, hap\u0161enje ljudi, otimanje vakufske imovine, ru\u0161enje poretka Islamske zajednice, na sve to se nije moglo odgovoriti kulturnim sredstvima. Na to se moralo odgovoriti \u017eivotima, fizi\u010dki. Na tu agresiju sinovi i k\u0107eri sand\u017ea\u010dkih Bo\u0161njaka su ujutru pod velikim ili malim abdestom izlazili iz svojih ku\u0107a, i svakog dana uvakufljavali svoje glave. I kada je to dalo rezultate, kada je vi\u0161estruko brojniji neprijatelj podr\u017ean zvani\u010dnom politikom u Beogradu, zvani\u010dnom politikom Novog Pazara i ostalih sand\u017ea\u010dkih gradova, sa svom mehanizacijom, sa svim politi\u010dkim i pravnim mehanizmima, zloupotrebama svih slu\u017ebi i dr\u017eavnih institucija \u2013 bili su pora\u017eeni od \u0161ake ljudi. Mala grupa i mala \u010deta je pobijedila velike grupe i velike \u010dete Allahovom Voljom\u201c, kazao je akademik Muamer Zukorli\u0107.<\/p>\n<p>\u201ePazite na koje dno smo mi bili pali. U komunisti\u010dkom periodu, a nakon toga i u postkomunisti\u010dkom periodu, tzv. vi\u0161estrana\u010dkom sistemu, apsolutna ve\u0107ina na\u0161e politi\u010dke i intelektualne elite radi o glavi ovom narodu. E zamislite iz tog pepela kad po\u010dnu nicati ovakve mladice, to mo\u017ee samo Bo\u017eijom milo\u0161\u0107u, ali mo\u017ee ukoliko je ta zemlja plodna. Ova zemlja je plodna, plodnija od drugih. Dok su se druge zemlje napajale raznim vodama, navodnjavanjima i \u0111ubrivima, ova se natapala \u0161ehidskom krvi\u201c, podvukao je akademik Zukorli\u0107.<\/p>\n<p>Nakon \u017eestoke borbe i otpora, odgovoreno je kulturom. Zato se i desio preokret, dodao je akademik Zukorli\u0107.<\/p>\n<p>\u201eAko je Svevi\u0161nji na va\u0161oj strani onda vam niko ne mo\u017ee ni\u0161ta. I zapravo iz takve zemlje ni\u010du sinovi i k\u0107eri bo\u0161nja\u010dkog naroda, uz sve \u0161to ih je gazilo tokom 20-tog stolje\u0107a. Ne dozvoljavaju da se u njihovim umovima i srcima ugasi \u017eeravica istine, vjere, pravde, \u0161to zapravo jeste su\u0161tina na\u0161e kulture. Zapravo, kultura je vrijednosni sistem koji treba da sa\u010duva na\u0161u ljudskost u na\u0161im grudima. E to je zapravo kultura i sve ono \u0161to slu\u017ei tom \u010duvanju. Postoje razni segmenti kulture, ali to je njena prava su\u0161tina. Zapravo, Bo\u0161nja\u010dka kulturna zajednica je nastala na toj ideji da obnovi na\u0161u temeljnu i zdravu kulturu koja ni\u010de i iz islama, ali i iz cjelokupnog na\u0161eg historijskog, bo\u0161nja\u010dkog naslje\u0111a i na\u0161e cjelokupne bo\u0161nja\u010dke tradicije\u201c, rekao je akademik Zukorli\u0107.<\/p>\n<p>Prisutni su nakon sve\u010danog dijela imali prilike pogledati izlo\u017ebu uprili\u010denu u povodu 10 godina postojanja BKZ-a, a svako od prisutnih za sebe je dobio primjerak monografije \u201e10 GODINA BKZ-a\u201c, koju je izdala Matica bo\u0161nja\u010dka.<\/p>\n<p>SANA \u2013 Hamza \u0160krijelj<br \/>FOTO: SANA<\/p>\n<p><img loading=\"lazy\" decoding=\"async\" class=\"alignnone size-full wp-image-52264\" src=\"http:\/\/sanapress.info\/wp-content\/uploads\/2019\/12\/2-11.jpg\" alt=\"\" width=\"960\" height=\"639\" \/> <img loading=\"lazy\" decoding=\"async\" class=\"alignnone size-full wp-image-52265\" src=\"http:\/\/sanapress.info\/wp-content\/uploads\/2019\/12\/3-9.jpg\" alt=\"\" width=\"960\" height=\"639\" \/> <img loading=\"lazy\" decoding=\"async\" class=\"alignnone size-full wp-image-52266\" src=\"http:\/\/sanapress.info\/wp-content\/uploads\/2019\/12\/4-9.jpg\" alt=\"\" width=\"960\" height=\"640\" \/> <img loading=\"lazy\" decoding=\"async\" class=\"alignnone size-full wp-image-52267\" src=\"http:\/\/sanapress.info\/wp-content\/uploads\/2019\/12\/5-8.jpg\" alt=\"\" width=\"960\" height=\"639\" \/> <img loading=\"lazy\" decoding=\"async\" class=\"alignnone size-full wp-image-52268\" src=\"http:\/\/sanapress.info\/wp-content\/uploads\/2019\/12\/6-6.jpg\" alt=\"\" width=\"960\" height=\"639\" \/> <img loading=\"lazy\" decoding=\"async\" class=\"alignnone size-full wp-image-52269\" src=\"http:\/\/sanapress.info\/wp-content\/uploads\/2019\/12\/6a.jpg\" alt=\"\" width=\"960\" height=\"640\" \/><\/p>\n<p><img loading=\"lazy\" decoding=\"async\" class=\"alignnone size-full wp-image-52279\" src=\"http:\/\/sanapress.info\/wp-content\/uploads\/2019\/12\/jahja-1.jpg\" alt=\"\" width=\"1600\" height=\"1066\" \/><img loading=\"lazy\" decoding=\"async\" class=\"alignnone size-full wp-image-52270\" src=\"http:\/\/sanapress.info\/wp-content\/uploads\/2019\/12\/6b.jpg\" alt=\"\" width=\"960\" height=\"639\" \/> <img loading=\"lazy\" decoding=\"async\" class=\"alignnone size-full wp-image-52271\" src=\"http:\/\/sanapress.info\/wp-content\/uploads\/2019\/12\/6c.jpg\" alt=\"\" width=\"960\" height=\"640\" \/> <img loading=\"lazy\" decoding=\"async\" class=\"alignnone size-full wp-image-52272\" src=\"http:\/\/sanapress.info\/wp-content\/uploads\/2019\/12\/7-4.jpg\" alt=\"\" width=\"960\" height=\"639\" \/> <img loading=\"lazy\" decoding=\"async\" class=\"alignnone size-full wp-image-52273\" src=\"http:\/\/sanapress.info\/wp-content\/uploads\/2019\/12\/8-5.jpg\" alt=\"\" width=\"960\" height=\"639\" \/> <img loading=\"lazy\" decoding=\"async\" class=\"alignnone size-full wp-image-52274\" src=\"http:\/\/sanapress.info\/wp-content\/uploads\/2019\/12\/9-5.jpg\" alt=\"\" width=\"960\" height=\"640\" \/> <img loading=\"lazy\" decoding=\"async\" class=\"alignnone size-full wp-image-52275\" src=\"http:\/\/sanapress.info\/wp-content\/uploads\/2019\/12\/10-5.jpg\" alt=\"\" width=\"960\" height=\"639\" \/> <img loading=\"lazy\" decoding=\"async\" class=\"alignnone size-full wp-image-52276\" src=\"http:\/\/sanapress.info\/wp-content\/uploads\/2019\/12\/11-3.jpg\" alt=\"\" width=\"960\" height=\"639\" \/> <img loading=\"lazy\" decoding=\"async\" class=\"alignnone size-full wp-image-52277\" src=\"http:\/\/sanapress.info\/wp-content\/uploads\/2019\/12\/18.jpg\" alt=\"\" width=\"960\" height=\"639\" \/><\/p>\n<p><img loading=\"lazy\" decoding=\"async\" class=\"alignnone size-full wp-image-52259\" src=\"http:\/\/sanapress.info\/wp-content\/uploads\/2019\/12\/000.jpg\" alt=\"\" width=\"960\" height=\"639\" \/> <img loading=\"lazy\" decoding=\"async\" class=\"alignnone size-full wp-image-52260\" src=\"http:\/\/sanapress.info\/wp-content\/uploads\/2019\/12\/00.jpg\" alt=\"\" width=\"960\" height=\"639\" \/> <img loading=\"lazy\" decoding=\"async\" class=\"alignnone size-full wp-image-52261\" src=\"http:\/\/sanapress.info\/wp-content\/uploads\/2019\/12\/0-4.jpg\" alt=\"\" width=\"960\" height=\"640\" \/> <img loading=\"lazy\" decoding=\"async\" class=\"alignnone size-full wp-image-52262\" src=\"http:\/\/sanapress.info\/wp-content\/uploads\/2019\/12\/15-1.jpg\" alt=\"\" width=\"960\" height=\"640\" \/><\/p>\n","protected":false},"excerpt":{"rendered":"<p>U Amfiteatru FIS-a sve\u010dano je obilje\u017een veliki jubilej &#8211; 10 godina od osnivanja Bo\u0161nja\u010dke kulturne zajednice. Jedni do drugih, predstavnici vjerskog, javnog, kulturnog i politi\u010dkog \u017eivota, a svi sa jednim ciljem, svjedo\u010diti jubileju hrabrosti, odva\u017enosti i dostojanstva u odbrani vjerskih, kulturnih i tradicionalnih postulata u prethodnoj deceniji. Organizacija pod imenom Bo\u0161nja\u010dka kulturna zajednica osnovana je [&hellip;]<\/p>\n","protected":false},"author":509,"featured_media":232170,"comment_status":"open","ping_status":"open","sticky":false,"template":"","format":"standard","meta":{"footnotes":""},"categories":[72,1,8957],"tags":[],"class_list":{"0":"post-232169","1":"post","2":"type-post","3":"status-publish","4":"format-standard","5":"has-post-thumbnail","7":"category-novi-pazar","8":"category-politika","9":"category-vijesti-dana"},"yoast_head":"<!-- This site is optimized with the Yoast SEO Premium plugin v23.1 (Yoast SEO v24.9) - https:\/\/yoast.com\/wordpress\/plugins\/seo\/ -->\n<title>Bo\u0161nja\u010dka kulturna zajednica obilje\u017eila 10 godina postojanja<\/title>\n<meta name=\"robots\" content=\"index, follow, max-snippet:-1, max-image-preview:large, max-video-preview:-1\" \/>\n<link rel=\"canonical\" href=\"https:\/\/sandzakpress.net\/arhiva\/bosnjacka-kulturna-zajednica-obiljezila-10-godina-postojanja\/\" \/>\n<meta property=\"og:locale\" content=\"bs_BA\" \/>\n<meta property=\"og:type\" content=\"article\" \/>\n<meta property=\"og:title\" content=\"Bo\u0161nja\u010dka kulturna zajednica obilje\u017eila 10 godina postojanja\" \/>\n<meta property=\"og:description\" content=\"U Amfiteatru FIS-a sve\u010dano je obilje\u017een veliki jubilej &#8211; 10 godina od osnivanja Bo\u0161nja\u010dke kulturne zajednice. Jedni do drugih, predstavnici vjerskog, javnog, kulturnog i politi\u010dkog \u017eivota, a svi sa jednim ciljem, svjedo\u010diti jubileju hrabrosti, odva\u017enosti i dostojanstva u odbrani vjerskih, kulturnih i tradicionalnih postulata u prethodnoj deceniji. Organizacija pod imenom Bo\u0161nja\u010dka kulturna zajednica osnovana je [&hellip;]\" \/>\n<meta property=\"og:url\" content=\"https:\/\/sandzakpress.net\/arhiva\/bosnjacka-kulturna-zajednica-obiljezila-10-godina-postojanja\/\" \/>\n<meta property=\"og:site_name\" content=\"Sand\u017eak PRESS\" \/>\n<meta property=\"article:published_time\" content=\"2019-12-23T23:08:04+00:00\" \/>\n<meta property=\"article:modified_time\" content=\"2019-12-24T12:04:55+00:00\" \/>\n<meta property=\"og:image\" content=\"https:\/\/sandzakpress.net\/arhiva\/wp-content\/uploads\/2019\/12\/E28DF146-935E-4D53-9DCF-6EFBAC158A11.jpeg\" \/>\n\t<meta property=\"og:image:width\" content=\"960\" \/>\n\t<meta property=\"og:image:height\" content=\"639\" \/>\n\t<meta property=\"og:image:type\" content=\"image\/jpeg\" \/>\n<meta name=\"author\" content=\"Agencija\" \/>\n<meta name=\"twitter:card\" content=\"summary_large_image\" \/>\n<meta name=\"twitter:label1\" content=\"Written by\" \/>\n\t<meta name=\"twitter:data1\" content=\"Agencija\" \/>\n\t<meta name=\"twitter:label2\" content=\"Est. reading time\" \/>\n\t<meta name=\"twitter:data2\" content=\"8 minuta\" \/>\n<script type=\"application\/ld+json\" class=\"yoast-schema-graph\">{\"@context\":\"https:\/\/schema.org\",\"@graph\":[{\"@type\":\"Article\",\"@id\":\"https:\/\/sandzakpress.net\/arhiva\/bosnjacka-kulturna-zajednica-obiljezila-10-godina-postojanja\/#article\",\"isPartOf\":{\"@id\":\"https:\/\/sandzakpress.net\/arhiva\/bosnjacka-kulturna-zajednica-obiljezila-10-godina-postojanja\/\"},\"author\":{\"name\":\"Agencija\",\"@id\":\"https:\/\/sandzakpress.net\/arhiva\/#\/schema\/person\/cb59d7e3ab91ab90dd680ad0305a6185\"},\"headline\":\"Bo\u0161nja\u010dka kulturna zajednica obilje\u017eila 10 godina postojanja\",\"datePublished\":\"2019-12-23T23:08:04+00:00\",\"dateModified\":\"2019-12-24T12:04:55+00:00\",\"mainEntityOfPage\":{\"@id\":\"https:\/\/sandzakpress.net\/arhiva\/bosnjacka-kulturna-zajednica-obiljezila-10-godina-postojanja\/\"},\"wordCount\":1553,\"commentCount\":0,\"publisher\":{\"@id\":\"https:\/\/sandzakpress.net\/arhiva\/#\/schema\/person\/6e72b67d6e51910a1117b3b483ba20bd\"},\"image\":{\"@id\":\"https:\/\/sandzakpress.net\/arhiva\/bosnjacka-kulturna-zajednica-obiljezila-10-godina-postojanja\/#primaryimage\"},\"thumbnailUrl\":\"https:\/\/sandzakpress.net\/arhiva\/wp-content\/uploads\/2019\/12\/E28DF146-935E-4D53-9DCF-6EFBAC158A11.jpeg\",\"articleSection\":[\"Novi Pazar\",\"Politika\",\"VIJESTI DANA\"],\"inLanguage\":\"bs-BA\",\"potentialAction\":[{\"@type\":\"CommentAction\",\"name\":\"Comment\",\"target\":[\"https:\/\/sandzakpress.net\/arhiva\/bosnjacka-kulturna-zajednica-obiljezila-10-godina-postojanja\/#respond\"]}]},{\"@type\":\"WebPage\",\"@id\":\"https:\/\/sandzakpress.net\/arhiva\/bosnjacka-kulturna-zajednica-obiljezila-10-godina-postojanja\/\",\"url\":\"https:\/\/sandzakpress.net\/arhiva\/bosnjacka-kulturna-zajednica-obiljezila-10-godina-postojanja\/\",\"name\":\"Bo\u0161nja\u010dka kulturna zajednica obilje\u017eila 10 godina postojanja\",\"isPartOf\":{\"@id\":\"https:\/\/sandzakpress.net\/arhiva\/#website\"},\"primaryImageOfPage\":{\"@id\":\"https:\/\/sandzakpress.net\/arhiva\/bosnjacka-kulturna-zajednica-obiljezila-10-godina-postojanja\/#primaryimage\"},\"image\":{\"@id\":\"https:\/\/sandzakpress.net\/arhiva\/bosnjacka-kulturna-zajednica-obiljezila-10-godina-postojanja\/#primaryimage\"},\"thumbnailUrl\":\"https:\/\/sandzakpress.net\/arhiva\/wp-content\/uploads\/2019\/12\/E28DF146-935E-4D53-9DCF-6EFBAC158A11.jpeg\",\"datePublished\":\"2019-12-23T23:08:04+00:00\",\"dateModified\":\"2019-12-24T12:04:55+00:00\",\"breadcrumb\":{\"@id\":\"https:\/\/sandzakpress.net\/arhiva\/bosnjacka-kulturna-zajednica-obiljezila-10-godina-postojanja\/#breadcrumb\"},\"inLanguage\":\"bs-BA\",\"potentialAction\":[{\"@type\":\"ReadAction\",\"target\":[\"https:\/\/sandzakpress.net\/arhiva\/bosnjacka-kulturna-zajednica-obiljezila-10-godina-postojanja\/\"]}]},{\"@type\":\"ImageObject\",\"inLanguage\":\"bs-BA\",\"@id\":\"https:\/\/sandzakpress.net\/arhiva\/bosnjacka-kulturna-zajednica-obiljezila-10-godina-postojanja\/#primaryimage\",\"url\":\"https:\/\/sandzakpress.net\/arhiva\/wp-content\/uploads\/2019\/12\/E28DF146-935E-4D53-9DCF-6EFBAC158A11.jpeg\",\"contentUrl\":\"https:\/\/sandzakpress.net\/arhiva\/wp-content\/uploads\/2019\/12\/E28DF146-935E-4D53-9DCF-6EFBAC158A11.jpeg\",\"width\":960,\"height\":639},{\"@type\":\"BreadcrumbList\",\"@id\":\"https:\/\/sandzakpress.net\/arhiva\/bosnjacka-kulturna-zajednica-obiljezila-10-godina-postojanja\/#breadcrumb\",\"itemListElement\":[{\"@type\":\"ListItem\",\"position\":1,\"name\":\"Home\",\"item\":\"https:\/\/sandzakpress.net\/arhiva\/\"},{\"@type\":\"ListItem\",\"position\":2,\"name\":\"Bo\u0161nja\u010dka kulturna zajednica obilje\u017eila 10 godina postojanja\"}]},{\"@type\":\"WebSite\",\"@id\":\"https:\/\/sandzakpress.net\/arhiva\/#website\",\"url\":\"https:\/\/sandzakpress.net\/arhiva\/\",\"name\":\"Sand\u017eak PRESS\",\"description\":\"Prve elektronske novine u Sand\u017eaku\",\"publisher\":{\"@id\":\"https:\/\/sandzakpress.net\/arhiva\/#\/schema\/person\/6e72b67d6e51910a1117b3b483ba20bd\"},\"potentialAction\":[{\"@type\":\"SearchAction\",\"target\":{\"@type\":\"EntryPoint\",\"urlTemplate\":\"https:\/\/sandzakpress.net\/arhiva\/?s={search_term_string}\"},\"query-input\":{\"@type\":\"PropertyValueSpecification\",\"valueRequired\":true,\"valueName\":\"search_term_string\"}}],\"inLanguage\":\"bs-BA\"},{\"@type\":[\"Person\",\"Organization\"],\"@id\":\"https:\/\/sandzakpress.net\/arhiva\/#\/schema\/person\/6e72b67d6e51910a1117b3b483ba20bd\",\"name\":\"Kul\",\"image\":{\"@type\":\"ImageObject\",\"inLanguage\":\"bs-BA\",\"@id\":\"https:\/\/sandzakpress.net\/arhiva\/#\/schema\/person\/image\/\",\"url\":\"https:\/\/secure.gravatar.com\/avatar\/42263f39aa27ac04c43cab85c280eb2e?s=96&d=mm&r=pg\",\"contentUrl\":\"https:\/\/secure.gravatar.com\/avatar\/42263f39aa27ac04c43cab85c280eb2e?s=96&d=mm&r=pg\",\"caption\":\"Kul\"},\"logo\":{\"@id\":\"https:\/\/sandzakpress.net\/arhiva\/#\/schema\/person\/image\/\"}},{\"@type\":\"Person\",\"@id\":\"https:\/\/sandzakpress.net\/arhiva\/#\/schema\/person\/cb59d7e3ab91ab90dd680ad0305a6185\",\"name\":\"Agencija\",\"image\":{\"@type\":\"ImageObject\",\"inLanguage\":\"bs-BA\",\"@id\":\"https:\/\/sandzakpress.net\/arhiva\/#\/schema\/person\/image\/\",\"url\":\"https:\/\/secure.gravatar.com\/avatar\/4b7fafa80a22f0c2afe23966b3961fe0?s=96&d=mm&r=pg\",\"contentUrl\":\"https:\/\/secure.gravatar.com\/avatar\/4b7fafa80a22f0c2afe23966b3961fe0?s=96&d=mm&r=pg\",\"caption\":\"Agencija\"},\"url\":\"https:\/\/sandzakpress.net\/arhiva\/author\/agencija\/\"}]}<\/script>\n<!-- \/ Yoast SEO Premium plugin. -->","yoast_head_json":{"title":"Bo\u0161nja\u010dka kulturna zajednica obilje\u017eila 10 godina postojanja","robots":{"index":"index","follow":"follow","max-snippet":"max-snippet:-1","max-image-preview":"max-image-preview:large","max-video-preview":"max-video-preview:-1"},"canonical":"https:\/\/sandzakpress.net\/arhiva\/bosnjacka-kulturna-zajednica-obiljezila-10-godina-postojanja\/","og_locale":"bs_BA","og_type":"article","og_title":"Bo\u0161nja\u010dka kulturna zajednica obilje\u017eila 10 godina postojanja","og_description":"U Amfiteatru FIS-a sve\u010dano je obilje\u017een veliki jubilej &#8211; 10 godina od osnivanja Bo\u0161nja\u010dke kulturne zajednice. Jedni do drugih, predstavnici vjerskog, javnog, kulturnog i politi\u010dkog \u017eivota, a svi sa jednim ciljem, svjedo\u010diti jubileju hrabrosti, odva\u017enosti i dostojanstva u odbrani vjerskih, kulturnih i tradicionalnih postulata u prethodnoj deceniji. Organizacija pod imenom Bo\u0161nja\u010dka kulturna zajednica osnovana je [&hellip;]","og_url":"https:\/\/sandzakpress.net\/arhiva\/bosnjacka-kulturna-zajednica-obiljezila-10-godina-postojanja\/","og_site_name":"Sand\u017eak PRESS","article_published_time":"2019-12-23T23:08:04+00:00","article_modified_time":"2019-12-24T12:04:55+00:00","og_image":[{"width":960,"height":639,"url":"https:\/\/sandzakpress.net\/arhiva\/wp-content\/uploads\/2019\/12\/E28DF146-935E-4D53-9DCF-6EFBAC158A11.jpeg","type":"image\/jpeg"}],"author":"Agencija","twitter_card":"summary_large_image","twitter_misc":{"Written by":"Agencija","Est. reading time":"8 minuta"},"schema":{"@context":"https:\/\/schema.org","@graph":[{"@type":"Article","@id":"https:\/\/sandzakpress.net\/arhiva\/bosnjacka-kulturna-zajednica-obiljezila-10-godina-postojanja\/#article","isPartOf":{"@id":"https:\/\/sandzakpress.net\/arhiva\/bosnjacka-kulturna-zajednica-obiljezila-10-godina-postojanja\/"},"author":{"name":"Agencija","@id":"https:\/\/sandzakpress.net\/arhiva\/#\/schema\/person\/cb59d7e3ab91ab90dd680ad0305a6185"},"headline":"Bo\u0161nja\u010dka kulturna zajednica obilje\u017eila 10 godina postojanja","datePublished":"2019-12-23T23:08:04+00:00","dateModified":"2019-12-24T12:04:55+00:00","mainEntityOfPage":{"@id":"https:\/\/sandzakpress.net\/arhiva\/bosnjacka-kulturna-zajednica-obiljezila-10-godina-postojanja\/"},"wordCount":1553,"commentCount":0,"publisher":{"@id":"https:\/\/sandzakpress.net\/arhiva\/#\/schema\/person\/6e72b67d6e51910a1117b3b483ba20bd"},"image":{"@id":"https:\/\/sandzakpress.net\/arhiva\/bosnjacka-kulturna-zajednica-obiljezila-10-godina-postojanja\/#primaryimage"},"thumbnailUrl":"https:\/\/sandzakpress.net\/arhiva\/wp-content\/uploads\/2019\/12\/E28DF146-935E-4D53-9DCF-6EFBAC158A11.jpeg","articleSection":["Novi Pazar","Politika","VIJESTI DANA"],"inLanguage":"bs-BA","potentialAction":[{"@type":"CommentAction","name":"Comment","target":["https:\/\/sandzakpress.net\/arhiva\/bosnjacka-kulturna-zajednica-obiljezila-10-godina-postojanja\/#respond"]}]},{"@type":"WebPage","@id":"https:\/\/sandzakpress.net\/arhiva\/bosnjacka-kulturna-zajednica-obiljezila-10-godina-postojanja\/","url":"https:\/\/sandzakpress.net\/arhiva\/bosnjacka-kulturna-zajednica-obiljezila-10-godina-postojanja\/","name":"Bo\u0161nja\u010dka kulturna zajednica obilje\u017eila 10 godina postojanja","isPartOf":{"@id":"https:\/\/sandzakpress.net\/arhiva\/#website"},"primaryImageOfPage":{"@id":"https:\/\/sandzakpress.net\/arhiva\/bosnjacka-kulturna-zajednica-obiljezila-10-godina-postojanja\/#primaryimage"},"image":{"@id":"https:\/\/sandzakpress.net\/arhiva\/bosnjacka-kulturna-zajednica-obiljezila-10-godina-postojanja\/#primaryimage"},"thumbnailUrl":"https:\/\/sandzakpress.net\/arhiva\/wp-content\/uploads\/2019\/12\/E28DF146-935E-4D53-9DCF-6EFBAC158A11.jpeg","datePublished":"2019-12-23T23:08:04+00:00","dateModified":"2019-12-24T12:04:55+00:00","breadcrumb":{"@id":"https:\/\/sandzakpress.net\/arhiva\/bosnjacka-kulturna-zajednica-obiljezila-10-godina-postojanja\/#breadcrumb"},"inLanguage":"bs-BA","potentialAction":[{"@type":"ReadAction","target":["https:\/\/sandzakpress.net\/arhiva\/bosnjacka-kulturna-zajednica-obiljezila-10-godina-postojanja\/"]}]},{"@type":"ImageObject","inLanguage":"bs-BA","@id":"https:\/\/sandzakpress.net\/arhiva\/bosnjacka-kulturna-zajednica-obiljezila-10-godina-postojanja\/#primaryimage","url":"https:\/\/sandzakpress.net\/arhiva\/wp-content\/uploads\/2019\/12\/E28DF146-935E-4D53-9DCF-6EFBAC158A11.jpeg","contentUrl":"https:\/\/sandzakpress.net\/arhiva\/wp-content\/uploads\/2019\/12\/E28DF146-935E-4D53-9DCF-6EFBAC158A11.jpeg","width":960,"height":639},{"@type":"BreadcrumbList","@id":"https:\/\/sandzakpress.net\/arhiva\/bosnjacka-kulturna-zajednica-obiljezila-10-godina-postojanja\/#breadcrumb","itemListElement":[{"@type":"ListItem","position":1,"name":"Home","item":"https:\/\/sandzakpress.net\/arhiva\/"},{"@type":"ListItem","position":2,"name":"Bo\u0161nja\u010dka kulturna zajednica obilje\u017eila 10 godina postojanja"}]},{"@type":"WebSite","@id":"https:\/\/sandzakpress.net\/arhiva\/#website","url":"https:\/\/sandzakpress.net\/arhiva\/","name":"Sand\u017eak PRESS","description":"Prve elektronske novine u Sand\u017eaku","publisher":{"@id":"https:\/\/sandzakpress.net\/arhiva\/#\/schema\/person\/6e72b67d6e51910a1117b3b483ba20bd"},"potentialAction":[{"@type":"SearchAction","target":{"@type":"EntryPoint","urlTemplate":"https:\/\/sandzakpress.net\/arhiva\/?s={search_term_string}"},"query-input":{"@type":"PropertyValueSpecification","valueRequired":true,"valueName":"search_term_string"}}],"inLanguage":"bs-BA"},{"@type":["Person","Organization"],"@id":"https:\/\/sandzakpress.net\/arhiva\/#\/schema\/person\/6e72b67d6e51910a1117b3b483ba20bd","name":"Kul","image":{"@type":"ImageObject","inLanguage":"bs-BA","@id":"https:\/\/sandzakpress.net\/arhiva\/#\/schema\/person\/image\/","url":"https:\/\/secure.gravatar.com\/avatar\/42263f39aa27ac04c43cab85c280eb2e?s=96&d=mm&r=pg","contentUrl":"https:\/\/secure.gravatar.com\/avatar\/42263f39aa27ac04c43cab85c280eb2e?s=96&d=mm&r=pg","caption":"Kul"},"logo":{"@id":"https:\/\/sandzakpress.net\/arhiva\/#\/schema\/person\/image\/"}},{"@type":"Person","@id":"https:\/\/sandzakpress.net\/arhiva\/#\/schema\/person\/cb59d7e3ab91ab90dd680ad0305a6185","name":"Agencija","image":{"@type":"ImageObject","inLanguage":"bs-BA","@id":"https:\/\/sandzakpress.net\/arhiva\/#\/schema\/person\/image\/","url":"https:\/\/secure.gravatar.com\/avatar\/4b7fafa80a22f0c2afe23966b3961fe0?s=96&d=mm&r=pg","contentUrl":"https:\/\/secure.gravatar.com\/avatar\/4b7fafa80a22f0c2afe23966b3961fe0?s=96&d=mm&r=pg","caption":"Agencija"},"url":"https:\/\/sandzakpress.net\/arhiva\/author\/agencija\/"}]}},"_links":{"self":[{"href":"https:\/\/sandzakpress.net\/arhiva\/wp-json\/wp\/v2\/posts\/232169"}],"collection":[{"href":"https:\/\/sandzakpress.net\/arhiva\/wp-json\/wp\/v2\/posts"}],"about":[{"href":"https:\/\/sandzakpress.net\/arhiva\/wp-json\/wp\/v2\/types\/post"}],"author":[{"embeddable":true,"href":"https:\/\/sandzakpress.net\/arhiva\/wp-json\/wp\/v2\/users\/509"}],"replies":[{"embeddable":true,"href":"https:\/\/sandzakpress.net\/arhiva\/wp-json\/wp\/v2\/comments?post=232169"}],"version-history":[{"count":0,"href":"https:\/\/sandzakpress.net\/arhiva\/wp-json\/wp\/v2\/posts\/232169\/revisions"}],"wp:featuredmedia":[{"embeddable":true,"href":"https:\/\/sandzakpress.net\/arhiva\/wp-json\/wp\/v2\/media\/232170"}],"wp:attachment":[{"href":"https:\/\/sandzakpress.net\/arhiva\/wp-json\/wp\/v2\/media?parent=232169"}],"wp:term":[{"taxonomy":"category","embeddable":true,"href":"https:\/\/sandzakpress.net\/arhiva\/wp-json\/wp\/v2\/categories?post=232169"},{"taxonomy":"post_tag","embeddable":true,"href":"https:\/\/sandzakpress.net\/arhiva\/wp-json\/wp\/v2\/tags?post=232169"}],"curies":[{"name":"wp","href":"https:\/\/api.w.org\/{rel}","templated":true}]}}